{"id":22287,"date":"2012-04-03T07:40:45","date_gmt":"2012-04-03T10:40:45","guid":{"rendered":"http:\/\/www.inclusive.org.br\/?p=22287"},"modified":"2012-04-03T07:40:45","modified_gmt":"2012-04-03T10:40:45","slug":"tecnologia-assistiva-no-centro-de-informatica-de-ribeirao-preto-da-usp-2","status":"publish","type":"post","link":"https:\/\/inclusivenews.com.br\/?p=22287","title":{"rendered":"Tecnologia assistiva no Centro de Inform\u00e1tica de Ribeir\u00e3o Preto da USP"},"content":{"rendered":"<p><a href=\"http:\/\/www.inclusivenews.com.br\/wp-content\/uploads\/2010\/10\/AccessButton2.jpg\"><img loading=\"lazy\" decoding=\"async\" class=\"alignnone size-full wp-image-17741\" title=\"Inclusive - Acessibilidade e tecnologia - um teclado cinza com a tecla &quot;Enter&quot; substituida pela tecla &quot;Access&quot;, em azul\" src=\"http:\/\/inclusivenews.com.br\/wp-content\/uploads\/2010\/10\/AccessButton2.jpg\" alt=\"Inclusive - Acessibilidade e tecnologia - um teclado cinza com a tecla &quot;Enter&quot; substituida pela tecla &quot;Access&quot;, em azul\" width=\"200\" height=\"121\" \/><\/a><\/p>\n<p>O <strong>Instituto de Estudos Avan\u00e7ados<\/strong> (IEA) Polo Ribeir\u00e3o Preto realizar\u00e1 no dia <strong>10 de abril<\/strong> o Semin\u00e1rio \u201c<strong>Tecnologia Assistiva<\/strong>\u201d no sal\u00e3o de eventos do Centro de Inform\u00e1tica de Ribeir\u00e3o Preto da USP \u00e0s <strong>14h00min<\/strong>.<\/p>\n<p>O objetivo do evento \u00e9 abordar o panorama da tecnologia assistiva no Brasil atrav\u00e9s de tr\u00eas \u00e2ngulos: a vis\u00e3o empresarial e mercadol\u00f3gica do setor, o conhecimento cient\u00edfico e acad\u00eamico desenvolvido pela Universidade e o cen\u00e1rio pol\u00edtico-legal, atrav\u00e9s de Leis e Projetos.<\/p>\n<p>A Secret\u00e1ria de Estado dos Direitos da Pessoa com Defici\u00eancia professora <strong>Dra. Linamara Rizzo Battistella<\/strong> ir\u00e1 abrir o semin\u00e1rio.<\/p>\n<p>O conhecimento acad\u00eamico ser\u00e1 discutido nas apresenta\u00e7\u00f5es dos professores <strong>Dr. Jos\u00e9 Batista Volpon<\/strong> (FMRP\/USP) <strong>Dra. Val\u00e9ria Meirelles Carril Elui<\/strong> (FMRP\/USP) e do <strong>Dr. Marcelo Kn\u00f6rich Zuffo <\/strong>(POLI\/USP).<\/p>\n<p><strong>Roberson Ferreira Teixeira<\/strong>, Diretor da Cajumoro, <strong>Diego Fiori de Carvalho<\/strong> s\u00f3cio pesquisador da Innolution\/Dfiori e <strong>Thiago Almeida<\/strong> s\u00f3cio pesquisador da FigLabs, ir\u00e3o apresentar dados e projetos relacionados \u00e0 realidade de mercado no setor assistivo.<\/p>\n<p>O <strong>Deputado Estadual Rafael Silva<\/strong> e o <strong>Dr. Eduardo Jorge Valadares Oliveira, do Minist\u00e9rio da Sa\u00fade<\/strong>, analisar\u00e3o o ambiente pol\u00edtico e o desenvolvimento dos equipamentos de sa\u00fade no Brasil.<\/p>\n<p>As inscri\u00e7\u00f5es s\u00e3o gratuitas e podem ser efetuadas atrav\u00e9s do e-mail <strong><a>iearp@usp.br<\/a><\/strong> ou pelo telefone (16) 3602-0368, com Jo\u00e3o Henrique ou Rafael Sica (vagas limitadas).<\/p>\n<p>Para conhecer o programa de atividades completo acesse o link:<\/p>\n<p><a href=\"http:\/\/www.iearp.blogspot.com.br\/2012\/03\/seminario-tecnologia-assistiva.html\" target=\"_blank\" rel=\"noopener\">http:\/\/www.iearp.blogspot.com.br\/2012\/03\/seminario-tecnologia-assistiva.html<\/a><\/p>\n","protected":false},"excerpt":{"rendered":"<p>O objetivo do evento \u00e9 abordar o panorama da tecnologia assistiva no Brasil atrav\u00e9s de tr\u00eas \u00e2ngulos: a vis\u00e3o empresarial e mercadol\u00f3gica do setor, o conhecimento cient\u00edfico e acad\u00eamico desenvolvido pela Universidade e o cen\u00e1rio pol\u00edtico-legal, atrav\u00e9s de Leis e Projetos.<\/p>\n","protected":false},"author":1,"featured_media":0,"comment_status":"open","ping_status":"open","sticky":false,"template":"","format":"standard","meta":{"site-container-style":"default","site-container-layout":"default","site-sidebar-layout":"default","disable-article-header":"default","disable-site-header":"default","disable-site-footer":"default","disable-content-area-spacing":"default","footnotes":""},"categories":[38,4],"tags":[69],"class_list":["post-22287","post","type-post","status-publish","format-standard","hentry","category-deficiencia","category-noticias","tag-tecnologias-assistivas"],"yoast_head":"<!-- This site is optimized with the Yoast SEO plugin v27.4 - https:\/\/yoast.com\/product\/yoast-seo-wordpress\/ -->\n<title>Tecnologia assistiva no Centro de Inform\u00e1tica de Ribeir\u00e3o Preto da USP -<\/title>\n<meta name=\"robots\" content=\"index, follow, max-snippet:-1, max-image-preview:large, max-video-preview:-1\" \/>\n<link rel=\"canonical\" href=\"https:\/\/inclusivenews.com.br\/?p=22287\" \/>\n<meta property=\"og:locale\" content=\"pt_PT\" \/>\n<meta property=\"og:type\" content=\"article\" \/>\n<meta property=\"og:title\" content=\"Tecnologia assistiva no Centro de Inform\u00e1tica de Ribeir\u00e3o Preto da USP -\" \/>\n<meta property=\"og:description\" content=\"O objetivo do evento \u00e9 abordar o panorama da tecnologia assistiva no Brasil atrav\u00e9s de tr\u00eas \u00e2ngulos: a vis\u00e3o empresarial e mercadol\u00f3gica do setor, o conhecimento cient\u00edfico e acad\u00eamico desenvolvido pela Universidade e o cen\u00e1rio pol\u00edtico-legal, atrav\u00e9s de Leis e Projetos.\" \/>\n<meta property=\"og:url\" content=\"https:\/\/inclusivenews.com.br\/?p=22287\" \/>\n<meta property=\"article:publisher\" content=\"https:\/\/www.facebook.com\/agenciainclusive\/\" \/>\n<meta property=\"article:published_time\" content=\"2012-04-03T10:40:45+00:00\" \/>\n<meta property=\"og:image\" content=\"http:\/\/inclusivenews.com.br\/wp-content\/uploads\/2010\/10\/AccessButton2.jpg\" \/>\n<meta name=\"author\" content=\"inclusivenews2024\" \/>\n<meta name=\"twitter:card\" content=\"summary_large_image\" \/>\n<meta name=\"twitter:label1\" content=\"Escrito por\" \/>\n\t<meta name=\"twitter:data1\" content=\"inclusivenews2024\" \/>\n\t<meta name=\"twitter:label2\" content=\"Tempo estimado de leitura\" \/>\n\t<meta name=\"twitter:data2\" content=\"1 minuto\" \/>\n<script type=\"application\/ld+json\" class=\"yoast-schema-graph\">{\"@context\":\"https:\\\/\\\/schema.org\",\"@graph\":[{\"@type\":\"Article\",\"@id\":\"https:\\\/\\\/inclusivenews.com.br\\\/?p=22287#article\",\"isPartOf\":{\"@id\":\"https:\\\/\\\/inclusivenews.com.br\\\/?p=22287\"},\"author\":{\"name\":\"inclusivenews2024\",\"@id\":\"https:\\\/\\\/inclusivenews.com.br\\\/#\\\/schema\\\/person\\\/ae4ec7087559b8692fb33b6fffd2273b\"},\"headline\":\"Tecnologia assistiva no Centro de Inform\u00e1tica de Ribeir\u00e3o Preto da USP\",\"datePublished\":\"2012-04-03T10:40:45+00:00\",\"mainEntityOfPage\":{\"@id\":\"https:\\\/\\\/inclusivenews.com.br\\\/?p=22287\"},\"wordCount\":277,\"commentCount\":0,\"publisher\":{\"@id\":\"https:\\\/\\\/inclusivenews.com.br\\\/#organization\"},\"image\":{\"@id\":\"https:\\\/\\\/inclusivenews.com.br\\\/?p=22287#primaryimage\"},\"thumbnailUrl\":\"http:\\\/\\\/inclusivenews.com.br\\\/wp-content\\\/uploads\\\/2010\\\/10\\\/AccessButton2.jpg\",\"keywords\":[\"Tecnologias assistivas\"],\"articleSection\":[\"Defici\u00eancia\",\"NOT\u00cdCIAS\"],\"inLanguage\":\"pt-PT\",\"potentialAction\":[{\"@type\":\"CommentAction\",\"name\":\"Comment\",\"target\":[\"https:\\\/\\\/inclusivenews.com.br\\\/?p=22287#respond\"]}]},{\"@type\":\"WebPage\",\"@id\":\"https:\\\/\\\/inclusivenews.com.br\\\/?p=22287\",\"url\":\"https:\\\/\\\/inclusivenews.com.br\\\/?p=22287\",\"name\":\"Tecnologia assistiva no Centro de Inform\u00e1tica de Ribeir\u00e3o Preto da USP -\",\"isPartOf\":{\"@id\":\"https:\\\/\\\/inclusivenews.com.br\\\/#website\"},\"primaryImageOfPage\":{\"@id\":\"https:\\\/\\\/inclusivenews.com.br\\\/?p=22287#primaryimage\"},\"image\":{\"@id\":\"https:\\\/\\\/inclusivenews.com.br\\\/?p=22287#primaryimage\"},\"thumbnailUrl\":\"http:\\\/\\\/inclusivenews.com.br\\\/wp-content\\\/uploads\\\/2010\\\/10\\\/AccessButton2.jpg\",\"datePublished\":\"2012-04-03T10:40:45+00:00\",\"breadcrumb\":{\"@id\":\"https:\\\/\\\/inclusivenews.com.br\\\/?p=22287#breadcrumb\"},\"inLanguage\":\"pt-PT\",\"potentialAction\":[{\"@type\":\"ReadAction\",\"target\":[\"https:\\\/\\\/inclusivenews.com.br\\\/?p=22287\"]}]},{\"@type\":\"ImageObject\",\"inLanguage\":\"pt-PT\",\"@id\":\"https:\\\/\\\/inclusivenews.com.br\\\/?p=22287#primaryimage\",\"url\":\"\",\"contentUrl\":\"\"},{\"@type\":\"BreadcrumbList\",\"@id\":\"https:\\\/\\\/inclusivenews.com.br\\\/?p=22287#breadcrumb\",\"itemListElement\":[{\"@type\":\"ListItem\",\"position\":1,\"name\":\"In\u00edcio\",\"item\":\"https:\\\/\\\/inclusivenews.com.br\\\/\"},{\"@type\":\"ListItem\",\"position\":2,\"name\":\"Tecnologia assistiva no Centro de Inform\u00e1tica de Ribeir\u00e3o Preto da USP\"}]},{\"@type\":\"WebSite\",\"@id\":\"https:\\\/\\\/inclusivenews.com.br\\\/#website\",\"url\":\"https:\\\/\\\/inclusivenews.com.br\\\/\",\"name\":\"Inclusive News\",\"description\":\"Inclusive News\",\"publisher\":{\"@id\":\"https:\\\/\\\/inclusivenews.com.br\\\/#organization\"},\"potentialAction\":[{\"@type\":\"SearchAction\",\"target\":{\"@type\":\"EntryPoint\",\"urlTemplate\":\"https:\\\/\\\/inclusivenews.com.br\\\/?s={search_term_string}\"},\"query-input\":{\"@type\":\"PropertyValueSpecification\",\"valueRequired\":true,\"valueName\":\"search_term_string\"}}],\"inLanguage\":\"pt-PT\"},{\"@type\":\"Organization\",\"@id\":\"https:\\\/\\\/inclusivenews.com.br\\\/#organization\",\"name\":\"Inclusive - inclus\u00e3o e cidadania\",\"url\":\"https:\\\/\\\/inclusivenews.com.br\\\/\",\"logo\":{\"@type\":\"ImageObject\",\"inLanguage\":\"pt-PT\",\"@id\":\"https:\\\/\\\/inclusivenews.com.br\\\/#\\\/schema\\\/logo\\\/image\\\/\",\"url\":\"https:\\\/\\\/inclusivenews.com.br\\\/wp-content\\\/uploads\\\/2024\\\/03\\\/@grandesite.png\",\"contentUrl\":\"https:\\\/\\\/inclusivenews.com.br\\\/wp-content\\\/uploads\\\/2024\\\/03\\\/@grandesite.png\",\"width\":1080,\"height\":1080,\"caption\":\"Inclusive - inclus\u00e3o e cidadania\"},\"image\":{\"@id\":\"https:\\\/\\\/inclusivenews.com.br\\\/#\\\/schema\\\/logo\\\/image\\\/\"},\"sameAs\":[\"https:\\\/\\\/www.facebook.com\\\/agenciainclusive\\\/\",\"https:\\\/\\\/www.instagram.com\\\/newsinclusive\\\/\"]},{\"@type\":\"Person\",\"@id\":\"https:\\\/\\\/inclusivenews.com.br\\\/#\\\/schema\\\/person\\\/ae4ec7087559b8692fb33b6fffd2273b\",\"name\":\"inclusivenews2024\",\"image\":{\"@type\":\"ImageObject\",\"inLanguage\":\"pt-PT\",\"@id\":\"https:\\\/\\\/secure.gravatar.com\\\/avatar\\\/c5a7ef84c66fa914f55bc4f7ce26cfa275a3b9a1c5568b907bd184fb4dde7b40?s=96&d=mm&r=g\",\"url\":\"https:\\\/\\\/secure.gravatar.com\\\/avatar\\\/c5a7ef84c66fa914f55bc4f7ce26cfa275a3b9a1c5568b907bd184fb4dde7b40?s=96&d=mm&r=g\",\"contentUrl\":\"https:\\\/\\\/secure.gravatar.com\\\/avatar\\\/c5a7ef84c66fa914f55bc4f7ce26cfa275a3b9a1c5568b907bd184fb4dde7b40?s=96&d=mm&r=g\",\"caption\":\"inclusivenews2024\"},\"sameAs\":[\"https:\\\/\\\/inclusivenews.com.br\"],\"url\":\"https:\\\/\\\/inclusivenews.com.br\\\/?author=1\"}]}<\/script>\n<!-- \/ Yoast SEO plugin. -->","yoast_head_json":{"title":"Tecnologia assistiva no Centro de Inform\u00e1tica de Ribeir\u00e3o Preto da USP -","robots":{"index":"index","follow":"follow","max-snippet":"max-snippet:-1","max-image-preview":"max-image-preview:large","max-video-preview":"max-video-preview:-1"},"canonical":"https:\/\/inclusivenews.com.br\/?p=22287","og_locale":"pt_PT","og_type":"article","og_title":"Tecnologia assistiva no Centro de Inform\u00e1tica de Ribeir\u00e3o Preto da USP -","og_description":"O objetivo do evento \u00e9 abordar o panorama da tecnologia assistiva no Brasil atrav\u00e9s de tr\u00eas \u00e2ngulos: a vis\u00e3o empresarial e mercadol\u00f3gica do setor, o conhecimento cient\u00edfico e acad\u00eamico desenvolvido pela Universidade e o cen\u00e1rio pol\u00edtico-legal, atrav\u00e9s de Leis e Projetos.","og_url":"https:\/\/inclusivenews.com.br\/?p=22287","article_publisher":"https:\/\/www.facebook.com\/agenciainclusive\/","article_published_time":"2012-04-03T10:40:45+00:00","og_image":[{"url":"http:\/\/inclusivenews.com.br\/wp-content\/uploads\/2010\/10\/AccessButton2.jpg","type":"","width":"","height":""}],"author":"inclusivenews2024","twitter_card":"summary_large_image","twitter_misc":{"Escrito por":"inclusivenews2024","Tempo estimado de leitura":"1 minuto"},"schema":{"@context":"https:\/\/schema.org","@graph":[{"@type":"Article","@id":"https:\/\/inclusivenews.com.br\/?p=22287#article","isPartOf":{"@id":"https:\/\/inclusivenews.com.br\/?p=22287"},"author":{"name":"inclusivenews2024","@id":"https:\/\/inclusivenews.com.br\/#\/schema\/person\/ae4ec7087559b8692fb33b6fffd2273b"},"headline":"Tecnologia assistiva no Centro de Inform\u00e1tica de Ribeir\u00e3o Preto da USP","datePublished":"2012-04-03T10:40:45+00:00","mainEntityOfPage":{"@id":"https:\/\/inclusivenews.com.br\/?p=22287"},"wordCount":277,"commentCount":0,"publisher":{"@id":"https:\/\/inclusivenews.com.br\/#organization"},"image":{"@id":"https:\/\/inclusivenews.com.br\/?p=22287#primaryimage"},"thumbnailUrl":"http:\/\/inclusivenews.com.br\/wp-content\/uploads\/2010\/10\/AccessButton2.jpg","keywords":["Tecnologias assistivas"],"articleSection":["Defici\u00eancia","NOT\u00cdCIAS"],"inLanguage":"pt-PT","potentialAction":[{"@type":"CommentAction","name":"Comment","target":["https:\/\/inclusivenews.com.br\/?p=22287#respond"]}]},{"@type":"WebPage","@id":"https:\/\/inclusivenews.com.br\/?p=22287","url":"https:\/\/inclusivenews.com.br\/?p=22287","name":"Tecnologia assistiva no Centro de Inform\u00e1tica de Ribeir\u00e3o Preto da USP -","isPartOf":{"@id":"https:\/\/inclusivenews.com.br\/#website"},"primaryImageOfPage":{"@id":"https:\/\/inclusivenews.com.br\/?p=22287#primaryimage"},"image":{"@id":"https:\/\/inclusivenews.com.br\/?p=22287#primaryimage"},"thumbnailUrl":"http:\/\/inclusivenews.com.br\/wp-content\/uploads\/2010\/10\/AccessButton2.jpg","datePublished":"2012-04-03T10:40:45+00:00","breadcrumb":{"@id":"https:\/\/inclusivenews.com.br\/?p=22287#breadcrumb"},"inLanguage":"pt-PT","potentialAction":[{"@type":"ReadAction","target":["https:\/\/inclusivenews.com.br\/?p=22287"]}]},{"@type":"ImageObject","inLanguage":"pt-PT","@id":"https:\/\/inclusivenews.com.br\/?p=22287#primaryimage","url":"","contentUrl":""},{"@type":"BreadcrumbList","@id":"https:\/\/inclusivenews.com.br\/?p=22287#breadcrumb","itemListElement":[{"@type":"ListItem","position":1,"name":"In\u00edcio","item":"https:\/\/inclusivenews.com.br\/"},{"@type":"ListItem","position":2,"name":"Tecnologia assistiva no Centro de Inform\u00e1tica de Ribeir\u00e3o Preto da USP"}]},{"@type":"WebSite","@id":"https:\/\/inclusivenews.com.br\/#website","url":"https:\/\/inclusivenews.com.br\/","name":"Inclusive News","description":"Inclusive News","publisher":{"@id":"https:\/\/inclusivenews.com.br\/#organization"},"potentialAction":[{"@type":"SearchAction","target":{"@type":"EntryPoint","urlTemplate":"https:\/\/inclusivenews.com.br\/?s={search_term_string}"},"query-input":{"@type":"PropertyValueSpecification","valueRequired":true,"valueName":"search_term_string"}}],"inLanguage":"pt-PT"},{"@type":"Organization","@id":"https:\/\/inclusivenews.com.br\/#organization","name":"Inclusive - inclus\u00e3o e cidadania","url":"https:\/\/inclusivenews.com.br\/","logo":{"@type":"ImageObject","inLanguage":"pt-PT","@id":"https:\/\/inclusivenews.com.br\/#\/schema\/logo\/image\/","url":"https:\/\/inclusivenews.com.br\/wp-content\/uploads\/2024\/03\/@grandesite.png","contentUrl":"https:\/\/inclusivenews.com.br\/wp-content\/uploads\/2024\/03\/@grandesite.png","width":1080,"height":1080,"caption":"Inclusive - inclus\u00e3o e cidadania"},"image":{"@id":"https:\/\/inclusivenews.com.br\/#\/schema\/logo\/image\/"},"sameAs":["https:\/\/www.facebook.com\/agenciainclusive\/","https:\/\/www.instagram.com\/newsinclusive\/"]},{"@type":"Person","@id":"https:\/\/inclusivenews.com.br\/#\/schema\/person\/ae4ec7087559b8692fb33b6fffd2273b","name":"inclusivenews2024","image":{"@type":"ImageObject","inLanguage":"pt-PT","@id":"https:\/\/secure.gravatar.com\/avatar\/c5a7ef84c66fa914f55bc4f7ce26cfa275a3b9a1c5568b907bd184fb4dde7b40?s=96&d=mm&r=g","url":"https:\/\/secure.gravatar.com\/avatar\/c5a7ef84c66fa914f55bc4f7ce26cfa275a3b9a1c5568b907bd184fb4dde7b40?s=96&d=mm&r=g","contentUrl":"https:\/\/secure.gravatar.com\/avatar\/c5a7ef84c66fa914f55bc4f7ce26cfa275a3b9a1c5568b907bd184fb4dde7b40?s=96&d=mm&r=g","caption":"inclusivenews2024"},"sameAs":["https:\/\/inclusivenews.com.br"],"url":"https:\/\/inclusivenews.com.br\/?author=1"}]}},"_links":{"self":[{"href":"https:\/\/inclusivenews.com.br\/index.php?rest_route=\/wp\/v2\/posts\/22287","targetHints":{"allow":["GET"]}}],"collection":[{"href":"https:\/\/inclusivenews.com.br\/index.php?rest_route=\/wp\/v2\/posts"}],"about":[{"href":"https:\/\/inclusivenews.com.br\/index.php?rest_route=\/wp\/v2\/types\/post"}],"author":[{"embeddable":true,"href":"https:\/\/inclusivenews.com.br\/index.php?rest_route=\/wp\/v2\/users\/1"}],"replies":[{"embeddable":true,"href":"https:\/\/inclusivenews.com.br\/index.php?rest_route=%2Fwp%2Fv2%2Fcomments&post=22287"}],"version-history":[{"count":0,"href":"https:\/\/inclusivenews.com.br\/index.php?rest_route=\/wp\/v2\/posts\/22287\/revisions"}],"wp:attachment":[{"href":"https:\/\/inclusivenews.com.br\/index.php?rest_route=%2Fwp%2Fv2%2Fmedia&parent=22287"}],"wp:term":[{"taxonomy":"category","embeddable":true,"href":"https:\/\/inclusivenews.com.br\/index.php?rest_route=%2Fwp%2Fv2%2Fcategories&post=22287"},{"taxonomy":"post_tag","embeddable":true,"href":"https:\/\/inclusivenews.com.br\/index.php?rest_route=%2Fwp%2Fv2%2Ftags&post=22287"}],"curies":[{"name":"wp","href":"https:\/\/api.w.org\/{rel}","templated":true}]}}