{"id":22295,"date":"2012-04-03T07:47:23","date_gmt":"2012-04-03T10:47:23","guid":{"rendered":"http:\/\/www.inclusive.org.br\/?p=22295"},"modified":"2012-04-03T07:47:23","modified_gmt":"2012-04-03T10:47:23","slug":"comissao-pastoral-da-terra-divulga-todas-as-edicoes-do-livro-conflitos-no-campo-brasil","status":"publish","type":"post","link":"https:\/\/inclusivenews.com.br\/?p=22295","title":{"rendered":"Comiss\u00e3o Pastoral da Terra divulga todas as edi\u00e7\u00f5es do livro \u201cConflitos  no Campo Brasil\u201d"},"content":{"rendered":"<p><img loading=\"lazy\" decoding=\"async\" class=\"alignnone\" src=\"http:\/\/www.cptnacional.org.br\/images\/stories\/capascadernos\/\/briaskThumbs\/\/briaskThumb_2006.jpg\" alt=\"Capa do relat\u00f3rio de 2006\" width=\"140\" height=\"180\" \/><\/p>\n<p>A Comiss\u00e3o Pastoral da Terra (CPT) disponibiliza em seu site todas as edi\u00e7\u00f5es do livro <span style=\"font-style: italic;\">Conflitos no Campo Brasil, <\/span>que trata-se de uma pesquisa sobre a quest\u00e3o agr\u00e1ria em todo o pa\u00eds desde o ano de 1985. A publica\u00e7\u00e3o registra os conflitos por terra, pela seca e pela \u00e1gua, os assassinatos, as amea\u00e7as de morte, as pris\u00f5es, os dados referentes ao trabalho escravo, as manifesta\u00e7\u00f5es realizadas por trabalhadores, dentre outras informa\u00e7\u00f5es.<\/p>\n<p>Para visualizar cada uma das publica\u00e7\u00f5es, acesse o site da CPT: <a href=\"http:\/\/www.cptnacional.org.br\/index.php?option=com_content&amp;view=article&amp;id=734&amp;Itemid=103\">Publica\u00e7\u00f5es do livro Conflitos no Campo Brasil<\/a><\/p>\n<p>Fonte: <a href=\"http:\/\/www.adital.org.br\/site\/noticia.asp?lang=PT&amp;cat=23&amp;dt=2012-03-30&amp;cod=65715\">Adital<\/a><\/p>\n","protected":false},"excerpt":{"rendered":"<p>A Comiss\u00e3o Pastoral da Terra (CPT) disponibiliza em seu site todas as edi\u00e7\u00f5es do livro Conflitos no Campo Brasil, que trata-se de uma pesquisa sobre a quest\u00e3o agr\u00e1ria em todo o pa\u00eds desde o ano de 1985.<\/p>\n","protected":false},"author":1,"featured_media":0,"comment_status":"open","ping_status":"open","sticky":false,"template":"","format":"standard","meta":{"site-container-style":"default","site-container-layout":"default","site-sidebar-layout":"default","disable-article-header":"default","disable-site-header":"default","disable-site-footer":"default","disable-content-area-spacing":"default","footnotes":""},"categories":[52,4,10,117],"tags":[],"class_list":["post-22295","post","type-post","status-publish","format-standard","hentry","category-downloadables","category-noticias","category-publicacoes","category-relatorios"],"yoast_head":"<!-- This site is optimized with the Yoast SEO plugin v27.4 - https:\/\/yoast.com\/product\/yoast-seo-wordpress\/ -->\n<title>Comiss\u00e3o Pastoral da Terra divulga todas as edi\u00e7\u00f5es do livro \u201cConflitos no Campo Brasil\u201d -<\/title>\n<meta name=\"robots\" content=\"index, follow, max-snippet:-1, max-image-preview:large, max-video-preview:-1\" \/>\n<link rel=\"canonical\" href=\"https:\/\/inclusivenews.com.br\/?p=22295\" \/>\n<meta property=\"og:locale\" content=\"pt_PT\" \/>\n<meta property=\"og:type\" content=\"article\" \/>\n<meta property=\"og:title\" content=\"Comiss\u00e3o Pastoral da Terra divulga todas as edi\u00e7\u00f5es do livro \u201cConflitos no Campo Brasil\u201d -\" \/>\n<meta property=\"og:description\" content=\"A Comiss\u00e3o Pastoral da Terra (CPT) disponibiliza em seu site todas as edi\u00e7\u00f5es do livro Conflitos no Campo Brasil, que trata-se de uma pesquisa sobre a quest\u00e3o agr\u00e1ria em todo o pa\u00eds desde o ano de 1985.\" \/>\n<meta property=\"og:url\" content=\"https:\/\/inclusivenews.com.br\/?p=22295\" \/>\n<meta property=\"article:publisher\" content=\"https:\/\/www.facebook.com\/agenciainclusive\/\" \/>\n<meta property=\"article:published_time\" content=\"2012-04-03T10:47:23+00:00\" \/>\n<meta property=\"og:image\" content=\"http:\/\/www.cptnacional.org.br\/images\/stories\/capascadernos\/\/briaskThumbs\/\/briaskThumb_2006.jpg\" \/>\n<meta name=\"author\" content=\"inclusivenews2024\" \/>\n<meta name=\"twitter:card\" content=\"summary_large_image\" \/>\n<meta name=\"twitter:label1\" content=\"Escrito por\" \/>\n\t<meta name=\"twitter:data1\" content=\"inclusivenews2024\" \/>\n\t<meta name=\"twitter:label2\" content=\"Tempo estimado de leitura\" \/>\n\t<meta name=\"twitter:data2\" content=\"1 minuto\" \/>\n<script type=\"application\/ld+json\" class=\"yoast-schema-graph\">{\"@context\":\"https:\\\/\\\/schema.org\",\"@graph\":[{\"@type\":\"Article\",\"@id\":\"https:\\\/\\\/inclusivenews.com.br\\\/?p=22295#article\",\"isPartOf\":{\"@id\":\"https:\\\/\\\/inclusivenews.com.br\\\/?p=22295\"},\"author\":{\"name\":\"inclusivenews2024\",\"@id\":\"https:\\\/\\\/inclusivenews.com.br\\\/#\\\/schema\\\/person\\\/ae4ec7087559b8692fb33b6fffd2273b\"},\"headline\":\"Comiss\u00e3o Pastoral da Terra divulga todas as edi\u00e7\u00f5es do livro \u201cConflitos no Campo Brasil\u201d\",\"datePublished\":\"2012-04-03T10:47:23+00:00\",\"mainEntityOfPage\":{\"@id\":\"https:\\\/\\\/inclusivenews.com.br\\\/?p=22295\"},\"wordCount\":118,\"commentCount\":0,\"publisher\":{\"@id\":\"https:\\\/\\\/inclusivenews.com.br\\\/#organization\"},\"image\":{\"@id\":\"https:\\\/\\\/inclusivenews.com.br\\\/?p=22295#primaryimage\"},\"thumbnailUrl\":\"http:\\\/\\\/www.cptnacional.org.br\\\/images\\\/stories\\\/capascadernos\\\/\\\/briaskThumbs\\\/\\\/briaskThumb_2006.jpg\",\"articleSection\":[\"Downloadables\",\"NOT\u00cdCIAS\",\"PUBLICA\u00c7\u00d5ES\",\"Relat\u00f3rios\"],\"inLanguage\":\"pt-PT\",\"potentialAction\":[{\"@type\":\"CommentAction\",\"name\":\"Comment\",\"target\":[\"https:\\\/\\\/inclusivenews.com.br\\\/?p=22295#respond\"]}]},{\"@type\":\"WebPage\",\"@id\":\"https:\\\/\\\/inclusivenews.com.br\\\/?p=22295\",\"url\":\"https:\\\/\\\/inclusivenews.com.br\\\/?p=22295\",\"name\":\"Comiss\u00e3o Pastoral da Terra divulga todas as edi\u00e7\u00f5es do livro \u201cConflitos no Campo Brasil\u201d -\",\"isPartOf\":{\"@id\":\"https:\\\/\\\/inclusivenews.com.br\\\/#website\"},\"primaryImageOfPage\":{\"@id\":\"https:\\\/\\\/inclusivenews.com.br\\\/?p=22295#primaryimage\"},\"image\":{\"@id\":\"https:\\\/\\\/inclusivenews.com.br\\\/?p=22295#primaryimage\"},\"thumbnailUrl\":\"http:\\\/\\\/www.cptnacional.org.br\\\/images\\\/stories\\\/capascadernos\\\/\\\/briaskThumbs\\\/\\\/briaskThumb_2006.jpg\",\"datePublished\":\"2012-04-03T10:47:23+00:00\",\"breadcrumb\":{\"@id\":\"https:\\\/\\\/inclusivenews.com.br\\\/?p=22295#breadcrumb\"},\"inLanguage\":\"pt-PT\",\"potentialAction\":[{\"@type\":\"ReadAction\",\"target\":[\"https:\\\/\\\/inclusivenews.com.br\\\/?p=22295\"]}]},{\"@type\":\"ImageObject\",\"inLanguage\":\"pt-PT\",\"@id\":\"https:\\\/\\\/inclusivenews.com.br\\\/?p=22295#primaryimage\",\"url\":\"http:\\\/\\\/www.cptnacional.org.br\\\/images\\\/stories\\\/capascadernos\\\/\\\/briaskThumbs\\\/\\\/briaskThumb_2006.jpg\",\"contentUrl\":\"http:\\\/\\\/www.cptnacional.org.br\\\/images\\\/stories\\\/capascadernos\\\/\\\/briaskThumbs\\\/\\\/briaskThumb_2006.jpg\"},{\"@type\":\"BreadcrumbList\",\"@id\":\"https:\\\/\\\/inclusivenews.com.br\\\/?p=22295#breadcrumb\",\"itemListElement\":[{\"@type\":\"ListItem\",\"position\":1,\"name\":\"In\u00edcio\",\"item\":\"https:\\\/\\\/inclusivenews.com.br\\\/\"},{\"@type\":\"ListItem\",\"position\":2,\"name\":\"Comiss\u00e3o Pastoral da Terra divulga todas as edi\u00e7\u00f5es do livro \u201cConflitos no Campo Brasil\u201d\"}]},{\"@type\":\"WebSite\",\"@id\":\"https:\\\/\\\/inclusivenews.com.br\\\/#website\",\"url\":\"https:\\\/\\\/inclusivenews.com.br\\\/\",\"name\":\"Inclusive News\",\"description\":\"Inclusive News\",\"publisher\":{\"@id\":\"https:\\\/\\\/inclusivenews.com.br\\\/#organization\"},\"potentialAction\":[{\"@type\":\"SearchAction\",\"target\":{\"@type\":\"EntryPoint\",\"urlTemplate\":\"https:\\\/\\\/inclusivenews.com.br\\\/?s={search_term_string}\"},\"query-input\":{\"@type\":\"PropertyValueSpecification\",\"valueRequired\":true,\"valueName\":\"search_term_string\"}}],\"inLanguage\":\"pt-PT\"},{\"@type\":\"Organization\",\"@id\":\"https:\\\/\\\/inclusivenews.com.br\\\/#organization\",\"name\":\"Inclusive - inclus\u00e3o e cidadania\",\"url\":\"https:\\\/\\\/inclusivenews.com.br\\\/\",\"logo\":{\"@type\":\"ImageObject\",\"inLanguage\":\"pt-PT\",\"@id\":\"https:\\\/\\\/inclusivenews.com.br\\\/#\\\/schema\\\/logo\\\/image\\\/\",\"url\":\"https:\\\/\\\/inclusivenews.com.br\\\/wp-content\\\/uploads\\\/2024\\\/03\\\/@grandesite.png\",\"contentUrl\":\"https:\\\/\\\/inclusivenews.com.br\\\/wp-content\\\/uploads\\\/2024\\\/03\\\/@grandesite.png\",\"width\":1080,\"height\":1080,\"caption\":\"Inclusive - inclus\u00e3o e cidadania\"},\"image\":{\"@id\":\"https:\\\/\\\/inclusivenews.com.br\\\/#\\\/schema\\\/logo\\\/image\\\/\"},\"sameAs\":[\"https:\\\/\\\/www.facebook.com\\\/agenciainclusive\\\/\",\"https:\\\/\\\/www.instagram.com\\\/newsinclusive\\\/\"]},{\"@type\":\"Person\",\"@id\":\"https:\\\/\\\/inclusivenews.com.br\\\/#\\\/schema\\\/person\\\/ae4ec7087559b8692fb33b6fffd2273b\",\"name\":\"inclusivenews2024\",\"image\":{\"@type\":\"ImageObject\",\"inLanguage\":\"pt-PT\",\"@id\":\"https:\\\/\\\/secure.gravatar.com\\\/avatar\\\/c5a7ef84c66fa914f55bc4f7ce26cfa275a3b9a1c5568b907bd184fb4dde7b40?s=96&d=mm&r=g\",\"url\":\"https:\\\/\\\/secure.gravatar.com\\\/avatar\\\/c5a7ef84c66fa914f55bc4f7ce26cfa275a3b9a1c5568b907bd184fb4dde7b40?s=96&d=mm&r=g\",\"contentUrl\":\"https:\\\/\\\/secure.gravatar.com\\\/avatar\\\/c5a7ef84c66fa914f55bc4f7ce26cfa275a3b9a1c5568b907bd184fb4dde7b40?s=96&d=mm&r=g\",\"caption\":\"inclusivenews2024\"},\"sameAs\":[\"https:\\\/\\\/inclusivenews.com.br\"],\"url\":\"https:\\\/\\\/inclusivenews.com.br\\\/?author=1\"}]}<\/script>\n<!-- \/ Yoast SEO plugin. -->","yoast_head_json":{"title":"Comiss\u00e3o Pastoral da Terra divulga todas as edi\u00e7\u00f5es do livro \u201cConflitos no Campo Brasil\u201d -","robots":{"index":"index","follow":"follow","max-snippet":"max-snippet:-1","max-image-preview":"max-image-preview:large","max-video-preview":"max-video-preview:-1"},"canonical":"https:\/\/inclusivenews.com.br\/?p=22295","og_locale":"pt_PT","og_type":"article","og_title":"Comiss\u00e3o Pastoral da Terra divulga todas as edi\u00e7\u00f5es do livro \u201cConflitos no Campo Brasil\u201d -","og_description":"A Comiss\u00e3o Pastoral da Terra (CPT) disponibiliza em seu site todas as edi\u00e7\u00f5es do livro Conflitos no Campo Brasil, que trata-se de uma pesquisa sobre a quest\u00e3o agr\u00e1ria em todo o pa\u00eds desde o ano de 1985.","og_url":"https:\/\/inclusivenews.com.br\/?p=22295","article_publisher":"https:\/\/www.facebook.com\/agenciainclusive\/","article_published_time":"2012-04-03T10:47:23+00:00","og_image":[{"url":"http:\/\/www.cptnacional.org.br\/images\/stories\/capascadernos\/\/briaskThumbs\/\/briaskThumb_2006.jpg","type":"","width":"","height":""}],"author":"inclusivenews2024","twitter_card":"summary_large_image","twitter_misc":{"Escrito por":"inclusivenews2024","Tempo estimado de leitura":"1 minuto"},"schema":{"@context":"https:\/\/schema.org","@graph":[{"@type":"Article","@id":"https:\/\/inclusivenews.com.br\/?p=22295#article","isPartOf":{"@id":"https:\/\/inclusivenews.com.br\/?p=22295"},"author":{"name":"inclusivenews2024","@id":"https:\/\/inclusivenews.com.br\/#\/schema\/person\/ae4ec7087559b8692fb33b6fffd2273b"},"headline":"Comiss\u00e3o Pastoral da Terra divulga todas as edi\u00e7\u00f5es do livro \u201cConflitos no Campo Brasil\u201d","datePublished":"2012-04-03T10:47:23+00:00","mainEntityOfPage":{"@id":"https:\/\/inclusivenews.com.br\/?p=22295"},"wordCount":118,"commentCount":0,"publisher":{"@id":"https:\/\/inclusivenews.com.br\/#organization"},"image":{"@id":"https:\/\/inclusivenews.com.br\/?p=22295#primaryimage"},"thumbnailUrl":"http:\/\/www.cptnacional.org.br\/images\/stories\/capascadernos\/\/briaskThumbs\/\/briaskThumb_2006.jpg","articleSection":["Downloadables","NOT\u00cdCIAS","PUBLICA\u00c7\u00d5ES","Relat\u00f3rios"],"inLanguage":"pt-PT","potentialAction":[{"@type":"CommentAction","name":"Comment","target":["https:\/\/inclusivenews.com.br\/?p=22295#respond"]}]},{"@type":"WebPage","@id":"https:\/\/inclusivenews.com.br\/?p=22295","url":"https:\/\/inclusivenews.com.br\/?p=22295","name":"Comiss\u00e3o Pastoral da Terra divulga todas as edi\u00e7\u00f5es do livro \u201cConflitos no Campo Brasil\u201d -","isPartOf":{"@id":"https:\/\/inclusivenews.com.br\/#website"},"primaryImageOfPage":{"@id":"https:\/\/inclusivenews.com.br\/?p=22295#primaryimage"},"image":{"@id":"https:\/\/inclusivenews.com.br\/?p=22295#primaryimage"},"thumbnailUrl":"http:\/\/www.cptnacional.org.br\/images\/stories\/capascadernos\/\/briaskThumbs\/\/briaskThumb_2006.jpg","datePublished":"2012-04-03T10:47:23+00:00","breadcrumb":{"@id":"https:\/\/inclusivenews.com.br\/?p=22295#breadcrumb"},"inLanguage":"pt-PT","potentialAction":[{"@type":"ReadAction","target":["https:\/\/inclusivenews.com.br\/?p=22295"]}]},{"@type":"ImageObject","inLanguage":"pt-PT","@id":"https:\/\/inclusivenews.com.br\/?p=22295#primaryimage","url":"http:\/\/www.cptnacional.org.br\/images\/stories\/capascadernos\/\/briaskThumbs\/\/briaskThumb_2006.jpg","contentUrl":"http:\/\/www.cptnacional.org.br\/images\/stories\/capascadernos\/\/briaskThumbs\/\/briaskThumb_2006.jpg"},{"@type":"BreadcrumbList","@id":"https:\/\/inclusivenews.com.br\/?p=22295#breadcrumb","itemListElement":[{"@type":"ListItem","position":1,"name":"In\u00edcio","item":"https:\/\/inclusivenews.com.br\/"},{"@type":"ListItem","position":2,"name":"Comiss\u00e3o Pastoral da Terra divulga todas as edi\u00e7\u00f5es do livro \u201cConflitos no Campo Brasil\u201d"}]},{"@type":"WebSite","@id":"https:\/\/inclusivenews.com.br\/#website","url":"https:\/\/inclusivenews.com.br\/","name":"Inclusive News","description":"Inclusive News","publisher":{"@id":"https:\/\/inclusivenews.com.br\/#organization"},"potentialAction":[{"@type":"SearchAction","target":{"@type":"EntryPoint","urlTemplate":"https:\/\/inclusivenews.com.br\/?s={search_term_string}"},"query-input":{"@type":"PropertyValueSpecification","valueRequired":true,"valueName":"search_term_string"}}],"inLanguage":"pt-PT"},{"@type":"Organization","@id":"https:\/\/inclusivenews.com.br\/#organization","name":"Inclusive - inclus\u00e3o e cidadania","url":"https:\/\/inclusivenews.com.br\/","logo":{"@type":"ImageObject","inLanguage":"pt-PT","@id":"https:\/\/inclusivenews.com.br\/#\/schema\/logo\/image\/","url":"https:\/\/inclusivenews.com.br\/wp-content\/uploads\/2024\/03\/@grandesite.png","contentUrl":"https:\/\/inclusivenews.com.br\/wp-content\/uploads\/2024\/03\/@grandesite.png","width":1080,"height":1080,"caption":"Inclusive - inclus\u00e3o e cidadania"},"image":{"@id":"https:\/\/inclusivenews.com.br\/#\/schema\/logo\/image\/"},"sameAs":["https:\/\/www.facebook.com\/agenciainclusive\/","https:\/\/www.instagram.com\/newsinclusive\/"]},{"@type":"Person","@id":"https:\/\/inclusivenews.com.br\/#\/schema\/person\/ae4ec7087559b8692fb33b6fffd2273b","name":"inclusivenews2024","image":{"@type":"ImageObject","inLanguage":"pt-PT","@id":"https:\/\/secure.gravatar.com\/avatar\/c5a7ef84c66fa914f55bc4f7ce26cfa275a3b9a1c5568b907bd184fb4dde7b40?s=96&d=mm&r=g","url":"https:\/\/secure.gravatar.com\/avatar\/c5a7ef84c66fa914f55bc4f7ce26cfa275a3b9a1c5568b907bd184fb4dde7b40?s=96&d=mm&r=g","contentUrl":"https:\/\/secure.gravatar.com\/avatar\/c5a7ef84c66fa914f55bc4f7ce26cfa275a3b9a1c5568b907bd184fb4dde7b40?s=96&d=mm&r=g","caption":"inclusivenews2024"},"sameAs":["https:\/\/inclusivenews.com.br"],"url":"https:\/\/inclusivenews.com.br\/?author=1"}]}},"_links":{"self":[{"href":"https:\/\/inclusivenews.com.br\/index.php?rest_route=\/wp\/v2\/posts\/22295","targetHints":{"allow":["GET"]}}],"collection":[{"href":"https:\/\/inclusivenews.com.br\/index.php?rest_route=\/wp\/v2\/posts"}],"about":[{"href":"https:\/\/inclusivenews.com.br\/index.php?rest_route=\/wp\/v2\/types\/post"}],"author":[{"embeddable":true,"href":"https:\/\/inclusivenews.com.br\/index.php?rest_route=\/wp\/v2\/users\/1"}],"replies":[{"embeddable":true,"href":"https:\/\/inclusivenews.com.br\/index.php?rest_route=%2Fwp%2Fv2%2Fcomments&post=22295"}],"version-history":[{"count":0,"href":"https:\/\/inclusivenews.com.br\/index.php?rest_route=\/wp\/v2\/posts\/22295\/revisions"}],"wp:attachment":[{"href":"https:\/\/inclusivenews.com.br\/index.php?rest_route=%2Fwp%2Fv2%2Fmedia&parent=22295"}],"wp:term":[{"taxonomy":"category","embeddable":true,"href":"https:\/\/inclusivenews.com.br\/index.php?rest_route=%2Fwp%2Fv2%2Fcategories&post=22295"},{"taxonomy":"post_tag","embeddable":true,"href":"https:\/\/inclusivenews.com.br\/index.php?rest_route=%2Fwp%2Fv2%2Ftags&post=22295"}],"curies":[{"name":"wp","href":"https:\/\/api.w.org\/{rel}","templated":true}]}}