{"id":22297,"date":"2012-04-03T07:54:27","date_gmt":"2012-04-03T10:54:27","guid":{"rendered":"http:\/\/www.inclusive.org.br\/?p=22297"},"modified":"2012-04-03T07:54:27","modified_gmt":"2012-04-03T10:54:27","slug":"e-os-pobres-no-meio-do-caminho","status":"publish","type":"post","link":"https:\/\/inclusivenews.com.br\/?p=22297","title":{"rendered":"E os pobres no meio do caminho?"},"content":{"rendered":"<figure style=\"width: 300px\" class=\"wp-caption alignnone\"><img loading=\"lazy\" decoding=\"async\" src=\"http:\/\/www.brasildefato.com.br\/sites\/default\/files\/Curitiba_Felipe-Rosa-Folhapress.gif\" alt=\"\" width=\"300\" height=\"190\" \/><figcaption class=\"wp-caption-text\">450 integrantes das pol\u00edcias de Curitiba participaram da opera\u00e7\u00e3o no bairro Uberaba - Foto: Felipe Rosa\/Folhapress<\/figcaption><\/figure>\n<p class=\"western\"><em>Cerco policial, repress\u00e3o e especula\u00e7\u00e3o imobili\u00e1ria em Curitiba s\u00e3o exemplos de um processo em curso no pa\u00eds sob o pretexto dos megaeventos<\/em><\/p>\n<p class=\"western\"><strong>Por Pedro Carrano<br \/>\nno Brasil de Fato<\/strong><\/p>\n<p class=\"western\">\n<p class=\"western\">Nas 12 comunidades e vilas do bairro do Uberaba, na periferia de Curitiba, trabalhadores e habitantes do local conheceram a experi\u00eancia de uma \u201cocupa\u00e7\u00e3o\u201d de cerca de 450 policiais, um operativo denominado Unidade do Paran\u00e1 Seguro (UPS), projeto piloto cuja compara\u00e7\u00e3o \u00e9 inevit\u00e1vel com o modelo da contradit\u00f3ria Unidade de Pol\u00edcia Pacificadora (UPP), do Rio de Janeiro. Ao longo de uma semana de cerco policial no bairro \u2013 que prossegue at\u00e9 o momento \u2013 foram presas 17 pessoas, tr\u00eas delas no dia da invas\u00e3o da PM, com o pretexto de combate ao tr\u00e1fico e \u00e0 viol\u00eancia. Mais de 2.500 abordagens foram feitas, para apenas 34 mandados de busca e apreens\u00e3o cumpridos. Ao final, n\u00e3o houve apreens\u00e3o de drogas e armas. Cerca de 300 policiais permanecem na \u00e1rea para a instala\u00e7\u00e3o da UPS.<\/p>\n<p class=\"western\">H\u00e1 suspeitas, por parte de pesquisadores do tema, de que esses fatos tenham rela\u00e7\u00e3o com poss\u00edveis remo\u00e7\u00f5es futuras em \u00e1reas de ocupa\u00e7\u00e3o irregular, tendo como foco a \u201chigieniza\u00e7\u00e3o social\u201d e o terreno limpo para a vinda de turistas durante a Copa do Mundo, uma vez que o bairro est\u00e1 no corredor entre o aeroporto e o centro da capital. H\u00e1 locais em Curitiba com maior \u00edndice de viol\u00eancia, uma vez que Uberaba \u00e9 a regi\u00e3o considerada a terceira mais violenta de Curitiba. \u00c9 certo que outras experi\u00eancias como essa est\u00e3o no horizonte do governo do Paran\u00e1. At\u00e9 o final de 2012, Curitiba deve contar com 10 UPSs. No interior do estado, entre 20 e 25 cidades devem receber a experi\u00eancia at\u00e9 2014, de acordo com declara\u00e7\u00f5es do secret\u00e1rio de Seguran\u00e7a P\u00fablica, Reinaldo de Almeida C\u00e9sar.<\/p>\n<p class=\"western\"><strong>Abusos<\/strong><\/p>\n<p class=\"western\">Entidades de direitos humanos repercutiram a den\u00fancia de que o servente de pedreiro Ismael Ferreira da Concei\u00e7\u00e3o, jovem afrodescendente de 19 anos, foi preso sem motivo e torturado por policiais militares. O poder, por sua vez, esquiva- se e classifica que o caso n\u00e3o repercute na totalidade da UPS. Embora a divulga\u00e7\u00e3o tenha sido de uma suposta tranquilidade do operativo, como expressaram os ve\u00edculos de m\u00eddia corporativa, entusiastas da a\u00e7\u00e3o, caso da RPC (filial da Rede Globo), as fotografias de fuzis apontados para moradores, em casas extremamente simples, deixam no ar a desconfian\u00e7a sobre o m\u00e9todo da a\u00e7\u00e3o. Den\u00fancias de pessoas que realizam trabalho social no Uberaba apontam que moradores s\u00e3o usados para que a pol\u00edcia chegue aos pontos de tr\u00e1fico. \u201cNa primeira semana, eles mostraram terror, apontando a metralhadora para todo mundo, intimidando no \u00f4nibus, inclusive o meu filho foi tratado como se fosse suspeito. Essa semana j\u00e1 houve um assassinato. Partem do princ\u00edpio de que todos s\u00e3o bandidos\u201d, descreve uma professora, moradora da regi\u00e3o.<\/p>\n<table border=\"0\" align=\"right\">\n<tbody>\n<tr>\n<td><\/td>\n<\/tr>\n<tr>\n<td><\/td>\n<\/tr>\n<\/tbody>\n<\/table>\n<p class=\"western\">\u201cNossa leitura \u00e9 de que h\u00e1 uma \u2018policiza\u00e7\u00e3o\u2019 das rela\u00e7\u00f5es sociais e de pol\u00edcia, rela\u00e7\u00e3o social que n\u00e3o apresenta para a comunidade educa\u00e7\u00e3o, sa\u00fade, n\u00e3o leva creches para a popula\u00e7\u00e3o. As pol\u00edticas de assist\u00eancia social n\u00e3o precisam de pol\u00edcia, mas o discurso \u00e9 como se fosse necess\u00e1rio primeiro esse tipo de a\u00e7\u00e3o\u201d, reflete Andr\u00e9 Giamberardino, pesquisador do n\u00facleo de pr\u00e1ticas jur\u00eddicas da Universidade Federal do Paran\u00e1 (UFPR).<\/p>\n<p class=\"western\">Na an\u00e1lise dele, a cria\u00e7\u00e3o de um contexto de medo interessa ao capital privado. \u201cO medo do crime se tornou uma mat\u00e9ria- prima que d\u00e1 origem a v\u00e1rios produtos, um deles \u00e9 o voto. Apela para a emo\u00e7\u00e3o da pessoa e produz muito lucro, por meio do mercado da seguran\u00e7a privada, que representou o segundo maior lucro dos \u00faltimos anos de empresas privadas no Brasil\u201d, afirma.<\/p>\n<p class=\"western\">\u00c9 preciso levar em conta nesses casos de repress\u00e3o direta, ou ent\u00e3o em a\u00e7\u00f5es de militariza\u00e7\u00e3o de territ\u00f3rios comandados pelo Estado, como \u00e9 o caso das UPPs, o fato de serem levadas a cabo principalmente por governos declaradamente direitistas, como \u00e9 o caso de Curitiba, Rio de Janeiro e S\u00e3o Paulo, governados pelo PSDB ou por governadores da base conservadora do governo, como acontece no Rio. Outro fator decisivo, os interesses das imobili\u00e1rias financeirizadas t\u00eam peso grande em a\u00e7\u00f5es de despejo como a que foi feita na Cracol\u00e2ndia, em S\u00e3o Paulo, na mesma semana da repress\u00e3o contra os moradores do Pinheirinho, na cidade de S\u00e3o Jos\u00e9 dos Campos, cujo terreno, pertencente ao mega-especulador Naji Nahas j\u00e1 est\u00e1 cotado em R$ 500 milh\u00f5es ap\u00f3s o despejo. \u201c(&#8230;) tem-se em grande medida aumentado o espraiamento urbano, com consequ\u00eancias para o meio ambiente, os transportes e a infraestrutura, al\u00e9m da especula\u00e7\u00e3o imobili\u00e1ria em curso, sem controle estatal algum. Os instrumentos do Estatuto da Cidade n\u00e3o t\u00eam sido quase utilizados, de modo que n\u00e3o h\u00e1 freios para a renda da terra crescer.<\/p>\n<p class=\"western\">O mercado imobili\u00e1rio tem uma particularidade, quanto mais se produz mais caro fica o produto, ao contr\u00e1rio da produ\u00e7\u00e3o industrial de bens de consumo. Isso porque h\u00e1 escassez de terras. Se n\u00e3o houver uma regula\u00e7\u00e3o p\u00fablica, a m\u00e1quina de crescimento imobili\u00e1rio vai se travar ou vai voltar a concentrar seu mercado. O que estamos assistindo \u00e9 uma verdadeira anti-reforma urbana e a privatiza\u00e7\u00e3o da pol\u00edtica habitacional\u201d, afirma o arquiteto e urbanista Pedro Arantes, ao analisar o quadro atual dos programas de moradia e do acesso do povo a eles.<\/p>\n<p class=\"western\">Fonte: <a href=\"http:\/\/www.brasildefato.com.br\/content\/e-os-pobres-no-meio-do-caminho\">Brasil de Fato<\/a><\/p>\n","protected":false},"excerpt":{"rendered":"<p>Cerco policial, repress\u00e3o e especula\u00e7\u00e3o imobili\u00e1ria em Curitiba s\u00e3o exemplos de um processo em curso no pa\u00eds sob o pretexto dos megaeventos. Do Brasil de Fato.<\/p>\n","protected":false},"author":1,"featured_media":0,"comment_status":"open","ping_status":"open","sticky":false,"template":"","format":"standard","meta":{"site-container-style":"default","site-container-layout":"default","site-sidebar-layout":"default","disable-article-header":"default","disable-site-header":"default","disable-site-footer":"default","disable-content-area-spacing":"default","footnotes":""},"categories":[13,11,4],"tags":[],"class_list":["post-22297","post","type-post","status-publish","format-standard","hentry","category-denuncias","category-direitos-humanos","category-noticias"],"yoast_head":"<!-- This site is optimized with the Yoast SEO plugin v27.4 - https:\/\/yoast.com\/product\/yoast-seo-wordpress\/ -->\n<title>E os pobres no meio do caminho? -<\/title>\n<meta name=\"robots\" content=\"index, follow, max-snippet:-1, max-image-preview:large, max-video-preview:-1\" \/>\n<link rel=\"canonical\" href=\"https:\/\/inclusivenews.com.br\/?p=22297\" \/>\n<meta property=\"og:locale\" content=\"pt_PT\" \/>\n<meta property=\"og:type\" content=\"article\" \/>\n<meta property=\"og:title\" content=\"E os pobres no meio do caminho? -\" \/>\n<meta property=\"og:description\" content=\"Cerco policial, repress\u00e3o e especula\u00e7\u00e3o imobili\u00e1ria em Curitiba s\u00e3o exemplos de um processo em curso no pa\u00eds sob o pretexto dos megaeventos. Do Brasil de Fato.\" \/>\n<meta property=\"og:url\" content=\"https:\/\/inclusivenews.com.br\/?p=22297\" \/>\n<meta property=\"article:publisher\" content=\"https:\/\/www.facebook.com\/agenciainclusive\/\" \/>\n<meta property=\"article:published_time\" content=\"2012-04-03T10:54:27+00:00\" \/>\n<meta property=\"og:image\" content=\"http:\/\/www.brasildefato.com.br\/sites\/default\/files\/Curitiba_Felipe-Rosa-Folhapress.gif\" \/>\n<meta name=\"author\" content=\"inclusivenews2024\" \/>\n<meta name=\"twitter:card\" content=\"summary_large_image\" \/>\n<meta name=\"twitter:label1\" content=\"Escrito por\" \/>\n\t<meta name=\"twitter:data1\" content=\"inclusivenews2024\" \/>\n\t<meta name=\"twitter:label2\" content=\"Tempo estimado de leitura\" \/>\n\t<meta name=\"twitter:data2\" content=\"5 minutos\" \/>\n<script type=\"application\/ld+json\" class=\"yoast-schema-graph\">{\"@context\":\"https:\\\/\\\/schema.org\",\"@graph\":[{\"@type\":\"Article\",\"@id\":\"https:\\\/\\\/inclusivenews.com.br\\\/?p=22297#article\",\"isPartOf\":{\"@id\":\"https:\\\/\\\/inclusivenews.com.br\\\/?p=22297\"},\"author\":{\"name\":\"inclusivenews2024\",\"@id\":\"https:\\\/\\\/inclusivenews.com.br\\\/#\\\/schema\\\/person\\\/ae4ec7087559b8692fb33b6fffd2273b\"},\"headline\":\"E os pobres no meio do caminho?\",\"datePublished\":\"2012-04-03T10:54:27+00:00\",\"mainEntityOfPage\":{\"@id\":\"https:\\\/\\\/inclusivenews.com.br\\\/?p=22297\"},\"wordCount\":979,\"commentCount\":0,\"publisher\":{\"@id\":\"https:\\\/\\\/inclusivenews.com.br\\\/#organization\"},\"image\":{\"@id\":\"https:\\\/\\\/inclusivenews.com.br\\\/?p=22297#primaryimage\"},\"thumbnailUrl\":\"http:\\\/\\\/www.brasildefato.com.br\\\/sites\\\/default\\\/files\\\/Curitiba_Felipe-Rosa-Folhapress.gif\",\"articleSection\":[\"Den\u00fancias\",\"DIREITOS HUMANOS\",\"NOT\u00cdCIAS\"],\"inLanguage\":\"pt-PT\",\"potentialAction\":[{\"@type\":\"CommentAction\",\"name\":\"Comment\",\"target\":[\"https:\\\/\\\/inclusivenews.com.br\\\/?p=22297#respond\"]}]},{\"@type\":\"WebPage\",\"@id\":\"https:\\\/\\\/inclusivenews.com.br\\\/?p=22297\",\"url\":\"https:\\\/\\\/inclusivenews.com.br\\\/?p=22297\",\"name\":\"E os pobres no meio do caminho? -\",\"isPartOf\":{\"@id\":\"https:\\\/\\\/inclusivenews.com.br\\\/#website\"},\"primaryImageOfPage\":{\"@id\":\"https:\\\/\\\/inclusivenews.com.br\\\/?p=22297#primaryimage\"},\"image\":{\"@id\":\"https:\\\/\\\/inclusivenews.com.br\\\/?p=22297#primaryimage\"},\"thumbnailUrl\":\"http:\\\/\\\/www.brasildefato.com.br\\\/sites\\\/default\\\/files\\\/Curitiba_Felipe-Rosa-Folhapress.gif\",\"datePublished\":\"2012-04-03T10:54:27+00:00\",\"breadcrumb\":{\"@id\":\"https:\\\/\\\/inclusivenews.com.br\\\/?p=22297#breadcrumb\"},\"inLanguage\":\"pt-PT\",\"potentialAction\":[{\"@type\":\"ReadAction\",\"target\":[\"https:\\\/\\\/inclusivenews.com.br\\\/?p=22297\"]}]},{\"@type\":\"ImageObject\",\"inLanguage\":\"pt-PT\",\"@id\":\"https:\\\/\\\/inclusivenews.com.br\\\/?p=22297#primaryimage\",\"url\":\"http:\\\/\\\/www.brasildefato.com.br\\\/sites\\\/default\\\/files\\\/Curitiba_Felipe-Rosa-Folhapress.gif\",\"contentUrl\":\"http:\\\/\\\/www.brasildefato.com.br\\\/sites\\\/default\\\/files\\\/Curitiba_Felipe-Rosa-Folhapress.gif\"},{\"@type\":\"BreadcrumbList\",\"@id\":\"https:\\\/\\\/inclusivenews.com.br\\\/?p=22297#breadcrumb\",\"itemListElement\":[{\"@type\":\"ListItem\",\"position\":1,\"name\":\"In\u00edcio\",\"item\":\"https:\\\/\\\/inclusivenews.com.br\\\/\"},{\"@type\":\"ListItem\",\"position\":2,\"name\":\"E os pobres no meio do caminho?\"}]},{\"@type\":\"WebSite\",\"@id\":\"https:\\\/\\\/inclusivenews.com.br\\\/#website\",\"url\":\"https:\\\/\\\/inclusivenews.com.br\\\/\",\"name\":\"Inclusive News\",\"description\":\"Inclusive News\",\"publisher\":{\"@id\":\"https:\\\/\\\/inclusivenews.com.br\\\/#organization\"},\"potentialAction\":[{\"@type\":\"SearchAction\",\"target\":{\"@type\":\"EntryPoint\",\"urlTemplate\":\"https:\\\/\\\/inclusivenews.com.br\\\/?s={search_term_string}\"},\"query-input\":{\"@type\":\"PropertyValueSpecification\",\"valueRequired\":true,\"valueName\":\"search_term_string\"}}],\"inLanguage\":\"pt-PT\"},{\"@type\":\"Organization\",\"@id\":\"https:\\\/\\\/inclusivenews.com.br\\\/#organization\",\"name\":\"Inclusive - inclus\u00e3o e cidadania\",\"url\":\"https:\\\/\\\/inclusivenews.com.br\\\/\",\"logo\":{\"@type\":\"ImageObject\",\"inLanguage\":\"pt-PT\",\"@id\":\"https:\\\/\\\/inclusivenews.com.br\\\/#\\\/schema\\\/logo\\\/image\\\/\",\"url\":\"https:\\\/\\\/inclusivenews.com.br\\\/wp-content\\\/uploads\\\/2024\\\/03\\\/@grandesite.png\",\"contentUrl\":\"https:\\\/\\\/inclusivenews.com.br\\\/wp-content\\\/uploads\\\/2024\\\/03\\\/@grandesite.png\",\"width\":1080,\"height\":1080,\"caption\":\"Inclusive - inclus\u00e3o e cidadania\"},\"image\":{\"@id\":\"https:\\\/\\\/inclusivenews.com.br\\\/#\\\/schema\\\/logo\\\/image\\\/\"},\"sameAs\":[\"https:\\\/\\\/www.facebook.com\\\/agenciainclusive\\\/\",\"https:\\\/\\\/www.instagram.com\\\/newsinclusive\\\/\"]},{\"@type\":\"Person\",\"@id\":\"https:\\\/\\\/inclusivenews.com.br\\\/#\\\/schema\\\/person\\\/ae4ec7087559b8692fb33b6fffd2273b\",\"name\":\"inclusivenews2024\",\"image\":{\"@type\":\"ImageObject\",\"inLanguage\":\"pt-PT\",\"@id\":\"https:\\\/\\\/secure.gravatar.com\\\/avatar\\\/c5a7ef84c66fa914f55bc4f7ce26cfa275a3b9a1c5568b907bd184fb4dde7b40?s=96&d=mm&r=g\",\"url\":\"https:\\\/\\\/secure.gravatar.com\\\/avatar\\\/c5a7ef84c66fa914f55bc4f7ce26cfa275a3b9a1c5568b907bd184fb4dde7b40?s=96&d=mm&r=g\",\"contentUrl\":\"https:\\\/\\\/secure.gravatar.com\\\/avatar\\\/c5a7ef84c66fa914f55bc4f7ce26cfa275a3b9a1c5568b907bd184fb4dde7b40?s=96&d=mm&r=g\",\"caption\":\"inclusivenews2024\"},\"sameAs\":[\"https:\\\/\\\/inclusivenews.com.br\"],\"url\":\"https:\\\/\\\/inclusivenews.com.br\\\/?author=1\"}]}<\/script>\n<!-- \/ Yoast SEO plugin. -->","yoast_head_json":{"title":"E os pobres no meio do caminho? -","robots":{"index":"index","follow":"follow","max-snippet":"max-snippet:-1","max-image-preview":"max-image-preview:large","max-video-preview":"max-video-preview:-1"},"canonical":"https:\/\/inclusivenews.com.br\/?p=22297","og_locale":"pt_PT","og_type":"article","og_title":"E os pobres no meio do caminho? -","og_description":"Cerco policial, repress\u00e3o e especula\u00e7\u00e3o imobili\u00e1ria em Curitiba s\u00e3o exemplos de um processo em curso no pa\u00eds sob o pretexto dos megaeventos. Do Brasil de Fato.","og_url":"https:\/\/inclusivenews.com.br\/?p=22297","article_publisher":"https:\/\/www.facebook.com\/agenciainclusive\/","article_published_time":"2012-04-03T10:54:27+00:00","og_image":[{"url":"http:\/\/www.brasildefato.com.br\/sites\/default\/files\/Curitiba_Felipe-Rosa-Folhapress.gif","type":"","width":"","height":""}],"author":"inclusivenews2024","twitter_card":"summary_large_image","twitter_misc":{"Escrito por":"inclusivenews2024","Tempo estimado de leitura":"5 minutos"},"schema":{"@context":"https:\/\/schema.org","@graph":[{"@type":"Article","@id":"https:\/\/inclusivenews.com.br\/?p=22297#article","isPartOf":{"@id":"https:\/\/inclusivenews.com.br\/?p=22297"},"author":{"name":"inclusivenews2024","@id":"https:\/\/inclusivenews.com.br\/#\/schema\/person\/ae4ec7087559b8692fb33b6fffd2273b"},"headline":"E os pobres no meio do caminho?","datePublished":"2012-04-03T10:54:27+00:00","mainEntityOfPage":{"@id":"https:\/\/inclusivenews.com.br\/?p=22297"},"wordCount":979,"commentCount":0,"publisher":{"@id":"https:\/\/inclusivenews.com.br\/#organization"},"image":{"@id":"https:\/\/inclusivenews.com.br\/?p=22297#primaryimage"},"thumbnailUrl":"http:\/\/www.brasildefato.com.br\/sites\/default\/files\/Curitiba_Felipe-Rosa-Folhapress.gif","articleSection":["Den\u00fancias","DIREITOS HUMANOS","NOT\u00cdCIAS"],"inLanguage":"pt-PT","potentialAction":[{"@type":"CommentAction","name":"Comment","target":["https:\/\/inclusivenews.com.br\/?p=22297#respond"]}]},{"@type":"WebPage","@id":"https:\/\/inclusivenews.com.br\/?p=22297","url":"https:\/\/inclusivenews.com.br\/?p=22297","name":"E os pobres no meio do caminho? -","isPartOf":{"@id":"https:\/\/inclusivenews.com.br\/#website"},"primaryImageOfPage":{"@id":"https:\/\/inclusivenews.com.br\/?p=22297#primaryimage"},"image":{"@id":"https:\/\/inclusivenews.com.br\/?p=22297#primaryimage"},"thumbnailUrl":"http:\/\/www.brasildefato.com.br\/sites\/default\/files\/Curitiba_Felipe-Rosa-Folhapress.gif","datePublished":"2012-04-03T10:54:27+00:00","breadcrumb":{"@id":"https:\/\/inclusivenews.com.br\/?p=22297#breadcrumb"},"inLanguage":"pt-PT","potentialAction":[{"@type":"ReadAction","target":["https:\/\/inclusivenews.com.br\/?p=22297"]}]},{"@type":"ImageObject","inLanguage":"pt-PT","@id":"https:\/\/inclusivenews.com.br\/?p=22297#primaryimage","url":"http:\/\/www.brasildefato.com.br\/sites\/default\/files\/Curitiba_Felipe-Rosa-Folhapress.gif","contentUrl":"http:\/\/www.brasildefato.com.br\/sites\/default\/files\/Curitiba_Felipe-Rosa-Folhapress.gif"},{"@type":"BreadcrumbList","@id":"https:\/\/inclusivenews.com.br\/?p=22297#breadcrumb","itemListElement":[{"@type":"ListItem","position":1,"name":"In\u00edcio","item":"https:\/\/inclusivenews.com.br\/"},{"@type":"ListItem","position":2,"name":"E os pobres no meio do caminho?"}]},{"@type":"WebSite","@id":"https:\/\/inclusivenews.com.br\/#website","url":"https:\/\/inclusivenews.com.br\/","name":"Inclusive News","description":"Inclusive News","publisher":{"@id":"https:\/\/inclusivenews.com.br\/#organization"},"potentialAction":[{"@type":"SearchAction","target":{"@type":"EntryPoint","urlTemplate":"https:\/\/inclusivenews.com.br\/?s={search_term_string}"},"query-input":{"@type":"PropertyValueSpecification","valueRequired":true,"valueName":"search_term_string"}}],"inLanguage":"pt-PT"},{"@type":"Organization","@id":"https:\/\/inclusivenews.com.br\/#organization","name":"Inclusive - inclus\u00e3o e cidadania","url":"https:\/\/inclusivenews.com.br\/","logo":{"@type":"ImageObject","inLanguage":"pt-PT","@id":"https:\/\/inclusivenews.com.br\/#\/schema\/logo\/image\/","url":"https:\/\/inclusivenews.com.br\/wp-content\/uploads\/2024\/03\/@grandesite.png","contentUrl":"https:\/\/inclusivenews.com.br\/wp-content\/uploads\/2024\/03\/@grandesite.png","width":1080,"height":1080,"caption":"Inclusive - inclus\u00e3o e cidadania"},"image":{"@id":"https:\/\/inclusivenews.com.br\/#\/schema\/logo\/image\/"},"sameAs":["https:\/\/www.facebook.com\/agenciainclusive\/","https:\/\/www.instagram.com\/newsinclusive\/"]},{"@type":"Person","@id":"https:\/\/inclusivenews.com.br\/#\/schema\/person\/ae4ec7087559b8692fb33b6fffd2273b","name":"inclusivenews2024","image":{"@type":"ImageObject","inLanguage":"pt-PT","@id":"https:\/\/secure.gravatar.com\/avatar\/c5a7ef84c66fa914f55bc4f7ce26cfa275a3b9a1c5568b907bd184fb4dde7b40?s=96&d=mm&r=g","url":"https:\/\/secure.gravatar.com\/avatar\/c5a7ef84c66fa914f55bc4f7ce26cfa275a3b9a1c5568b907bd184fb4dde7b40?s=96&d=mm&r=g","contentUrl":"https:\/\/secure.gravatar.com\/avatar\/c5a7ef84c66fa914f55bc4f7ce26cfa275a3b9a1c5568b907bd184fb4dde7b40?s=96&d=mm&r=g","caption":"inclusivenews2024"},"sameAs":["https:\/\/inclusivenews.com.br"],"url":"https:\/\/inclusivenews.com.br\/?author=1"}]}},"_links":{"self":[{"href":"https:\/\/inclusivenews.com.br\/index.php?rest_route=\/wp\/v2\/posts\/22297","targetHints":{"allow":["GET"]}}],"collection":[{"href":"https:\/\/inclusivenews.com.br\/index.php?rest_route=\/wp\/v2\/posts"}],"about":[{"href":"https:\/\/inclusivenews.com.br\/index.php?rest_route=\/wp\/v2\/types\/post"}],"author":[{"embeddable":true,"href":"https:\/\/inclusivenews.com.br\/index.php?rest_route=\/wp\/v2\/users\/1"}],"replies":[{"embeddable":true,"href":"https:\/\/inclusivenews.com.br\/index.php?rest_route=%2Fwp%2Fv2%2Fcomments&post=22297"}],"version-history":[{"count":0,"href":"https:\/\/inclusivenews.com.br\/index.php?rest_route=\/wp\/v2\/posts\/22297\/revisions"}],"wp:attachment":[{"href":"https:\/\/inclusivenews.com.br\/index.php?rest_route=%2Fwp%2Fv2%2Fmedia&parent=22297"}],"wp:term":[{"taxonomy":"category","embeddable":true,"href":"https:\/\/inclusivenews.com.br\/index.php?rest_route=%2Fwp%2Fv2%2Fcategories&post=22297"},{"taxonomy":"post_tag","embeddable":true,"href":"https:\/\/inclusivenews.com.br\/index.php?rest_route=%2Fwp%2Fv2%2Ftags&post=22297"}],"curies":[{"name":"wp","href":"https:\/\/api.w.org\/{rel}","templated":true}]}}