{"id":22301,"date":"2012-04-02T18:30:07","date_gmt":"2012-04-02T21:30:07","guid":{"rendered":"http:\/\/www.inclusive.org.br\/?p=22301"},"modified":"2012-04-02T18:30:07","modified_gmt":"2012-04-02T21:30:07","slug":"no-dia-de-conscientizacao-do-autismo-monumentos-do-brasil-e-de-outros-paises-g-anham-iluminacao-especial","status":"publish","type":"post","link":"https:\/\/inclusivenews.com.br\/?p=22301","title":{"rendered":"No Dia de Conscientiza\u00e7\u00e3o do Autismo, monumentos do Brasil e de outros pa\u00edses ganham ilumina\u00e7\u00e3o especial"},"content":{"rendered":"<div class=\"content\">\n<figure id=\"attachment_22313\" aria-describedby=\"caption-attachment-22313\" style=\"width: 273px\" class=\"wp-caption alignleft\"><a href=\"http:\/\/www.inclusivenews.com.br\/wp-content\/uploads\/cristo-azul.jpg\"><img loading=\"lazy\" decoding=\"async\" class=\"size-full wp-image-22313 \" title=\"Cristo Redentor iluminado de azul\" src=\"http:\/\/inclusivenews.com.br\/wp-content\/uploads\/cristo-azul.jpg\" alt=\"\" width=\"273\" height=\"181\" \/><\/a><figcaption id=\"caption-attachment-22313\" class=\"wp-caption-text\"> <\/figcaption><\/figure>\n<p style=\"margin-bottom: 0cm;\"><strong>Thais Leit\u00e3o<br \/>\n<em>Rep\u00f3rter da Ag\u00eancia Brasil<\/em><\/strong><\/p>\n<p>Um dos principais cart\u00f5es-postais do Rio de Janeiro, o Cristo Redentor vai ganhar uma ilumina\u00e7\u00e3o especial no in\u00edcio da noite de hoje (2), em tons de azul, para marcar o Dia Mundial de Conscientiza\u00e7\u00e3o do Autismo, institu\u00eddo pela Organiza\u00e7\u00e3o das Na\u00e7\u00f5es Unidas (ONU). A iniciativa tem o objetivo de chamar a aten\u00e7\u00e3o sobre a necessidade do diagn\u00f3stico precoce e do tratamento adequado.<\/p>\n<p>Al\u00e9m do monumento carioca, ser\u00e3o iluminados em azul o Teatro Amazonas, em Manaus; o Congresso Nacional, em Bras\u00edlia; o Empire State Building, em Nova York (Estados Unidos) e o Big Ben, em Londres (Inglaterra).<\/p>\n<p>No Rio de Janeiro, a a\u00e7\u00e3o est\u00e1 sendo coordenada por um grupo de organiza\u00e7\u00f5es n\u00e3o governamentais (ONGs) voltadas ao acompanhamento de pessoas com o dist\u00farbio. Uma delas \u00e9 a ONG M\u00e3o Amiga, que trabalha h\u00e1 11 anos prestando atendimento a parentes e amigos de pessoas com autismo. A presidente da entidade, Iranice Nascimento, disse que \u00e9 preciso levar \u00e0 sociedade mais informa\u00e7\u00f5es sobre o transtorno, como forma de diminuir o preconceito em rela\u00e7\u00e3o aos pacientes.<\/p>\n<p>\u201cMuita gente acha que crian\u00e7a autista \u00e9 mal-educada e que n\u00e3o \u00e9 capaz de aprender, o que n\u00e3o \u00e9 verdade. Com o diagn\u00f3stico definido, \u00e9 poss\u00edvel iniciar um tratamento adequado, por meio de terapias diversas, e avan\u00e7ar bastante\u201d, destacou, acrescentando que a programa\u00e7\u00e3o no Rio tamb\u00e9m prev\u00ea um recital aos p\u00e9s do Cristo Redentor para destacar o papel da m\u00fasica como uma das terapias que auxiliam no tratamento do autismo.<\/p>\n<p>A psiquiatra Let\u00edcia Calmon, da Associa\u00e7\u00e3o de Amigos do Autismo, entidade ligada \u00e0 Associa\u00e7\u00e3o Brasileira de Autismo e que oferece suporte a quem tem o diagn\u00f3stico confirmado, explica que os sintomas aparecem antes dos 3 anos de idade e que o tratamento exige uma equipe multidisciplinar.<\/p>\n<p>\u201cO diagn\u00f3stico do autismo \u00e9 cl\u00ednico, baseado nas informa\u00e7\u00f5es que a m\u00e3e passa e na observa\u00e7\u00e3o do comportamento da crian\u00e7a. Os principais sintomas, que aparecem nos primeiros anos de vida, s\u00e3o d\u00e9ficit na comunica\u00e7\u00e3o, comportamentos repetitivos e dificuldade na intera\u00e7\u00e3o social. Como n\u00e3o h\u00e1 medica\u00e7\u00e3o espec\u00edfica, o tratamento se d\u00e1 com interven\u00e7\u00f5es comportamentais, que devem ser feitas por uma equipe que inclui fonoterapeuta, terapeuta ocupacional, psic\u00f3logo comportamental e psiquiatra.\u201d<\/p>\n<p style=\"margin-bottom: 0cm;\">Jefferson de Oliveira, de 24 anos, recebeu o diagn\u00f3stico de quem tem autismo aos 3 anos de idade, ap\u00f3s suspeita da pediatra que o acompanhava. A m\u00e3e do rapaz, Maria Aparecida Oliveira, diz que o acompanhamento especializado aumenta muito as chances de redu\u00e7\u00e3o dos sintomas.<\/p>\n<p>\u201cHoje os profissionais est\u00e3o mais capacitados para fazer esse diagn\u00f3stico. Quem o recebe precisa ter os p\u00e9s no ch\u00e3o, saber que cura n\u00e3o tem, mas, dependendo do grau do autismo e do tratamento, h\u00e1 uma boa melhora\u201d, disse ela, ressaltando que, com o est\u00edmulo de profissionais, o filho conseguiu concluir o ensino m\u00e9dio.<\/p>\n<p style=\"margin-bottom: 0cm;\">Edi\u00e7\u00e3o: Juliana Andrade<\/p>\n<p style=\"margin-bottom: 0cm;\">Fonte: <a href=\"http:\/\/agenciabrasil.ebc.com.br\/noticia\/2012-04-02\/no-dia-de-conscientizacao-do-autismo-monumentos-do-brasil-e-de-outros-paises-ganham-iluminacao-especi\">Ag\u00eancia Brasil<\/a><\/p>\n<\/div>\n","protected":false},"excerpt":{"rendered":"<p>Um dos principais cart\u00f5es-postais do Rio de Janeiro, o Cristo Redentor vai ganhar uma ilumina\u00e7\u00e3o especial no in\u00edcio da noite de hoje (2), em tons de azul, para marcar o Dia Mundial de Conscientiza\u00e7\u00e3o do Autismo, institu\u00eddo pela Organiza\u00e7\u00e3o das Na\u00e7\u00f5es Unidas (ONU). A iniciativa tem o objetivo de chamar a aten\u00e7\u00e3o sobre a necessidade do diagn\u00f3stico precoce e do tratamento adequado.<\/p>\n","protected":false},"author":1,"featured_media":0,"comment_status":"open","ping_status":"open","sticky":false,"template":"","format":"standard","meta":{"site-container-style":"default","site-container-layout":"default","site-sidebar-layout":"default","disable-article-header":"default","disable-site-header":"default","disable-site-footer":"default","disable-content-area-spacing":"default","footnotes":""},"categories":[4],"tags":[34],"class_list":["post-22301","post","type-post","status-publish","format-standard","hentry","category-noticias","tag-autismo"],"yoast_head":"<!-- This site is optimized with the Yoast SEO plugin v27.4 - https:\/\/yoast.com\/product\/yoast-seo-wordpress\/ -->\n<title>No Dia de Conscientiza\u00e7\u00e3o do Autismo, monumentos do Brasil e de outros pa\u00edses ganham ilumina\u00e7\u00e3o especial -<\/title>\n<meta name=\"robots\" content=\"index, follow, max-snippet:-1, max-image-preview:large, max-video-preview:-1\" \/>\n<link rel=\"canonical\" href=\"https:\/\/inclusivenews.com.br\/?p=22301\" \/>\n<meta property=\"og:locale\" content=\"pt_PT\" \/>\n<meta property=\"og:type\" content=\"article\" \/>\n<meta property=\"og:title\" content=\"No Dia de Conscientiza\u00e7\u00e3o do Autismo, monumentos do Brasil e de outros pa\u00edses ganham ilumina\u00e7\u00e3o especial -\" \/>\n<meta property=\"og:description\" content=\"Um dos principais cart\u00f5es-postais do Rio de Janeiro, o Cristo Redentor vai ganhar uma ilumina\u00e7\u00e3o especial no in\u00edcio da noite de hoje (2), em tons de azul, para marcar o Dia Mundial de Conscientiza\u00e7\u00e3o do Autismo, institu\u00eddo pela Organiza\u00e7\u00e3o das Na\u00e7\u00f5es Unidas (ONU). A iniciativa tem o objetivo de chamar a aten\u00e7\u00e3o sobre a necessidade do diagn\u00f3stico precoce e do tratamento adequado.\" \/>\n<meta property=\"og:url\" content=\"https:\/\/inclusivenews.com.br\/?p=22301\" \/>\n<meta property=\"article:publisher\" content=\"https:\/\/www.facebook.com\/agenciainclusive\/\" \/>\n<meta property=\"article:published_time\" content=\"2012-04-02T21:30:07+00:00\" \/>\n<meta property=\"og:image\" content=\"http:\/\/inclusivenews.com.br\/wp-content\/uploads\/cristo-azul.jpg\" \/>\n<meta name=\"author\" content=\"inclusivenews2024\" \/>\n<meta name=\"twitter:card\" content=\"summary_large_image\" \/>\n<meta name=\"twitter:label1\" content=\"Escrito por\" \/>\n\t<meta name=\"twitter:data1\" content=\"inclusivenews2024\" \/>\n\t<meta name=\"twitter:label2\" content=\"Tempo estimado de leitura\" \/>\n\t<meta name=\"twitter:data2\" content=\"3 minutos\" \/>\n<script type=\"application\/ld+json\" class=\"yoast-schema-graph\">{\"@context\":\"https:\\\/\\\/schema.org\",\"@graph\":[{\"@type\":\"Article\",\"@id\":\"https:\\\/\\\/inclusivenews.com.br\\\/?p=22301#article\",\"isPartOf\":{\"@id\":\"https:\\\/\\\/inclusivenews.com.br\\\/?p=22301\"},\"author\":{\"name\":\"inclusivenews2024\",\"@id\":\"https:\\\/\\\/inclusivenews.com.br\\\/#\\\/schema\\\/person\\\/ae4ec7087559b8692fb33b6fffd2273b\"},\"headline\":\"No Dia de Conscientiza\u00e7\u00e3o do Autismo, monumentos do Brasil e de outros pa\u00edses ganham ilumina\u00e7\u00e3o especial\",\"datePublished\":\"2012-04-02T21:30:07+00:00\",\"mainEntityOfPage\":{\"@id\":\"https:\\\/\\\/inclusivenews.com.br\\\/?p=22301\"},\"wordCount\":543,\"commentCount\":0,\"publisher\":{\"@id\":\"https:\\\/\\\/inclusivenews.com.br\\\/#organization\"},\"image\":{\"@id\":\"https:\\\/\\\/inclusivenews.com.br\\\/?p=22301#primaryimage\"},\"thumbnailUrl\":\"http:\\\/\\\/inclusivenews.com.br\\\/wp-content\\\/uploads\\\/cristo-azul.jpg\",\"keywords\":[\"Autismo\"],\"articleSection\":[\"NOT\u00cdCIAS\"],\"inLanguage\":\"pt-PT\",\"potentialAction\":[{\"@type\":\"CommentAction\",\"name\":\"Comment\",\"target\":[\"https:\\\/\\\/inclusivenews.com.br\\\/?p=22301#respond\"]}]},{\"@type\":\"WebPage\",\"@id\":\"https:\\\/\\\/inclusivenews.com.br\\\/?p=22301\",\"url\":\"https:\\\/\\\/inclusivenews.com.br\\\/?p=22301\",\"name\":\"No Dia de Conscientiza\u00e7\u00e3o do Autismo, monumentos do Brasil e de outros pa\u00edses ganham ilumina\u00e7\u00e3o especial -\",\"isPartOf\":{\"@id\":\"https:\\\/\\\/inclusivenews.com.br\\\/#website\"},\"primaryImageOfPage\":{\"@id\":\"https:\\\/\\\/inclusivenews.com.br\\\/?p=22301#primaryimage\"},\"image\":{\"@id\":\"https:\\\/\\\/inclusivenews.com.br\\\/?p=22301#primaryimage\"},\"thumbnailUrl\":\"http:\\\/\\\/inclusivenews.com.br\\\/wp-content\\\/uploads\\\/cristo-azul.jpg\",\"datePublished\":\"2012-04-02T21:30:07+00:00\",\"breadcrumb\":{\"@id\":\"https:\\\/\\\/inclusivenews.com.br\\\/?p=22301#breadcrumb\"},\"inLanguage\":\"pt-PT\",\"potentialAction\":[{\"@type\":\"ReadAction\",\"target\":[\"https:\\\/\\\/inclusivenews.com.br\\\/?p=22301\"]}]},{\"@type\":\"ImageObject\",\"inLanguage\":\"pt-PT\",\"@id\":\"https:\\\/\\\/inclusivenews.com.br\\\/?p=22301#primaryimage\",\"url\":\"\",\"contentUrl\":\"\"},{\"@type\":\"BreadcrumbList\",\"@id\":\"https:\\\/\\\/inclusivenews.com.br\\\/?p=22301#breadcrumb\",\"itemListElement\":[{\"@type\":\"ListItem\",\"position\":1,\"name\":\"In\u00edcio\",\"item\":\"https:\\\/\\\/inclusivenews.com.br\\\/\"},{\"@type\":\"ListItem\",\"position\":2,\"name\":\"No Dia de Conscientiza\u00e7\u00e3o do Autismo, monumentos do Brasil e de outros pa\u00edses ganham ilumina\u00e7\u00e3o especial\"}]},{\"@type\":\"WebSite\",\"@id\":\"https:\\\/\\\/inclusivenews.com.br\\\/#website\",\"url\":\"https:\\\/\\\/inclusivenews.com.br\\\/\",\"name\":\"Inclusive News\",\"description\":\"Inclusive News\",\"publisher\":{\"@id\":\"https:\\\/\\\/inclusivenews.com.br\\\/#organization\"},\"potentialAction\":[{\"@type\":\"SearchAction\",\"target\":{\"@type\":\"EntryPoint\",\"urlTemplate\":\"https:\\\/\\\/inclusivenews.com.br\\\/?s={search_term_string}\"},\"query-input\":{\"@type\":\"PropertyValueSpecification\",\"valueRequired\":true,\"valueName\":\"search_term_string\"}}],\"inLanguage\":\"pt-PT\"},{\"@type\":\"Organization\",\"@id\":\"https:\\\/\\\/inclusivenews.com.br\\\/#organization\",\"name\":\"Inclusive - inclus\u00e3o e cidadania\",\"url\":\"https:\\\/\\\/inclusivenews.com.br\\\/\",\"logo\":{\"@type\":\"ImageObject\",\"inLanguage\":\"pt-PT\",\"@id\":\"https:\\\/\\\/inclusivenews.com.br\\\/#\\\/schema\\\/logo\\\/image\\\/\",\"url\":\"https:\\\/\\\/inclusivenews.com.br\\\/wp-content\\\/uploads\\\/2024\\\/03\\\/@grandesite.png\",\"contentUrl\":\"https:\\\/\\\/inclusivenews.com.br\\\/wp-content\\\/uploads\\\/2024\\\/03\\\/@grandesite.png\",\"width\":1080,\"height\":1080,\"caption\":\"Inclusive - inclus\u00e3o e cidadania\"},\"image\":{\"@id\":\"https:\\\/\\\/inclusivenews.com.br\\\/#\\\/schema\\\/logo\\\/image\\\/\"},\"sameAs\":[\"https:\\\/\\\/www.facebook.com\\\/agenciainclusive\\\/\",\"https:\\\/\\\/www.instagram.com\\\/newsinclusive\\\/\"]},{\"@type\":\"Person\",\"@id\":\"https:\\\/\\\/inclusivenews.com.br\\\/#\\\/schema\\\/person\\\/ae4ec7087559b8692fb33b6fffd2273b\",\"name\":\"inclusivenews2024\",\"image\":{\"@type\":\"ImageObject\",\"inLanguage\":\"pt-PT\",\"@id\":\"https:\\\/\\\/secure.gravatar.com\\\/avatar\\\/c5a7ef84c66fa914f55bc4f7ce26cfa275a3b9a1c5568b907bd184fb4dde7b40?s=96&d=mm&r=g\",\"url\":\"https:\\\/\\\/secure.gravatar.com\\\/avatar\\\/c5a7ef84c66fa914f55bc4f7ce26cfa275a3b9a1c5568b907bd184fb4dde7b40?s=96&d=mm&r=g\",\"contentUrl\":\"https:\\\/\\\/secure.gravatar.com\\\/avatar\\\/c5a7ef84c66fa914f55bc4f7ce26cfa275a3b9a1c5568b907bd184fb4dde7b40?s=96&d=mm&r=g\",\"caption\":\"inclusivenews2024\"},\"sameAs\":[\"https:\\\/\\\/inclusivenews.com.br\"],\"url\":\"https:\\\/\\\/inclusivenews.com.br\\\/?author=1\"}]}<\/script>\n<!-- \/ Yoast SEO plugin. -->","yoast_head_json":{"title":"No Dia de Conscientiza\u00e7\u00e3o do Autismo, monumentos do Brasil e de outros pa\u00edses ganham ilumina\u00e7\u00e3o especial -","robots":{"index":"index","follow":"follow","max-snippet":"max-snippet:-1","max-image-preview":"max-image-preview:large","max-video-preview":"max-video-preview:-1"},"canonical":"https:\/\/inclusivenews.com.br\/?p=22301","og_locale":"pt_PT","og_type":"article","og_title":"No Dia de Conscientiza\u00e7\u00e3o do Autismo, monumentos do Brasil e de outros pa\u00edses ganham ilumina\u00e7\u00e3o especial -","og_description":"Um dos principais cart\u00f5es-postais do Rio de Janeiro, o Cristo Redentor vai ganhar uma ilumina\u00e7\u00e3o especial no in\u00edcio da noite de hoje (2), em tons de azul, para marcar o Dia Mundial de Conscientiza\u00e7\u00e3o do Autismo, institu\u00eddo pela Organiza\u00e7\u00e3o das Na\u00e7\u00f5es Unidas (ONU). A iniciativa tem o objetivo de chamar a aten\u00e7\u00e3o sobre a necessidade do diagn\u00f3stico precoce e do tratamento adequado.","og_url":"https:\/\/inclusivenews.com.br\/?p=22301","article_publisher":"https:\/\/www.facebook.com\/agenciainclusive\/","article_published_time":"2012-04-02T21:30:07+00:00","og_image":[{"url":"http:\/\/inclusivenews.com.br\/wp-content\/uploads\/cristo-azul.jpg","type":"","width":"","height":""}],"author":"inclusivenews2024","twitter_card":"summary_large_image","twitter_misc":{"Escrito por":"inclusivenews2024","Tempo estimado de leitura":"3 minutos"},"schema":{"@context":"https:\/\/schema.org","@graph":[{"@type":"Article","@id":"https:\/\/inclusivenews.com.br\/?p=22301#article","isPartOf":{"@id":"https:\/\/inclusivenews.com.br\/?p=22301"},"author":{"name":"inclusivenews2024","@id":"https:\/\/inclusivenews.com.br\/#\/schema\/person\/ae4ec7087559b8692fb33b6fffd2273b"},"headline":"No Dia de Conscientiza\u00e7\u00e3o do Autismo, monumentos do Brasil e de outros pa\u00edses ganham ilumina\u00e7\u00e3o especial","datePublished":"2012-04-02T21:30:07+00:00","mainEntityOfPage":{"@id":"https:\/\/inclusivenews.com.br\/?p=22301"},"wordCount":543,"commentCount":0,"publisher":{"@id":"https:\/\/inclusivenews.com.br\/#organization"},"image":{"@id":"https:\/\/inclusivenews.com.br\/?p=22301#primaryimage"},"thumbnailUrl":"http:\/\/inclusivenews.com.br\/wp-content\/uploads\/cristo-azul.jpg","keywords":["Autismo"],"articleSection":["NOT\u00cdCIAS"],"inLanguage":"pt-PT","potentialAction":[{"@type":"CommentAction","name":"Comment","target":["https:\/\/inclusivenews.com.br\/?p=22301#respond"]}]},{"@type":"WebPage","@id":"https:\/\/inclusivenews.com.br\/?p=22301","url":"https:\/\/inclusivenews.com.br\/?p=22301","name":"No Dia de Conscientiza\u00e7\u00e3o do Autismo, monumentos do Brasil e de outros pa\u00edses ganham ilumina\u00e7\u00e3o especial -","isPartOf":{"@id":"https:\/\/inclusivenews.com.br\/#website"},"primaryImageOfPage":{"@id":"https:\/\/inclusivenews.com.br\/?p=22301#primaryimage"},"image":{"@id":"https:\/\/inclusivenews.com.br\/?p=22301#primaryimage"},"thumbnailUrl":"http:\/\/inclusivenews.com.br\/wp-content\/uploads\/cristo-azul.jpg","datePublished":"2012-04-02T21:30:07+00:00","breadcrumb":{"@id":"https:\/\/inclusivenews.com.br\/?p=22301#breadcrumb"},"inLanguage":"pt-PT","potentialAction":[{"@type":"ReadAction","target":["https:\/\/inclusivenews.com.br\/?p=22301"]}]},{"@type":"ImageObject","inLanguage":"pt-PT","@id":"https:\/\/inclusivenews.com.br\/?p=22301#primaryimage","url":"","contentUrl":""},{"@type":"BreadcrumbList","@id":"https:\/\/inclusivenews.com.br\/?p=22301#breadcrumb","itemListElement":[{"@type":"ListItem","position":1,"name":"In\u00edcio","item":"https:\/\/inclusivenews.com.br\/"},{"@type":"ListItem","position":2,"name":"No Dia de Conscientiza\u00e7\u00e3o do Autismo, monumentos do Brasil e de outros pa\u00edses ganham ilumina\u00e7\u00e3o especial"}]},{"@type":"WebSite","@id":"https:\/\/inclusivenews.com.br\/#website","url":"https:\/\/inclusivenews.com.br\/","name":"Inclusive News","description":"Inclusive News","publisher":{"@id":"https:\/\/inclusivenews.com.br\/#organization"},"potentialAction":[{"@type":"SearchAction","target":{"@type":"EntryPoint","urlTemplate":"https:\/\/inclusivenews.com.br\/?s={search_term_string}"},"query-input":{"@type":"PropertyValueSpecification","valueRequired":true,"valueName":"search_term_string"}}],"inLanguage":"pt-PT"},{"@type":"Organization","@id":"https:\/\/inclusivenews.com.br\/#organization","name":"Inclusive - inclus\u00e3o e cidadania","url":"https:\/\/inclusivenews.com.br\/","logo":{"@type":"ImageObject","inLanguage":"pt-PT","@id":"https:\/\/inclusivenews.com.br\/#\/schema\/logo\/image\/","url":"https:\/\/inclusivenews.com.br\/wp-content\/uploads\/2024\/03\/@grandesite.png","contentUrl":"https:\/\/inclusivenews.com.br\/wp-content\/uploads\/2024\/03\/@grandesite.png","width":1080,"height":1080,"caption":"Inclusive - inclus\u00e3o e cidadania"},"image":{"@id":"https:\/\/inclusivenews.com.br\/#\/schema\/logo\/image\/"},"sameAs":["https:\/\/www.facebook.com\/agenciainclusive\/","https:\/\/www.instagram.com\/newsinclusive\/"]},{"@type":"Person","@id":"https:\/\/inclusivenews.com.br\/#\/schema\/person\/ae4ec7087559b8692fb33b6fffd2273b","name":"inclusivenews2024","image":{"@type":"ImageObject","inLanguage":"pt-PT","@id":"https:\/\/secure.gravatar.com\/avatar\/c5a7ef84c66fa914f55bc4f7ce26cfa275a3b9a1c5568b907bd184fb4dde7b40?s=96&d=mm&r=g","url":"https:\/\/secure.gravatar.com\/avatar\/c5a7ef84c66fa914f55bc4f7ce26cfa275a3b9a1c5568b907bd184fb4dde7b40?s=96&d=mm&r=g","contentUrl":"https:\/\/secure.gravatar.com\/avatar\/c5a7ef84c66fa914f55bc4f7ce26cfa275a3b9a1c5568b907bd184fb4dde7b40?s=96&d=mm&r=g","caption":"inclusivenews2024"},"sameAs":["https:\/\/inclusivenews.com.br"],"url":"https:\/\/inclusivenews.com.br\/?author=1"}]}},"_links":{"self":[{"href":"https:\/\/inclusivenews.com.br\/index.php?rest_route=\/wp\/v2\/posts\/22301","targetHints":{"allow":["GET"]}}],"collection":[{"href":"https:\/\/inclusivenews.com.br\/index.php?rest_route=\/wp\/v2\/posts"}],"about":[{"href":"https:\/\/inclusivenews.com.br\/index.php?rest_route=\/wp\/v2\/types\/post"}],"author":[{"embeddable":true,"href":"https:\/\/inclusivenews.com.br\/index.php?rest_route=\/wp\/v2\/users\/1"}],"replies":[{"embeddable":true,"href":"https:\/\/inclusivenews.com.br\/index.php?rest_route=%2Fwp%2Fv2%2Fcomments&post=22301"}],"version-history":[{"count":0,"href":"https:\/\/inclusivenews.com.br\/index.php?rest_route=\/wp\/v2\/posts\/22301\/revisions"}],"wp:attachment":[{"href":"https:\/\/inclusivenews.com.br\/index.php?rest_route=%2Fwp%2Fv2%2Fmedia&parent=22301"}],"wp:term":[{"taxonomy":"category","embeddable":true,"href":"https:\/\/inclusivenews.com.br\/index.php?rest_route=%2Fwp%2Fv2%2Fcategories&post=22301"},{"taxonomy":"post_tag","embeddable":true,"href":"https:\/\/inclusivenews.com.br\/index.php?rest_route=%2Fwp%2Fv2%2Ftags&post=22301"}],"curies":[{"name":"wp","href":"https:\/\/api.w.org\/{rel}","templated":true}]}}