{"id":22305,"date":"2012-04-03T07:43:35","date_gmt":"2012-04-03T10:43:35","guid":{"rendered":"http:\/\/www.inclusive.org.br\/?p=22305"},"modified":"2012-04-03T07:43:35","modified_gmt":"2012-04-03T10:43:35","slug":"v-coloquio-nacional-de-direitos-humanos","status":"publish","type":"post","link":"https:\/\/inclusivenews.com.br\/?p=22305","title":{"rendered":"V Col\u00f3quio Nacional de Direitos Humanos"},"content":{"rendered":"<figure style=\"width: 210px\" class=\"wp-caption alignnone\"><a class=\"moz-txt-link-freetext\" href=\"http:\/\/www.mndh.org.br\/images\/stories\/vcoloquio.jpg\"><img loading=\"lazy\" decoding=\"async\" class=\" \" src=\"http:\/\/www.mndh.org.br\/images\/stories\/vcoloquio.jpg\" alt=\"Descri\u00e7\u00e3o n\u00e3o fornecida\" width=\"210\" height=\"297\" \/><\/a><figcaption class=\"wp-caption-text\">Clique para ampliar<\/figcaption><\/figure>\n<p>O Col\u00f3quio Nacional de Direitos Humanos j\u00e1 tem uma trajet\u00f3ria consolidada como espa\u00e7o aberto, plural e amplo de reflex\u00e3o sobre concep\u00e7\u00e3o, fundamenta\u00e7\u00e3o e realiza\u00e7\u00e3o dos direitos humanos. \u00c9 momento de fortalecimento de parcerias e de amplia\u00e7\u00e3o do envolvimento de diversos agentes sociais, pol\u00edticos, culturais e educacionais a fim de qualificar a atua\u00e7\u00e3o em direitos humanos.<\/p>\n<p>O Primeiro Col\u00f3quio, realizado em 2004, teve tem\u00e1ticas gerais; o Segundo, realizado em 2006, tamb\u00e9m teve tem\u00e1ticas gerais; o Terceiro, realizado em 2008, concentrou tem\u00e1ticas de educa\u00e7\u00e3o em direitos humanos; o Quarto, em 2010, concentrou tem\u00e1ticas do direito humano ao desenvolvimento. Entre suas marcas est\u00e3o: a) pautar tem\u00e1ticas de direitos humanos; b) privilegiar p\u00fablico que est\u00e1 na forma\u00e7\u00e3o inicial (graduandos de diversas \u00e1reas de conhecimento); c) contar com a presen\u00e7a de convidados de renome; d) ter uma modalidade de organiza\u00e7\u00e3o que inclui confer\u00eancia de abertura, pain\u00e9is, minicursos e comunica\u00e7\u00f5es; e) articular diversas institui\u00e7\u00f5es que, junto com a Comiss\u00e3o de Direitos Humanos de Passo Fundo s\u00e3o respons\u00e1veis pela organiza\u00e7\u00e3o.<\/p>\n<p>Considerando o contexto do debate sobre direitos humanos, a proposta \u00e9 que o V Col\u00f3quio tenha como tema central DIREITO \u00c0 MEM\u00d3RIA, \u00c0 VERDADE E \u00c0 JUSTI\u00c7A. A proposta se insere no contexto da agenda nacional de direitos humanos, demandada j\u00e1 de longa data e acolhida no PNDH-3 de dar prioridade a esta tem\u00e1tica, particularmente condensada em torno da luta pela cria\u00e7\u00e3o da Comiss\u00e3o Nacional da Verdade, pela abertura dos arquivos da ditadura e pela justi\u00e7a \u00e0s v\u00edtimas de viola\u00e7\u00f5es de direitos humanos. Recentemente o Congresso Nacional aprovou o Projeto de Lei que cria a Comiss\u00e3o Nacional da Verdade. Mesmo que ainda n\u00e3o responda suficientemente aos anseios de setores significativos da sociedade brasileira, trata-se de um passo important\u00edssimo no sentido do reconhecimento efetivo deste como um tema de direitos humanos. Neste contexto, ganha for\u00e7a a id\u00e9ia de que este direito se traduz como mem\u00f3ria das v\u00edtimas, o que introduz o tema da justi\u00e7a \u00e0s v\u00edtimas das viola\u00e7\u00f5es de direitos humanos historicamente inviabilizadoras da dignidade humana. Soma-se a este aspecto tamb\u00e9m a id\u00e9ia de que o direito \u00e0 mem\u00f3ria e \u00e0 verdade se alarga no sentido da import\u00e2ncia da mem\u00f3ria das lutas populares pelos direitos humanos, j\u00e1 que historicamente s\u00e3o as lutas dos diversos sujeitos de direitos que leva adiante tamb\u00e9m a afirma\u00e7\u00e3o e o reconhecimento p\u00fablico dos direitos humanos. Neste sentido, o tema proposto abre-se tanto para um enfoque relacionado \u00e0 justi\u00e7a de transi\u00e7\u00e3o, quanto \u00e0 mem\u00f3ria das lutas e a mem\u00f3ria dos sujeitos v\u00edtimas das viola\u00e7\u00f5es.<\/p>\n<p>Neste contexto e considerando os aspectos apresentados, a Comiss\u00e3o de Direitos Humanos de Passo Fundo (CDHPF) encarregada da promo\u00e7\u00e3o desta importante atividade, que j\u00e1 \u00e9 parte da agenda passo-fundense, apresenta resumidamente a proposta para o O Col\u00f3quio Nacional de Direitos Humanos j\u00e1 tem uma trajet\u00f3ria consolidada como espa\u00e7o aberto, plural e amplo de reflex\u00e3o sobre concep\u00e7\u00e3o, fundamenta\u00e7\u00e3o e realiza\u00e7\u00e3o dos direitos humanos. \u00c9 momento de fortalecimento de parcerias e de amplia\u00e7\u00e3o do envolvimento de diversos agentes sociais, pol\u00edticos, culturais e educacionais a fim de qualificar a atua\u00e7\u00e3o em direitos humanos.<\/p>\n<p>Fonte: <a href=\"http:\/\/www.mndh.org.br\/index.php?option=com_content&amp;task=view&amp;id=3007&amp;Itemid=56\">MNDH<\/a><\/p>\n","protected":false},"excerpt":{"rendered":"<p>O Col\u00f3quio Nacional de Direitos Humanos tem uma trajet\u00f3ria consolidada como espa\u00e7o aberto, plural e amplo de reflex\u00e3o sobre concep\u00e7\u00e3o, fundamenta\u00e7\u00e3o e realiza\u00e7\u00e3o dos direitos humanos. \u00c9 momento de fortalecimento de parcerias e de amplia\u00e7\u00e3o do envolvimento de diversos agentes sociais, pol\u00edticos, culturais e educacionais a fim de qualificar a atua\u00e7\u00e3o em direitos humanos.<\/p>\n","protected":false},"author":1,"featured_media":0,"comment_status":"open","ping_status":"open","sticky":false,"template":"","format":"standard","meta":{"site-container-style":"default","site-container-layout":"default","site-sidebar-layout":"default","disable-article-header":"default","disable-site-header":"default","disable-site-footer":"default","disable-content-area-spacing":"default","footnotes":""},"categories":[12,11,4],"tags":[],"class_list":["post-22305","post","type-post","status-publish","format-standard","hentry","category-cursos-e-eventos","category-direitos-humanos","category-noticias"],"yoast_head":"<!-- This site is optimized with the Yoast SEO plugin v27.4 - https:\/\/yoast.com\/product\/yoast-seo-wordpress\/ -->\n<title>V Col\u00f3quio Nacional de Direitos Humanos -<\/title>\n<meta name=\"robots\" content=\"index, follow, max-snippet:-1, max-image-preview:large, max-video-preview:-1\" \/>\n<link rel=\"canonical\" href=\"https:\/\/inclusivenews.com.br\/?p=22305\" \/>\n<meta property=\"og:locale\" content=\"pt_PT\" \/>\n<meta property=\"og:type\" content=\"article\" \/>\n<meta property=\"og:title\" content=\"V Col\u00f3quio Nacional de Direitos Humanos -\" \/>\n<meta property=\"og:description\" content=\"O Col\u00f3quio Nacional de Direitos Humanos tem uma trajet\u00f3ria consolidada como espa\u00e7o aberto, plural e amplo de reflex\u00e3o sobre concep\u00e7\u00e3o, fundamenta\u00e7\u00e3o e realiza\u00e7\u00e3o dos direitos humanos. \u00c9 momento de fortalecimento de parcerias e de amplia\u00e7\u00e3o do envolvimento de diversos agentes sociais, pol\u00edticos, culturais e educacionais a fim de qualificar a atua\u00e7\u00e3o em direitos humanos.\" \/>\n<meta property=\"og:url\" content=\"https:\/\/inclusivenews.com.br\/?p=22305\" \/>\n<meta property=\"article:publisher\" content=\"https:\/\/www.facebook.com\/agenciainclusive\/\" \/>\n<meta property=\"article:published_time\" content=\"2012-04-03T10:43:35+00:00\" \/>\n<meta property=\"og:image\" content=\"http:\/\/www.mndh.org.br\/images\/stories\/vcoloquio.jpg\" \/>\n<meta name=\"author\" content=\"inclusivenews2024\" \/>\n<meta name=\"twitter:card\" content=\"summary_large_image\" \/>\n<meta name=\"twitter:label1\" content=\"Escrito por\" \/>\n\t<meta name=\"twitter:data1\" content=\"inclusivenews2024\" \/>\n\t<meta name=\"twitter:label2\" content=\"Tempo estimado de leitura\" \/>\n\t<meta name=\"twitter:data2\" content=\"3 minutos\" \/>\n<script type=\"application\/ld+json\" class=\"yoast-schema-graph\">{\"@context\":\"https:\\\/\\\/schema.org\",\"@graph\":[{\"@type\":\"Article\",\"@id\":\"https:\\\/\\\/inclusivenews.com.br\\\/?p=22305#article\",\"isPartOf\":{\"@id\":\"https:\\\/\\\/inclusivenews.com.br\\\/?p=22305\"},\"author\":{\"name\":\"inclusivenews2024\",\"@id\":\"https:\\\/\\\/inclusivenews.com.br\\\/#\\\/schema\\\/person\\\/ae4ec7087559b8692fb33b6fffd2273b\"},\"headline\":\"V Col\u00f3quio Nacional de Direitos Humanos\",\"datePublished\":\"2012-04-03T10:43:35+00:00\",\"mainEntityOfPage\":{\"@id\":\"https:\\\/\\\/inclusivenews.com.br\\\/?p=22305\"},\"wordCount\":581,\"commentCount\":0,\"publisher\":{\"@id\":\"https:\\\/\\\/inclusivenews.com.br\\\/#organization\"},\"image\":{\"@id\":\"https:\\\/\\\/inclusivenews.com.br\\\/?p=22305#primaryimage\"},\"thumbnailUrl\":\"http:\\\/\\\/www.mndh.org.br\\\/images\\\/stories\\\/vcoloquio.jpg\",\"articleSection\":[\"Cursos e eventos\",\"DIREITOS HUMANOS\",\"NOT\u00cdCIAS\"],\"inLanguage\":\"pt-PT\",\"potentialAction\":[{\"@type\":\"CommentAction\",\"name\":\"Comment\",\"target\":[\"https:\\\/\\\/inclusivenews.com.br\\\/?p=22305#respond\"]}]},{\"@type\":\"WebPage\",\"@id\":\"https:\\\/\\\/inclusivenews.com.br\\\/?p=22305\",\"url\":\"https:\\\/\\\/inclusivenews.com.br\\\/?p=22305\",\"name\":\"V Col\u00f3quio Nacional de Direitos Humanos -\",\"isPartOf\":{\"@id\":\"https:\\\/\\\/inclusivenews.com.br\\\/#website\"},\"primaryImageOfPage\":{\"@id\":\"https:\\\/\\\/inclusivenews.com.br\\\/?p=22305#primaryimage\"},\"image\":{\"@id\":\"https:\\\/\\\/inclusivenews.com.br\\\/?p=22305#primaryimage\"},\"thumbnailUrl\":\"http:\\\/\\\/www.mndh.org.br\\\/images\\\/stories\\\/vcoloquio.jpg\",\"datePublished\":\"2012-04-03T10:43:35+00:00\",\"breadcrumb\":{\"@id\":\"https:\\\/\\\/inclusivenews.com.br\\\/?p=22305#breadcrumb\"},\"inLanguage\":\"pt-PT\",\"potentialAction\":[{\"@type\":\"ReadAction\",\"target\":[\"https:\\\/\\\/inclusivenews.com.br\\\/?p=22305\"]}]},{\"@type\":\"ImageObject\",\"inLanguage\":\"pt-PT\",\"@id\":\"https:\\\/\\\/inclusivenews.com.br\\\/?p=22305#primaryimage\",\"url\":\"http:\\\/\\\/www.mndh.org.br\\\/images\\\/stories\\\/vcoloquio.jpg\",\"contentUrl\":\"http:\\\/\\\/www.mndh.org.br\\\/images\\\/stories\\\/vcoloquio.jpg\"},{\"@type\":\"BreadcrumbList\",\"@id\":\"https:\\\/\\\/inclusivenews.com.br\\\/?p=22305#breadcrumb\",\"itemListElement\":[{\"@type\":\"ListItem\",\"position\":1,\"name\":\"In\u00edcio\",\"item\":\"https:\\\/\\\/inclusivenews.com.br\\\/\"},{\"@type\":\"ListItem\",\"position\":2,\"name\":\"V Col\u00f3quio Nacional de Direitos Humanos\"}]},{\"@type\":\"WebSite\",\"@id\":\"https:\\\/\\\/inclusivenews.com.br\\\/#website\",\"url\":\"https:\\\/\\\/inclusivenews.com.br\\\/\",\"name\":\"Inclusive News\",\"description\":\"Inclusive News\",\"publisher\":{\"@id\":\"https:\\\/\\\/inclusivenews.com.br\\\/#organization\"},\"potentialAction\":[{\"@type\":\"SearchAction\",\"target\":{\"@type\":\"EntryPoint\",\"urlTemplate\":\"https:\\\/\\\/inclusivenews.com.br\\\/?s={search_term_string}\"},\"query-input\":{\"@type\":\"PropertyValueSpecification\",\"valueRequired\":true,\"valueName\":\"search_term_string\"}}],\"inLanguage\":\"pt-PT\"},{\"@type\":\"Organization\",\"@id\":\"https:\\\/\\\/inclusivenews.com.br\\\/#organization\",\"name\":\"Inclusive - inclus\u00e3o e cidadania\",\"url\":\"https:\\\/\\\/inclusivenews.com.br\\\/\",\"logo\":{\"@type\":\"ImageObject\",\"inLanguage\":\"pt-PT\",\"@id\":\"https:\\\/\\\/inclusivenews.com.br\\\/#\\\/schema\\\/logo\\\/image\\\/\",\"url\":\"https:\\\/\\\/inclusivenews.com.br\\\/wp-content\\\/uploads\\\/2024\\\/03\\\/@grandesite.png\",\"contentUrl\":\"https:\\\/\\\/inclusivenews.com.br\\\/wp-content\\\/uploads\\\/2024\\\/03\\\/@grandesite.png\",\"width\":1080,\"height\":1080,\"caption\":\"Inclusive - inclus\u00e3o e cidadania\"},\"image\":{\"@id\":\"https:\\\/\\\/inclusivenews.com.br\\\/#\\\/schema\\\/logo\\\/image\\\/\"},\"sameAs\":[\"https:\\\/\\\/www.facebook.com\\\/agenciainclusive\\\/\",\"https:\\\/\\\/www.instagram.com\\\/newsinclusive\\\/\"]},{\"@type\":\"Person\",\"@id\":\"https:\\\/\\\/inclusivenews.com.br\\\/#\\\/schema\\\/person\\\/ae4ec7087559b8692fb33b6fffd2273b\",\"name\":\"inclusivenews2024\",\"image\":{\"@type\":\"ImageObject\",\"inLanguage\":\"pt-PT\",\"@id\":\"https:\\\/\\\/secure.gravatar.com\\\/avatar\\\/c5a7ef84c66fa914f55bc4f7ce26cfa275a3b9a1c5568b907bd184fb4dde7b40?s=96&d=mm&r=g\",\"url\":\"https:\\\/\\\/secure.gravatar.com\\\/avatar\\\/c5a7ef84c66fa914f55bc4f7ce26cfa275a3b9a1c5568b907bd184fb4dde7b40?s=96&d=mm&r=g\",\"contentUrl\":\"https:\\\/\\\/secure.gravatar.com\\\/avatar\\\/c5a7ef84c66fa914f55bc4f7ce26cfa275a3b9a1c5568b907bd184fb4dde7b40?s=96&d=mm&r=g\",\"caption\":\"inclusivenews2024\"},\"sameAs\":[\"https:\\\/\\\/inclusivenews.com.br\"],\"url\":\"https:\\\/\\\/inclusivenews.com.br\\\/?author=1\"}]}<\/script>\n<!-- \/ Yoast SEO plugin. -->","yoast_head_json":{"title":"V Col\u00f3quio Nacional de Direitos Humanos -","robots":{"index":"index","follow":"follow","max-snippet":"max-snippet:-1","max-image-preview":"max-image-preview:large","max-video-preview":"max-video-preview:-1"},"canonical":"https:\/\/inclusivenews.com.br\/?p=22305","og_locale":"pt_PT","og_type":"article","og_title":"V Col\u00f3quio Nacional de Direitos Humanos -","og_description":"O Col\u00f3quio Nacional de Direitos Humanos tem uma trajet\u00f3ria consolidada como espa\u00e7o aberto, plural e amplo de reflex\u00e3o sobre concep\u00e7\u00e3o, fundamenta\u00e7\u00e3o e realiza\u00e7\u00e3o dos direitos humanos. \u00c9 momento de fortalecimento de parcerias e de amplia\u00e7\u00e3o do envolvimento de diversos agentes sociais, pol\u00edticos, culturais e educacionais a fim de qualificar a atua\u00e7\u00e3o em direitos humanos.","og_url":"https:\/\/inclusivenews.com.br\/?p=22305","article_publisher":"https:\/\/www.facebook.com\/agenciainclusive\/","article_published_time":"2012-04-03T10:43:35+00:00","og_image":[{"url":"http:\/\/www.mndh.org.br\/images\/stories\/vcoloquio.jpg","type":"","width":"","height":""}],"author":"inclusivenews2024","twitter_card":"summary_large_image","twitter_misc":{"Escrito por":"inclusivenews2024","Tempo estimado de leitura":"3 minutos"},"schema":{"@context":"https:\/\/schema.org","@graph":[{"@type":"Article","@id":"https:\/\/inclusivenews.com.br\/?p=22305#article","isPartOf":{"@id":"https:\/\/inclusivenews.com.br\/?p=22305"},"author":{"name":"inclusivenews2024","@id":"https:\/\/inclusivenews.com.br\/#\/schema\/person\/ae4ec7087559b8692fb33b6fffd2273b"},"headline":"V Col\u00f3quio Nacional de Direitos Humanos","datePublished":"2012-04-03T10:43:35+00:00","mainEntityOfPage":{"@id":"https:\/\/inclusivenews.com.br\/?p=22305"},"wordCount":581,"commentCount":0,"publisher":{"@id":"https:\/\/inclusivenews.com.br\/#organization"},"image":{"@id":"https:\/\/inclusivenews.com.br\/?p=22305#primaryimage"},"thumbnailUrl":"http:\/\/www.mndh.org.br\/images\/stories\/vcoloquio.jpg","articleSection":["Cursos e eventos","DIREITOS HUMANOS","NOT\u00cdCIAS"],"inLanguage":"pt-PT","potentialAction":[{"@type":"CommentAction","name":"Comment","target":["https:\/\/inclusivenews.com.br\/?p=22305#respond"]}]},{"@type":"WebPage","@id":"https:\/\/inclusivenews.com.br\/?p=22305","url":"https:\/\/inclusivenews.com.br\/?p=22305","name":"V Col\u00f3quio Nacional de Direitos Humanos -","isPartOf":{"@id":"https:\/\/inclusivenews.com.br\/#website"},"primaryImageOfPage":{"@id":"https:\/\/inclusivenews.com.br\/?p=22305#primaryimage"},"image":{"@id":"https:\/\/inclusivenews.com.br\/?p=22305#primaryimage"},"thumbnailUrl":"http:\/\/www.mndh.org.br\/images\/stories\/vcoloquio.jpg","datePublished":"2012-04-03T10:43:35+00:00","breadcrumb":{"@id":"https:\/\/inclusivenews.com.br\/?p=22305#breadcrumb"},"inLanguage":"pt-PT","potentialAction":[{"@type":"ReadAction","target":["https:\/\/inclusivenews.com.br\/?p=22305"]}]},{"@type":"ImageObject","inLanguage":"pt-PT","@id":"https:\/\/inclusivenews.com.br\/?p=22305#primaryimage","url":"http:\/\/www.mndh.org.br\/images\/stories\/vcoloquio.jpg","contentUrl":"http:\/\/www.mndh.org.br\/images\/stories\/vcoloquio.jpg"},{"@type":"BreadcrumbList","@id":"https:\/\/inclusivenews.com.br\/?p=22305#breadcrumb","itemListElement":[{"@type":"ListItem","position":1,"name":"In\u00edcio","item":"https:\/\/inclusivenews.com.br\/"},{"@type":"ListItem","position":2,"name":"V Col\u00f3quio Nacional de Direitos Humanos"}]},{"@type":"WebSite","@id":"https:\/\/inclusivenews.com.br\/#website","url":"https:\/\/inclusivenews.com.br\/","name":"Inclusive News","description":"Inclusive News","publisher":{"@id":"https:\/\/inclusivenews.com.br\/#organization"},"potentialAction":[{"@type":"SearchAction","target":{"@type":"EntryPoint","urlTemplate":"https:\/\/inclusivenews.com.br\/?s={search_term_string}"},"query-input":{"@type":"PropertyValueSpecification","valueRequired":true,"valueName":"search_term_string"}}],"inLanguage":"pt-PT"},{"@type":"Organization","@id":"https:\/\/inclusivenews.com.br\/#organization","name":"Inclusive - inclus\u00e3o e cidadania","url":"https:\/\/inclusivenews.com.br\/","logo":{"@type":"ImageObject","inLanguage":"pt-PT","@id":"https:\/\/inclusivenews.com.br\/#\/schema\/logo\/image\/","url":"https:\/\/inclusivenews.com.br\/wp-content\/uploads\/2024\/03\/@grandesite.png","contentUrl":"https:\/\/inclusivenews.com.br\/wp-content\/uploads\/2024\/03\/@grandesite.png","width":1080,"height":1080,"caption":"Inclusive - inclus\u00e3o e cidadania"},"image":{"@id":"https:\/\/inclusivenews.com.br\/#\/schema\/logo\/image\/"},"sameAs":["https:\/\/www.facebook.com\/agenciainclusive\/","https:\/\/www.instagram.com\/newsinclusive\/"]},{"@type":"Person","@id":"https:\/\/inclusivenews.com.br\/#\/schema\/person\/ae4ec7087559b8692fb33b6fffd2273b","name":"inclusivenews2024","image":{"@type":"ImageObject","inLanguage":"pt-PT","@id":"https:\/\/secure.gravatar.com\/avatar\/c5a7ef84c66fa914f55bc4f7ce26cfa275a3b9a1c5568b907bd184fb4dde7b40?s=96&d=mm&r=g","url":"https:\/\/secure.gravatar.com\/avatar\/c5a7ef84c66fa914f55bc4f7ce26cfa275a3b9a1c5568b907bd184fb4dde7b40?s=96&d=mm&r=g","contentUrl":"https:\/\/secure.gravatar.com\/avatar\/c5a7ef84c66fa914f55bc4f7ce26cfa275a3b9a1c5568b907bd184fb4dde7b40?s=96&d=mm&r=g","caption":"inclusivenews2024"},"sameAs":["https:\/\/inclusivenews.com.br"],"url":"https:\/\/inclusivenews.com.br\/?author=1"}]}},"_links":{"self":[{"href":"https:\/\/inclusivenews.com.br\/index.php?rest_route=\/wp\/v2\/posts\/22305","targetHints":{"allow":["GET"]}}],"collection":[{"href":"https:\/\/inclusivenews.com.br\/index.php?rest_route=\/wp\/v2\/posts"}],"about":[{"href":"https:\/\/inclusivenews.com.br\/index.php?rest_route=\/wp\/v2\/types\/post"}],"author":[{"embeddable":true,"href":"https:\/\/inclusivenews.com.br\/index.php?rest_route=\/wp\/v2\/users\/1"}],"replies":[{"embeddable":true,"href":"https:\/\/inclusivenews.com.br\/index.php?rest_route=%2Fwp%2Fv2%2Fcomments&post=22305"}],"version-history":[{"count":0,"href":"https:\/\/inclusivenews.com.br\/index.php?rest_route=\/wp\/v2\/posts\/22305\/revisions"}],"wp:attachment":[{"href":"https:\/\/inclusivenews.com.br\/index.php?rest_route=%2Fwp%2Fv2%2Fmedia&parent=22305"}],"wp:term":[{"taxonomy":"category","embeddable":true,"href":"https:\/\/inclusivenews.com.br\/index.php?rest_route=%2Fwp%2Fv2%2Fcategories&post=22305"},{"taxonomy":"post_tag","embeddable":true,"href":"https:\/\/inclusivenews.com.br\/index.php?rest_route=%2Fwp%2Fv2%2Ftags&post=22305"}],"curies":[{"name":"wp","href":"https:\/\/api.w.org\/{rel}","templated":true}]}}