{"id":22307,"date":"2012-04-03T07:52:27","date_gmt":"2012-04-03T10:52:27","guid":{"rendered":"http:\/\/www.inclusive.org.br\/?p=22307"},"modified":"2012-04-03T07:52:27","modified_gmt":"2012-04-03T10:52:27","slug":"relatorio-social-watch-2012","status":"publish","type":"post","link":"https:\/\/inclusivenews.com.br\/?p=22307","title":{"rendered":"Relat\u00f3rio Social Watch 2012"},"content":{"rendered":"<figure style=\"width: 183px\" class=\"wp-caption alignnone\"><img loading=\"lazy\" decoding=\"async\" src=\"http:\/\/www.kopin.org\/Portals\/41\/docs\/Logo_SocialWatch.jpg\" alt=\"Social watch escrito sobre a figura de um rel\u00f3gio\" width=\"183\" height=\"90\" \/><figcaption class=\"wp-caption-text\"> <\/figcaption><\/figure>\n<p style=\"text-align: left;\">\n<p style=\"text-align: left;\"><strong>Por Bruna Ventura<br \/>\ndo Ibase<br \/>\n<\/strong><\/p>\n<p>Enquanto a renda do habitante m\u00e9dio do mundo alcan\u00e7ou o patamar de 9 mil d\u00f3lares, 850 milh\u00f5es de pessoas est\u00e3o subnutridas, revela o <a href=\"http:\/\/www.socialwatch.org\/node\/14203\" target=\"_blank\" rel=\"noopener\">relat\u00f3rio publicado pela Social Watch<\/a>, organiza\u00e7\u00e3o internacional que defende as pol\u00edticas contra a pobreza e pela igualdade de g\u00eanero. A rede, que tem o <a href=\"http:\/\/www.ibase.br\/pt\/\" target=\"_blank\" rel=\"noopener\">Ibase<\/a> como membro, divulgou dados referentes a 66 pa\u00edses e mapeou situa\u00e7\u00f5es de \u201cd\u00e9ficit de dignidade\u201d por meio de um indicador que relaciona mortalidade infantil, assist\u00eancia especializada em partos e escolaridade.<\/p>\n<p>O <a href=\"http:\/\/www.socialwatch.org\/node\/14219\" target=\"_blank\" rel=\"noopener\">\u00cdndice de Capacidades B\u00e1sicas (ICB)<\/a>, criado pela organiza\u00e7\u00e3o, aponta um \u201cpiso social m\u00ednimo\u201d para todas as na\u00e7\u00f5es. Um ICB ideal significaria que nenhuma mulher deu \u00e0 luz sem assist\u00eancia e que menos de 1% dos beb\u00eas nascidos vivos morreu antes de completar cinco anos, j\u00e1 que as principais causas das mortes s\u00e3o a pobreza e a desnutri\u00e7\u00e3o.<\/p>\n<p>No entanto, entre 1990 e 2010, o ICB mundial moveu-se apenas sete pontos para cima, a despeito do crescimento acelerado do com\u00e9rcio e do compromisso internacional para ampliar o progresso social e alcan\u00e7ar as <a href=\"http:\/\/www.objetivosdomilenio.org.br\/\" target=\"_blank\" rel=\"noopener\">Metas do Mil\u00eanio<\/a>, definidas em 2000. Am\u00e9rica Latina, Caribe, leste asi\u00e1tico e Pac\u00edfico, Oriente M\u00e9dio e norte da \u00c1frica apresentaram uma desacelera\u00e7\u00e3o no ICB entre 2000 e 2011, em rela\u00e7\u00e3o \u00e0 d\u00e9cada anterior.<\/p>\n<p>A organiza\u00e7\u00e3o criou, tamb\u00e9m, o <a href=\"http:\/\/www.socialwatch.org\/node\/14220\" target=\"_blank\" rel=\"noopener\">\u00cdndice de Equidade de G\u00eanero (IEG)<\/a>. Baseado em tr\u00eas indicadores \u2013 educa\u00e7\u00e3o, participa\u00e7\u00e3o econ\u00f4mica e empoderamento \u2013 o IEG classifica os pa\u00edses em uma escala de zero, que corresponde \u00e0 maior desigualdade, a 100, que corresponde \u00e0 maior igualdade.<\/p>\n<p>A melhor pontua\u00e7\u00e3o do Brasil foi no quesito educa\u00e7\u00e3o, com 98 pontos e a pior foi no quesito <a href=\"http:\/\/www.ibase.br\/pt\/2012\/03\/nina-e-seu-protesto-de-menina\/\" target=\"_blank\" rel=\"noopener\">empoderamento, com apenas 43<\/a>. Na participa\u00e7\u00e3o econ\u00f4mica, o pa\u00eds marcou 75 pontos e sua m\u00e9dia final foi 72, considerada insatisfat\u00f3ria por estar abaixo de 80. A melhor m\u00e9dia \u00e9 a da Noruega, com 89 pontos no total. Nenhum pa\u00eds est\u00e1 acima de 90.<\/p>\n<p>Al\u00e9m do n\u00e3o cumprimento das metas sociais, o relat\u00f3rio tamb\u00e9m denuncia d\u00e9ficits ambientais e critica o \u201ccrescimento econ\u00f4mico a qualquer pre\u00e7o\u201d. Inunda\u00e7\u00f5es para constru\u00e7\u00e3o de hidrel\u00e9tricas no Brasil, a exemplo de <a href=\"http:\/\/www.ibase.br\/pt\/2011\/11\/bibliografia-comentada-50-leituras-sobre-o-ecocidio-de-belo-monte-1%C2%AA-parte\/\" target=\"_blank\" rel=\"noopener\">Belo Monte<\/a>, M\u00e9xico e Mal\u00e1sia, monocultura para produ\u00e7\u00e3o de biocombust\u00edvel na Col\u00f4mbia e na Guatemala e mudan\u00e7as clim\u00e1ticas em Bangladesh s\u00e3o alguns dos problemas sintetizados pelo documento.<\/p>\n<p>Depois de um breve panorama das discuss\u00f5es e acordos sobre o meio ambiente durante a <a href=\"http:\/\/pt.wikipedia.org\/wiki\/ECO-92\" target=\"_blank\" rel=\"noopener\">Eco 92<\/a>, o relat\u00f3rio aponta as prioridades que devem ser tratadas na <a href=\"http:\/\/www.rio20.gov.br\/\" target=\"_blank\" rel=\"noopener\">Rio+20<\/a>. A redu\u00e7\u00e3o das emiss\u00f5es de carbono \u00e9 uma delas. De acordo com o documento, 50% das emiss\u00f5es s\u00e3o geradas por apenas 13% da popula\u00e7\u00e3o. Em contrapartida, 45 pa\u00edses com uma popula\u00e7\u00e3o total de 1,2 bilh\u00f5es de pessoas conseguiram melhorar seus indicadores sociais sem aumentar as emiss\u00f5es do g\u00e1s.<\/p>\n<p>Ao fim do relat\u00f3rio, a <a href=\"http:\/\/www.socialwatch.org\/\" target=\"_blank\" rel=\"noopener\">Social Watch<\/a> define oito princ\u00edpios que comp\u00f5em os \u201calicerces do direito \u00e0 sustentabilidade\u201d: a solidariedade, o princ\u00edpio de n\u00e3o causar o mal, as responsabilidades comuns, por\u00e9m diferenciadas, o princ\u00edpio do \u2018poluidor \u00e9 quem paga\u2019, a precau\u00e7\u00e3o, a subsidiariedade, o consentimento livre, pr\u00e9vio e informado e, por fim, a resolu\u00e7\u00e3o pac\u00edfica de disputas. O relat\u00f3rio pode ser lido na \u00edntegra <a href=\"http:\/\/www.socialwatch.org\/node\/14203\" target=\"_blank\" rel=\"noopener\">aqui<\/a>.<\/p>\n<p>Fonte: <a href=\"http:\/\/www.ibase.br\/pt\/2012\/03\/relatorio-social-watch-2012\/\">Ibase<\/a><\/p>\n","protected":false},"excerpt":{"rendered":"<p>Enquanto a renda do habitante m\u00e9dio do mundo alcan\u00e7ou o patamar de 9 mil d\u00f3lares, 850 milh\u00f5es de pessoas est\u00e3o subnutridas, revela o relat\u00f3rio publicado pela Social Watch, organiza\u00e7\u00e3o internacional que defende as pol\u00edticas contra a pobreza e pela igualdade de g\u00eanero. Informa\u00e7\u00e3o vem do Ibase.<\/p>\n","protected":false},"author":1,"featured_media":0,"comment_status":"open","ping_status":"open","sticky":false,"template":"","format":"standard","meta":{"site-container-style":"default","site-container-layout":"default","site-sidebar-layout":"default","disable-article-header":"default","disable-site-header":"default","disable-site-footer":"default","disable-content-area-spacing":"default","footnotes":""},"categories":[11,52,4,117],"tags":[],"class_list":["post-22307","post","type-post","status-publish","format-standard","hentry","category-direitos-humanos","category-downloadables","category-noticias","category-relatorios"],"yoast_head":"<!-- This site is optimized with the Yoast SEO plugin v27.4 - https:\/\/yoast.com\/product\/yoast-seo-wordpress\/ -->\n<title>Relat\u00f3rio Social Watch 2012 -<\/title>\n<meta name=\"robots\" content=\"index, follow, max-snippet:-1, max-image-preview:large, max-video-preview:-1\" \/>\n<link rel=\"canonical\" href=\"https:\/\/inclusivenews.com.br\/?p=22307\" \/>\n<meta property=\"og:locale\" content=\"pt_PT\" \/>\n<meta property=\"og:type\" content=\"article\" \/>\n<meta property=\"og:title\" content=\"Relat\u00f3rio Social Watch 2012 -\" \/>\n<meta property=\"og:description\" content=\"Enquanto a renda do habitante m\u00e9dio do mundo alcan\u00e7ou o patamar de 9 mil d\u00f3lares, 850 milh\u00f5es de pessoas est\u00e3o subnutridas, revela o relat\u00f3rio publicado pela Social Watch, organiza\u00e7\u00e3o internacional que defende as pol\u00edticas contra a pobreza e pela igualdade de g\u00eanero. Informa\u00e7\u00e3o vem do Ibase.\" \/>\n<meta property=\"og:url\" content=\"https:\/\/inclusivenews.com.br\/?p=22307\" \/>\n<meta property=\"article:publisher\" content=\"https:\/\/www.facebook.com\/agenciainclusive\/\" \/>\n<meta property=\"article:published_time\" content=\"2012-04-03T10:52:27+00:00\" \/>\n<meta property=\"og:image\" content=\"http:\/\/www.kopin.org\/Portals\/41\/docs\/Logo_SocialWatch.jpg\" \/>\n<meta name=\"author\" content=\"inclusivenews2024\" \/>\n<meta name=\"twitter:card\" content=\"summary_large_image\" \/>\n<meta name=\"twitter:label1\" content=\"Escrito por\" \/>\n\t<meta name=\"twitter:data1\" content=\"inclusivenews2024\" \/>\n\t<meta name=\"twitter:label2\" content=\"Tempo estimado de leitura\" \/>\n\t<meta name=\"twitter:data2\" content=\"3 minutos\" \/>\n<script type=\"application\/ld+json\" class=\"yoast-schema-graph\">{\"@context\":\"https:\\\/\\\/schema.org\",\"@graph\":[{\"@type\":\"Article\",\"@id\":\"https:\\\/\\\/inclusivenews.com.br\\\/?p=22307#article\",\"isPartOf\":{\"@id\":\"https:\\\/\\\/inclusivenews.com.br\\\/?p=22307\"},\"author\":{\"name\":\"inclusivenews2024\",\"@id\":\"https:\\\/\\\/inclusivenews.com.br\\\/#\\\/schema\\\/person\\\/ae4ec7087559b8692fb33b6fffd2273b\"},\"headline\":\"Relat\u00f3rio Social Watch 2012\",\"datePublished\":\"2012-04-03T10:52:27+00:00\",\"mainEntityOfPage\":{\"@id\":\"https:\\\/\\\/inclusivenews.com.br\\\/?p=22307\"},\"wordCount\":583,\"commentCount\":0,\"publisher\":{\"@id\":\"https:\\\/\\\/inclusivenews.com.br\\\/#organization\"},\"image\":{\"@id\":\"https:\\\/\\\/inclusivenews.com.br\\\/?p=22307#primaryimage\"},\"thumbnailUrl\":\"http:\\\/\\\/www.kopin.org\\\/Portals\\\/41\\\/docs\\\/Logo_SocialWatch.jpg\",\"articleSection\":[\"DIREITOS HUMANOS\",\"Downloadables\",\"NOT\u00cdCIAS\",\"Relat\u00f3rios\"],\"inLanguage\":\"pt-PT\",\"potentialAction\":[{\"@type\":\"CommentAction\",\"name\":\"Comment\",\"target\":[\"https:\\\/\\\/inclusivenews.com.br\\\/?p=22307#respond\"]}]},{\"@type\":\"WebPage\",\"@id\":\"https:\\\/\\\/inclusivenews.com.br\\\/?p=22307\",\"url\":\"https:\\\/\\\/inclusivenews.com.br\\\/?p=22307\",\"name\":\"Relat\u00f3rio Social Watch 2012 -\",\"isPartOf\":{\"@id\":\"https:\\\/\\\/inclusivenews.com.br\\\/#website\"},\"primaryImageOfPage\":{\"@id\":\"https:\\\/\\\/inclusivenews.com.br\\\/?p=22307#primaryimage\"},\"image\":{\"@id\":\"https:\\\/\\\/inclusivenews.com.br\\\/?p=22307#primaryimage\"},\"thumbnailUrl\":\"http:\\\/\\\/www.kopin.org\\\/Portals\\\/41\\\/docs\\\/Logo_SocialWatch.jpg\",\"datePublished\":\"2012-04-03T10:52:27+00:00\",\"breadcrumb\":{\"@id\":\"https:\\\/\\\/inclusivenews.com.br\\\/?p=22307#breadcrumb\"},\"inLanguage\":\"pt-PT\",\"potentialAction\":[{\"@type\":\"ReadAction\",\"target\":[\"https:\\\/\\\/inclusivenews.com.br\\\/?p=22307\"]}]},{\"@type\":\"ImageObject\",\"inLanguage\":\"pt-PT\",\"@id\":\"https:\\\/\\\/inclusivenews.com.br\\\/?p=22307#primaryimage\",\"url\":\"http:\\\/\\\/www.kopin.org\\\/Portals\\\/41\\\/docs\\\/Logo_SocialWatch.jpg\",\"contentUrl\":\"http:\\\/\\\/www.kopin.org\\\/Portals\\\/41\\\/docs\\\/Logo_SocialWatch.jpg\"},{\"@type\":\"BreadcrumbList\",\"@id\":\"https:\\\/\\\/inclusivenews.com.br\\\/?p=22307#breadcrumb\",\"itemListElement\":[{\"@type\":\"ListItem\",\"position\":1,\"name\":\"In\u00edcio\",\"item\":\"https:\\\/\\\/inclusivenews.com.br\\\/\"},{\"@type\":\"ListItem\",\"position\":2,\"name\":\"Relat\u00f3rio Social Watch 2012\"}]},{\"@type\":\"WebSite\",\"@id\":\"https:\\\/\\\/inclusivenews.com.br\\\/#website\",\"url\":\"https:\\\/\\\/inclusivenews.com.br\\\/\",\"name\":\"Inclusive News\",\"description\":\"Inclusive News\",\"publisher\":{\"@id\":\"https:\\\/\\\/inclusivenews.com.br\\\/#organization\"},\"potentialAction\":[{\"@type\":\"SearchAction\",\"target\":{\"@type\":\"EntryPoint\",\"urlTemplate\":\"https:\\\/\\\/inclusivenews.com.br\\\/?s={search_term_string}\"},\"query-input\":{\"@type\":\"PropertyValueSpecification\",\"valueRequired\":true,\"valueName\":\"search_term_string\"}}],\"inLanguage\":\"pt-PT\"},{\"@type\":\"Organization\",\"@id\":\"https:\\\/\\\/inclusivenews.com.br\\\/#organization\",\"name\":\"Inclusive - inclus\u00e3o e cidadania\",\"url\":\"https:\\\/\\\/inclusivenews.com.br\\\/\",\"logo\":{\"@type\":\"ImageObject\",\"inLanguage\":\"pt-PT\",\"@id\":\"https:\\\/\\\/inclusivenews.com.br\\\/#\\\/schema\\\/logo\\\/image\\\/\",\"url\":\"https:\\\/\\\/inclusivenews.com.br\\\/wp-content\\\/uploads\\\/2024\\\/03\\\/@grandesite.png\",\"contentUrl\":\"https:\\\/\\\/inclusivenews.com.br\\\/wp-content\\\/uploads\\\/2024\\\/03\\\/@grandesite.png\",\"width\":1080,\"height\":1080,\"caption\":\"Inclusive - inclus\u00e3o e cidadania\"},\"image\":{\"@id\":\"https:\\\/\\\/inclusivenews.com.br\\\/#\\\/schema\\\/logo\\\/image\\\/\"},\"sameAs\":[\"https:\\\/\\\/www.facebook.com\\\/agenciainclusive\\\/\",\"https:\\\/\\\/www.instagram.com\\\/newsinclusive\\\/\"]},{\"@type\":\"Person\",\"@id\":\"https:\\\/\\\/inclusivenews.com.br\\\/#\\\/schema\\\/person\\\/ae4ec7087559b8692fb33b6fffd2273b\",\"name\":\"inclusivenews2024\",\"image\":{\"@type\":\"ImageObject\",\"inLanguage\":\"pt-PT\",\"@id\":\"https:\\\/\\\/secure.gravatar.com\\\/avatar\\\/c5a7ef84c66fa914f55bc4f7ce26cfa275a3b9a1c5568b907bd184fb4dde7b40?s=96&d=mm&r=g\",\"url\":\"https:\\\/\\\/secure.gravatar.com\\\/avatar\\\/c5a7ef84c66fa914f55bc4f7ce26cfa275a3b9a1c5568b907bd184fb4dde7b40?s=96&d=mm&r=g\",\"contentUrl\":\"https:\\\/\\\/secure.gravatar.com\\\/avatar\\\/c5a7ef84c66fa914f55bc4f7ce26cfa275a3b9a1c5568b907bd184fb4dde7b40?s=96&d=mm&r=g\",\"caption\":\"inclusivenews2024\"},\"sameAs\":[\"https:\\\/\\\/inclusivenews.com.br\"],\"url\":\"https:\\\/\\\/inclusivenews.com.br\\\/?author=1\"}]}<\/script>\n<!-- \/ Yoast SEO plugin. -->","yoast_head_json":{"title":"Relat\u00f3rio Social Watch 2012 -","robots":{"index":"index","follow":"follow","max-snippet":"max-snippet:-1","max-image-preview":"max-image-preview:large","max-video-preview":"max-video-preview:-1"},"canonical":"https:\/\/inclusivenews.com.br\/?p=22307","og_locale":"pt_PT","og_type":"article","og_title":"Relat\u00f3rio Social Watch 2012 -","og_description":"Enquanto a renda do habitante m\u00e9dio do mundo alcan\u00e7ou o patamar de 9 mil d\u00f3lares, 850 milh\u00f5es de pessoas est\u00e3o subnutridas, revela o relat\u00f3rio publicado pela Social Watch, organiza\u00e7\u00e3o internacional que defende as pol\u00edticas contra a pobreza e pela igualdade de g\u00eanero. Informa\u00e7\u00e3o vem do Ibase.","og_url":"https:\/\/inclusivenews.com.br\/?p=22307","article_publisher":"https:\/\/www.facebook.com\/agenciainclusive\/","article_published_time":"2012-04-03T10:52:27+00:00","og_image":[{"url":"http:\/\/www.kopin.org\/Portals\/41\/docs\/Logo_SocialWatch.jpg","type":"","width":"","height":""}],"author":"inclusivenews2024","twitter_card":"summary_large_image","twitter_misc":{"Escrito por":"inclusivenews2024","Tempo estimado de leitura":"3 minutos"},"schema":{"@context":"https:\/\/schema.org","@graph":[{"@type":"Article","@id":"https:\/\/inclusivenews.com.br\/?p=22307#article","isPartOf":{"@id":"https:\/\/inclusivenews.com.br\/?p=22307"},"author":{"name":"inclusivenews2024","@id":"https:\/\/inclusivenews.com.br\/#\/schema\/person\/ae4ec7087559b8692fb33b6fffd2273b"},"headline":"Relat\u00f3rio Social Watch 2012","datePublished":"2012-04-03T10:52:27+00:00","mainEntityOfPage":{"@id":"https:\/\/inclusivenews.com.br\/?p=22307"},"wordCount":583,"commentCount":0,"publisher":{"@id":"https:\/\/inclusivenews.com.br\/#organization"},"image":{"@id":"https:\/\/inclusivenews.com.br\/?p=22307#primaryimage"},"thumbnailUrl":"http:\/\/www.kopin.org\/Portals\/41\/docs\/Logo_SocialWatch.jpg","articleSection":["DIREITOS HUMANOS","Downloadables","NOT\u00cdCIAS","Relat\u00f3rios"],"inLanguage":"pt-PT","potentialAction":[{"@type":"CommentAction","name":"Comment","target":["https:\/\/inclusivenews.com.br\/?p=22307#respond"]}]},{"@type":"WebPage","@id":"https:\/\/inclusivenews.com.br\/?p=22307","url":"https:\/\/inclusivenews.com.br\/?p=22307","name":"Relat\u00f3rio Social Watch 2012 -","isPartOf":{"@id":"https:\/\/inclusivenews.com.br\/#website"},"primaryImageOfPage":{"@id":"https:\/\/inclusivenews.com.br\/?p=22307#primaryimage"},"image":{"@id":"https:\/\/inclusivenews.com.br\/?p=22307#primaryimage"},"thumbnailUrl":"http:\/\/www.kopin.org\/Portals\/41\/docs\/Logo_SocialWatch.jpg","datePublished":"2012-04-03T10:52:27+00:00","breadcrumb":{"@id":"https:\/\/inclusivenews.com.br\/?p=22307#breadcrumb"},"inLanguage":"pt-PT","potentialAction":[{"@type":"ReadAction","target":["https:\/\/inclusivenews.com.br\/?p=22307"]}]},{"@type":"ImageObject","inLanguage":"pt-PT","@id":"https:\/\/inclusivenews.com.br\/?p=22307#primaryimage","url":"http:\/\/www.kopin.org\/Portals\/41\/docs\/Logo_SocialWatch.jpg","contentUrl":"http:\/\/www.kopin.org\/Portals\/41\/docs\/Logo_SocialWatch.jpg"},{"@type":"BreadcrumbList","@id":"https:\/\/inclusivenews.com.br\/?p=22307#breadcrumb","itemListElement":[{"@type":"ListItem","position":1,"name":"In\u00edcio","item":"https:\/\/inclusivenews.com.br\/"},{"@type":"ListItem","position":2,"name":"Relat\u00f3rio Social Watch 2012"}]},{"@type":"WebSite","@id":"https:\/\/inclusivenews.com.br\/#website","url":"https:\/\/inclusivenews.com.br\/","name":"Inclusive News","description":"Inclusive News","publisher":{"@id":"https:\/\/inclusivenews.com.br\/#organization"},"potentialAction":[{"@type":"SearchAction","target":{"@type":"EntryPoint","urlTemplate":"https:\/\/inclusivenews.com.br\/?s={search_term_string}"},"query-input":{"@type":"PropertyValueSpecification","valueRequired":true,"valueName":"search_term_string"}}],"inLanguage":"pt-PT"},{"@type":"Organization","@id":"https:\/\/inclusivenews.com.br\/#organization","name":"Inclusive - inclus\u00e3o e cidadania","url":"https:\/\/inclusivenews.com.br\/","logo":{"@type":"ImageObject","inLanguage":"pt-PT","@id":"https:\/\/inclusivenews.com.br\/#\/schema\/logo\/image\/","url":"https:\/\/inclusivenews.com.br\/wp-content\/uploads\/2024\/03\/@grandesite.png","contentUrl":"https:\/\/inclusivenews.com.br\/wp-content\/uploads\/2024\/03\/@grandesite.png","width":1080,"height":1080,"caption":"Inclusive - inclus\u00e3o e cidadania"},"image":{"@id":"https:\/\/inclusivenews.com.br\/#\/schema\/logo\/image\/"},"sameAs":["https:\/\/www.facebook.com\/agenciainclusive\/","https:\/\/www.instagram.com\/newsinclusive\/"]},{"@type":"Person","@id":"https:\/\/inclusivenews.com.br\/#\/schema\/person\/ae4ec7087559b8692fb33b6fffd2273b","name":"inclusivenews2024","image":{"@type":"ImageObject","inLanguage":"pt-PT","@id":"https:\/\/secure.gravatar.com\/avatar\/c5a7ef84c66fa914f55bc4f7ce26cfa275a3b9a1c5568b907bd184fb4dde7b40?s=96&d=mm&r=g","url":"https:\/\/secure.gravatar.com\/avatar\/c5a7ef84c66fa914f55bc4f7ce26cfa275a3b9a1c5568b907bd184fb4dde7b40?s=96&d=mm&r=g","contentUrl":"https:\/\/secure.gravatar.com\/avatar\/c5a7ef84c66fa914f55bc4f7ce26cfa275a3b9a1c5568b907bd184fb4dde7b40?s=96&d=mm&r=g","caption":"inclusivenews2024"},"sameAs":["https:\/\/inclusivenews.com.br"],"url":"https:\/\/inclusivenews.com.br\/?author=1"}]}},"_links":{"self":[{"href":"https:\/\/inclusivenews.com.br\/index.php?rest_route=\/wp\/v2\/posts\/22307","targetHints":{"allow":["GET"]}}],"collection":[{"href":"https:\/\/inclusivenews.com.br\/index.php?rest_route=\/wp\/v2\/posts"}],"about":[{"href":"https:\/\/inclusivenews.com.br\/index.php?rest_route=\/wp\/v2\/types\/post"}],"author":[{"embeddable":true,"href":"https:\/\/inclusivenews.com.br\/index.php?rest_route=\/wp\/v2\/users\/1"}],"replies":[{"embeddable":true,"href":"https:\/\/inclusivenews.com.br\/index.php?rest_route=%2Fwp%2Fv2%2Fcomments&post=22307"}],"version-history":[{"count":0,"href":"https:\/\/inclusivenews.com.br\/index.php?rest_route=\/wp\/v2\/posts\/22307\/revisions"}],"wp:attachment":[{"href":"https:\/\/inclusivenews.com.br\/index.php?rest_route=%2Fwp%2Fv2%2Fmedia&parent=22307"}],"wp:term":[{"taxonomy":"category","embeddable":true,"href":"https:\/\/inclusivenews.com.br\/index.php?rest_route=%2Fwp%2Fv2%2Fcategories&post=22307"},{"taxonomy":"post_tag","embeddable":true,"href":"https:\/\/inclusivenews.com.br\/index.php?rest_route=%2Fwp%2Fv2%2Ftags&post=22307"}],"curies":[{"name":"wp","href":"https:\/\/api.w.org\/{rel}","templated":true}]}}