{"id":22334,"date":"2012-04-09T22:16:02","date_gmt":"2012-04-10T01:16:02","guid":{"rendered":"http:\/\/www.inclusive.org.br\/?p=22334"},"modified":"2012-04-09T22:16:02","modified_gmt":"2012-04-10T01:16:02","slug":"acoes-do-governo-federal-na-reatech-sp-12-a-154","status":"publish","type":"post","link":"https:\/\/inclusivenews.com.br\/?p=22334","title":{"rendered":"A\u00e7\u00f5es do governo federal na Reatech &#8211; SP &#8211; 12 a 15\/4"},"content":{"rendered":"<p><span style=\"font-family: Arial; font-size: x-small;\"><a href=\"http:\/\/www.inclusivenews.com.br\/wp-content\/uploads\/pais-rico.jpg\"><img loading=\"lazy\" decoding=\"async\" class=\"alignnone size-medium wp-image-22335\" title=\"pais rico\" src=\"http:\/\/inclusivenews.com.br\/wp-content\/uploads\/pais-rico-300x61.jpg\" alt=\"Logo da Secretaria de Direitos Humanos - Governo Federal - Brasil - Pa\u00eds Rico \u00e9 Pa\u00eds sem Pobreza\" width=\"300\" height=\"61\" \/><\/a><\/span><\/p>\n<p>A Secretaria Nacional de Promo\u00e7\u00e3o dos Direitos da Pessoa com Defici\u00eancia, da Secretaria de Direitos Humanos da Presid\u00eancia da Rep\u00fablica, tem a satisfa\u00e7\u00e3o de convidar para a Feira Internacional de Tecnologias em Reabilita\u00e7\u00e3o, Inclus\u00e3o e Acessibilidade \u2013 REATECH, o maior evento de neg\u00f3cios em tecnologia para pessoas com defici\u00eancia.<\/p>\n<p>Realizada anualmente, a feira \u00e9 o evento mais respeitado do setor na Am\u00e9rica Latina e recebe, em cada edi\u00e7\u00e3o, um p\u00fablico de aproximadamente 50 mil pessoas interessadas em adquirir conhecimento e conhecer novas solu\u00e7\u00f5es.<\/p>\n<p>Neste ano, a REATECH ser\u00e1 realizada no per\u00edodo de 12 a 15 de abril, em S\u00e3o Paulo, no Centro de Exposi\u00e7\u00f5es Imigrantes, localizado na Rodovia dos Imigrantes, km 1,5, e a Secretaria de Direitos Humanos ter\u00e1 \u00e0 sua disposi\u00e7\u00e3o um estande de 500m2, o qual ser\u00e1 coordenado pela Secretaria Nacional de Promo\u00e7\u00e3o dos Direitos da Pessoa com Defici\u00eancia \u2013 SNPD. O objetivo do espa\u00e7o \u00e9 apresentar o Plano Nacional dos Direitos da Pessoa com Defici\u00eancia &#8211; Viver sem Limite &#8211; e disponibilizar, de forma imediata, com o apoio das entidades e \u00f3rg\u00e3os parceiros, alguns servi\u00e7os previstos no Plano, como o BB Cr\u00e9dito Acessibilidade.<\/p>\n<p>Al\u00e9m disso, na programa\u00e7\u00e3o, destacam-se a exposi\u00e7\u00e3o &#8220;PARA TODOS &#8211; a Hist\u00f3ria do Movimento Pol\u00edtico das Pessoas com Defici\u00eancia&#8221;, o I F\u00f3rum Nacional de Tecnologia Assistiva, que acontecer\u00e1 nos dias 14 e 15, palestras sobre Previd\u00eancia Social, Benef\u00edcio de Presta\u00e7\u00e3o Continuada (BPC), Reabilita\u00e7\u00e3o Profissional, Pol\u00edtica Nacional de Acessibilidade, Programa Minha Casa Minha Vida, e Pol\u00edtica de Mobilidade, entre outras a\u00e7\u00f5es.<\/p>\n<p>Considerando a relev\u00e2ncia desta iniciativa, ressaltamos a import\u00e2ncia de sua presen\u00e7a e solicitamos a gentileza de que o estande Viver sem Limite seja amplamente divulgado!<\/p>\n<p>Fonte: SDH<\/p>\n","protected":false},"excerpt":{"rendered":"<p>O objetivo \u00e9 apresentar o Plano Nacional dos Direitos da Pessoa com Defici\u00eancia &#8211; Viver sem Limite &#8211; e disponibilizar, de forma imediata, com o apoio das entidades e \u00f3rg\u00e3os parceiros, alguns servi\u00e7os previstos no Plano.<\/p>\n","protected":false},"author":1,"featured_media":0,"comment_status":"open","ping_status":"open","sticky":false,"template":"","format":"standard","meta":{"site-container-style":"default","site-container-layout":"default","site-sidebar-layout":"default","disable-article-header":"default","disable-site-header":"default","disable-site-footer":"default","disable-content-area-spacing":"default","footnotes":""},"categories":[4],"tags":[],"class_list":["post-22334","post","type-post","status-publish","format-standard","hentry","category-noticias"],"yoast_head":"<!-- This site is optimized with the Yoast SEO plugin v27.5 - https:\/\/yoast.com\/product\/yoast-seo-wordpress\/ -->\n<title>A\u00e7\u00f5es do governo federal na Reatech - SP - 12 a 15\/4 -<\/title>\n<meta name=\"robots\" content=\"index, follow, max-snippet:-1, max-image-preview:large, max-video-preview:-1\" \/>\n<link rel=\"canonical\" href=\"https:\/\/inclusivenews.com.br\/?p=22334\" \/>\n<meta property=\"og:locale\" content=\"pt_PT\" \/>\n<meta property=\"og:type\" content=\"article\" \/>\n<meta property=\"og:title\" content=\"A\u00e7\u00f5es do governo federal na Reatech - SP - 12 a 15\/4 -\" \/>\n<meta property=\"og:description\" content=\"O objetivo \u00e9 apresentar o Plano Nacional dos Direitos da Pessoa com Defici\u00eancia - Viver sem Limite - e disponibilizar, de forma imediata, com o apoio das entidades e \u00f3rg\u00e3os parceiros, alguns servi\u00e7os previstos no Plano.\" \/>\n<meta property=\"og:url\" content=\"https:\/\/inclusivenews.com.br\/?p=22334\" \/>\n<meta property=\"article:publisher\" content=\"https:\/\/www.facebook.com\/agenciainclusive\/\" \/>\n<meta property=\"article:published_time\" content=\"2012-04-10T01:16:02+00:00\" \/>\n<meta property=\"og:image\" content=\"http:\/\/inclusivenews.com.br\/wp-content\/uploads\/pais-rico-300x61.jpg\" \/>\n<meta name=\"author\" content=\"inclusivenews2024\" \/>\n<meta name=\"twitter:card\" content=\"summary_large_image\" \/>\n<meta name=\"twitter:label1\" content=\"Escrito por\" \/>\n\t<meta name=\"twitter:data1\" content=\"inclusivenews2024\" \/>\n\t<meta name=\"twitter:label2\" content=\"Tempo estimado de leitura\" \/>\n\t<meta name=\"twitter:data2\" content=\"2 minutos\" \/>\n<script type=\"application\/ld+json\" class=\"yoast-schema-graph\">{\"@context\":\"https:\\\/\\\/schema.org\",\"@graph\":[{\"@type\":\"Article\",\"@id\":\"https:\\\/\\\/inclusivenews.com.br\\\/?p=22334#article\",\"isPartOf\":{\"@id\":\"https:\\\/\\\/inclusivenews.com.br\\\/?p=22334\"},\"author\":{\"name\":\"inclusivenews2024\",\"@id\":\"https:\\\/\\\/inclusivenews.com.br\\\/#\\\/schema\\\/person\\\/ae4ec7087559b8692fb33b6fffd2273b\"},\"headline\":\"A\u00e7\u00f5es do governo federal na Reatech &#8211; SP &#8211; 12 a 15\\\/4\",\"datePublished\":\"2012-04-10T01:16:02+00:00\",\"mainEntityOfPage\":{\"@id\":\"https:\\\/\\\/inclusivenews.com.br\\\/?p=22334\"},\"wordCount\":314,\"commentCount\":0,\"publisher\":{\"@id\":\"https:\\\/\\\/inclusivenews.com.br\\\/#organization\"},\"image\":{\"@id\":\"https:\\\/\\\/inclusivenews.com.br\\\/?p=22334#primaryimage\"},\"thumbnailUrl\":\"http:\\\/\\\/inclusivenews.com.br\\\/wp-content\\\/uploads\\\/pais-rico-300x61.jpg\",\"articleSection\":[\"NOT\u00cdCIAS\"],\"inLanguage\":\"pt-PT\",\"potentialAction\":[{\"@type\":\"CommentAction\",\"name\":\"Comment\",\"target\":[\"https:\\\/\\\/inclusivenews.com.br\\\/?p=22334#respond\"]}]},{\"@type\":\"WebPage\",\"@id\":\"https:\\\/\\\/inclusivenews.com.br\\\/?p=22334\",\"url\":\"https:\\\/\\\/inclusivenews.com.br\\\/?p=22334\",\"name\":\"A\u00e7\u00f5es do governo federal na Reatech - SP - 12 a 15\\\/4 -\",\"isPartOf\":{\"@id\":\"https:\\\/\\\/inclusivenews.com.br\\\/#website\"},\"primaryImageOfPage\":{\"@id\":\"https:\\\/\\\/inclusivenews.com.br\\\/?p=22334#primaryimage\"},\"image\":{\"@id\":\"https:\\\/\\\/inclusivenews.com.br\\\/?p=22334#primaryimage\"},\"thumbnailUrl\":\"http:\\\/\\\/inclusivenews.com.br\\\/wp-content\\\/uploads\\\/pais-rico-300x61.jpg\",\"datePublished\":\"2012-04-10T01:16:02+00:00\",\"breadcrumb\":{\"@id\":\"https:\\\/\\\/inclusivenews.com.br\\\/?p=22334#breadcrumb\"},\"inLanguage\":\"pt-PT\",\"potentialAction\":[{\"@type\":\"ReadAction\",\"target\":[\"https:\\\/\\\/inclusivenews.com.br\\\/?p=22334\"]}]},{\"@type\":\"ImageObject\",\"inLanguage\":\"pt-PT\",\"@id\":\"https:\\\/\\\/inclusivenews.com.br\\\/?p=22334#primaryimage\",\"url\":\"\",\"contentUrl\":\"\"},{\"@type\":\"BreadcrumbList\",\"@id\":\"https:\\\/\\\/inclusivenews.com.br\\\/?p=22334#breadcrumb\",\"itemListElement\":[{\"@type\":\"ListItem\",\"position\":1,\"name\":\"In\u00edcio\",\"item\":\"https:\\\/\\\/inclusivenews.com.br\\\/\"},{\"@type\":\"ListItem\",\"position\":2,\"name\":\"A\u00e7\u00f5es do governo federal na Reatech &#8211; SP &#8211; 12 a 15\\\/4\"}]},{\"@type\":\"WebSite\",\"@id\":\"https:\\\/\\\/inclusivenews.com.br\\\/#website\",\"url\":\"https:\\\/\\\/inclusivenews.com.br\\\/\",\"name\":\"Inclusive News\",\"description\":\"Inclusive News\",\"publisher\":{\"@id\":\"https:\\\/\\\/inclusivenews.com.br\\\/#organization\"},\"potentialAction\":[{\"@type\":\"SearchAction\",\"target\":{\"@type\":\"EntryPoint\",\"urlTemplate\":\"https:\\\/\\\/inclusivenews.com.br\\\/?s={search_term_string}\"},\"query-input\":{\"@type\":\"PropertyValueSpecification\",\"valueRequired\":true,\"valueName\":\"search_term_string\"}}],\"inLanguage\":\"pt-PT\"},{\"@type\":\"Organization\",\"@id\":\"https:\\\/\\\/inclusivenews.com.br\\\/#organization\",\"name\":\"Inclusive - inclus\u00e3o e cidadania\",\"url\":\"https:\\\/\\\/inclusivenews.com.br\\\/\",\"logo\":{\"@type\":\"ImageObject\",\"inLanguage\":\"pt-PT\",\"@id\":\"https:\\\/\\\/inclusivenews.com.br\\\/#\\\/schema\\\/logo\\\/image\\\/\",\"url\":\"https:\\\/\\\/inclusivenews.com.br\\\/wp-content\\\/uploads\\\/2024\\\/03\\\/@grandesite.png\",\"contentUrl\":\"https:\\\/\\\/inclusivenews.com.br\\\/wp-content\\\/uploads\\\/2024\\\/03\\\/@grandesite.png\",\"width\":1080,\"height\":1080,\"caption\":\"Inclusive - inclus\u00e3o e cidadania\"},\"image\":{\"@id\":\"https:\\\/\\\/inclusivenews.com.br\\\/#\\\/schema\\\/logo\\\/image\\\/\"},\"sameAs\":[\"https:\\\/\\\/www.facebook.com\\\/agenciainclusive\\\/\",\"https:\\\/\\\/www.instagram.com\\\/newsinclusive\\\/\"]},{\"@type\":\"Person\",\"@id\":\"https:\\\/\\\/inclusivenews.com.br\\\/#\\\/schema\\\/person\\\/ae4ec7087559b8692fb33b6fffd2273b\",\"name\":\"inclusivenews2024\",\"image\":{\"@type\":\"ImageObject\",\"inLanguage\":\"pt-PT\",\"@id\":\"https:\\\/\\\/secure.gravatar.com\\\/avatar\\\/c5a7ef84c66fa914f55bc4f7ce26cfa275a3b9a1c5568b907bd184fb4dde7b40?s=96&d=mm&r=g\",\"url\":\"https:\\\/\\\/secure.gravatar.com\\\/avatar\\\/c5a7ef84c66fa914f55bc4f7ce26cfa275a3b9a1c5568b907bd184fb4dde7b40?s=96&d=mm&r=g\",\"contentUrl\":\"https:\\\/\\\/secure.gravatar.com\\\/avatar\\\/c5a7ef84c66fa914f55bc4f7ce26cfa275a3b9a1c5568b907bd184fb4dde7b40?s=96&d=mm&r=g\",\"caption\":\"inclusivenews2024\"},\"sameAs\":[\"https:\\\/\\\/inclusivenews.com.br\"],\"url\":\"https:\\\/\\\/inclusivenews.com.br\\\/?author=1\"}]}<\/script>\n<!-- \/ Yoast SEO plugin. -->","yoast_head_json":{"title":"A\u00e7\u00f5es do governo federal na Reatech - SP - 12 a 15\/4 -","robots":{"index":"index","follow":"follow","max-snippet":"max-snippet:-1","max-image-preview":"max-image-preview:large","max-video-preview":"max-video-preview:-1"},"canonical":"https:\/\/inclusivenews.com.br\/?p=22334","og_locale":"pt_PT","og_type":"article","og_title":"A\u00e7\u00f5es do governo federal na Reatech - SP - 12 a 15\/4 -","og_description":"O objetivo \u00e9 apresentar o Plano Nacional dos Direitos da Pessoa com Defici\u00eancia - Viver sem Limite - e disponibilizar, de forma imediata, com o apoio das entidades e \u00f3rg\u00e3os parceiros, alguns servi\u00e7os previstos no Plano.","og_url":"https:\/\/inclusivenews.com.br\/?p=22334","article_publisher":"https:\/\/www.facebook.com\/agenciainclusive\/","article_published_time":"2012-04-10T01:16:02+00:00","og_image":[{"url":"http:\/\/inclusivenews.com.br\/wp-content\/uploads\/pais-rico-300x61.jpg","type":"","width":"","height":""}],"author":"inclusivenews2024","twitter_card":"summary_large_image","twitter_misc":{"Escrito por":"inclusivenews2024","Tempo estimado de leitura":"2 minutos"},"schema":{"@context":"https:\/\/schema.org","@graph":[{"@type":"Article","@id":"https:\/\/inclusivenews.com.br\/?p=22334#article","isPartOf":{"@id":"https:\/\/inclusivenews.com.br\/?p=22334"},"author":{"name":"inclusivenews2024","@id":"https:\/\/inclusivenews.com.br\/#\/schema\/person\/ae4ec7087559b8692fb33b6fffd2273b"},"headline":"A\u00e7\u00f5es do governo federal na Reatech &#8211; SP &#8211; 12 a 15\/4","datePublished":"2012-04-10T01:16:02+00:00","mainEntityOfPage":{"@id":"https:\/\/inclusivenews.com.br\/?p=22334"},"wordCount":314,"commentCount":0,"publisher":{"@id":"https:\/\/inclusivenews.com.br\/#organization"},"image":{"@id":"https:\/\/inclusivenews.com.br\/?p=22334#primaryimage"},"thumbnailUrl":"http:\/\/inclusivenews.com.br\/wp-content\/uploads\/pais-rico-300x61.jpg","articleSection":["NOT\u00cdCIAS"],"inLanguage":"pt-PT","potentialAction":[{"@type":"CommentAction","name":"Comment","target":["https:\/\/inclusivenews.com.br\/?p=22334#respond"]}]},{"@type":"WebPage","@id":"https:\/\/inclusivenews.com.br\/?p=22334","url":"https:\/\/inclusivenews.com.br\/?p=22334","name":"A\u00e7\u00f5es do governo federal na Reatech - SP - 12 a 15\/4 -","isPartOf":{"@id":"https:\/\/inclusivenews.com.br\/#website"},"primaryImageOfPage":{"@id":"https:\/\/inclusivenews.com.br\/?p=22334#primaryimage"},"image":{"@id":"https:\/\/inclusivenews.com.br\/?p=22334#primaryimage"},"thumbnailUrl":"http:\/\/inclusivenews.com.br\/wp-content\/uploads\/pais-rico-300x61.jpg","datePublished":"2012-04-10T01:16:02+00:00","breadcrumb":{"@id":"https:\/\/inclusivenews.com.br\/?p=22334#breadcrumb"},"inLanguage":"pt-PT","potentialAction":[{"@type":"ReadAction","target":["https:\/\/inclusivenews.com.br\/?p=22334"]}]},{"@type":"ImageObject","inLanguage":"pt-PT","@id":"https:\/\/inclusivenews.com.br\/?p=22334#primaryimage","url":"","contentUrl":""},{"@type":"BreadcrumbList","@id":"https:\/\/inclusivenews.com.br\/?p=22334#breadcrumb","itemListElement":[{"@type":"ListItem","position":1,"name":"In\u00edcio","item":"https:\/\/inclusivenews.com.br\/"},{"@type":"ListItem","position":2,"name":"A\u00e7\u00f5es do governo federal na Reatech &#8211; SP &#8211; 12 a 15\/4"}]},{"@type":"WebSite","@id":"https:\/\/inclusivenews.com.br\/#website","url":"https:\/\/inclusivenews.com.br\/","name":"Inclusive News","description":"Inclusive News","publisher":{"@id":"https:\/\/inclusivenews.com.br\/#organization"},"potentialAction":[{"@type":"SearchAction","target":{"@type":"EntryPoint","urlTemplate":"https:\/\/inclusivenews.com.br\/?s={search_term_string}"},"query-input":{"@type":"PropertyValueSpecification","valueRequired":true,"valueName":"search_term_string"}}],"inLanguage":"pt-PT"},{"@type":"Organization","@id":"https:\/\/inclusivenews.com.br\/#organization","name":"Inclusive - inclus\u00e3o e cidadania","url":"https:\/\/inclusivenews.com.br\/","logo":{"@type":"ImageObject","inLanguage":"pt-PT","@id":"https:\/\/inclusivenews.com.br\/#\/schema\/logo\/image\/","url":"https:\/\/inclusivenews.com.br\/wp-content\/uploads\/2024\/03\/@grandesite.png","contentUrl":"https:\/\/inclusivenews.com.br\/wp-content\/uploads\/2024\/03\/@grandesite.png","width":1080,"height":1080,"caption":"Inclusive - inclus\u00e3o e cidadania"},"image":{"@id":"https:\/\/inclusivenews.com.br\/#\/schema\/logo\/image\/"},"sameAs":["https:\/\/www.facebook.com\/agenciainclusive\/","https:\/\/www.instagram.com\/newsinclusive\/"]},{"@type":"Person","@id":"https:\/\/inclusivenews.com.br\/#\/schema\/person\/ae4ec7087559b8692fb33b6fffd2273b","name":"inclusivenews2024","image":{"@type":"ImageObject","inLanguage":"pt-PT","@id":"https:\/\/secure.gravatar.com\/avatar\/c5a7ef84c66fa914f55bc4f7ce26cfa275a3b9a1c5568b907bd184fb4dde7b40?s=96&d=mm&r=g","url":"https:\/\/secure.gravatar.com\/avatar\/c5a7ef84c66fa914f55bc4f7ce26cfa275a3b9a1c5568b907bd184fb4dde7b40?s=96&d=mm&r=g","contentUrl":"https:\/\/secure.gravatar.com\/avatar\/c5a7ef84c66fa914f55bc4f7ce26cfa275a3b9a1c5568b907bd184fb4dde7b40?s=96&d=mm&r=g","caption":"inclusivenews2024"},"sameAs":["https:\/\/inclusivenews.com.br"],"url":"https:\/\/inclusivenews.com.br\/?author=1"}]}},"_links":{"self":[{"href":"https:\/\/inclusivenews.com.br\/index.php?rest_route=\/wp\/v2\/posts\/22334","targetHints":{"allow":["GET"]}}],"collection":[{"href":"https:\/\/inclusivenews.com.br\/index.php?rest_route=\/wp\/v2\/posts"}],"about":[{"href":"https:\/\/inclusivenews.com.br\/index.php?rest_route=\/wp\/v2\/types\/post"}],"author":[{"embeddable":true,"href":"https:\/\/inclusivenews.com.br\/index.php?rest_route=\/wp\/v2\/users\/1"}],"replies":[{"embeddable":true,"href":"https:\/\/inclusivenews.com.br\/index.php?rest_route=%2Fwp%2Fv2%2Fcomments&post=22334"}],"version-history":[{"count":0,"href":"https:\/\/inclusivenews.com.br\/index.php?rest_route=\/wp\/v2\/posts\/22334\/revisions"}],"wp:attachment":[{"href":"https:\/\/inclusivenews.com.br\/index.php?rest_route=%2Fwp%2Fv2%2Fmedia&parent=22334"}],"wp:term":[{"taxonomy":"category","embeddable":true,"href":"https:\/\/inclusivenews.com.br\/index.php?rest_route=%2Fwp%2Fv2%2Fcategories&post=22334"},{"taxonomy":"post_tag","embeddable":true,"href":"https:\/\/inclusivenews.com.br\/index.php?rest_route=%2Fwp%2Fv2%2Ftags&post=22334"}],"curies":[{"name":"wp","href":"https:\/\/api.w.org\/{rel}","templated":true}]}}