{"id":22336,"date":"2012-04-10T14:34:03","date_gmt":"2012-04-10T17:34:03","guid":{"rendered":"http:\/\/www.inclusive.org.br\/?p=22336"},"modified":"2012-04-10T14:34:03","modified_gmt":"2012-04-10T17:34:03","slug":"dilemas-eticos-das-sociedades-contemporaneas","status":"publish","type":"post","link":"https:\/\/inclusivenews.com.br\/?p=22336","title":{"rendered":"Dilemas \u00e9ticos das sociedades contempor\u00e2neas"},"content":{"rendered":"<figure style=\"width: 318px\" class=\"wp-caption alignnone\"><img loading=\"lazy\" decoding=\"async\" title=\"95\u00ba F\u00f3rum\" src=\"http:\/\/www.palasathena.org.br\/img\/cursos2012\/95forum-1.jpg\" alt=\"\" width=\"318\" height=\"148\" \/><figcaption class=\"wp-caption-text\"> <\/figcaption><\/figure>\n<p><strong>Dilemas \u00c9ticos das Sociedades Contempor\u00e2neas <\/strong><\/p>\n<p>Com Prof. George Barcat<\/p>\n<p>\u201cN\u00e3o se trata de dar \u00e0s almas o poder de ver, porque elas j\u00e1 o possuem, mas de buscar orientar aquelas que n\u00e3o est\u00e3o voltadas para a dire\u00e7\u00e3o que deveriam, ou n\u00e3o olham para o que \u00e9 preciso.\u201d Plat\u00e3o \u2014 A Rep\u00fablica, VII, 518d<\/p>\n<p>Mesmo depois de tr\u00eas mil anos de exerc\u00edcios eficientes realizados por gigantes do pensamento e da conduta, ainda n\u00e3o aprendemos a conceber regras capazes de resolver dilemas \u00e9ticos. Cada procedimento proposto por fil\u00f3sofos do Oriente e do Ocidente s\u00f3 d\u00e1 conta de uma parte do dilema, deixando o restante mais ou menos a descoberto. Por conta disso, quando a dificuldade \u00e9 de natureza \u00e9tica parece que estamos sempre no come\u00e7o e precisamos encontrar novas f\u00f3rmulas de abordagem, avalia\u00e7\u00e3o e resolu\u00e7\u00e3o.<\/p>\n<p>Creio que o seguinte dilema \u00e9 suficiente para ilustrar a aparente incapacidade humana de encontrar um sistema de justi\u00e7a e organiza\u00e7\u00e3o social perfeito: Voc\u00ea torturaria ou mataria uma pessoa para salvar cem? Como resolver uma quest\u00e3o dessa magnitude? H\u00e1 dezenas de propostas s\u00f3lidas a favor, e dezenas de outras contr\u00e1rias \u00e0 tortura \/ assassinato.<\/p>\n<p>Pois bem, neste F\u00f3rum Tem\u00e1tico apresentaremos alguns questionamentos \u00e9ticos pr\u00f3prios das sociedades contempor\u00e2neas, por exemplo:<\/p>\n<p>\u2022 \u00c9 justo exigirmos que as pessoas ditas \u201ccarentes\u201d sejam protagonistas de seus destinos?<br \/>\n\u2022 Devemos organizar a vida em sociedade (trabalho, consumo, rela\u00e7\u00f5es de amizade, lazer, velhice&#8230;) em nome da efici\u00eancia ou em nome da solidariedade (considerando as situa\u00e7\u00f5es em que uma praticamente exclui a outra)?<br \/>\n\u2022 Os animais t\u00eam direitos?<br \/>\n\u2022 O que fazer com as florestas?<br \/>\n\u2022 O consenso ainda \u00e9 poss\u00edvel, ou devemos nos contentar com acordos?<br \/>\n\u2022 Como desestimular a indiferen\u00e7a com a pol\u00edtica e quest\u00f5es sociais e, ao mesmo tempo, valorizar a liberdade individual?<\/p>\n<p>H\u00e1 uma quest\u00e3o que liga todas essas: O que \u00e9 uma vida boa?<br \/>\nAnalisaremos estes dilemas privados e coletivos a partir dos conceitos seminais de bem, valor, responsabilidade, compromisso, honestidade \u2014 e outros mais que voc\u00eas trouxerem.<\/p>\n<p>George Barcat \u2014 escritor e dramaturgo, professor de \u00c9tica, L\u00f3gica e Hist\u00f3ria da Filosofia na Palas Athena, \u00e9 tamb\u00e9m consultor de \u00c9tica empresarial.<\/p>\n<p>ENTRADA FRANCA<\/p>\n<p>10 de abril de 2012 | ter\u00e7a-feira | 19 horas<br \/>\nAudit\u00f3rio do MASP | Museu de Arte de S\u00e3o Paulo<br \/>\nAv. Paulista, 1578 &#8211; S\u00e3o Paulo\/SP &#8211; Esta\u00e7\u00e3o Trianon-Masp do metr\u00f4<\/p>\n<p>N\u00e3o \u00e9 necess\u00e1rio fazer inscri\u00e7\u00e3o antecipada<\/p>\n<p>Realiza\u00e7\u00e3o: Comit\u00ea da Cultura de Paz<br \/>\nwww.palasathena.org.br<br \/>\nwww.comitepaz.org.br &#8211; www.comitedaculturadepaz.blogspot.com<\/p>\n","protected":false},"excerpt":{"rendered":"<p>O evento ter\u00e1 entrada franca. No dia 12\/4, 19 hs, no Audit\u00f3rio do MASP, Av. Paulista, 1578 &#8211; S\u00e3o Paulo\/SP &#8211; Esta\u00e7\u00e3o Trianon-Masp do metr\u00f4.<\/p>\n","protected":false},"author":1,"featured_media":0,"comment_status":"open","ping_status":"open","sticky":false,"template":"","format":"standard","meta":{"site-container-style":"default","site-container-layout":"default","site-sidebar-layout":"default","disable-article-header":"default","disable-site-header":"default","disable-site-footer":"default","disable-content-area-spacing":"default","footnotes":""},"categories":[12,4],"tags":[],"class_list":["post-22336","post","type-post","status-publish","format-standard","hentry","category-cursos-e-eventos","category-noticias"],"yoast_head":"<!-- This site is optimized with the Yoast SEO plugin v27.5 - https:\/\/yoast.com\/product\/yoast-seo-wordpress\/ -->\n<title>Dilemas \u00e9ticos das sociedades contempor\u00e2neas -<\/title>\n<meta name=\"robots\" content=\"index, follow, max-snippet:-1, max-image-preview:large, max-video-preview:-1\" \/>\n<link rel=\"canonical\" href=\"https:\/\/inclusivenews.com.br\/?p=22336\" \/>\n<meta property=\"og:locale\" content=\"pt_PT\" \/>\n<meta property=\"og:type\" content=\"article\" \/>\n<meta property=\"og:title\" content=\"Dilemas \u00e9ticos das sociedades contempor\u00e2neas -\" \/>\n<meta property=\"og:description\" content=\"O evento ter\u00e1 entrada franca. No dia 12\/4, 19 hs, no Audit\u00f3rio do MASP, Av. Paulista, 1578 - S\u00e3o Paulo\/SP - Esta\u00e7\u00e3o Trianon-Masp do metr\u00f4.\" \/>\n<meta property=\"og:url\" content=\"https:\/\/inclusivenews.com.br\/?p=22336\" \/>\n<meta property=\"article:publisher\" content=\"https:\/\/www.facebook.com\/agenciainclusive\/\" \/>\n<meta property=\"article:published_time\" content=\"2012-04-10T17:34:03+00:00\" \/>\n<meta property=\"og:image\" content=\"http:\/\/www.palasathena.org.br\/img\/cursos2012\/95forum-1.jpg\" \/>\n<meta name=\"author\" content=\"inclusivenews2024\" \/>\n<meta name=\"twitter:card\" content=\"summary_large_image\" \/>\n<meta name=\"twitter:label1\" content=\"Escrito por\" \/>\n\t<meta name=\"twitter:data1\" content=\"inclusivenews2024\" \/>\n\t<meta name=\"twitter:label2\" content=\"Tempo estimado de leitura\" \/>\n\t<meta name=\"twitter:data2\" content=\"2 minutos\" \/>\n<script type=\"application\/ld+json\" class=\"yoast-schema-graph\">{\"@context\":\"https:\\\/\\\/schema.org\",\"@graph\":[{\"@type\":\"Article\",\"@id\":\"https:\\\/\\\/inclusivenews.com.br\\\/?p=22336#article\",\"isPartOf\":{\"@id\":\"https:\\\/\\\/inclusivenews.com.br\\\/?p=22336\"},\"author\":{\"name\":\"inclusivenews2024\",\"@id\":\"https:\\\/\\\/inclusivenews.com.br\\\/#\\\/schema\\\/person\\\/ae4ec7087559b8692fb33b6fffd2273b\"},\"headline\":\"Dilemas \u00e9ticos das sociedades contempor\u00e2neas\",\"datePublished\":\"2012-04-10T17:34:03+00:00\",\"mainEntityOfPage\":{\"@id\":\"https:\\\/\\\/inclusivenews.com.br\\\/?p=22336\"},\"wordCount\":445,\"commentCount\":0,\"publisher\":{\"@id\":\"https:\\\/\\\/inclusivenews.com.br\\\/#organization\"},\"image\":{\"@id\":\"https:\\\/\\\/inclusivenews.com.br\\\/?p=22336#primaryimage\"},\"thumbnailUrl\":\"http:\\\/\\\/www.palasathena.org.br\\\/img\\\/cursos2012\\\/95forum-1.jpg\",\"articleSection\":[\"Cursos e eventos\",\"NOT\u00cdCIAS\"],\"inLanguage\":\"pt-PT\",\"potentialAction\":[{\"@type\":\"CommentAction\",\"name\":\"Comment\",\"target\":[\"https:\\\/\\\/inclusivenews.com.br\\\/?p=22336#respond\"]}]},{\"@type\":\"WebPage\",\"@id\":\"https:\\\/\\\/inclusivenews.com.br\\\/?p=22336\",\"url\":\"https:\\\/\\\/inclusivenews.com.br\\\/?p=22336\",\"name\":\"Dilemas \u00e9ticos das sociedades contempor\u00e2neas -\",\"isPartOf\":{\"@id\":\"https:\\\/\\\/inclusivenews.com.br\\\/#website\"},\"primaryImageOfPage\":{\"@id\":\"https:\\\/\\\/inclusivenews.com.br\\\/?p=22336#primaryimage\"},\"image\":{\"@id\":\"https:\\\/\\\/inclusivenews.com.br\\\/?p=22336#primaryimage\"},\"thumbnailUrl\":\"http:\\\/\\\/www.palasathena.org.br\\\/img\\\/cursos2012\\\/95forum-1.jpg\",\"datePublished\":\"2012-04-10T17:34:03+00:00\",\"breadcrumb\":{\"@id\":\"https:\\\/\\\/inclusivenews.com.br\\\/?p=22336#breadcrumb\"},\"inLanguage\":\"pt-PT\",\"potentialAction\":[{\"@type\":\"ReadAction\",\"target\":[\"https:\\\/\\\/inclusivenews.com.br\\\/?p=22336\"]}]},{\"@type\":\"ImageObject\",\"inLanguage\":\"pt-PT\",\"@id\":\"https:\\\/\\\/inclusivenews.com.br\\\/?p=22336#primaryimage\",\"url\":\"http:\\\/\\\/www.palasathena.org.br\\\/img\\\/cursos2012\\\/95forum-1.jpg\",\"contentUrl\":\"http:\\\/\\\/www.palasathena.org.br\\\/img\\\/cursos2012\\\/95forum-1.jpg\"},{\"@type\":\"BreadcrumbList\",\"@id\":\"https:\\\/\\\/inclusivenews.com.br\\\/?p=22336#breadcrumb\",\"itemListElement\":[{\"@type\":\"ListItem\",\"position\":1,\"name\":\"In\u00edcio\",\"item\":\"https:\\\/\\\/inclusivenews.com.br\\\/\"},{\"@type\":\"ListItem\",\"position\":2,\"name\":\"Dilemas \u00e9ticos das sociedades contempor\u00e2neas\"}]},{\"@type\":\"WebSite\",\"@id\":\"https:\\\/\\\/inclusivenews.com.br\\\/#website\",\"url\":\"https:\\\/\\\/inclusivenews.com.br\\\/\",\"name\":\"Inclusive News\",\"description\":\"Inclusive News\",\"publisher\":{\"@id\":\"https:\\\/\\\/inclusivenews.com.br\\\/#organization\"},\"potentialAction\":[{\"@type\":\"SearchAction\",\"target\":{\"@type\":\"EntryPoint\",\"urlTemplate\":\"https:\\\/\\\/inclusivenews.com.br\\\/?s={search_term_string}\"},\"query-input\":{\"@type\":\"PropertyValueSpecification\",\"valueRequired\":true,\"valueName\":\"search_term_string\"}}],\"inLanguage\":\"pt-PT\"},{\"@type\":\"Organization\",\"@id\":\"https:\\\/\\\/inclusivenews.com.br\\\/#organization\",\"name\":\"Inclusive - inclus\u00e3o e cidadania\",\"url\":\"https:\\\/\\\/inclusivenews.com.br\\\/\",\"logo\":{\"@type\":\"ImageObject\",\"inLanguage\":\"pt-PT\",\"@id\":\"https:\\\/\\\/inclusivenews.com.br\\\/#\\\/schema\\\/logo\\\/image\\\/\",\"url\":\"https:\\\/\\\/inclusivenews.com.br\\\/wp-content\\\/uploads\\\/2024\\\/03\\\/@grandesite.png\",\"contentUrl\":\"https:\\\/\\\/inclusivenews.com.br\\\/wp-content\\\/uploads\\\/2024\\\/03\\\/@grandesite.png\",\"width\":1080,\"height\":1080,\"caption\":\"Inclusive - inclus\u00e3o e cidadania\"},\"image\":{\"@id\":\"https:\\\/\\\/inclusivenews.com.br\\\/#\\\/schema\\\/logo\\\/image\\\/\"},\"sameAs\":[\"https:\\\/\\\/www.facebook.com\\\/agenciainclusive\\\/\",\"https:\\\/\\\/www.instagram.com\\\/newsinclusive\\\/\"]},{\"@type\":\"Person\",\"@id\":\"https:\\\/\\\/inclusivenews.com.br\\\/#\\\/schema\\\/person\\\/ae4ec7087559b8692fb33b6fffd2273b\",\"name\":\"inclusivenews2024\",\"image\":{\"@type\":\"ImageObject\",\"inLanguage\":\"pt-PT\",\"@id\":\"https:\\\/\\\/secure.gravatar.com\\\/avatar\\\/c5a7ef84c66fa914f55bc4f7ce26cfa275a3b9a1c5568b907bd184fb4dde7b40?s=96&d=mm&r=g\",\"url\":\"https:\\\/\\\/secure.gravatar.com\\\/avatar\\\/c5a7ef84c66fa914f55bc4f7ce26cfa275a3b9a1c5568b907bd184fb4dde7b40?s=96&d=mm&r=g\",\"contentUrl\":\"https:\\\/\\\/secure.gravatar.com\\\/avatar\\\/c5a7ef84c66fa914f55bc4f7ce26cfa275a3b9a1c5568b907bd184fb4dde7b40?s=96&d=mm&r=g\",\"caption\":\"inclusivenews2024\"},\"sameAs\":[\"https:\\\/\\\/inclusivenews.com.br\"],\"url\":\"https:\\\/\\\/inclusivenews.com.br\\\/?author=1\"}]}<\/script>\n<!-- \/ Yoast SEO plugin. -->","yoast_head_json":{"title":"Dilemas \u00e9ticos das sociedades contempor\u00e2neas -","robots":{"index":"index","follow":"follow","max-snippet":"max-snippet:-1","max-image-preview":"max-image-preview:large","max-video-preview":"max-video-preview:-1"},"canonical":"https:\/\/inclusivenews.com.br\/?p=22336","og_locale":"pt_PT","og_type":"article","og_title":"Dilemas \u00e9ticos das sociedades contempor\u00e2neas -","og_description":"O evento ter\u00e1 entrada franca. No dia 12\/4, 19 hs, no Audit\u00f3rio do MASP, Av. Paulista, 1578 - S\u00e3o Paulo\/SP - Esta\u00e7\u00e3o Trianon-Masp do metr\u00f4.","og_url":"https:\/\/inclusivenews.com.br\/?p=22336","article_publisher":"https:\/\/www.facebook.com\/agenciainclusive\/","article_published_time":"2012-04-10T17:34:03+00:00","og_image":[{"url":"http:\/\/www.palasathena.org.br\/img\/cursos2012\/95forum-1.jpg","type":"","width":"","height":""}],"author":"inclusivenews2024","twitter_card":"summary_large_image","twitter_misc":{"Escrito por":"inclusivenews2024","Tempo estimado de leitura":"2 minutos"},"schema":{"@context":"https:\/\/schema.org","@graph":[{"@type":"Article","@id":"https:\/\/inclusivenews.com.br\/?p=22336#article","isPartOf":{"@id":"https:\/\/inclusivenews.com.br\/?p=22336"},"author":{"name":"inclusivenews2024","@id":"https:\/\/inclusivenews.com.br\/#\/schema\/person\/ae4ec7087559b8692fb33b6fffd2273b"},"headline":"Dilemas \u00e9ticos das sociedades contempor\u00e2neas","datePublished":"2012-04-10T17:34:03+00:00","mainEntityOfPage":{"@id":"https:\/\/inclusivenews.com.br\/?p=22336"},"wordCount":445,"commentCount":0,"publisher":{"@id":"https:\/\/inclusivenews.com.br\/#organization"},"image":{"@id":"https:\/\/inclusivenews.com.br\/?p=22336#primaryimage"},"thumbnailUrl":"http:\/\/www.palasathena.org.br\/img\/cursos2012\/95forum-1.jpg","articleSection":["Cursos e eventos","NOT\u00cdCIAS"],"inLanguage":"pt-PT","potentialAction":[{"@type":"CommentAction","name":"Comment","target":["https:\/\/inclusivenews.com.br\/?p=22336#respond"]}]},{"@type":"WebPage","@id":"https:\/\/inclusivenews.com.br\/?p=22336","url":"https:\/\/inclusivenews.com.br\/?p=22336","name":"Dilemas \u00e9ticos das sociedades contempor\u00e2neas -","isPartOf":{"@id":"https:\/\/inclusivenews.com.br\/#website"},"primaryImageOfPage":{"@id":"https:\/\/inclusivenews.com.br\/?p=22336#primaryimage"},"image":{"@id":"https:\/\/inclusivenews.com.br\/?p=22336#primaryimage"},"thumbnailUrl":"http:\/\/www.palasathena.org.br\/img\/cursos2012\/95forum-1.jpg","datePublished":"2012-04-10T17:34:03+00:00","breadcrumb":{"@id":"https:\/\/inclusivenews.com.br\/?p=22336#breadcrumb"},"inLanguage":"pt-PT","potentialAction":[{"@type":"ReadAction","target":["https:\/\/inclusivenews.com.br\/?p=22336"]}]},{"@type":"ImageObject","inLanguage":"pt-PT","@id":"https:\/\/inclusivenews.com.br\/?p=22336#primaryimage","url":"http:\/\/www.palasathena.org.br\/img\/cursos2012\/95forum-1.jpg","contentUrl":"http:\/\/www.palasathena.org.br\/img\/cursos2012\/95forum-1.jpg"},{"@type":"BreadcrumbList","@id":"https:\/\/inclusivenews.com.br\/?p=22336#breadcrumb","itemListElement":[{"@type":"ListItem","position":1,"name":"In\u00edcio","item":"https:\/\/inclusivenews.com.br\/"},{"@type":"ListItem","position":2,"name":"Dilemas \u00e9ticos das sociedades contempor\u00e2neas"}]},{"@type":"WebSite","@id":"https:\/\/inclusivenews.com.br\/#website","url":"https:\/\/inclusivenews.com.br\/","name":"Inclusive News","description":"Inclusive News","publisher":{"@id":"https:\/\/inclusivenews.com.br\/#organization"},"potentialAction":[{"@type":"SearchAction","target":{"@type":"EntryPoint","urlTemplate":"https:\/\/inclusivenews.com.br\/?s={search_term_string}"},"query-input":{"@type":"PropertyValueSpecification","valueRequired":true,"valueName":"search_term_string"}}],"inLanguage":"pt-PT"},{"@type":"Organization","@id":"https:\/\/inclusivenews.com.br\/#organization","name":"Inclusive - inclus\u00e3o e cidadania","url":"https:\/\/inclusivenews.com.br\/","logo":{"@type":"ImageObject","inLanguage":"pt-PT","@id":"https:\/\/inclusivenews.com.br\/#\/schema\/logo\/image\/","url":"https:\/\/inclusivenews.com.br\/wp-content\/uploads\/2024\/03\/@grandesite.png","contentUrl":"https:\/\/inclusivenews.com.br\/wp-content\/uploads\/2024\/03\/@grandesite.png","width":1080,"height":1080,"caption":"Inclusive - inclus\u00e3o e cidadania"},"image":{"@id":"https:\/\/inclusivenews.com.br\/#\/schema\/logo\/image\/"},"sameAs":["https:\/\/www.facebook.com\/agenciainclusive\/","https:\/\/www.instagram.com\/newsinclusive\/"]},{"@type":"Person","@id":"https:\/\/inclusivenews.com.br\/#\/schema\/person\/ae4ec7087559b8692fb33b6fffd2273b","name":"inclusivenews2024","image":{"@type":"ImageObject","inLanguage":"pt-PT","@id":"https:\/\/secure.gravatar.com\/avatar\/c5a7ef84c66fa914f55bc4f7ce26cfa275a3b9a1c5568b907bd184fb4dde7b40?s=96&d=mm&r=g","url":"https:\/\/secure.gravatar.com\/avatar\/c5a7ef84c66fa914f55bc4f7ce26cfa275a3b9a1c5568b907bd184fb4dde7b40?s=96&d=mm&r=g","contentUrl":"https:\/\/secure.gravatar.com\/avatar\/c5a7ef84c66fa914f55bc4f7ce26cfa275a3b9a1c5568b907bd184fb4dde7b40?s=96&d=mm&r=g","caption":"inclusivenews2024"},"sameAs":["https:\/\/inclusivenews.com.br"],"url":"https:\/\/inclusivenews.com.br\/?author=1"}]}},"_links":{"self":[{"href":"https:\/\/inclusivenews.com.br\/index.php?rest_route=\/wp\/v2\/posts\/22336","targetHints":{"allow":["GET"]}}],"collection":[{"href":"https:\/\/inclusivenews.com.br\/index.php?rest_route=\/wp\/v2\/posts"}],"about":[{"href":"https:\/\/inclusivenews.com.br\/index.php?rest_route=\/wp\/v2\/types\/post"}],"author":[{"embeddable":true,"href":"https:\/\/inclusivenews.com.br\/index.php?rest_route=\/wp\/v2\/users\/1"}],"replies":[{"embeddable":true,"href":"https:\/\/inclusivenews.com.br\/index.php?rest_route=%2Fwp%2Fv2%2Fcomments&post=22336"}],"version-history":[{"count":0,"href":"https:\/\/inclusivenews.com.br\/index.php?rest_route=\/wp\/v2\/posts\/22336\/revisions"}],"wp:attachment":[{"href":"https:\/\/inclusivenews.com.br\/index.php?rest_route=%2Fwp%2Fv2%2Fmedia&parent=22336"}],"wp:term":[{"taxonomy":"category","embeddable":true,"href":"https:\/\/inclusivenews.com.br\/index.php?rest_route=%2Fwp%2Fv2%2Fcategories&post=22336"},{"taxonomy":"post_tag","embeddable":true,"href":"https:\/\/inclusivenews.com.br\/index.php?rest_route=%2Fwp%2Fv2%2Ftags&post=22336"}],"curies":[{"name":"wp","href":"https:\/\/api.w.org\/{rel}","templated":true}]}}