{"id":22337,"date":"2012-04-10T16:17:43","date_gmt":"2012-04-10T19:17:43","guid":{"rendered":"http:\/\/www.inclusive.org.br\/?p=22337"},"modified":"2012-04-10T16:17:43","modified_gmt":"2012-04-10T19:17:43","slug":"gajop-abre-chamada-para-apresentacao-de-artigos","status":"publish","type":"post","link":"https:\/\/inclusivenews.com.br\/?p=22337","title":{"rendered":"GAJOP abre chamada para apresenta\u00e7\u00e3o de artigos"},"content":{"rendered":"<p><a href=\"http:\/\/www.inclusivenews.com.br\/wp-content\/uploads\/2010\/05\/gajop3333.jpg\"><img loading=\"lazy\" decoding=\"async\" class=\"alignnone size-full wp-image-15536\" title=\"Logotipo do GAJOP\" src=\"http:\/\/inclusivenews.com.br\/wp-content\/uploads\/2010\/05\/gajop3333.jpg\" alt=\"\" width=\"223\" height=\"91\" \/><\/a><\/p>\n<p><strong>Media\u00e7\u00e3o de Conflitos, Direitos Humanos e Acesso \u00e0 Justi\u00e7a: reflex\u00f5es e pr\u00e1ticas, ano 2012<br \/>\n<\/strong><br \/>\n<span style=\"text-decoration: underline;\">Chamada para apresenta\u00e7\u00e3o de artigos<\/span><\/p>\n<p>A Revista Direitos Humanos\/GAJOP \u00e9 um publica\u00e7\u00e3o do Gabinete de Assessoria Jur\u00eddica \u00e0s Organiza\u00e7\u00f5es Populares &#8211; entidade de promo\u00e7\u00e3o e defesa dos Direitos Humanos-, com o objetivo de ser um espa\u00e7o de aprofundamento te\u00f3rico e sistematiza\u00e7\u00e3o de experi\u00eancias pr\u00e1ticas relacionadas a temas de direitos humanos.<\/p>\n<p>Ser\u00e3o aceitos artigos, ensaios, entrevistas in\u00e9ditas que versem sobre Media\u00e7\u00e3o de Conflitos, \u00e0 Luz dos Direitos Humanos e Acesso \u00e0 Justi\u00e7a: reflex\u00f5es. O trabalho original dever\u00e1 ser submetido exclusivamente via e-mail at\u00e9 o dia 20 de maio de 2012. Ap\u00f3s a recep\u00e7\u00e3o do material, os editores respons\u00e1veis entrar\u00e3o em contato com os autores, at\u00e9 o dia 30 de maio de 2012, tamb\u00e9m por e-mail, para a divulga\u00e7\u00e3o dos aceites.<\/p>\n<p>A presente publica\u00e7\u00e3o faz parte do N\u00facleo de Investiga\u00e7\u00e3o em M\u00e9todos N\u00e3o-Violentos de Resolu\u00e7\u00e3o de Conflitos e Direitos Humanos &#8211; NUIDH, projeto apoiado pela Uni\u00e3o Europeia, com o objetivo de difundir o conhecimento sobre m\u00e9todos de resolu\u00e7\u00e3o de conflitos, direitos humanos e acesso \u00e0 justi\u00e7a. Esta edi\u00e7\u00e3o tem\u00e1tica tem como objetivo reunir uma s\u00e9rie de artigos, ensaios, entrevistas discutam:<\/p>\n<p>I \u2013 Media\u00e7\u00e3o de Conflitos, Direitos Humanos e Acesso \u00e0 Justi\u00e7a:<br \/>\n1.       M\u00e9todos N\u00e3o-Violentos de Resolu\u00e7\u00e3o de Conflitos e Direitos Humanos;<br \/>\n2.       Media\u00e7\u00e3o de Conflitos \u00e0 Luz dos Direitos Humanos;<br \/>\n3.       Justi\u00e7a Restaurativa e Direitos Humanos;<br \/>\n4.       Direitos Humanos, Conflitos Sociais e Media\u00e7\u00e3o de Conflitos;<br \/>\n5.       Educa\u00e7\u00e3o em Direitos e Media\u00e7\u00e3o de Conflitos no Ambiente Educacional;<br \/>\n6.       Acesso \u00e0 Justi\u00e7a e Garantia de Direitos;<br \/>\n7.       Direitos Humanos e Acesso \u00e0 justi\u00e7a.<\/p>\n<p>II &#8211; Experi\u00eancias Pr\u00e1ticas na \u00e1rea de Media\u00e7\u00e3o de Conflitos e Justi\u00e7a Restaurativa.<\/p>\n<p>I. DA FORMATA\u00c7\u00c3O DO ARTIGO:<br \/>\nOs artigos propostos dever\u00e3o ser originais, em idioma portugu\u00eas ou espanhol e estar em uma vers\u00e3o definitiva. Os trabalhos devem ser digitados em Arial, corpo 11, espa\u00e7o 1,5, com at\u00e9 15 laudas (m\u00e1ximo), exclu\u00eddas as p\u00e1ginas destinadas \u00e0 bibliografia e anexos. As notas explicativas devem ser feitas no sistema de notas de rodap\u00e9 e as refer\u00eancias bibliogr\u00e1ficas pelo formato autor\/data (ABNT). Os artigos propostos devem ser acompanhados de tr\u00eas palavras-chave e de um resumo, que n\u00e3o deve exceder 700 caracteres com espa\u00e7amento. Os nomes dos(as) autores(as) e suas respectivas biografias (m\u00e1ximo de 300 caracteres com espa\u00e7amento) devem estar inclu\u00eddos na p\u00e1gina de rosto do documento, na qual tamb\u00e9m deve-se est\u00e1 identificada a institui\u00e7\u00e3o da qual os(as) autores(as) participam.<\/p>\n<p>II. DO ENVIO:<br \/>\nOs artigos podem ser enviados a partir do dia 2 de abril do ano corrente, tendo como prazo final para recebimento, o dia 29 de junho. Os artigos dever\u00e3o ser enviados, impreterivelmente, para o e-mail: revistadireitoshumanosgajop@yahoo.com.br e no assunto do e-mail dever\u00e1 ser especificado: \u201cARTIGO REVISTA MEDIA\u00c7\u00c3O E DIREITOS HUMANOS\u201d.<\/p>\n<p>III. DA AN\u00c1LISE DOS ARTIGOS E DIVULGA\u00c7\u00c3O DO RESULTADO<br \/>\nOs artigos ser\u00e3o submetidos \u00e0 aprecia\u00e7\u00e3o da Comiss\u00e3o Editoria, cuja decis\u00e3o \u00e9 soberana. A lista com os artigos aceitos para publica\u00e7\u00e3o ser\u00e1 divulgada no dia 31 de julho de 2012, no site do GAJOP: www.gajop.org.br.<\/p>\n<p>IV \u2013 A Comiss\u00e3o Editorial comunicar\u00e1 ao(s) autor(es) se o trabalho foi aceito sem restri\u00e7\u00f5es, aceito com sugest\u00e3o de altera\u00e7\u00e3o ou recusado. Caso os trabalhos necessitem de alguma modifica\u00e7\u00e3o, o referido Conselho dar\u00e1 um prazo para que o(s) autor(es) fa\u00e7a(m) as modifica\u00e7\u00f5es solicitadas, sendo poss\u00edvel ainda a recusa da publica\u00e7\u00e3o por parte do Conselho Editorial.<\/p>\n<p>V- Cronograma de Sele\u00e7\u00e3o, Edi\u00e7\u00e3o e Publica\u00e7\u00e3o:<br \/>\n5.1. Abertura da Chamada: 02 de abril de 2012.<br \/>\n5. 2. Recebimento de trabalhos: at\u00e9 20 de maio de 2012<br \/>\n5.3. Divulga\u00e7\u00e3o de aceites e prazo para corre\u00e7\u00f5es: 30 de maio a 5 de junho de 2012<br \/>\n5.4. Edi\u00e7\u00e3o e editora\u00e7\u00e3o eletr\u00f4nica: 6 a 20 de junho de 2012<br \/>\n5.5. Publica\u00e7\u00e3o: julho de 2012<\/p>\n<p>Recife, 02 de abril de 2012<br \/>\nAna C\u00e9lia de Lima<br \/>\nCoordena\u00e7\u00e3o Executiva GAJOP<\/p>\n<p>Luis Emmanuel Barbosa Cunha<br \/>\nCoordena\u00e7\u00e3o Executivo GAJOP<\/p>\n","protected":false},"excerpt":{"rendered":"<p>Ser\u00e3o aceitos artigos, ensaios, entrevistas in\u00e9ditas que versem sobre Media\u00e7\u00e3o de Conflitos, \u00e0 Luz dos Direitos Humanos e Acesso \u00e0 Justi\u00e7a: reflex\u00f5es.<\/p>\n","protected":false},"author":1,"featured_media":0,"comment_status":"open","ping_status":"open","sticky":false,"template":"","format":"standard","meta":{"site-container-style":"default","site-container-layout":"default","site-sidebar-layout":"default","disable-article-header":"default","disable-site-header":"default","disable-site-footer":"default","disable-content-area-spacing":"default","footnotes":""},"categories":[11,4,10],"tags":[],"class_list":["post-22337","post","type-post","status-publish","format-standard","hentry","category-direitos-humanos","category-noticias","category-publicacoes"],"yoast_head":"<!-- This site is optimized with the Yoast SEO plugin v27.5 - https:\/\/yoast.com\/product\/yoast-seo-wordpress\/ -->\n<title>GAJOP abre chamada para apresenta\u00e7\u00e3o de artigos -<\/title>\n<meta name=\"robots\" content=\"index, follow, max-snippet:-1, max-image-preview:large, max-video-preview:-1\" \/>\n<link rel=\"canonical\" href=\"https:\/\/inclusivenews.com.br\/?p=22337\" \/>\n<meta property=\"og:locale\" content=\"pt_PT\" \/>\n<meta property=\"og:type\" content=\"article\" \/>\n<meta property=\"og:title\" content=\"GAJOP abre chamada para apresenta\u00e7\u00e3o de artigos -\" \/>\n<meta property=\"og:description\" content=\"Ser\u00e3o aceitos artigos, ensaios, entrevistas in\u00e9ditas que versem sobre Media\u00e7\u00e3o de Conflitos, \u00e0 Luz dos Direitos Humanos e Acesso \u00e0 Justi\u00e7a: reflex\u00f5es.\" \/>\n<meta property=\"og:url\" content=\"https:\/\/inclusivenews.com.br\/?p=22337\" \/>\n<meta property=\"article:publisher\" content=\"https:\/\/www.facebook.com\/agenciainclusive\/\" \/>\n<meta property=\"article:published_time\" content=\"2012-04-10T19:17:43+00:00\" \/>\n<meta property=\"og:image\" content=\"http:\/\/inclusivenews.com.br\/wp-content\/uploads\/2010\/05\/gajop3333.jpg\" \/>\n<meta name=\"author\" content=\"inclusivenews2024\" \/>\n<meta name=\"twitter:card\" content=\"summary_large_image\" \/>\n<meta name=\"twitter:label1\" content=\"Escrito por\" \/>\n\t<meta name=\"twitter:data1\" content=\"inclusivenews2024\" \/>\n\t<meta name=\"twitter:label2\" content=\"Tempo estimado de leitura\" \/>\n\t<meta name=\"twitter:data2\" content=\"3 minutos\" \/>\n<script type=\"application\/ld+json\" class=\"yoast-schema-graph\">{\"@context\":\"https:\\\/\\\/schema.org\",\"@graph\":[{\"@type\":\"Article\",\"@id\":\"https:\\\/\\\/inclusivenews.com.br\\\/?p=22337#article\",\"isPartOf\":{\"@id\":\"https:\\\/\\\/inclusivenews.com.br\\\/?p=22337\"},\"author\":{\"name\":\"inclusivenews2024\",\"@id\":\"https:\\\/\\\/inclusivenews.com.br\\\/#\\\/schema\\\/person\\\/ae4ec7087559b8692fb33b6fffd2273b\"},\"headline\":\"GAJOP abre chamada para apresenta\u00e7\u00e3o de artigos\",\"datePublished\":\"2012-04-10T19:17:43+00:00\",\"mainEntityOfPage\":{\"@id\":\"https:\\\/\\\/inclusivenews.com.br\\\/?p=22337\"},\"wordCount\":706,\"commentCount\":0,\"publisher\":{\"@id\":\"https:\\\/\\\/inclusivenews.com.br\\\/#organization\"},\"image\":{\"@id\":\"https:\\\/\\\/inclusivenews.com.br\\\/?p=22337#primaryimage\"},\"thumbnailUrl\":\"http:\\\/\\\/inclusivenews.com.br\\\/wp-content\\\/uploads\\\/2010\\\/05\\\/gajop3333.jpg\",\"articleSection\":[\"DIREITOS HUMANOS\",\"NOT\u00cdCIAS\",\"PUBLICA\u00c7\u00d5ES\"],\"inLanguage\":\"pt-PT\",\"potentialAction\":[{\"@type\":\"CommentAction\",\"name\":\"Comment\",\"target\":[\"https:\\\/\\\/inclusivenews.com.br\\\/?p=22337#respond\"]}]},{\"@type\":\"WebPage\",\"@id\":\"https:\\\/\\\/inclusivenews.com.br\\\/?p=22337\",\"url\":\"https:\\\/\\\/inclusivenews.com.br\\\/?p=22337\",\"name\":\"GAJOP abre chamada para apresenta\u00e7\u00e3o de artigos -\",\"isPartOf\":{\"@id\":\"https:\\\/\\\/inclusivenews.com.br\\\/#website\"},\"primaryImageOfPage\":{\"@id\":\"https:\\\/\\\/inclusivenews.com.br\\\/?p=22337#primaryimage\"},\"image\":{\"@id\":\"https:\\\/\\\/inclusivenews.com.br\\\/?p=22337#primaryimage\"},\"thumbnailUrl\":\"http:\\\/\\\/inclusivenews.com.br\\\/wp-content\\\/uploads\\\/2010\\\/05\\\/gajop3333.jpg\",\"datePublished\":\"2012-04-10T19:17:43+00:00\",\"breadcrumb\":{\"@id\":\"https:\\\/\\\/inclusivenews.com.br\\\/?p=22337#breadcrumb\"},\"inLanguage\":\"pt-PT\",\"potentialAction\":[{\"@type\":\"ReadAction\",\"target\":[\"https:\\\/\\\/inclusivenews.com.br\\\/?p=22337\"]}]},{\"@type\":\"ImageObject\",\"inLanguage\":\"pt-PT\",\"@id\":\"https:\\\/\\\/inclusivenews.com.br\\\/?p=22337#primaryimage\",\"url\":\"\",\"contentUrl\":\"\"},{\"@type\":\"BreadcrumbList\",\"@id\":\"https:\\\/\\\/inclusivenews.com.br\\\/?p=22337#breadcrumb\",\"itemListElement\":[{\"@type\":\"ListItem\",\"position\":1,\"name\":\"In\u00edcio\",\"item\":\"https:\\\/\\\/inclusivenews.com.br\\\/\"},{\"@type\":\"ListItem\",\"position\":2,\"name\":\"GAJOP abre chamada para apresenta\u00e7\u00e3o de artigos\"}]},{\"@type\":\"WebSite\",\"@id\":\"https:\\\/\\\/inclusivenews.com.br\\\/#website\",\"url\":\"https:\\\/\\\/inclusivenews.com.br\\\/\",\"name\":\"Inclusive News\",\"description\":\"Inclusive News\",\"publisher\":{\"@id\":\"https:\\\/\\\/inclusivenews.com.br\\\/#organization\"},\"potentialAction\":[{\"@type\":\"SearchAction\",\"target\":{\"@type\":\"EntryPoint\",\"urlTemplate\":\"https:\\\/\\\/inclusivenews.com.br\\\/?s={search_term_string}\"},\"query-input\":{\"@type\":\"PropertyValueSpecification\",\"valueRequired\":true,\"valueName\":\"search_term_string\"}}],\"inLanguage\":\"pt-PT\"},{\"@type\":\"Organization\",\"@id\":\"https:\\\/\\\/inclusivenews.com.br\\\/#organization\",\"name\":\"Inclusive - inclus\u00e3o e cidadania\",\"url\":\"https:\\\/\\\/inclusivenews.com.br\\\/\",\"logo\":{\"@type\":\"ImageObject\",\"inLanguage\":\"pt-PT\",\"@id\":\"https:\\\/\\\/inclusivenews.com.br\\\/#\\\/schema\\\/logo\\\/image\\\/\",\"url\":\"https:\\\/\\\/inclusivenews.com.br\\\/wp-content\\\/uploads\\\/2024\\\/03\\\/@grandesite.png\",\"contentUrl\":\"https:\\\/\\\/inclusivenews.com.br\\\/wp-content\\\/uploads\\\/2024\\\/03\\\/@grandesite.png\",\"width\":1080,\"height\":1080,\"caption\":\"Inclusive - inclus\u00e3o e cidadania\"},\"image\":{\"@id\":\"https:\\\/\\\/inclusivenews.com.br\\\/#\\\/schema\\\/logo\\\/image\\\/\"},\"sameAs\":[\"https:\\\/\\\/www.facebook.com\\\/agenciainclusive\\\/\",\"https:\\\/\\\/www.instagram.com\\\/newsinclusive\\\/\"]},{\"@type\":\"Person\",\"@id\":\"https:\\\/\\\/inclusivenews.com.br\\\/#\\\/schema\\\/person\\\/ae4ec7087559b8692fb33b6fffd2273b\",\"name\":\"inclusivenews2024\",\"image\":{\"@type\":\"ImageObject\",\"inLanguage\":\"pt-PT\",\"@id\":\"https:\\\/\\\/secure.gravatar.com\\\/avatar\\\/c5a7ef84c66fa914f55bc4f7ce26cfa275a3b9a1c5568b907bd184fb4dde7b40?s=96&d=mm&r=g\",\"url\":\"https:\\\/\\\/secure.gravatar.com\\\/avatar\\\/c5a7ef84c66fa914f55bc4f7ce26cfa275a3b9a1c5568b907bd184fb4dde7b40?s=96&d=mm&r=g\",\"contentUrl\":\"https:\\\/\\\/secure.gravatar.com\\\/avatar\\\/c5a7ef84c66fa914f55bc4f7ce26cfa275a3b9a1c5568b907bd184fb4dde7b40?s=96&d=mm&r=g\",\"caption\":\"inclusivenews2024\"},\"sameAs\":[\"https:\\\/\\\/inclusivenews.com.br\"],\"url\":\"https:\\\/\\\/inclusivenews.com.br\\\/?author=1\"}]}<\/script>\n<!-- \/ Yoast SEO plugin. -->","yoast_head_json":{"title":"GAJOP abre chamada para apresenta\u00e7\u00e3o de artigos -","robots":{"index":"index","follow":"follow","max-snippet":"max-snippet:-1","max-image-preview":"max-image-preview:large","max-video-preview":"max-video-preview:-1"},"canonical":"https:\/\/inclusivenews.com.br\/?p=22337","og_locale":"pt_PT","og_type":"article","og_title":"GAJOP abre chamada para apresenta\u00e7\u00e3o de artigos -","og_description":"Ser\u00e3o aceitos artigos, ensaios, entrevistas in\u00e9ditas que versem sobre Media\u00e7\u00e3o de Conflitos, \u00e0 Luz dos Direitos Humanos e Acesso \u00e0 Justi\u00e7a: reflex\u00f5es.","og_url":"https:\/\/inclusivenews.com.br\/?p=22337","article_publisher":"https:\/\/www.facebook.com\/agenciainclusive\/","article_published_time":"2012-04-10T19:17:43+00:00","og_image":[{"url":"http:\/\/inclusivenews.com.br\/wp-content\/uploads\/2010\/05\/gajop3333.jpg","type":"","width":"","height":""}],"author":"inclusivenews2024","twitter_card":"summary_large_image","twitter_misc":{"Escrito por":"inclusivenews2024","Tempo estimado de leitura":"3 minutos"},"schema":{"@context":"https:\/\/schema.org","@graph":[{"@type":"Article","@id":"https:\/\/inclusivenews.com.br\/?p=22337#article","isPartOf":{"@id":"https:\/\/inclusivenews.com.br\/?p=22337"},"author":{"name":"inclusivenews2024","@id":"https:\/\/inclusivenews.com.br\/#\/schema\/person\/ae4ec7087559b8692fb33b6fffd2273b"},"headline":"GAJOP abre chamada para apresenta\u00e7\u00e3o de artigos","datePublished":"2012-04-10T19:17:43+00:00","mainEntityOfPage":{"@id":"https:\/\/inclusivenews.com.br\/?p=22337"},"wordCount":706,"commentCount":0,"publisher":{"@id":"https:\/\/inclusivenews.com.br\/#organization"},"image":{"@id":"https:\/\/inclusivenews.com.br\/?p=22337#primaryimage"},"thumbnailUrl":"http:\/\/inclusivenews.com.br\/wp-content\/uploads\/2010\/05\/gajop3333.jpg","articleSection":["DIREITOS HUMANOS","NOT\u00cdCIAS","PUBLICA\u00c7\u00d5ES"],"inLanguage":"pt-PT","potentialAction":[{"@type":"CommentAction","name":"Comment","target":["https:\/\/inclusivenews.com.br\/?p=22337#respond"]}]},{"@type":"WebPage","@id":"https:\/\/inclusivenews.com.br\/?p=22337","url":"https:\/\/inclusivenews.com.br\/?p=22337","name":"GAJOP abre chamada para apresenta\u00e7\u00e3o de artigos -","isPartOf":{"@id":"https:\/\/inclusivenews.com.br\/#website"},"primaryImageOfPage":{"@id":"https:\/\/inclusivenews.com.br\/?p=22337#primaryimage"},"image":{"@id":"https:\/\/inclusivenews.com.br\/?p=22337#primaryimage"},"thumbnailUrl":"http:\/\/inclusivenews.com.br\/wp-content\/uploads\/2010\/05\/gajop3333.jpg","datePublished":"2012-04-10T19:17:43+00:00","breadcrumb":{"@id":"https:\/\/inclusivenews.com.br\/?p=22337#breadcrumb"},"inLanguage":"pt-PT","potentialAction":[{"@type":"ReadAction","target":["https:\/\/inclusivenews.com.br\/?p=22337"]}]},{"@type":"ImageObject","inLanguage":"pt-PT","@id":"https:\/\/inclusivenews.com.br\/?p=22337#primaryimage","url":"","contentUrl":""},{"@type":"BreadcrumbList","@id":"https:\/\/inclusivenews.com.br\/?p=22337#breadcrumb","itemListElement":[{"@type":"ListItem","position":1,"name":"In\u00edcio","item":"https:\/\/inclusivenews.com.br\/"},{"@type":"ListItem","position":2,"name":"GAJOP abre chamada para apresenta\u00e7\u00e3o de artigos"}]},{"@type":"WebSite","@id":"https:\/\/inclusivenews.com.br\/#website","url":"https:\/\/inclusivenews.com.br\/","name":"Inclusive News","description":"Inclusive News","publisher":{"@id":"https:\/\/inclusivenews.com.br\/#organization"},"potentialAction":[{"@type":"SearchAction","target":{"@type":"EntryPoint","urlTemplate":"https:\/\/inclusivenews.com.br\/?s={search_term_string}"},"query-input":{"@type":"PropertyValueSpecification","valueRequired":true,"valueName":"search_term_string"}}],"inLanguage":"pt-PT"},{"@type":"Organization","@id":"https:\/\/inclusivenews.com.br\/#organization","name":"Inclusive - inclus\u00e3o e cidadania","url":"https:\/\/inclusivenews.com.br\/","logo":{"@type":"ImageObject","inLanguage":"pt-PT","@id":"https:\/\/inclusivenews.com.br\/#\/schema\/logo\/image\/","url":"https:\/\/inclusivenews.com.br\/wp-content\/uploads\/2024\/03\/@grandesite.png","contentUrl":"https:\/\/inclusivenews.com.br\/wp-content\/uploads\/2024\/03\/@grandesite.png","width":1080,"height":1080,"caption":"Inclusive - inclus\u00e3o e cidadania"},"image":{"@id":"https:\/\/inclusivenews.com.br\/#\/schema\/logo\/image\/"},"sameAs":["https:\/\/www.facebook.com\/agenciainclusive\/","https:\/\/www.instagram.com\/newsinclusive\/"]},{"@type":"Person","@id":"https:\/\/inclusivenews.com.br\/#\/schema\/person\/ae4ec7087559b8692fb33b6fffd2273b","name":"inclusivenews2024","image":{"@type":"ImageObject","inLanguage":"pt-PT","@id":"https:\/\/secure.gravatar.com\/avatar\/c5a7ef84c66fa914f55bc4f7ce26cfa275a3b9a1c5568b907bd184fb4dde7b40?s=96&d=mm&r=g","url":"https:\/\/secure.gravatar.com\/avatar\/c5a7ef84c66fa914f55bc4f7ce26cfa275a3b9a1c5568b907bd184fb4dde7b40?s=96&d=mm&r=g","contentUrl":"https:\/\/secure.gravatar.com\/avatar\/c5a7ef84c66fa914f55bc4f7ce26cfa275a3b9a1c5568b907bd184fb4dde7b40?s=96&d=mm&r=g","caption":"inclusivenews2024"},"sameAs":["https:\/\/inclusivenews.com.br"],"url":"https:\/\/inclusivenews.com.br\/?author=1"}]}},"_links":{"self":[{"href":"https:\/\/inclusivenews.com.br\/index.php?rest_route=\/wp\/v2\/posts\/22337","targetHints":{"allow":["GET"]}}],"collection":[{"href":"https:\/\/inclusivenews.com.br\/index.php?rest_route=\/wp\/v2\/posts"}],"about":[{"href":"https:\/\/inclusivenews.com.br\/index.php?rest_route=\/wp\/v2\/types\/post"}],"author":[{"embeddable":true,"href":"https:\/\/inclusivenews.com.br\/index.php?rest_route=\/wp\/v2\/users\/1"}],"replies":[{"embeddable":true,"href":"https:\/\/inclusivenews.com.br\/index.php?rest_route=%2Fwp%2Fv2%2Fcomments&post=22337"}],"version-history":[{"count":0,"href":"https:\/\/inclusivenews.com.br\/index.php?rest_route=\/wp\/v2\/posts\/22337\/revisions"}],"wp:attachment":[{"href":"https:\/\/inclusivenews.com.br\/index.php?rest_route=%2Fwp%2Fv2%2Fmedia&parent=22337"}],"wp:term":[{"taxonomy":"category","embeddable":true,"href":"https:\/\/inclusivenews.com.br\/index.php?rest_route=%2Fwp%2Fv2%2Fcategories&post=22337"},{"taxonomy":"post_tag","embeddable":true,"href":"https:\/\/inclusivenews.com.br\/index.php?rest_route=%2Fwp%2Fv2%2Ftags&post=22337"}],"curies":[{"name":"wp","href":"https:\/\/api.w.org\/{rel}","templated":true}]}}