{"id":22350,"date":"2012-04-14T11:51:06","date_gmt":"2012-04-14T14:51:06","guid":{"rendered":"http:\/\/www.inclusive.org.br\/?p=22350"},"modified":"2012-04-14T11:51:06","modified_gmt":"2012-04-14T14:51:06","slug":"pre-congresso-de-sindrome-de-down-vitoriaes-195","status":"publish","type":"post","link":"https:\/\/inclusivenews.com.br\/?p=22350","title":{"rendered":"Pr\u00e9-Congresso de S\u00edndrome de Down &#8211; Vit\u00f3ria\/ES &#8211; 19\/5"},"content":{"rendered":"<p><a href=\"http:\/\/www.inclusivenews.com.br\/wp-content\/uploads\/vitoria-down-1024x444.jpg\"><img loading=\"lazy\" decoding=\"async\" class=\"alignnone size-medium wp-image-22351\" title=\"vitoria-down-1024x444\" src=\"http:\/\/inclusivenews.com.br\/wp-content\/uploads\/vitoria-down-1024x444-300x130.jpg\" alt=\"Logotipo daAssocia\u00e7\u00e3o Vit\u00f3ria Down, em letras coloridas com um ilustra\u00e7\u00e3o de um menino com Down do lado esquerdo e uma menina do lado direito do logo.\" width=\"300\" height=\"130\" \/><\/a>Programa\u00e7\u00e3o para o Pr\u00e9-Congresso sobre S\u00edndrome de Down que acontecer\u00e1 em 19\/05\/2012 em Vit\u00f3ria\/ES.<\/p>\n<p>Palestrante: Dr. Zan Mustacchi- M\u00e9dico Geneticista e Pediatra; Doutor e Mestre pela USP; respons\u00e1vel pelo Ambulat\u00f3rio de Gen\u00e9tica do Hospital Infantil Darcy Vargas; Presidente do Depto. Cient\u00edfico de Gen\u00e9tica da Soc. De Pediatria de S\u00e3o Paulo; Diretor Cl\u00ednico do CEPEC-SP; Respons\u00e1vel pelo Curso de Especializa\u00e7\u00e3o em S\u00edndrme de Down, P\u00f3s-gradua\u00e7\u00e3o Lato-Sensu S\u00e3o Paulo(UMC\/CEPEC-SP) e Bras\u00edlia (CETREX\/FJK\/CEPEC-SP).<br \/>\nPrograma\u00e7\u00e3o:<br \/>\n8:00 \u00e0s 8:30h \u2013 Credenciamento com caf\u00e9 da manh\u00e3<br \/>\n8:30 \u00e0s 9:00h \u2013 Abertura Solene<br \/>\n9:00 \u00e0s 11:30h \u2013 Apresenta\u00e7\u00e3o dos seguintes temas:<br \/>\n\u00b7        Hist\u00f3rico da Evolu\u00e7\u00e3o Humana;<br \/>\n\u00b7        Hist\u00f3rico da Condi\u00e7\u00e3o Nutricional;<br \/>\n\u00b7        Base de Informa\u00e7\u00e3o Gen\u00e9tica;<br \/>\n\u00b7        Gen\u00e9tica na S\u00edndrome de Down;<br \/>\n\u00b7        Diagn\u00f3stico Molecular e Citogen\u00e9tico em SD;<br \/>\n\u00b7        Modelos Animais e Pesquisa em SD;<br \/>\n\u00b7        Diagn\u00f3stico Pr\u00e9- Implantacional em Fertiliza\u00e7\u00e3o Assistida;<br \/>\n\u00b7        Diagn\u00f3stico Pr\u00e9 Natal;<br \/>\n\u00b7        Diagn\u00f3stico Cl\u00ednico do Rec\u00e9m Nascido;<br \/>\n11:30 \u00e0s 12:00h \u2013 Tempo destinado a perguntas do participantes.<br \/>\n13:30 \u00e0s 14:00h \u2013 Apresenta\u00e7\u00e3o Cultural<br \/>\n14:00h \u00e0s 15:45 \u2013 Apresenta\u00e7\u00e3o dos seguintes temas:<br \/>\n\u00b7        Avalia\u00e7\u00e3o Cl\u00ednica Seguimentar dos Aparelhos e Sistemas Diferenciados na SD;<br \/>\n\u00b7        Desenvolvimento Neuropsicomotor na Pessoa com SD;<br \/>\n\u00b7        Inf\u00e2ncia e Adolesc\u00eancia envolvendo a Sexualidade;<br \/>\n\u00b7        A Prole- Fertilidade;<br \/>\n15:45 \u00e0s 16:00h &#8211; Intervalo<br \/>\n16:00 \u00e0s 17:30h \u2013 Apresenta\u00e7\u00e3o dos seguintes temas:<br \/>\n\u00b7        Autonomia Assistida;<br \/>\n\u00b7        Resid\u00eancia Abrigada;<br \/>\n\u00b7        Envelhecimento;<br \/>\n\u00b7        Doen\u00e7as Neurodegenerativas e Psiqui\u00e1tricas;<br \/>\n\u00b7         Alzheimer.<br \/>\n17:30 \u00e0s 18:00h &#8211; Tempo destinado a perguntas do participantes<br \/>\n18:00h \u2013 Encerramento.<\/p>\n<p>Inscri\u00e7\u00f5es: at\u00e9 11 de maio de 2012<br \/>\nPelo telefone:(27) 3314-1174 (das 14:00 \u00e0s 17:00h) ou<br \/>\nPelo e-mail: vitoriadown@ig.com.br<\/p>\n<p>As inscri\u00e7\u00f5es feitas por email dever\u00e3o aguardar a confirma\u00e7\u00e3o pela Vit\u00f3ria Down.<\/p>\n<p>INSCRI\u00c7\u00c3O GRATUITA, POR\u00c9M OBRIGAT\u00d3RIA, VAGAS LIMITADAS!<\/p>\n<p>Realiza\u00e7\u00e3o: <a href=\"http:\/\/vitoriadown.com.br\/\">Associa\u00e7\u00e3o Vit\u00f3ria Down<\/a>.<br \/>\nFiliada \u00e0 <a href=\"http:\/\/www.federacaodown.org.br\/site\/\">Federa\u00e7\u00e3o Brasileira das Associa\u00e7\u00f5es de S\u00edndrome de Down &#8211; FBASD<\/a>.<br \/>\nApoio: UNIMED Vit\u00f3ria<br \/>\nFedera\u00e7\u00e3o das Apaes do Esp\u00edrito Santo.<\/p>\n","protected":false},"excerpt":{"rendered":"<p>O Geneticista e Pediatra Dr. Zan Mustachi falar\u00e1 sobre aspectos hist\u00f3ricos, gen\u00e9ticos, m\u00e9dicos, pesquisas e tratamentos relacionados \u00e0 s\u00edndrome de Down.<\/p>\n","protected":false},"author":1,"featured_media":0,"comment_status":"open","ping_status":"open","sticky":false,"template":"","format":"standard","meta":{"site-container-style":"default","site-container-layout":"default","site-sidebar-layout":"default","disable-article-header":"default","disable-site-header":"default","disable-site-footer":"default","disable-content-area-spacing":"default","footnotes":""},"categories":[12,38,4,37],"tags":[],"class_list":["post-22350","post","type-post","status-publish","format-standard","hentry","category-cursos-e-eventos","category-deficiencia","category-noticias","category-saude"],"yoast_head":"<!-- This site is optimized with the Yoast SEO plugin v27.4 - https:\/\/yoast.com\/product\/yoast-seo-wordpress\/ -->\n<title>Pr\u00e9-Congresso de S\u00edndrome de Down - Vit\u00f3ria\/ES - 19\/5 -<\/title>\n<meta name=\"robots\" content=\"index, follow, max-snippet:-1, max-image-preview:large, max-video-preview:-1\" \/>\n<link rel=\"canonical\" href=\"https:\/\/inclusivenews.com.br\/?p=22350\" \/>\n<meta property=\"og:locale\" content=\"pt_PT\" \/>\n<meta property=\"og:type\" content=\"article\" \/>\n<meta property=\"og:title\" content=\"Pr\u00e9-Congresso de S\u00edndrome de Down - Vit\u00f3ria\/ES - 19\/5 -\" \/>\n<meta property=\"og:description\" content=\"O Geneticista e Pediatra Dr. Zan Mustachi falar\u00e1 sobre aspectos hist\u00f3ricos, gen\u00e9ticos, m\u00e9dicos, pesquisas e tratamentos relacionados \u00e0 s\u00edndrome de Down.\" \/>\n<meta property=\"og:url\" content=\"https:\/\/inclusivenews.com.br\/?p=22350\" \/>\n<meta property=\"article:publisher\" content=\"https:\/\/www.facebook.com\/agenciainclusive\/\" \/>\n<meta property=\"article:published_time\" content=\"2012-04-14T14:51:06+00:00\" \/>\n<meta property=\"og:image\" content=\"http:\/\/inclusivenews.com.br\/wp-content\/uploads\/vitoria-down-1024x444-300x130.jpg\" \/>\n<meta name=\"author\" content=\"inclusivenews2024\" \/>\n<meta name=\"twitter:card\" content=\"summary_large_image\" \/>\n<meta name=\"twitter:label1\" content=\"Escrito por\" \/>\n\t<meta name=\"twitter:data1\" content=\"inclusivenews2024\" \/>\n\t<meta name=\"twitter:label2\" content=\"Tempo estimado de leitura\" \/>\n\t<meta name=\"twitter:data2\" content=\"2 minutos\" \/>\n<script type=\"application\/ld+json\" class=\"yoast-schema-graph\">{\"@context\":\"https:\\\/\\\/schema.org\",\"@graph\":[{\"@type\":\"Article\",\"@id\":\"https:\\\/\\\/inclusivenews.com.br\\\/?p=22350#article\",\"isPartOf\":{\"@id\":\"https:\\\/\\\/inclusivenews.com.br\\\/?p=22350\"},\"author\":{\"name\":\"inclusivenews2024\",\"@id\":\"https:\\\/\\\/inclusivenews.com.br\\\/#\\\/schema\\\/person\\\/ae4ec7087559b8692fb33b6fffd2273b\"},\"headline\":\"Pr\u00e9-Congresso de S\u00edndrome de Down &#8211; Vit\u00f3ria\\\/ES &#8211; 19\\\/5\",\"datePublished\":\"2012-04-14T14:51:06+00:00\",\"mainEntityOfPage\":{\"@id\":\"https:\\\/\\\/inclusivenews.com.br\\\/?p=22350\"},\"wordCount\":346,\"commentCount\":4,\"publisher\":{\"@id\":\"https:\\\/\\\/inclusivenews.com.br\\\/#organization\"},\"image\":{\"@id\":\"https:\\\/\\\/inclusivenews.com.br\\\/?p=22350#primaryimage\"},\"thumbnailUrl\":\"http:\\\/\\\/inclusivenews.com.br\\\/wp-content\\\/uploads\\\/vitoria-down-1024x444-300x130.jpg\",\"articleSection\":[\"Cursos e eventos\",\"Defici\u00eancia\",\"NOT\u00cdCIAS\",\"Sa\u00fade\"],\"inLanguage\":\"pt-PT\",\"potentialAction\":[{\"@type\":\"CommentAction\",\"name\":\"Comment\",\"target\":[\"https:\\\/\\\/inclusivenews.com.br\\\/?p=22350#respond\"]}]},{\"@type\":\"WebPage\",\"@id\":\"https:\\\/\\\/inclusivenews.com.br\\\/?p=22350\",\"url\":\"https:\\\/\\\/inclusivenews.com.br\\\/?p=22350\",\"name\":\"Pr\u00e9-Congresso de S\u00edndrome de Down - Vit\u00f3ria\\\/ES - 19\\\/5 -\",\"isPartOf\":{\"@id\":\"https:\\\/\\\/inclusivenews.com.br\\\/#website\"},\"primaryImageOfPage\":{\"@id\":\"https:\\\/\\\/inclusivenews.com.br\\\/?p=22350#primaryimage\"},\"image\":{\"@id\":\"https:\\\/\\\/inclusivenews.com.br\\\/?p=22350#primaryimage\"},\"thumbnailUrl\":\"http:\\\/\\\/inclusivenews.com.br\\\/wp-content\\\/uploads\\\/vitoria-down-1024x444-300x130.jpg\",\"datePublished\":\"2012-04-14T14:51:06+00:00\",\"breadcrumb\":{\"@id\":\"https:\\\/\\\/inclusivenews.com.br\\\/?p=22350#breadcrumb\"},\"inLanguage\":\"pt-PT\",\"potentialAction\":[{\"@type\":\"ReadAction\",\"target\":[\"https:\\\/\\\/inclusivenews.com.br\\\/?p=22350\"]}]},{\"@type\":\"ImageObject\",\"inLanguage\":\"pt-PT\",\"@id\":\"https:\\\/\\\/inclusivenews.com.br\\\/?p=22350#primaryimage\",\"url\":\"\",\"contentUrl\":\"\"},{\"@type\":\"BreadcrumbList\",\"@id\":\"https:\\\/\\\/inclusivenews.com.br\\\/?p=22350#breadcrumb\",\"itemListElement\":[{\"@type\":\"ListItem\",\"position\":1,\"name\":\"In\u00edcio\",\"item\":\"https:\\\/\\\/inclusivenews.com.br\\\/\"},{\"@type\":\"ListItem\",\"position\":2,\"name\":\"Pr\u00e9-Congresso de S\u00edndrome de Down &#8211; Vit\u00f3ria\\\/ES &#8211; 19\\\/5\"}]},{\"@type\":\"WebSite\",\"@id\":\"https:\\\/\\\/inclusivenews.com.br\\\/#website\",\"url\":\"https:\\\/\\\/inclusivenews.com.br\\\/\",\"name\":\"Inclusive News\",\"description\":\"Inclusive News\",\"publisher\":{\"@id\":\"https:\\\/\\\/inclusivenews.com.br\\\/#organization\"},\"potentialAction\":[{\"@type\":\"SearchAction\",\"target\":{\"@type\":\"EntryPoint\",\"urlTemplate\":\"https:\\\/\\\/inclusivenews.com.br\\\/?s={search_term_string}\"},\"query-input\":{\"@type\":\"PropertyValueSpecification\",\"valueRequired\":true,\"valueName\":\"search_term_string\"}}],\"inLanguage\":\"pt-PT\"},{\"@type\":\"Organization\",\"@id\":\"https:\\\/\\\/inclusivenews.com.br\\\/#organization\",\"name\":\"Inclusive - inclus\u00e3o e cidadania\",\"url\":\"https:\\\/\\\/inclusivenews.com.br\\\/\",\"logo\":{\"@type\":\"ImageObject\",\"inLanguage\":\"pt-PT\",\"@id\":\"https:\\\/\\\/inclusivenews.com.br\\\/#\\\/schema\\\/logo\\\/image\\\/\",\"url\":\"https:\\\/\\\/inclusivenews.com.br\\\/wp-content\\\/uploads\\\/2024\\\/03\\\/@grandesite.png\",\"contentUrl\":\"https:\\\/\\\/inclusivenews.com.br\\\/wp-content\\\/uploads\\\/2024\\\/03\\\/@grandesite.png\",\"width\":1080,\"height\":1080,\"caption\":\"Inclusive - inclus\u00e3o e cidadania\"},\"image\":{\"@id\":\"https:\\\/\\\/inclusivenews.com.br\\\/#\\\/schema\\\/logo\\\/image\\\/\"},\"sameAs\":[\"https:\\\/\\\/www.facebook.com\\\/agenciainclusive\\\/\",\"https:\\\/\\\/www.instagram.com\\\/newsinclusive\\\/\"]},{\"@type\":\"Person\",\"@id\":\"https:\\\/\\\/inclusivenews.com.br\\\/#\\\/schema\\\/person\\\/ae4ec7087559b8692fb33b6fffd2273b\",\"name\":\"inclusivenews2024\",\"image\":{\"@type\":\"ImageObject\",\"inLanguage\":\"pt-PT\",\"@id\":\"https:\\\/\\\/secure.gravatar.com\\\/avatar\\\/c5a7ef84c66fa914f55bc4f7ce26cfa275a3b9a1c5568b907bd184fb4dde7b40?s=96&d=mm&r=g\",\"url\":\"https:\\\/\\\/secure.gravatar.com\\\/avatar\\\/c5a7ef84c66fa914f55bc4f7ce26cfa275a3b9a1c5568b907bd184fb4dde7b40?s=96&d=mm&r=g\",\"contentUrl\":\"https:\\\/\\\/secure.gravatar.com\\\/avatar\\\/c5a7ef84c66fa914f55bc4f7ce26cfa275a3b9a1c5568b907bd184fb4dde7b40?s=96&d=mm&r=g\",\"caption\":\"inclusivenews2024\"},\"sameAs\":[\"https:\\\/\\\/inclusivenews.com.br\"],\"url\":\"https:\\\/\\\/inclusivenews.com.br\\\/?author=1\"}]}<\/script>\n<!-- \/ Yoast SEO plugin. -->","yoast_head_json":{"title":"Pr\u00e9-Congresso de S\u00edndrome de Down - Vit\u00f3ria\/ES - 19\/5 -","robots":{"index":"index","follow":"follow","max-snippet":"max-snippet:-1","max-image-preview":"max-image-preview:large","max-video-preview":"max-video-preview:-1"},"canonical":"https:\/\/inclusivenews.com.br\/?p=22350","og_locale":"pt_PT","og_type":"article","og_title":"Pr\u00e9-Congresso de S\u00edndrome de Down - Vit\u00f3ria\/ES - 19\/5 -","og_description":"O Geneticista e Pediatra Dr. Zan Mustachi falar\u00e1 sobre aspectos hist\u00f3ricos, gen\u00e9ticos, m\u00e9dicos, pesquisas e tratamentos relacionados \u00e0 s\u00edndrome de Down.","og_url":"https:\/\/inclusivenews.com.br\/?p=22350","article_publisher":"https:\/\/www.facebook.com\/agenciainclusive\/","article_published_time":"2012-04-14T14:51:06+00:00","og_image":[{"url":"http:\/\/inclusivenews.com.br\/wp-content\/uploads\/vitoria-down-1024x444-300x130.jpg","type":"","width":"","height":""}],"author":"inclusivenews2024","twitter_card":"summary_large_image","twitter_misc":{"Escrito por":"inclusivenews2024","Tempo estimado de leitura":"2 minutos"},"schema":{"@context":"https:\/\/schema.org","@graph":[{"@type":"Article","@id":"https:\/\/inclusivenews.com.br\/?p=22350#article","isPartOf":{"@id":"https:\/\/inclusivenews.com.br\/?p=22350"},"author":{"name":"inclusivenews2024","@id":"https:\/\/inclusivenews.com.br\/#\/schema\/person\/ae4ec7087559b8692fb33b6fffd2273b"},"headline":"Pr\u00e9-Congresso de S\u00edndrome de Down &#8211; Vit\u00f3ria\/ES &#8211; 19\/5","datePublished":"2012-04-14T14:51:06+00:00","mainEntityOfPage":{"@id":"https:\/\/inclusivenews.com.br\/?p=22350"},"wordCount":346,"commentCount":4,"publisher":{"@id":"https:\/\/inclusivenews.com.br\/#organization"},"image":{"@id":"https:\/\/inclusivenews.com.br\/?p=22350#primaryimage"},"thumbnailUrl":"http:\/\/inclusivenews.com.br\/wp-content\/uploads\/vitoria-down-1024x444-300x130.jpg","articleSection":["Cursos e eventos","Defici\u00eancia","NOT\u00cdCIAS","Sa\u00fade"],"inLanguage":"pt-PT","potentialAction":[{"@type":"CommentAction","name":"Comment","target":["https:\/\/inclusivenews.com.br\/?p=22350#respond"]}]},{"@type":"WebPage","@id":"https:\/\/inclusivenews.com.br\/?p=22350","url":"https:\/\/inclusivenews.com.br\/?p=22350","name":"Pr\u00e9-Congresso de S\u00edndrome de Down - Vit\u00f3ria\/ES - 19\/5 -","isPartOf":{"@id":"https:\/\/inclusivenews.com.br\/#website"},"primaryImageOfPage":{"@id":"https:\/\/inclusivenews.com.br\/?p=22350#primaryimage"},"image":{"@id":"https:\/\/inclusivenews.com.br\/?p=22350#primaryimage"},"thumbnailUrl":"http:\/\/inclusivenews.com.br\/wp-content\/uploads\/vitoria-down-1024x444-300x130.jpg","datePublished":"2012-04-14T14:51:06+00:00","breadcrumb":{"@id":"https:\/\/inclusivenews.com.br\/?p=22350#breadcrumb"},"inLanguage":"pt-PT","potentialAction":[{"@type":"ReadAction","target":["https:\/\/inclusivenews.com.br\/?p=22350"]}]},{"@type":"ImageObject","inLanguage":"pt-PT","@id":"https:\/\/inclusivenews.com.br\/?p=22350#primaryimage","url":"","contentUrl":""},{"@type":"BreadcrumbList","@id":"https:\/\/inclusivenews.com.br\/?p=22350#breadcrumb","itemListElement":[{"@type":"ListItem","position":1,"name":"In\u00edcio","item":"https:\/\/inclusivenews.com.br\/"},{"@type":"ListItem","position":2,"name":"Pr\u00e9-Congresso de S\u00edndrome de Down &#8211; Vit\u00f3ria\/ES &#8211; 19\/5"}]},{"@type":"WebSite","@id":"https:\/\/inclusivenews.com.br\/#website","url":"https:\/\/inclusivenews.com.br\/","name":"Inclusive News","description":"Inclusive News","publisher":{"@id":"https:\/\/inclusivenews.com.br\/#organization"},"potentialAction":[{"@type":"SearchAction","target":{"@type":"EntryPoint","urlTemplate":"https:\/\/inclusivenews.com.br\/?s={search_term_string}"},"query-input":{"@type":"PropertyValueSpecification","valueRequired":true,"valueName":"search_term_string"}}],"inLanguage":"pt-PT"},{"@type":"Organization","@id":"https:\/\/inclusivenews.com.br\/#organization","name":"Inclusive - inclus\u00e3o e cidadania","url":"https:\/\/inclusivenews.com.br\/","logo":{"@type":"ImageObject","inLanguage":"pt-PT","@id":"https:\/\/inclusivenews.com.br\/#\/schema\/logo\/image\/","url":"https:\/\/inclusivenews.com.br\/wp-content\/uploads\/2024\/03\/@grandesite.png","contentUrl":"https:\/\/inclusivenews.com.br\/wp-content\/uploads\/2024\/03\/@grandesite.png","width":1080,"height":1080,"caption":"Inclusive - inclus\u00e3o e cidadania"},"image":{"@id":"https:\/\/inclusivenews.com.br\/#\/schema\/logo\/image\/"},"sameAs":["https:\/\/www.facebook.com\/agenciainclusive\/","https:\/\/www.instagram.com\/newsinclusive\/"]},{"@type":"Person","@id":"https:\/\/inclusivenews.com.br\/#\/schema\/person\/ae4ec7087559b8692fb33b6fffd2273b","name":"inclusivenews2024","image":{"@type":"ImageObject","inLanguage":"pt-PT","@id":"https:\/\/secure.gravatar.com\/avatar\/c5a7ef84c66fa914f55bc4f7ce26cfa275a3b9a1c5568b907bd184fb4dde7b40?s=96&d=mm&r=g","url":"https:\/\/secure.gravatar.com\/avatar\/c5a7ef84c66fa914f55bc4f7ce26cfa275a3b9a1c5568b907bd184fb4dde7b40?s=96&d=mm&r=g","contentUrl":"https:\/\/secure.gravatar.com\/avatar\/c5a7ef84c66fa914f55bc4f7ce26cfa275a3b9a1c5568b907bd184fb4dde7b40?s=96&d=mm&r=g","caption":"inclusivenews2024"},"sameAs":["https:\/\/inclusivenews.com.br"],"url":"https:\/\/inclusivenews.com.br\/?author=1"}]}},"_links":{"self":[{"href":"https:\/\/inclusivenews.com.br\/index.php?rest_route=\/wp\/v2\/posts\/22350","targetHints":{"allow":["GET"]}}],"collection":[{"href":"https:\/\/inclusivenews.com.br\/index.php?rest_route=\/wp\/v2\/posts"}],"about":[{"href":"https:\/\/inclusivenews.com.br\/index.php?rest_route=\/wp\/v2\/types\/post"}],"author":[{"embeddable":true,"href":"https:\/\/inclusivenews.com.br\/index.php?rest_route=\/wp\/v2\/users\/1"}],"replies":[{"embeddable":true,"href":"https:\/\/inclusivenews.com.br\/index.php?rest_route=%2Fwp%2Fv2%2Fcomments&post=22350"}],"version-history":[{"count":0,"href":"https:\/\/inclusivenews.com.br\/index.php?rest_route=\/wp\/v2\/posts\/22350\/revisions"}],"wp:attachment":[{"href":"https:\/\/inclusivenews.com.br\/index.php?rest_route=%2Fwp%2Fv2%2Fmedia&parent=22350"}],"wp:term":[{"taxonomy":"category","embeddable":true,"href":"https:\/\/inclusivenews.com.br\/index.php?rest_route=%2Fwp%2Fv2%2Fcategories&post=22350"},{"taxonomy":"post_tag","embeddable":true,"href":"https:\/\/inclusivenews.com.br\/index.php?rest_route=%2Fwp%2Fv2%2Ftags&post=22350"}],"curies":[{"name":"wp","href":"https:\/\/api.w.org\/{rel}","templated":true}]}}