{"id":22401,"date":"2012-04-21T19:21:53","date_gmt":"2012-04-21T22:21:53","guid":{"rendered":"http:\/\/www.inclusive.org.br\/?p=22401"},"modified":"2012-04-21T19:21:53","modified_gmt":"2012-04-21T22:21:53","slug":"movimento-down-completa-um-mes-de-vida","status":"publish","type":"post","link":"https:\/\/inclusivenews.com.br\/?p=22401","title":{"rendered":"Movimento Down completa um m\u00eas de vida"},"content":{"rendered":"<p><a href=\"http:\/\/www.inclusivenews.com.br\/wp-content\/uploads\/Screen-shot-2012-04-10-at-11.44.54-AM.png\"><img loading=\"lazy\" decoding=\"async\" class=\"alignleft size-medium wp-image-22402\" title=\"Screen shot 2012-04-10 at 11.44.54 AM\" src=\"http:\/\/inclusivenews.com.br\/wp-content\/uploads\/Screen-shot-2012-04-10-at-11.44.54-AM-300x209.png\" alt=\"P\u00e1gina do Movimento Down, com \u00edcones em tons past\u00e9is e uma menina com s\u00edndrome de Down de \u00f3culos no canto direito superior.\" width=\"300\" height=\"209\" \/><\/a>O Movimento Down \u2013 portal lan\u00e7ado no \u00faltimo dia 21 de mar\u00e7o<br \/>\nreunindo informa\u00e7\u00f5es sobre s\u00edndrome de Down, completa um m\u00eas com mais de 4 mil<br \/>\nf\u00e3s no Facebook e uma enxurrada de coment\u00e1rios e perguntas.<\/p>\n<p>Para comemorar a data, estamos distribuindo a primeira<br \/>\nnewsletter. A partir de abril, os internautas cadastrados receber\u00e3o informa\u00e7\u00f5es<br \/>\nfresquinhas por e-mail, todos os meses, sempre no dia 21.<\/p>\n<p>O portal foi criado para difundir informa\u00e7\u00f5es sobre diversos<br \/>\naspectos relacionados \u00e0 s\u00edndrome de Down e \u00e9 voltado, principalmente, para<br \/>\npessoas com a trissomia, seus familiares e profissionais ligados ao tema. O<br \/>\nobjetivo \u00e9 prestar esclarecimentos que possam melhorar a qualidade de vida das<br \/>\npessoas com s\u00edndrome de Down, para que elas possam alcan\u00e7ar uma vida de<br \/>\nautonomia e independ\u00eancia.<\/p>\n<p>Desde que entrou no ar, o portal j\u00e1 foi visitado por 12.860<br \/>\ninternautas diferentes e recebeu 653 perguntas, a maioria (153), sobre educa\u00e7\u00e3o<br \/>\ne inclus\u00e3o. Mas tamb\u00e9m h\u00e1 d\u00favidas sobre sa\u00fade, legisla\u00e7\u00e3o e fala e comunica\u00e7\u00e3o,<br \/>\nentre outros temas. Foram 66.152 p\u00e1ginas visitadas.<\/p>\n<p>A maioria dos visitantes v\u00eam do Brasil, mas tamb\u00e9m h\u00e1<br \/>\nleitores nos Estados Unidos, Inglaterra, Portugal, Espanha e Fran\u00e7a, entre<br \/>\noutros pa\u00edses.<\/p>\n<p>No Facebook, j\u00e1 contamos com 4.250 f\u00e3s, e o n\u00famero vem<br \/>\ncrescendo diariamente. A p\u00e1gina no site de relacionamentos se tornou um espa\u00e7o<br \/>\nde trocas, recebendo v\u00e1rios coment\u00e1rios diariamente.<\/p>\n<p>S\u00e3o profissionais oferecendo servi\u00e7os, pais e familiares<br \/>\ncompartilhando hist\u00f3rias, jovens com a trissomia procurando namorados e at\u00e9<br \/>\nempresas oferecendo emprego e pedindo assessoria. E l\u00e1 tamb\u00e9m j\u00e1 temos uma<br \/>\nsuper galeria de fotos, enviadas pelos leitores.<\/p>\n<p>Essas demandas e coment\u00e1rios tamb\u00e9m est\u00e3o gerando novas<br \/>\npautas para a gente, mantendo o di\u00e1logo constante.<\/p>\n<p>Mas ainda tem muito mais coisa para acontecer! A ambi\u00e7\u00e3o \u00e9<br \/>\ngrande, n\u00e3o faltam projetos e outras a\u00e7\u00f5es est\u00e3o sendo encaminhadas, dentro do<br \/>\nMovimento Down. Continue ligado!<\/p>\n<p>Consulta p\u00fablica sobre Manual da Sa\u00fade se encerra no dia 23<br \/>\n<a href=\"http:\/\/www.movimentodown.org.br\/node\/104\" target=\"_blank\" rel=\"noopener\">http:\/\/www.movimentodown.org.br\/node\/104<\/a><\/p>\n<p>Abertas inscri\u00e7\u00f5es para pr\u00e9 Congresso sobre s\u00edndrome de Down no ES<br \/>\n<a href=\"http:\/\/www.movimentodown.org.br\/node\/105\" target=\"_blank\" rel=\"noopener\">http:\/\/www.movimentodown.org.br\/node\/105<\/a><\/p>\n<p>O jovem que \u00e9 guerreiro n\u00e3o foge \u00e0 luta!<br \/>\n<a href=\"http:\/\/www.movimentodown.org.br\/node\/107\" target=\"_blank\" rel=\"noopener\">http:\/\/www.movimentodown.org.br\/node\/107<\/a><\/p>\n<p>Pronatec Copa abre inscri\u00e7\u00f5es com prioridade para pessoas com defici\u00eancia<br \/>\n<a href=\"http:\/\/www.movimentodown.org.br\/node\/106%C2%A0%C2%A0%C2%A0%C2%A0%C2%A0%C2%A0%C2%A0%C2%A0\" target=\"_blank\" rel=\"noopener\">http:\/\/www.movimentodown.org.br\/node\/106 <\/a><\/p>\n<p>Fonte: <a href=\"www.movimentodown.org.br\">www.movimentodown.org.br<\/a><\/p>\n","protected":false},"excerpt":{"rendered":"<p>O Movimento Down \u2013 portal lan\u00e7ado no \u00faltimo dia 21 de mar\u00e7o reunindo informa\u00e7\u00f5es sobre s\u00edndrome de Down, completa um m\u00eas com mais de 4 mil f\u00e3s no Facebook e uma enxurrada de coment\u00e1rios e perguntas. Para comemorar a data, estamos distribuindo a primeira newsletter. A partir de abril, os internautas cadastrados receber\u00e3o informa\u00e7\u00f5es fresquinhas [&hellip;]<\/p>\n","protected":false},"author":1,"featured_media":0,"comment_status":"open","ping_status":"open","sticky":false,"template":"","format":"standard","meta":{"site-container-style":"default","site-container-layout":"default","site-sidebar-layout":"default","disable-article-header":"default","disable-site-header":"default","disable-site-footer":"default","disable-content-area-spacing":"default","footnotes":""},"categories":[38,48],"tags":[],"class_list":["post-22401","post","type-post","status-publish","format-standard","hentry","category-deficiencia","category-inclusao"],"yoast_head":"<!-- This site is optimized with the Yoast SEO plugin v27.4 - https:\/\/yoast.com\/product\/yoast-seo-wordpress\/ -->\n<title>Movimento Down completa um m\u00eas de vida -<\/title>\n<meta name=\"robots\" content=\"index, follow, max-snippet:-1, max-image-preview:large, max-video-preview:-1\" \/>\n<link rel=\"canonical\" href=\"https:\/\/inclusivenews.com.br\/?p=22401\" \/>\n<meta property=\"og:locale\" content=\"pt_PT\" \/>\n<meta property=\"og:type\" content=\"article\" \/>\n<meta property=\"og:title\" content=\"Movimento Down completa um m\u00eas de vida -\" \/>\n<meta property=\"og:description\" content=\"O Movimento Down \u2013 portal lan\u00e7ado no \u00faltimo dia 21 de mar\u00e7o reunindo informa\u00e7\u00f5es sobre s\u00edndrome de Down, completa um m\u00eas com mais de 4 mil f\u00e3s no Facebook e uma enxurrada de coment\u00e1rios e perguntas. Para comemorar a data, estamos distribuindo a primeira newsletter. A partir de abril, os internautas cadastrados receber\u00e3o informa\u00e7\u00f5es fresquinhas [&hellip;]\" \/>\n<meta property=\"og:url\" content=\"https:\/\/inclusivenews.com.br\/?p=22401\" \/>\n<meta property=\"article:publisher\" content=\"https:\/\/www.facebook.com\/agenciainclusive\/\" \/>\n<meta property=\"article:published_time\" content=\"2012-04-21T22:21:53+00:00\" \/>\n<meta property=\"og:image\" content=\"http:\/\/inclusivenews.com.br\/wp-content\/uploads\/Screen-shot-2012-04-10-at-11.44.54-AM-300x209.png\" \/>\n<meta name=\"author\" content=\"inclusivenews2024\" \/>\n<meta name=\"twitter:card\" content=\"summary_large_image\" \/>\n<meta name=\"twitter:label1\" content=\"Escrito por\" \/>\n\t<meta name=\"twitter:data1\" content=\"inclusivenews2024\" \/>\n\t<meta name=\"twitter:label2\" content=\"Tempo estimado de leitura\" \/>\n\t<meta name=\"twitter:data2\" content=\"2 minutos\" \/>\n<script type=\"application\/ld+json\" class=\"yoast-schema-graph\">{\"@context\":\"https:\\\/\\\/schema.org\",\"@graph\":[{\"@type\":\"Article\",\"@id\":\"https:\\\/\\\/inclusivenews.com.br\\\/?p=22401#article\",\"isPartOf\":{\"@id\":\"https:\\\/\\\/inclusivenews.com.br\\\/?p=22401\"},\"author\":{\"name\":\"inclusivenews2024\",\"@id\":\"https:\\\/\\\/inclusivenews.com.br\\\/#\\\/schema\\\/person\\\/ae4ec7087559b8692fb33b6fffd2273b\"},\"headline\":\"Movimento Down completa um m\u00eas de vida\",\"datePublished\":\"2012-04-21T22:21:53+00:00\",\"mainEntityOfPage\":{\"@id\":\"https:\\\/\\\/inclusivenews.com.br\\\/?p=22401\"},\"wordCount\":410,\"commentCount\":0,\"publisher\":{\"@id\":\"https:\\\/\\\/inclusivenews.com.br\\\/#organization\"},\"image\":{\"@id\":\"https:\\\/\\\/inclusivenews.com.br\\\/?p=22401#primaryimage\"},\"thumbnailUrl\":\"http:\\\/\\\/inclusivenews.com.br\\\/wp-content\\\/uploads\\\/Screen-shot-2012-04-10-at-11.44.54-AM-300x209.png\",\"articleSection\":[\"Defici\u00eancia\",\"INCLUS\u00c3O SOCIAL\"],\"inLanguage\":\"pt-PT\",\"potentialAction\":[{\"@type\":\"CommentAction\",\"name\":\"Comment\",\"target\":[\"https:\\\/\\\/inclusivenews.com.br\\\/?p=22401#respond\"]}]},{\"@type\":\"WebPage\",\"@id\":\"https:\\\/\\\/inclusivenews.com.br\\\/?p=22401\",\"url\":\"https:\\\/\\\/inclusivenews.com.br\\\/?p=22401\",\"name\":\"Movimento Down completa um m\u00eas de vida -\",\"isPartOf\":{\"@id\":\"https:\\\/\\\/inclusivenews.com.br\\\/#website\"},\"primaryImageOfPage\":{\"@id\":\"https:\\\/\\\/inclusivenews.com.br\\\/?p=22401#primaryimage\"},\"image\":{\"@id\":\"https:\\\/\\\/inclusivenews.com.br\\\/?p=22401#primaryimage\"},\"thumbnailUrl\":\"http:\\\/\\\/inclusivenews.com.br\\\/wp-content\\\/uploads\\\/Screen-shot-2012-04-10-at-11.44.54-AM-300x209.png\",\"datePublished\":\"2012-04-21T22:21:53+00:00\",\"breadcrumb\":{\"@id\":\"https:\\\/\\\/inclusivenews.com.br\\\/?p=22401#breadcrumb\"},\"inLanguage\":\"pt-PT\",\"potentialAction\":[{\"@type\":\"ReadAction\",\"target\":[\"https:\\\/\\\/inclusivenews.com.br\\\/?p=22401\"]}]},{\"@type\":\"ImageObject\",\"inLanguage\":\"pt-PT\",\"@id\":\"https:\\\/\\\/inclusivenews.com.br\\\/?p=22401#primaryimage\",\"url\":\"\",\"contentUrl\":\"\"},{\"@type\":\"BreadcrumbList\",\"@id\":\"https:\\\/\\\/inclusivenews.com.br\\\/?p=22401#breadcrumb\",\"itemListElement\":[{\"@type\":\"ListItem\",\"position\":1,\"name\":\"In\u00edcio\",\"item\":\"https:\\\/\\\/inclusivenews.com.br\\\/\"},{\"@type\":\"ListItem\",\"position\":2,\"name\":\"Movimento Down completa um m\u00eas de vida\"}]},{\"@type\":\"WebSite\",\"@id\":\"https:\\\/\\\/inclusivenews.com.br\\\/#website\",\"url\":\"https:\\\/\\\/inclusivenews.com.br\\\/\",\"name\":\"Inclusive News\",\"description\":\"Inclusive News\",\"publisher\":{\"@id\":\"https:\\\/\\\/inclusivenews.com.br\\\/#organization\"},\"potentialAction\":[{\"@type\":\"SearchAction\",\"target\":{\"@type\":\"EntryPoint\",\"urlTemplate\":\"https:\\\/\\\/inclusivenews.com.br\\\/?s={search_term_string}\"},\"query-input\":{\"@type\":\"PropertyValueSpecification\",\"valueRequired\":true,\"valueName\":\"search_term_string\"}}],\"inLanguage\":\"pt-PT\"},{\"@type\":\"Organization\",\"@id\":\"https:\\\/\\\/inclusivenews.com.br\\\/#organization\",\"name\":\"Inclusive - inclus\u00e3o e cidadania\",\"url\":\"https:\\\/\\\/inclusivenews.com.br\\\/\",\"logo\":{\"@type\":\"ImageObject\",\"inLanguage\":\"pt-PT\",\"@id\":\"https:\\\/\\\/inclusivenews.com.br\\\/#\\\/schema\\\/logo\\\/image\\\/\",\"url\":\"https:\\\/\\\/inclusivenews.com.br\\\/wp-content\\\/uploads\\\/2024\\\/03\\\/@grandesite.png\",\"contentUrl\":\"https:\\\/\\\/inclusivenews.com.br\\\/wp-content\\\/uploads\\\/2024\\\/03\\\/@grandesite.png\",\"width\":1080,\"height\":1080,\"caption\":\"Inclusive - inclus\u00e3o e cidadania\"},\"image\":{\"@id\":\"https:\\\/\\\/inclusivenews.com.br\\\/#\\\/schema\\\/logo\\\/image\\\/\"},\"sameAs\":[\"https:\\\/\\\/www.facebook.com\\\/agenciainclusive\\\/\",\"https:\\\/\\\/www.instagram.com\\\/newsinclusive\\\/\"]},{\"@type\":\"Person\",\"@id\":\"https:\\\/\\\/inclusivenews.com.br\\\/#\\\/schema\\\/person\\\/ae4ec7087559b8692fb33b6fffd2273b\",\"name\":\"inclusivenews2024\",\"image\":{\"@type\":\"ImageObject\",\"inLanguage\":\"pt-PT\",\"@id\":\"https:\\\/\\\/secure.gravatar.com\\\/avatar\\\/c5a7ef84c66fa914f55bc4f7ce26cfa275a3b9a1c5568b907bd184fb4dde7b40?s=96&d=mm&r=g\",\"url\":\"https:\\\/\\\/secure.gravatar.com\\\/avatar\\\/c5a7ef84c66fa914f55bc4f7ce26cfa275a3b9a1c5568b907bd184fb4dde7b40?s=96&d=mm&r=g\",\"contentUrl\":\"https:\\\/\\\/secure.gravatar.com\\\/avatar\\\/c5a7ef84c66fa914f55bc4f7ce26cfa275a3b9a1c5568b907bd184fb4dde7b40?s=96&d=mm&r=g\",\"caption\":\"inclusivenews2024\"},\"sameAs\":[\"https:\\\/\\\/inclusivenews.com.br\"],\"url\":\"https:\\\/\\\/inclusivenews.com.br\\\/?author=1\"}]}<\/script>\n<!-- \/ Yoast SEO plugin. -->","yoast_head_json":{"title":"Movimento Down completa um m\u00eas de vida -","robots":{"index":"index","follow":"follow","max-snippet":"max-snippet:-1","max-image-preview":"max-image-preview:large","max-video-preview":"max-video-preview:-1"},"canonical":"https:\/\/inclusivenews.com.br\/?p=22401","og_locale":"pt_PT","og_type":"article","og_title":"Movimento Down completa um m\u00eas de vida -","og_description":"O Movimento Down \u2013 portal lan\u00e7ado no \u00faltimo dia 21 de mar\u00e7o reunindo informa\u00e7\u00f5es sobre s\u00edndrome de Down, completa um m\u00eas com mais de 4 mil f\u00e3s no Facebook e uma enxurrada de coment\u00e1rios e perguntas. Para comemorar a data, estamos distribuindo a primeira newsletter. A partir de abril, os internautas cadastrados receber\u00e3o informa\u00e7\u00f5es fresquinhas [&hellip;]","og_url":"https:\/\/inclusivenews.com.br\/?p=22401","article_publisher":"https:\/\/www.facebook.com\/agenciainclusive\/","article_published_time":"2012-04-21T22:21:53+00:00","og_image":[{"url":"http:\/\/inclusivenews.com.br\/wp-content\/uploads\/Screen-shot-2012-04-10-at-11.44.54-AM-300x209.png","type":"","width":"","height":""}],"author":"inclusivenews2024","twitter_card":"summary_large_image","twitter_misc":{"Escrito por":"inclusivenews2024","Tempo estimado de leitura":"2 minutos"},"schema":{"@context":"https:\/\/schema.org","@graph":[{"@type":"Article","@id":"https:\/\/inclusivenews.com.br\/?p=22401#article","isPartOf":{"@id":"https:\/\/inclusivenews.com.br\/?p=22401"},"author":{"name":"inclusivenews2024","@id":"https:\/\/inclusivenews.com.br\/#\/schema\/person\/ae4ec7087559b8692fb33b6fffd2273b"},"headline":"Movimento Down completa um m\u00eas de vida","datePublished":"2012-04-21T22:21:53+00:00","mainEntityOfPage":{"@id":"https:\/\/inclusivenews.com.br\/?p=22401"},"wordCount":410,"commentCount":0,"publisher":{"@id":"https:\/\/inclusivenews.com.br\/#organization"},"image":{"@id":"https:\/\/inclusivenews.com.br\/?p=22401#primaryimage"},"thumbnailUrl":"http:\/\/inclusivenews.com.br\/wp-content\/uploads\/Screen-shot-2012-04-10-at-11.44.54-AM-300x209.png","articleSection":["Defici\u00eancia","INCLUS\u00c3O SOCIAL"],"inLanguage":"pt-PT","potentialAction":[{"@type":"CommentAction","name":"Comment","target":["https:\/\/inclusivenews.com.br\/?p=22401#respond"]}]},{"@type":"WebPage","@id":"https:\/\/inclusivenews.com.br\/?p=22401","url":"https:\/\/inclusivenews.com.br\/?p=22401","name":"Movimento Down completa um m\u00eas de vida -","isPartOf":{"@id":"https:\/\/inclusivenews.com.br\/#website"},"primaryImageOfPage":{"@id":"https:\/\/inclusivenews.com.br\/?p=22401#primaryimage"},"image":{"@id":"https:\/\/inclusivenews.com.br\/?p=22401#primaryimage"},"thumbnailUrl":"http:\/\/inclusivenews.com.br\/wp-content\/uploads\/Screen-shot-2012-04-10-at-11.44.54-AM-300x209.png","datePublished":"2012-04-21T22:21:53+00:00","breadcrumb":{"@id":"https:\/\/inclusivenews.com.br\/?p=22401#breadcrumb"},"inLanguage":"pt-PT","potentialAction":[{"@type":"ReadAction","target":["https:\/\/inclusivenews.com.br\/?p=22401"]}]},{"@type":"ImageObject","inLanguage":"pt-PT","@id":"https:\/\/inclusivenews.com.br\/?p=22401#primaryimage","url":"","contentUrl":""},{"@type":"BreadcrumbList","@id":"https:\/\/inclusivenews.com.br\/?p=22401#breadcrumb","itemListElement":[{"@type":"ListItem","position":1,"name":"In\u00edcio","item":"https:\/\/inclusivenews.com.br\/"},{"@type":"ListItem","position":2,"name":"Movimento Down completa um m\u00eas de vida"}]},{"@type":"WebSite","@id":"https:\/\/inclusivenews.com.br\/#website","url":"https:\/\/inclusivenews.com.br\/","name":"Inclusive News","description":"Inclusive News","publisher":{"@id":"https:\/\/inclusivenews.com.br\/#organization"},"potentialAction":[{"@type":"SearchAction","target":{"@type":"EntryPoint","urlTemplate":"https:\/\/inclusivenews.com.br\/?s={search_term_string}"},"query-input":{"@type":"PropertyValueSpecification","valueRequired":true,"valueName":"search_term_string"}}],"inLanguage":"pt-PT"},{"@type":"Organization","@id":"https:\/\/inclusivenews.com.br\/#organization","name":"Inclusive - inclus\u00e3o e cidadania","url":"https:\/\/inclusivenews.com.br\/","logo":{"@type":"ImageObject","inLanguage":"pt-PT","@id":"https:\/\/inclusivenews.com.br\/#\/schema\/logo\/image\/","url":"https:\/\/inclusivenews.com.br\/wp-content\/uploads\/2024\/03\/@grandesite.png","contentUrl":"https:\/\/inclusivenews.com.br\/wp-content\/uploads\/2024\/03\/@grandesite.png","width":1080,"height":1080,"caption":"Inclusive - inclus\u00e3o e cidadania"},"image":{"@id":"https:\/\/inclusivenews.com.br\/#\/schema\/logo\/image\/"},"sameAs":["https:\/\/www.facebook.com\/agenciainclusive\/","https:\/\/www.instagram.com\/newsinclusive\/"]},{"@type":"Person","@id":"https:\/\/inclusivenews.com.br\/#\/schema\/person\/ae4ec7087559b8692fb33b6fffd2273b","name":"inclusivenews2024","image":{"@type":"ImageObject","inLanguage":"pt-PT","@id":"https:\/\/secure.gravatar.com\/avatar\/c5a7ef84c66fa914f55bc4f7ce26cfa275a3b9a1c5568b907bd184fb4dde7b40?s=96&d=mm&r=g","url":"https:\/\/secure.gravatar.com\/avatar\/c5a7ef84c66fa914f55bc4f7ce26cfa275a3b9a1c5568b907bd184fb4dde7b40?s=96&d=mm&r=g","contentUrl":"https:\/\/secure.gravatar.com\/avatar\/c5a7ef84c66fa914f55bc4f7ce26cfa275a3b9a1c5568b907bd184fb4dde7b40?s=96&d=mm&r=g","caption":"inclusivenews2024"},"sameAs":["https:\/\/inclusivenews.com.br"],"url":"https:\/\/inclusivenews.com.br\/?author=1"}]}},"_links":{"self":[{"href":"https:\/\/inclusivenews.com.br\/index.php?rest_route=\/wp\/v2\/posts\/22401","targetHints":{"allow":["GET"]}}],"collection":[{"href":"https:\/\/inclusivenews.com.br\/index.php?rest_route=\/wp\/v2\/posts"}],"about":[{"href":"https:\/\/inclusivenews.com.br\/index.php?rest_route=\/wp\/v2\/types\/post"}],"author":[{"embeddable":true,"href":"https:\/\/inclusivenews.com.br\/index.php?rest_route=\/wp\/v2\/users\/1"}],"replies":[{"embeddable":true,"href":"https:\/\/inclusivenews.com.br\/index.php?rest_route=%2Fwp%2Fv2%2Fcomments&post=22401"}],"version-history":[{"count":0,"href":"https:\/\/inclusivenews.com.br\/index.php?rest_route=\/wp\/v2\/posts\/22401\/revisions"}],"wp:attachment":[{"href":"https:\/\/inclusivenews.com.br\/index.php?rest_route=%2Fwp%2Fv2%2Fmedia&parent=22401"}],"wp:term":[{"taxonomy":"category","embeddable":true,"href":"https:\/\/inclusivenews.com.br\/index.php?rest_route=%2Fwp%2Fv2%2Fcategories&post=22401"},{"taxonomy":"post_tag","embeddable":true,"href":"https:\/\/inclusivenews.com.br\/index.php?rest_route=%2Fwp%2Fv2%2Ftags&post=22401"}],"curies":[{"name":"wp","href":"https:\/\/api.w.org\/{rel}","templated":true}]}}