{"id":22415,"date":"2012-04-24T21:23:51","date_gmt":"2012-04-25T00:23:51","guid":{"rendered":"http:\/\/www.inclusive.org.br\/?p=22415"},"modified":"2012-04-24T21:23:51","modified_gmt":"2012-04-25T00:23:51","slug":"maria-de-rodas-delicias-e-desafios-na-maternidade-de-mulheres-cadeirantes","status":"publish","type":"post","link":"https:\/\/inclusivenews.com.br\/?p=22415","title":{"rendered":"Maria de Rodas &#8211; del\u00edcias e desafios na maternidade de mulheres cadeirantes"},"content":{"rendered":"<p>Governo do Estado de S\u00e3o Paulo, a Secretaria da Cultura, o Museu do Futebol e a Editora Scortecci t\u00eam o prazer de convid\u00e1-lo para o lan\u00e7amento nacional do livro:<\/p>\n<p><a href=\"http:\/\/www.inclusivenews.com.br\/wp-content\/uploads\/maria_de_rodas.jpg\"><img loading=\"lazy\" decoding=\"async\" class=\"size-full wp-image-22416 alignnone\" title=\"Maria de Rodas - texto acess\u00edvel a seguir\" src=\"http:\/\/inclusivenews.com.br\/wp-content\/uploads\/maria_de_rodas.jpg\" alt=\"\" width=\"476\" height=\"413\" \/><\/a><\/p>\n<p>Maria de Rodas \u2013 Del\u00edcias e desafios na maternidade de mulheres cadeirantes.<br \/>\nAutoras: Tatiana Rolim, Carolina Ignarra e Fl\u00e1via Cintra.<br \/>\nAutoras Convidadas: Juliana Oliveira e Katya Hemelrijk.<\/p>\n<p>Quando: 10 de maio de 2012.<br \/>\nOnde: Museu do Futebol.<br \/>\n(Pra\u00e7a Charles Muller, s\/no &#8211; Pacaembu \u2013 S\u00e3o Paulo \u2013 SP).<br \/>\nPrograma\u00e7\u00e3o:<br \/>\n18:30 \u2013 Coletiva de Imprensa (audit\u00f3rio).<br \/>\n19:00 \u2013 Lan\u00e7amento ao p\u00fablico (audit\u00f3rio).<br \/>\n19:30 \u2013 Coquetel (foyer).<br \/>\n22:00 \u2013 Encerramento.<\/p>\n<p>Publica\u00e7\u00e3o: Scortecci Editora.<br \/>\nApoio Cultural: Deloitte, Talento Incluir, Organiza\u00e7\u00e3o Social de Cultura: Instituto da Arte do Futebol Brasileiro, Museu do Futebol e Governo do Estado de S\u00e3o Paulo.<\/p>\n<p>Descri\u00e7\u00e3o do convite: o convite com fundo branco, uma faixa superior horizontal rosa onde est\u00e1 o t\u00edtulo do livro e outra vertical verde claro com a programa\u00e7\u00e3o, \u00e9 ilustrado por fotografia em plano geral de Tatiana, Carolina e Fl\u00e1via, atravessando a Avenida Paulista, na faixa de pedestres, em frente ao MASP, tirada por Rapha Bathe. O cen\u00e1rio est\u00e1 em preto e branco e as personagens em cores. As tr\u00eas t\u00eam cabelos castanhos, est\u00e3o sorrindo e usam cal\u00e7as jeans; Tatiana e Carolina conduzem suas cadeiras de rodas, a de Fl\u00e1via \u00e9 motorizada. Tatiana tem cabelos bem curtos, usa camiseta pink de mangas tr\u00eas quartos e colete; Carol tem cabelos longos, usa colete de renda sobre camiseta regata preta; Fl\u00e1via tamb\u00e9m tem cabelos longos, veste camiseta vermelha e casaquinho amarelo. No canto superior direito, fotografia em preto e branco, em plano detalhe, da m\u00e3o de uma delas sobre a roda da cadeira, com destaque para uma alian\u00e7a de ouro com aro e pingente de bonequinha cravejados de brilhantes, tirada por Kica de Castro. As logomarcas da editora e dos apoiadores culturais encontram-se na parte inferior do convite assim como o endere\u00e7o do Facebook: <a href=\"http:\/\/www.facebook.com\/\u200bMariaDeRodas\">http:\/\/www.facebook.com\/\u200bMariaDeRodas<\/a> e o email: <a href=\"mailto:mariaderodas@uol.com.br\">mariaderodas@uol.com.br<\/a><\/p>\n","protected":false},"excerpt":{"rendered":"<p>O lan\u00e7amento ser\u00e1 no dia 10\/5, no Museu do Futebol &#8211; S\u00e3o Paulo &#8211; SP.<\/p>\n","protected":false},"author":1,"featured_media":0,"comment_status":"open","ping_status":"open","sticky":false,"template":"","format":"standard","meta":{"site-container-style":"default","site-container-layout":"default","site-sidebar-layout":"default","disable-article-header":"default","disable-site-header":"default","disable-site-footer":"default","disable-content-area-spacing":"default","footnotes":""},"categories":[50,51,10],"tags":[],"class_list":["post-22415","post","type-post","status-publish","format-standard","hentry","category-lancamentos","category-livros","category-publicacoes"],"yoast_head":"<!-- This site is optimized with the Yoast SEO plugin v27.4 - https:\/\/yoast.com\/product\/yoast-seo-wordpress\/ -->\n<title>Maria de Rodas - del\u00edcias e desafios na maternidade de mulheres cadeirantes -<\/title>\n<meta name=\"robots\" content=\"index, follow, max-snippet:-1, max-image-preview:large, max-video-preview:-1\" \/>\n<link rel=\"canonical\" href=\"https:\/\/inclusivenews.com.br\/?p=22415\" \/>\n<meta property=\"og:locale\" content=\"pt_PT\" \/>\n<meta property=\"og:type\" content=\"article\" \/>\n<meta property=\"og:title\" content=\"Maria de Rodas - del\u00edcias e desafios na maternidade de mulheres cadeirantes -\" \/>\n<meta property=\"og:description\" content=\"O lan\u00e7amento ser\u00e1 no dia 10\/5, no Museu do Futebol - S\u00e3o Paulo - SP.\" \/>\n<meta property=\"og:url\" content=\"https:\/\/inclusivenews.com.br\/?p=22415\" \/>\n<meta property=\"article:publisher\" content=\"https:\/\/www.facebook.com\/agenciainclusive\/\" \/>\n<meta property=\"article:published_time\" content=\"2012-04-25T00:23:51+00:00\" \/>\n<meta property=\"og:image\" content=\"http:\/\/inclusivenews.com.br\/wp-content\/uploads\/maria_de_rodas.jpg\" \/>\n<meta name=\"author\" content=\"inclusivenews2024\" \/>\n<meta name=\"twitter:card\" content=\"summary_large_image\" \/>\n<meta name=\"twitter:label1\" content=\"Escrito por\" \/>\n\t<meta name=\"twitter:data1\" content=\"inclusivenews2024\" \/>\n\t<meta name=\"twitter:label2\" content=\"Tempo estimado de leitura\" \/>\n\t<meta name=\"twitter:data2\" content=\"2 minutos\" \/>\n<script type=\"application\/ld+json\" class=\"yoast-schema-graph\">{\"@context\":\"https:\\\/\\\/schema.org\",\"@graph\":[{\"@type\":\"Article\",\"@id\":\"https:\\\/\\\/inclusivenews.com.br\\\/?p=22415#article\",\"isPartOf\":{\"@id\":\"https:\\\/\\\/inclusivenews.com.br\\\/?p=22415\"},\"author\":{\"name\":\"inclusivenews2024\",\"@id\":\"https:\\\/\\\/inclusivenews.com.br\\\/#\\\/schema\\\/person\\\/ae4ec7087559b8692fb33b6fffd2273b\"},\"headline\":\"Maria de Rodas &#8211; del\u00edcias e desafios na maternidade de mulheres cadeirantes\",\"datePublished\":\"2012-04-25T00:23:51+00:00\",\"mainEntityOfPage\":{\"@id\":\"https:\\\/\\\/inclusivenews.com.br\\\/?p=22415\"},\"wordCount\":359,\"commentCount\":0,\"publisher\":{\"@id\":\"https:\\\/\\\/inclusivenews.com.br\\\/#organization\"},\"image\":{\"@id\":\"https:\\\/\\\/inclusivenews.com.br\\\/?p=22415#primaryimage\"},\"thumbnailUrl\":\"http:\\\/\\\/inclusivenews.com.br\\\/wp-content\\\/uploads\\\/maria_de_rodas.jpg\",\"articleSection\":[\"Lan\u00e7amentos\",\"Livros\",\"PUBLICA\u00c7\u00d5ES\"],\"inLanguage\":\"pt-PT\",\"potentialAction\":[{\"@type\":\"CommentAction\",\"name\":\"Comment\",\"target\":[\"https:\\\/\\\/inclusivenews.com.br\\\/?p=22415#respond\"]}]},{\"@type\":\"WebPage\",\"@id\":\"https:\\\/\\\/inclusivenews.com.br\\\/?p=22415\",\"url\":\"https:\\\/\\\/inclusivenews.com.br\\\/?p=22415\",\"name\":\"Maria de Rodas - del\u00edcias e desafios na maternidade de mulheres cadeirantes -\",\"isPartOf\":{\"@id\":\"https:\\\/\\\/inclusivenews.com.br\\\/#website\"},\"primaryImageOfPage\":{\"@id\":\"https:\\\/\\\/inclusivenews.com.br\\\/?p=22415#primaryimage\"},\"image\":{\"@id\":\"https:\\\/\\\/inclusivenews.com.br\\\/?p=22415#primaryimage\"},\"thumbnailUrl\":\"http:\\\/\\\/inclusivenews.com.br\\\/wp-content\\\/uploads\\\/maria_de_rodas.jpg\",\"datePublished\":\"2012-04-25T00:23:51+00:00\",\"breadcrumb\":{\"@id\":\"https:\\\/\\\/inclusivenews.com.br\\\/?p=22415#breadcrumb\"},\"inLanguage\":\"pt-PT\",\"potentialAction\":[{\"@type\":\"ReadAction\",\"target\":[\"https:\\\/\\\/inclusivenews.com.br\\\/?p=22415\"]}]},{\"@type\":\"ImageObject\",\"inLanguage\":\"pt-PT\",\"@id\":\"https:\\\/\\\/inclusivenews.com.br\\\/?p=22415#primaryimage\",\"url\":\"\",\"contentUrl\":\"\"},{\"@type\":\"BreadcrumbList\",\"@id\":\"https:\\\/\\\/inclusivenews.com.br\\\/?p=22415#breadcrumb\",\"itemListElement\":[{\"@type\":\"ListItem\",\"position\":1,\"name\":\"In\u00edcio\",\"item\":\"https:\\\/\\\/inclusivenews.com.br\\\/\"},{\"@type\":\"ListItem\",\"position\":2,\"name\":\"Maria de Rodas &#8211; del\u00edcias e desafios na maternidade de mulheres cadeirantes\"}]},{\"@type\":\"WebSite\",\"@id\":\"https:\\\/\\\/inclusivenews.com.br\\\/#website\",\"url\":\"https:\\\/\\\/inclusivenews.com.br\\\/\",\"name\":\"Inclusive News\",\"description\":\"Inclusive News\",\"publisher\":{\"@id\":\"https:\\\/\\\/inclusivenews.com.br\\\/#organization\"},\"potentialAction\":[{\"@type\":\"SearchAction\",\"target\":{\"@type\":\"EntryPoint\",\"urlTemplate\":\"https:\\\/\\\/inclusivenews.com.br\\\/?s={search_term_string}\"},\"query-input\":{\"@type\":\"PropertyValueSpecification\",\"valueRequired\":true,\"valueName\":\"search_term_string\"}}],\"inLanguage\":\"pt-PT\"},{\"@type\":\"Organization\",\"@id\":\"https:\\\/\\\/inclusivenews.com.br\\\/#organization\",\"name\":\"Inclusive - inclus\u00e3o e cidadania\",\"url\":\"https:\\\/\\\/inclusivenews.com.br\\\/\",\"logo\":{\"@type\":\"ImageObject\",\"inLanguage\":\"pt-PT\",\"@id\":\"https:\\\/\\\/inclusivenews.com.br\\\/#\\\/schema\\\/logo\\\/image\\\/\",\"url\":\"https:\\\/\\\/inclusivenews.com.br\\\/wp-content\\\/uploads\\\/2024\\\/03\\\/@grandesite.png\",\"contentUrl\":\"https:\\\/\\\/inclusivenews.com.br\\\/wp-content\\\/uploads\\\/2024\\\/03\\\/@grandesite.png\",\"width\":1080,\"height\":1080,\"caption\":\"Inclusive - inclus\u00e3o e cidadania\"},\"image\":{\"@id\":\"https:\\\/\\\/inclusivenews.com.br\\\/#\\\/schema\\\/logo\\\/image\\\/\"},\"sameAs\":[\"https:\\\/\\\/www.facebook.com\\\/agenciainclusive\\\/\",\"https:\\\/\\\/www.instagram.com\\\/newsinclusive\\\/\"]},{\"@type\":\"Person\",\"@id\":\"https:\\\/\\\/inclusivenews.com.br\\\/#\\\/schema\\\/person\\\/ae4ec7087559b8692fb33b6fffd2273b\",\"name\":\"inclusivenews2024\",\"image\":{\"@type\":\"ImageObject\",\"inLanguage\":\"pt-PT\",\"@id\":\"https:\\\/\\\/secure.gravatar.com\\\/avatar\\\/c5a7ef84c66fa914f55bc4f7ce26cfa275a3b9a1c5568b907bd184fb4dde7b40?s=96&d=mm&r=g\",\"url\":\"https:\\\/\\\/secure.gravatar.com\\\/avatar\\\/c5a7ef84c66fa914f55bc4f7ce26cfa275a3b9a1c5568b907bd184fb4dde7b40?s=96&d=mm&r=g\",\"contentUrl\":\"https:\\\/\\\/secure.gravatar.com\\\/avatar\\\/c5a7ef84c66fa914f55bc4f7ce26cfa275a3b9a1c5568b907bd184fb4dde7b40?s=96&d=mm&r=g\",\"caption\":\"inclusivenews2024\"},\"sameAs\":[\"https:\\\/\\\/inclusivenews.com.br\"],\"url\":\"https:\\\/\\\/inclusivenews.com.br\\\/?author=1\"}]}<\/script>\n<!-- \/ Yoast SEO plugin. -->","yoast_head_json":{"title":"Maria de Rodas - del\u00edcias e desafios na maternidade de mulheres cadeirantes -","robots":{"index":"index","follow":"follow","max-snippet":"max-snippet:-1","max-image-preview":"max-image-preview:large","max-video-preview":"max-video-preview:-1"},"canonical":"https:\/\/inclusivenews.com.br\/?p=22415","og_locale":"pt_PT","og_type":"article","og_title":"Maria de Rodas - del\u00edcias e desafios na maternidade de mulheres cadeirantes -","og_description":"O lan\u00e7amento ser\u00e1 no dia 10\/5, no Museu do Futebol - S\u00e3o Paulo - SP.","og_url":"https:\/\/inclusivenews.com.br\/?p=22415","article_publisher":"https:\/\/www.facebook.com\/agenciainclusive\/","article_published_time":"2012-04-25T00:23:51+00:00","og_image":[{"url":"http:\/\/inclusivenews.com.br\/wp-content\/uploads\/maria_de_rodas.jpg","type":"","width":"","height":""}],"author":"inclusivenews2024","twitter_card":"summary_large_image","twitter_misc":{"Escrito por":"inclusivenews2024","Tempo estimado de leitura":"2 minutos"},"schema":{"@context":"https:\/\/schema.org","@graph":[{"@type":"Article","@id":"https:\/\/inclusivenews.com.br\/?p=22415#article","isPartOf":{"@id":"https:\/\/inclusivenews.com.br\/?p=22415"},"author":{"name":"inclusivenews2024","@id":"https:\/\/inclusivenews.com.br\/#\/schema\/person\/ae4ec7087559b8692fb33b6fffd2273b"},"headline":"Maria de Rodas &#8211; del\u00edcias e desafios na maternidade de mulheres cadeirantes","datePublished":"2012-04-25T00:23:51+00:00","mainEntityOfPage":{"@id":"https:\/\/inclusivenews.com.br\/?p=22415"},"wordCount":359,"commentCount":0,"publisher":{"@id":"https:\/\/inclusivenews.com.br\/#organization"},"image":{"@id":"https:\/\/inclusivenews.com.br\/?p=22415#primaryimage"},"thumbnailUrl":"http:\/\/inclusivenews.com.br\/wp-content\/uploads\/maria_de_rodas.jpg","articleSection":["Lan\u00e7amentos","Livros","PUBLICA\u00c7\u00d5ES"],"inLanguage":"pt-PT","potentialAction":[{"@type":"CommentAction","name":"Comment","target":["https:\/\/inclusivenews.com.br\/?p=22415#respond"]}]},{"@type":"WebPage","@id":"https:\/\/inclusivenews.com.br\/?p=22415","url":"https:\/\/inclusivenews.com.br\/?p=22415","name":"Maria de Rodas - del\u00edcias e desafios na maternidade de mulheres cadeirantes -","isPartOf":{"@id":"https:\/\/inclusivenews.com.br\/#website"},"primaryImageOfPage":{"@id":"https:\/\/inclusivenews.com.br\/?p=22415#primaryimage"},"image":{"@id":"https:\/\/inclusivenews.com.br\/?p=22415#primaryimage"},"thumbnailUrl":"http:\/\/inclusivenews.com.br\/wp-content\/uploads\/maria_de_rodas.jpg","datePublished":"2012-04-25T00:23:51+00:00","breadcrumb":{"@id":"https:\/\/inclusivenews.com.br\/?p=22415#breadcrumb"},"inLanguage":"pt-PT","potentialAction":[{"@type":"ReadAction","target":["https:\/\/inclusivenews.com.br\/?p=22415"]}]},{"@type":"ImageObject","inLanguage":"pt-PT","@id":"https:\/\/inclusivenews.com.br\/?p=22415#primaryimage","url":"","contentUrl":""},{"@type":"BreadcrumbList","@id":"https:\/\/inclusivenews.com.br\/?p=22415#breadcrumb","itemListElement":[{"@type":"ListItem","position":1,"name":"In\u00edcio","item":"https:\/\/inclusivenews.com.br\/"},{"@type":"ListItem","position":2,"name":"Maria de Rodas &#8211; del\u00edcias e desafios na maternidade de mulheres cadeirantes"}]},{"@type":"WebSite","@id":"https:\/\/inclusivenews.com.br\/#website","url":"https:\/\/inclusivenews.com.br\/","name":"Inclusive News","description":"Inclusive News","publisher":{"@id":"https:\/\/inclusivenews.com.br\/#organization"},"potentialAction":[{"@type":"SearchAction","target":{"@type":"EntryPoint","urlTemplate":"https:\/\/inclusivenews.com.br\/?s={search_term_string}"},"query-input":{"@type":"PropertyValueSpecification","valueRequired":true,"valueName":"search_term_string"}}],"inLanguage":"pt-PT"},{"@type":"Organization","@id":"https:\/\/inclusivenews.com.br\/#organization","name":"Inclusive - inclus\u00e3o e cidadania","url":"https:\/\/inclusivenews.com.br\/","logo":{"@type":"ImageObject","inLanguage":"pt-PT","@id":"https:\/\/inclusivenews.com.br\/#\/schema\/logo\/image\/","url":"https:\/\/inclusivenews.com.br\/wp-content\/uploads\/2024\/03\/@grandesite.png","contentUrl":"https:\/\/inclusivenews.com.br\/wp-content\/uploads\/2024\/03\/@grandesite.png","width":1080,"height":1080,"caption":"Inclusive - inclus\u00e3o e cidadania"},"image":{"@id":"https:\/\/inclusivenews.com.br\/#\/schema\/logo\/image\/"},"sameAs":["https:\/\/www.facebook.com\/agenciainclusive\/","https:\/\/www.instagram.com\/newsinclusive\/"]},{"@type":"Person","@id":"https:\/\/inclusivenews.com.br\/#\/schema\/person\/ae4ec7087559b8692fb33b6fffd2273b","name":"inclusivenews2024","image":{"@type":"ImageObject","inLanguage":"pt-PT","@id":"https:\/\/secure.gravatar.com\/avatar\/c5a7ef84c66fa914f55bc4f7ce26cfa275a3b9a1c5568b907bd184fb4dde7b40?s=96&d=mm&r=g","url":"https:\/\/secure.gravatar.com\/avatar\/c5a7ef84c66fa914f55bc4f7ce26cfa275a3b9a1c5568b907bd184fb4dde7b40?s=96&d=mm&r=g","contentUrl":"https:\/\/secure.gravatar.com\/avatar\/c5a7ef84c66fa914f55bc4f7ce26cfa275a3b9a1c5568b907bd184fb4dde7b40?s=96&d=mm&r=g","caption":"inclusivenews2024"},"sameAs":["https:\/\/inclusivenews.com.br"],"url":"https:\/\/inclusivenews.com.br\/?author=1"}]}},"_links":{"self":[{"href":"https:\/\/inclusivenews.com.br\/index.php?rest_route=\/wp\/v2\/posts\/22415","targetHints":{"allow":["GET"]}}],"collection":[{"href":"https:\/\/inclusivenews.com.br\/index.php?rest_route=\/wp\/v2\/posts"}],"about":[{"href":"https:\/\/inclusivenews.com.br\/index.php?rest_route=\/wp\/v2\/types\/post"}],"author":[{"embeddable":true,"href":"https:\/\/inclusivenews.com.br\/index.php?rest_route=\/wp\/v2\/users\/1"}],"replies":[{"embeddable":true,"href":"https:\/\/inclusivenews.com.br\/index.php?rest_route=%2Fwp%2Fv2%2Fcomments&post=22415"}],"version-history":[{"count":0,"href":"https:\/\/inclusivenews.com.br\/index.php?rest_route=\/wp\/v2\/posts\/22415\/revisions"}],"wp:attachment":[{"href":"https:\/\/inclusivenews.com.br\/index.php?rest_route=%2Fwp%2Fv2%2Fmedia&parent=22415"}],"wp:term":[{"taxonomy":"category","embeddable":true,"href":"https:\/\/inclusivenews.com.br\/index.php?rest_route=%2Fwp%2Fv2%2Fcategories&post=22415"},{"taxonomy":"post_tag","embeddable":true,"href":"https:\/\/inclusivenews.com.br\/index.php?rest_route=%2Fwp%2Fv2%2Ftags&post=22415"}],"curies":[{"name":"wp","href":"https:\/\/api.w.org\/{rel}","templated":true}]}}