{"id":22417,"date":"2012-04-24T21:23:27","date_gmt":"2012-04-25T00:23:27","guid":{"rendered":"http:\/\/www.inclusive.org.br\/?p=22417"},"modified":"2012-04-24T21:23:27","modified_gmt":"2012-04-25T00:23:27","slug":"o-instituto-noisinho-da-silva-e-o-5%c2%ba-ano-da-oficina-da-ciranda","status":"publish","type":"post","link":"https:\/\/inclusivenews.com.br\/?p=22417","title":{"rendered":"O Instituto Noisinho da Silva e o 5\u00ba ano da Oficina da Ciranda"},"content":{"rendered":"<p><a href=\"http:\/\/www.inclusivenews.com.br\/wp-content\/uploads\/noisinho.jpg\"><img loading=\"lazy\" decoding=\"async\" class=\"size-medium wp-image-22420 alignnone\" title=\"Instituto Noisinho da Silva - f\u00e9 na inclus\u00e3o - 6 crian\u00e7as com defici\u00eancia desenhadas por uma crian\u00e7a\" src=\"http:\/\/inclusivenews.com.br\/wp-content\/uploads\/noisinho-300x139.jpg\" alt=\"\" width=\"300\" height=\"139\" \/><\/a><\/p>\n<p>O Instituto Noisinho da Silva tem o prazer de anunciar o 5a ano do workshop Oficina da Ciranda. Assim como nas edi\u00e7\u00f5es anteriores reafirmamos nosso compromisso com a inclus\u00e3o e nossa parceria com o Sal\u00e3o de Encontro que nos dias 28 e 29 de abril abrira suas portas aos pais de crian\u00e7as entre 1 e 6 com dEfici\u00eancia f\u00edsica que fabricar\u00e3o uma cadeirinha para seus filhos se assentarem no ch\u00e3o, a cadeira Ciranda. A Ciranda retifica a postura permitindo que os meninos se assentem sem ajuda, de maneira segura, prevenindo atrofias musculares, problemas respirat\u00f3rios, g\u00e1stricos, proporcionando a conquista do ch\u00e3o como espa\u00e7o de aprendizado e entretenimento. Com isso, a eles desenvolvem novas habilidades motoras e cognitivas trazendo uma melhora na qualidade de vida n\u00e3o s\u00f3 das crian\u00e7as beneficiadas, mas tamb\u00e9m de todos os que convivem com elas. Cria-se, assim, tamb\u00e9m, um facilitador para que esta crian\u00e7a v\u00e1 retificada a escola normal inclusiva. Esta edi\u00e7\u00e3o atender\u00e1 fam\u00edlias de Betim, Contagem, Ribeir\u00e3o das Neves e Belo Horizonte. Para a presidente do Instituto Noisinho da Silva, Maria Gezica Valadares, \u201ca doa\u00e7\u00e3o final \u00e9 fruto do trabalho e responsabilidade dos pais diante da busca de solu\u00e7\u00e3o para os problemas enfrentados por seus filhos dEFICIENTES\u201d.<\/p>\n<p>A Oficina da Ciranda divulga as t\u00e9cnicas de confec\u00e7\u00e3o da cadeirinha a todos os interessados, que depois passam a atuar como multiplicadores utilizando o manual de fabrica\u00e7\u00e3o que explica detalhadamente o processo. E, enquanto os adultos aprendem a construir a Ciranda, que ao final de cada Oficina \u00e9 doada a seus filhos (as), os pequenos se divertem em atividades culturais aos cuidados de recreadores e cuidadores habilitados (Cada Oficina recebe entre 20 a 30 crian\u00e7as). A terapeuta ocupacional da APAE de Par\u00e1 de Minas, Dulcemar Santos Le\u00e3o Lopes, que participou da Oficina da Ciranda, parabenizou o Instituto por proporcionar \u201ca oportunidade das fam\u00edlias participarem deste projeto\u201d, e destacou a receptividade e o carinho das pessoas que trabalharam no evento.<\/p>\n<p><a href=\"http:\/\/www.inclusivenews.com.br\/wp-content\/uploads\/image.png\"><img loading=\"lazy\" decoding=\"async\" class=\"alignleft size-medium wp-image-22419\" title=\"image\" src=\"http:\/\/inclusivenews.com.br\/wp-content\/uploads\/image-300x248.png\" alt=\"\" width=\"300\" height=\"248\" \/><\/a><\/p>\n<p>A Ciranda foi finalista do Pr\u00eamio Crian\u00e7a, da Funda\u00e7\u00e3o Abrinq, em 2006; da feira de design IF, em Hannover, em 2007; Men\u00e7\u00e3o Honrosa no Museu da Casa Brasileira, 2007; do Pr\u00eamio Funda\u00e7\u00e3o Banco do Brasil de Tecnologia Social, edi\u00e7\u00e3o 2007; selecionada na 2\u00aa Bienal de Design, em Bras\u00edlia, Outubro de 2008; Premio Empreendedor Social da Folha de S\u00e3o Paulo\/Fundacao Schawb, 2009.<\/p>\n<p>A Oficina da Ciranda divulga as t\u00e9cnicas de confec\u00e7\u00e3o da cadeirinha a todos os interessados, que depois passam a atuar como multiplicadores utilizando o manual de fabrica\u00e7\u00e3o que explica detalhadamente o processo. E, enquanto os adultos aprendem a construir a Ciranda, que ao final de cada Oficina \u00e9 doada a seus filhos (as), os pequenos se divertem em atividades culturais aos cuidados de recreadores e cuidadores habilitados (Cada Oficina recebe entre 20 a 30 crian\u00e7as). A terapeuta ocupacional da APAE de Par\u00e1 de Minas, Dulcemar Santos Le\u00e3o Lopes, que participou da Oficina da Ciranda, parabenizou o Instituto por proporcionar \u201ca oportunidade das fam\u00edlias participarem deste projeto\u201d, e destacou a receptividade e o carinho das pessoas que trabalharam no evento.<\/p>\n<p>A Ciranda foi finalista do Pr\u00eamio Crian\u00e7a, da Funda\u00e7\u00e3o Abrinq, em 2006; da feira de design IF, em Hannover, em 2007; Men\u00e7\u00e3o Honrosa no Museu da Casa Brasileira, 2007; do Pr\u00eamio Funda\u00e7\u00e3o Banco do Brasil de Tecnologia Social, edi\u00e7\u00e3o 2007; selecionada na 2\u00aa Bienal de Design, em Bras\u00edlia, Outubro de 2008; Premio Empreendedor Social da Folha de S\u00e3o Paulo\/Fundacao Schawb, 2009.<\/p>\n<p>Contato:<br \/>\nBrian Cardozo e Gonzalo Castillo | assessoria de comunica\u00e7\u00e3o<br \/>\n(31) 2552 7811<br \/>\n(31) 92636139 e 94362871<br \/>\n<a href=\"http:\/\/www.noisinhodasilva.org.br\" target=\"_blank\" rel=\"noopener\">www.noisinhodasilva.org.br<\/a><br \/>\n<a href=\"mailto:comunicacao@noisinhodasilva.org.br \">comunicacao@noisinhodasilva.org.br<\/a><\/p>\n","protected":false},"excerpt":{"rendered":"<p>O Instituto Noisinho da Silva tem o prazer de anunciar o 5a ano do workshop Oficina da Ciranda. Assim como nas edi\u00e7\u00f5es anteriores reafirmamos nosso compromisso com a inclus\u00e3o e nossa parceria com o Sal\u00e3o de Encontro que nos dias 28 e 29 de abril abrira suas portas aos pais de crian\u00e7as entre 1 e 6.<\/p>\n","protected":false},"author":1,"featured_media":0,"comment_status":"open","ping_status":"open","sticky":false,"template":"","format":"standard","meta":{"site-container-style":"default","site-container-layout":"default","site-sidebar-layout":"default","disable-article-header":"default","disable-site-header":"default","disable-site-footer":"default","disable-content-area-spacing":"default","footnotes":""},"categories":[3,11,4],"tags":[60],"class_list":["post-22417","post","type-post","status-publish","format-standard","hentry","category-campanhas","category-direitos-humanos","category-noticias","tag-infancia"],"yoast_head":"<!-- This site is optimized with the Yoast SEO plugin v27.4 - https:\/\/yoast.com\/product\/yoast-seo-wordpress\/ -->\n<title>O Instituto Noisinho da Silva e o 5\u00ba ano da Oficina da Ciranda -<\/title>\n<meta name=\"robots\" content=\"index, follow, max-snippet:-1, max-image-preview:large, max-video-preview:-1\" \/>\n<link rel=\"canonical\" href=\"https:\/\/inclusivenews.com.br\/?p=22417\" \/>\n<meta property=\"og:locale\" content=\"pt_PT\" \/>\n<meta property=\"og:type\" content=\"article\" \/>\n<meta property=\"og:title\" content=\"O Instituto Noisinho da Silva e o 5\u00ba ano da Oficina da Ciranda -\" \/>\n<meta property=\"og:description\" content=\"O Instituto Noisinho da Silva tem o prazer de anunciar o 5a ano do workshop Oficina da Ciranda. Assim como nas edi\u00e7\u00f5es anteriores reafirmamos nosso compromisso com a inclus\u00e3o e nossa parceria com o Sal\u00e3o de Encontro que nos dias 28 e 29 de abril abrira suas portas aos pais de crian\u00e7as entre 1 e 6.\" \/>\n<meta property=\"og:url\" content=\"https:\/\/inclusivenews.com.br\/?p=22417\" \/>\n<meta property=\"article:publisher\" content=\"https:\/\/www.facebook.com\/agenciainclusive\/\" \/>\n<meta property=\"article:published_time\" content=\"2012-04-25T00:23:27+00:00\" \/>\n<meta property=\"og:image\" content=\"http:\/\/inclusivenews.com.br\/wp-content\/uploads\/noisinho-300x139.jpg\" \/>\n<meta name=\"author\" content=\"inclusivenews2024\" \/>\n<meta name=\"twitter:card\" content=\"summary_large_image\" \/>\n<meta name=\"twitter:label1\" content=\"Escrito por\" \/>\n\t<meta name=\"twitter:data1\" content=\"inclusivenews2024\" \/>\n\t<meta name=\"twitter:label2\" content=\"Tempo estimado de leitura\" \/>\n\t<meta name=\"twitter:data2\" content=\"3 minutos\" \/>\n<script type=\"application\/ld+json\" class=\"yoast-schema-graph\">{\"@context\":\"https:\\\/\\\/schema.org\",\"@graph\":[{\"@type\":\"Article\",\"@id\":\"https:\\\/\\\/inclusivenews.com.br\\\/?p=22417#article\",\"isPartOf\":{\"@id\":\"https:\\\/\\\/inclusivenews.com.br\\\/?p=22417\"},\"author\":{\"name\":\"inclusivenews2024\",\"@id\":\"https:\\\/\\\/inclusivenews.com.br\\\/#\\\/schema\\\/person\\\/ae4ec7087559b8692fb33b6fffd2273b\"},\"headline\":\"O Instituto Noisinho da Silva e o 5\u00ba ano da Oficina da Ciranda\",\"datePublished\":\"2012-04-25T00:23:27+00:00\",\"mainEntityOfPage\":{\"@id\":\"https:\\\/\\\/inclusivenews.com.br\\\/?p=22417\"},\"wordCount\":620,\"commentCount\":5,\"publisher\":{\"@id\":\"https:\\\/\\\/inclusivenews.com.br\\\/#organization\"},\"image\":{\"@id\":\"https:\\\/\\\/inclusivenews.com.br\\\/?p=22417#primaryimage\"},\"thumbnailUrl\":\"http:\\\/\\\/inclusivenews.com.br\\\/wp-content\\\/uploads\\\/noisinho-300x139.jpg\",\"keywords\":[\"Inf\u00e2ncia\"],\"articleSection\":[\"CAMPANHAS\",\"DIREITOS HUMANOS\",\"NOT\u00cdCIAS\"],\"inLanguage\":\"pt-PT\",\"potentialAction\":[{\"@type\":\"CommentAction\",\"name\":\"Comment\",\"target\":[\"https:\\\/\\\/inclusivenews.com.br\\\/?p=22417#respond\"]}]},{\"@type\":\"WebPage\",\"@id\":\"https:\\\/\\\/inclusivenews.com.br\\\/?p=22417\",\"url\":\"https:\\\/\\\/inclusivenews.com.br\\\/?p=22417\",\"name\":\"O Instituto Noisinho da Silva e o 5\u00ba ano da Oficina da Ciranda -\",\"isPartOf\":{\"@id\":\"https:\\\/\\\/inclusivenews.com.br\\\/#website\"},\"primaryImageOfPage\":{\"@id\":\"https:\\\/\\\/inclusivenews.com.br\\\/?p=22417#primaryimage\"},\"image\":{\"@id\":\"https:\\\/\\\/inclusivenews.com.br\\\/?p=22417#primaryimage\"},\"thumbnailUrl\":\"http:\\\/\\\/inclusivenews.com.br\\\/wp-content\\\/uploads\\\/noisinho-300x139.jpg\",\"datePublished\":\"2012-04-25T00:23:27+00:00\",\"breadcrumb\":{\"@id\":\"https:\\\/\\\/inclusivenews.com.br\\\/?p=22417#breadcrumb\"},\"inLanguage\":\"pt-PT\",\"potentialAction\":[{\"@type\":\"ReadAction\",\"target\":[\"https:\\\/\\\/inclusivenews.com.br\\\/?p=22417\"]}]},{\"@type\":\"ImageObject\",\"inLanguage\":\"pt-PT\",\"@id\":\"https:\\\/\\\/inclusivenews.com.br\\\/?p=22417#primaryimage\",\"url\":\"\",\"contentUrl\":\"\"},{\"@type\":\"BreadcrumbList\",\"@id\":\"https:\\\/\\\/inclusivenews.com.br\\\/?p=22417#breadcrumb\",\"itemListElement\":[{\"@type\":\"ListItem\",\"position\":1,\"name\":\"In\u00edcio\",\"item\":\"https:\\\/\\\/inclusivenews.com.br\\\/\"},{\"@type\":\"ListItem\",\"position\":2,\"name\":\"O Instituto Noisinho da Silva e o 5\u00ba ano da Oficina da Ciranda\"}]},{\"@type\":\"WebSite\",\"@id\":\"https:\\\/\\\/inclusivenews.com.br\\\/#website\",\"url\":\"https:\\\/\\\/inclusivenews.com.br\\\/\",\"name\":\"Inclusive News\",\"description\":\"Inclusive News\",\"publisher\":{\"@id\":\"https:\\\/\\\/inclusivenews.com.br\\\/#organization\"},\"potentialAction\":[{\"@type\":\"SearchAction\",\"target\":{\"@type\":\"EntryPoint\",\"urlTemplate\":\"https:\\\/\\\/inclusivenews.com.br\\\/?s={search_term_string}\"},\"query-input\":{\"@type\":\"PropertyValueSpecification\",\"valueRequired\":true,\"valueName\":\"search_term_string\"}}],\"inLanguage\":\"pt-PT\"},{\"@type\":\"Organization\",\"@id\":\"https:\\\/\\\/inclusivenews.com.br\\\/#organization\",\"name\":\"Inclusive - inclus\u00e3o e cidadania\",\"url\":\"https:\\\/\\\/inclusivenews.com.br\\\/\",\"logo\":{\"@type\":\"ImageObject\",\"inLanguage\":\"pt-PT\",\"@id\":\"https:\\\/\\\/inclusivenews.com.br\\\/#\\\/schema\\\/logo\\\/image\\\/\",\"url\":\"https:\\\/\\\/inclusivenews.com.br\\\/wp-content\\\/uploads\\\/2024\\\/03\\\/@grandesite.png\",\"contentUrl\":\"https:\\\/\\\/inclusivenews.com.br\\\/wp-content\\\/uploads\\\/2024\\\/03\\\/@grandesite.png\",\"width\":1080,\"height\":1080,\"caption\":\"Inclusive - inclus\u00e3o e cidadania\"},\"image\":{\"@id\":\"https:\\\/\\\/inclusivenews.com.br\\\/#\\\/schema\\\/logo\\\/image\\\/\"},\"sameAs\":[\"https:\\\/\\\/www.facebook.com\\\/agenciainclusive\\\/\",\"https:\\\/\\\/www.instagram.com\\\/newsinclusive\\\/\"]},{\"@type\":\"Person\",\"@id\":\"https:\\\/\\\/inclusivenews.com.br\\\/#\\\/schema\\\/person\\\/ae4ec7087559b8692fb33b6fffd2273b\",\"name\":\"inclusivenews2024\",\"image\":{\"@type\":\"ImageObject\",\"inLanguage\":\"pt-PT\",\"@id\":\"https:\\\/\\\/secure.gravatar.com\\\/avatar\\\/c5a7ef84c66fa914f55bc4f7ce26cfa275a3b9a1c5568b907bd184fb4dde7b40?s=96&d=mm&r=g\",\"url\":\"https:\\\/\\\/secure.gravatar.com\\\/avatar\\\/c5a7ef84c66fa914f55bc4f7ce26cfa275a3b9a1c5568b907bd184fb4dde7b40?s=96&d=mm&r=g\",\"contentUrl\":\"https:\\\/\\\/secure.gravatar.com\\\/avatar\\\/c5a7ef84c66fa914f55bc4f7ce26cfa275a3b9a1c5568b907bd184fb4dde7b40?s=96&d=mm&r=g\",\"caption\":\"inclusivenews2024\"},\"sameAs\":[\"https:\\\/\\\/inclusivenews.com.br\"],\"url\":\"https:\\\/\\\/inclusivenews.com.br\\\/?author=1\"}]}<\/script>\n<!-- \/ Yoast SEO plugin. -->","yoast_head_json":{"title":"O Instituto Noisinho da Silva e o 5\u00ba ano da Oficina da Ciranda -","robots":{"index":"index","follow":"follow","max-snippet":"max-snippet:-1","max-image-preview":"max-image-preview:large","max-video-preview":"max-video-preview:-1"},"canonical":"https:\/\/inclusivenews.com.br\/?p=22417","og_locale":"pt_PT","og_type":"article","og_title":"O Instituto Noisinho da Silva e o 5\u00ba ano da Oficina da Ciranda -","og_description":"O Instituto Noisinho da Silva tem o prazer de anunciar o 5a ano do workshop Oficina da Ciranda. Assim como nas edi\u00e7\u00f5es anteriores reafirmamos nosso compromisso com a inclus\u00e3o e nossa parceria com o Sal\u00e3o de Encontro que nos dias 28 e 29 de abril abrira suas portas aos pais de crian\u00e7as entre 1 e 6.","og_url":"https:\/\/inclusivenews.com.br\/?p=22417","article_publisher":"https:\/\/www.facebook.com\/agenciainclusive\/","article_published_time":"2012-04-25T00:23:27+00:00","og_image":[{"url":"http:\/\/inclusivenews.com.br\/wp-content\/uploads\/noisinho-300x139.jpg","type":"","width":"","height":""}],"author":"inclusivenews2024","twitter_card":"summary_large_image","twitter_misc":{"Escrito por":"inclusivenews2024","Tempo estimado de leitura":"3 minutos"},"schema":{"@context":"https:\/\/schema.org","@graph":[{"@type":"Article","@id":"https:\/\/inclusivenews.com.br\/?p=22417#article","isPartOf":{"@id":"https:\/\/inclusivenews.com.br\/?p=22417"},"author":{"name":"inclusivenews2024","@id":"https:\/\/inclusivenews.com.br\/#\/schema\/person\/ae4ec7087559b8692fb33b6fffd2273b"},"headline":"O Instituto Noisinho da Silva e o 5\u00ba ano da Oficina da Ciranda","datePublished":"2012-04-25T00:23:27+00:00","mainEntityOfPage":{"@id":"https:\/\/inclusivenews.com.br\/?p=22417"},"wordCount":620,"commentCount":5,"publisher":{"@id":"https:\/\/inclusivenews.com.br\/#organization"},"image":{"@id":"https:\/\/inclusivenews.com.br\/?p=22417#primaryimage"},"thumbnailUrl":"http:\/\/inclusivenews.com.br\/wp-content\/uploads\/noisinho-300x139.jpg","keywords":["Inf\u00e2ncia"],"articleSection":["CAMPANHAS","DIREITOS HUMANOS","NOT\u00cdCIAS"],"inLanguage":"pt-PT","potentialAction":[{"@type":"CommentAction","name":"Comment","target":["https:\/\/inclusivenews.com.br\/?p=22417#respond"]}]},{"@type":"WebPage","@id":"https:\/\/inclusivenews.com.br\/?p=22417","url":"https:\/\/inclusivenews.com.br\/?p=22417","name":"O Instituto Noisinho da Silva e o 5\u00ba ano da Oficina da Ciranda -","isPartOf":{"@id":"https:\/\/inclusivenews.com.br\/#website"},"primaryImageOfPage":{"@id":"https:\/\/inclusivenews.com.br\/?p=22417#primaryimage"},"image":{"@id":"https:\/\/inclusivenews.com.br\/?p=22417#primaryimage"},"thumbnailUrl":"http:\/\/inclusivenews.com.br\/wp-content\/uploads\/noisinho-300x139.jpg","datePublished":"2012-04-25T00:23:27+00:00","breadcrumb":{"@id":"https:\/\/inclusivenews.com.br\/?p=22417#breadcrumb"},"inLanguage":"pt-PT","potentialAction":[{"@type":"ReadAction","target":["https:\/\/inclusivenews.com.br\/?p=22417"]}]},{"@type":"ImageObject","inLanguage":"pt-PT","@id":"https:\/\/inclusivenews.com.br\/?p=22417#primaryimage","url":"","contentUrl":""},{"@type":"BreadcrumbList","@id":"https:\/\/inclusivenews.com.br\/?p=22417#breadcrumb","itemListElement":[{"@type":"ListItem","position":1,"name":"In\u00edcio","item":"https:\/\/inclusivenews.com.br\/"},{"@type":"ListItem","position":2,"name":"O Instituto Noisinho da Silva e o 5\u00ba ano da Oficina da Ciranda"}]},{"@type":"WebSite","@id":"https:\/\/inclusivenews.com.br\/#website","url":"https:\/\/inclusivenews.com.br\/","name":"Inclusive News","description":"Inclusive News","publisher":{"@id":"https:\/\/inclusivenews.com.br\/#organization"},"potentialAction":[{"@type":"SearchAction","target":{"@type":"EntryPoint","urlTemplate":"https:\/\/inclusivenews.com.br\/?s={search_term_string}"},"query-input":{"@type":"PropertyValueSpecification","valueRequired":true,"valueName":"search_term_string"}}],"inLanguage":"pt-PT"},{"@type":"Organization","@id":"https:\/\/inclusivenews.com.br\/#organization","name":"Inclusive - inclus\u00e3o e cidadania","url":"https:\/\/inclusivenews.com.br\/","logo":{"@type":"ImageObject","inLanguage":"pt-PT","@id":"https:\/\/inclusivenews.com.br\/#\/schema\/logo\/image\/","url":"https:\/\/inclusivenews.com.br\/wp-content\/uploads\/2024\/03\/@grandesite.png","contentUrl":"https:\/\/inclusivenews.com.br\/wp-content\/uploads\/2024\/03\/@grandesite.png","width":1080,"height":1080,"caption":"Inclusive - inclus\u00e3o e cidadania"},"image":{"@id":"https:\/\/inclusivenews.com.br\/#\/schema\/logo\/image\/"},"sameAs":["https:\/\/www.facebook.com\/agenciainclusive\/","https:\/\/www.instagram.com\/newsinclusive\/"]},{"@type":"Person","@id":"https:\/\/inclusivenews.com.br\/#\/schema\/person\/ae4ec7087559b8692fb33b6fffd2273b","name":"inclusivenews2024","image":{"@type":"ImageObject","inLanguage":"pt-PT","@id":"https:\/\/secure.gravatar.com\/avatar\/c5a7ef84c66fa914f55bc4f7ce26cfa275a3b9a1c5568b907bd184fb4dde7b40?s=96&d=mm&r=g","url":"https:\/\/secure.gravatar.com\/avatar\/c5a7ef84c66fa914f55bc4f7ce26cfa275a3b9a1c5568b907bd184fb4dde7b40?s=96&d=mm&r=g","contentUrl":"https:\/\/secure.gravatar.com\/avatar\/c5a7ef84c66fa914f55bc4f7ce26cfa275a3b9a1c5568b907bd184fb4dde7b40?s=96&d=mm&r=g","caption":"inclusivenews2024"},"sameAs":["https:\/\/inclusivenews.com.br"],"url":"https:\/\/inclusivenews.com.br\/?author=1"}]}},"_links":{"self":[{"href":"https:\/\/inclusivenews.com.br\/index.php?rest_route=\/wp\/v2\/posts\/22417","targetHints":{"allow":["GET"]}}],"collection":[{"href":"https:\/\/inclusivenews.com.br\/index.php?rest_route=\/wp\/v2\/posts"}],"about":[{"href":"https:\/\/inclusivenews.com.br\/index.php?rest_route=\/wp\/v2\/types\/post"}],"author":[{"embeddable":true,"href":"https:\/\/inclusivenews.com.br\/index.php?rest_route=\/wp\/v2\/users\/1"}],"replies":[{"embeddable":true,"href":"https:\/\/inclusivenews.com.br\/index.php?rest_route=%2Fwp%2Fv2%2Fcomments&post=22417"}],"version-history":[{"count":0,"href":"https:\/\/inclusivenews.com.br\/index.php?rest_route=\/wp\/v2\/posts\/22417\/revisions"}],"wp:attachment":[{"href":"https:\/\/inclusivenews.com.br\/index.php?rest_route=%2Fwp%2Fv2%2Fmedia&parent=22417"}],"wp:term":[{"taxonomy":"category","embeddable":true,"href":"https:\/\/inclusivenews.com.br\/index.php?rest_route=%2Fwp%2Fv2%2Fcategories&post=22417"},{"taxonomy":"post_tag","embeddable":true,"href":"https:\/\/inclusivenews.com.br\/index.php?rest_route=%2Fwp%2Fv2%2Ftags&post=22417"}],"curies":[{"name":"wp","href":"https:\/\/api.w.org\/{rel}","templated":true}]}}