{"id":22421,"date":"2012-04-24T21:27:12","date_gmt":"2012-04-25T00:27:12","guid":{"rendered":"http:\/\/www.inclusive.org.br\/?p=22421"},"modified":"2012-04-24T21:27:12","modified_gmt":"2012-04-25T00:27:12","slug":"quanto-custa-universalizar-o-direito-a-educacao","status":"publish","type":"post","link":"https:\/\/inclusivenews.com.br\/?p=22421","title":{"rendered":"Quanto custa universalizar o direito \u00e0 educa\u00e7\u00e3o?"},"content":{"rendered":"<p style=\"text-align: justify;\"><a class=\"moz-txt-link-freetext\" href=\"http:\/\/www.inesc.org.br\/noticias\/noticias-do-inesc\/2012\/abril\/inesc-lanca-o-livro-sobre-educacao\/image_mini\"><img loading=\"lazy\" decoding=\"async\" class=\"alignnone\" title=\"V\u00e1rias pessoas na linha do horizonte\" src=\"http:\/\/www.inesc.org.br\/noticias\/noticias-do-inesc\/2012\/abril\/inesc-lanca-o-livro-sobre-educacao\/image_mini\" alt=\"\" width=\"200\" height=\"181\" \/><br \/>\n<\/a><\/p>\n<p style=\"text-align: justify;\">Com o objetivo de dialogar com o Plano Nacional de Educa\u00e7\u00e3o (PNE), profissionais da educa\u00e7\u00e3o e ativistas que atuam com o tema participaram da constru\u00e7\u00e3o coletiva do livro \u201cQuanto custa Universalizar o Direito \u00e0 Educa\u00e7\u00e3o?\u201d. A publica\u00e7\u00e3o foi organizada pelo Instituto de Estudos Socioecon\u00f4micos (Inesc) e ser\u00e1 lan\u00e7ada no dia 25\/04, em evento na Comiss\u00e3o de Educa\u00e7\u00e3o e Cultura da C\u00e2mara dos Deputados, em Bras\u00edlia.<\/p>\n<p style=\"text-align: justify;\">\u201cO objetivo da publica\u00e7\u00e3o \u00e9 reafirmar que a sociedade civil defende um PNE que garanta a qualidade da educa\u00e7\u00e3o em todas as suas etapas, at\u00e9 mesmo com financiamento adequado, que para n\u00f3s significa 10%\u201d, afirma Cleomar Manhas, assessora pol\u00edtica do Inesc, doutora em educa\u00e7\u00e3o, que foi respons\u00e1vel pela organiza\u00e7\u00e3o do livro.<\/p>\n<p style=\"text-align: justify;\">As discuss\u00f5es sobre o PNE se estenderam durante todo o ano de 2011 e o maior debate em torno do tema diz respeito \u00e0 meta de financiamento p\u00fablico do setor. No livro, este assunto foi tratado por Daniel Cara, coordenador da Campanha Nacional pelo Direito \u00e0 Educa\u00e7\u00e3o, e Luiz Ara\u00fajo, doutorando em Educa\u00e7\u00e3o pela USP e especialista em financiamento da Educa\u00e7\u00e3o. Pelos c\u00e1lculos apresentados pelos dois especialistas, al\u00e9m dos 5% do PIB j\u00e1 investidos em educa\u00e7\u00e3o, s\u00e3o necess\u00e1rios mais 5,74%.<\/p>\n<p style=\"text-align: justify;\">\u201cO PNE s\u00f3 ser\u00e1 capaz de colaborar com a universaliza\u00e7\u00e3o da educa\u00e7\u00e3o de qualidade no Brasil se o plano previr um volume adequado de recursos. Caso contr\u00e1rio, daqui a dez anos, o cen\u00e1rio da educa\u00e7\u00e3o brasileira ser\u00e1 pouco diferente do que j\u00e1 \u00e9 verificado hoje, ou seja, o direito \u00e0 educa\u00e7\u00e3o n\u00e3o ser\u00e1 efetivamente consagrado, conforme par\u00e2metros constitucionais\u201d, afirmam Daniel e Luiz em artigo publicado no livro.<\/p>\n<p style=\"text-align: justify;\">No lan\u00e7amento da publica\u00e7\u00e3o, dois autores ir\u00e3o tratar sobre assuntos que tamb\u00e9m s\u00e3o abordados no livro. Al\u00edpio Casali, doutor em educa\u00e7\u00e3o pela PUC-SP e p\u00f3s-doutor pela Universidade de Paris, far\u00e1 uma explana\u00e7\u00e3o sobre \u201co que \u00e9 educa\u00e7\u00e3o de qualidade\u201d. Alberto Damasceno, doutor em educa\u00e7\u00e3o pela PUC-SP e coordenador do grupo de estudos em educa\u00e7\u00e3o e direitos humanos da Universidade do Par\u00e1, falar\u00e1 sobre \u201cO novo PNE, a Amaz\u00f4nia e o desafio da educa\u00e7\u00e3o\u00a0 como direito humano\u201d, tema em que abordou na publica\u00e7\u00e3o ao lado de \u00c9mina Santos, doutora em ci\u00eancias socioambientais pelo N\u00facleo de Altos Estudos Amaz\u00f4nicos (Naea), da Universidade Federal do Par\u00e1.<\/p>\n<p style=\"text-align: justify;\"><strong>Diversidade de assuntos tratados pela publica\u00e7\u00e3o <\/strong><\/p>\n<p style=\"text-align: justify;\">Paulo C\u00e9sar Carbonari, doutor em filosofia pela Unisinos e conselheiro nacional do Movimento Nacional de Direitos Humanos (MNDH), escreveu sobre a import\u00e2ncia da educa\u00e7\u00e3o ser \u201corientada pela diretriz da promo\u00e7\u00e3o dos direitos humanos\u201d. \u00a0Marisa Vasconcelos Ferreira, doutora em educa\u00e7\u00e3o pela PUC-SP, trata da falta de qualidade na educa\u00e7\u00e3o infantil brasileira.<\/p>\n<p style=\"text-align: justify;\">O comit\u00ea Diretivo do Movimento Interf\u00f3runs de Educa\u00e7\u00e3o Infantil do Brasil (Mieib)* aborda o direito da crian\u00e7a \u00e0 educa\u00e7\u00e3o infantil p\u00fablica e defende a necessidade de uma aten\u00e7\u00e3o especial \u201ca educa\u00e7\u00e3o da crian\u00e7a de 0 a 3 anos de idade\u201d. Cristina Almeida Magela Costa, especialista em educa\u00e7\u00e3o e diretora da Escola Classe 312 Norte, escreveu o artigo \u201cO que significa educa\u00e7\u00e3o de qualidade no cotidiano escolar?\u201d.<\/p>\n<p style=\"text-align: justify;\">M\u00e1rcia Acioli, mestre em educa\u00e7\u00e3o pela UnB e assessora pol\u00edtica do Inesc, e Isabel Amorim, integrante do projeto Onda: adolescentes em movimentos pelos direitos, trataram sobre a necessidade de se tornar a educa\u00e7\u00e3o escolar uma experi\u00eancia pautada pela alegria e encantamento. Maria Margarida Machado, doutora em educa\u00e7\u00e3o: historia, pol\u00edtica, sociedade pela PUC-SP, fala sobre a \u201ceduca\u00e7\u00e3o de jovens e adultos e os desafios no PNE\u201d.<\/p>\n<p style=\"text-align: justify;\">Pedro Pontual, doutor em educa\u00e7\u00e3o pela PUC-SP e diretor de participa\u00e7\u00e3o social da Secretaria Nacional de Participa\u00e7\u00e3o Social da Secretaria Geral da Presid\u00eancia da Rep\u00fablica, revisita parte do legado de Paulo Freire e da educa\u00e7\u00e3o popular. Virg\u00edlio Leite Uch\u00f4a, secret\u00e1rio executivo do Movimento de Educa\u00e7\u00e3o de Base (MEB), apresenta o m\u00e9todo \u201cVer, Julgar, Agir e Rever\u201d, que visa educar pessoas exclu\u00eddas e n\u00e3o alfabetizadas.<\/p>\n<p style=\"text-align: justify;\">*Comit\u00ea formado por: Mari\u00e9te F\u00e9lix Rosa, doutoranda em Educa\u00e7\u00e3o pela Feusp; Vilmar Klemar, especialista em hist\u00f3ria do Brasil e mestrando em educa\u00e7\u00e3o; Marlene Oliveira dos Santos, mestre em educa\u00e7\u00e3o pela Universidade Federal da Bahia; Maria Luzinet Moreira, pedagoga pela PUC-Rio; Maria Luiza Rodrigues Flores, doutora em educa\u00e7\u00e3o pela Universidade Federal do Rio Grande do Sul.<\/p>\n<p style=\"text-align: justify;\"><a class=\"moz-txt-link-freetext\" href=\"http:\/\/www.inesc.org.br\/biblioteca\/imagens\/lancamento-do-livro-quanto-custa-universalizar-o-direito-a-educacao\/image_large\"><\/a><\/p>\n","protected":false},"excerpt":{"rendered":"<p>Com o objetivo de dialogar com o Plano Nacional de Educa\u00e7\u00e3o (PNE), profissionais da educa\u00e7\u00e3o e ativistas que atuam com o tema participaram da constru\u00e7\u00e3o coletiva do livro \u201cQuanto custa Universalizar o Direito \u00e0 Educa\u00e7\u00e3o?\u201d. A publica\u00e7\u00e3o foi organizada pelo Instituto de Estudos Socioecon\u00f4micos (Inesc) e ser\u00e1 lan\u00e7ada no dia 25\/04, em evento na Comiss\u00e3o de Educa\u00e7\u00e3o e Cultura da C\u00e2mara dos Deputados, em Bras\u00edlia.<\/p>\n","protected":false},"author":1,"featured_media":0,"comment_status":"open","ping_status":"open","sticky":false,"template":"","format":"standard","meta":{"site-container-style":"default","site-container-layout":"default","site-sidebar-layout":"default","disable-article-header":"default","disable-site-header":"default","disable-site-footer":"default","disable-content-area-spacing":"default","footnotes":""},"categories":[52,6,50,51,4,10],"tags":[],"class_list":["post-22421","post","type-post","status-publish","format-standard","hentry","category-downloadables","category-educacao","category-lancamentos","category-livros","category-noticias","category-publicacoes"],"yoast_head":"<!-- This site is optimized with the Yoast SEO plugin v27.4 - https:\/\/yoast.com\/product\/yoast-seo-wordpress\/ -->\n<title>Quanto custa universalizar o direito \u00e0 educa\u00e7\u00e3o? -<\/title>\n<meta name=\"robots\" content=\"index, follow, max-snippet:-1, max-image-preview:large, max-video-preview:-1\" \/>\n<link rel=\"canonical\" href=\"https:\/\/inclusivenews.com.br\/?p=22421\" \/>\n<meta property=\"og:locale\" content=\"pt_PT\" \/>\n<meta property=\"og:type\" content=\"article\" \/>\n<meta property=\"og:title\" content=\"Quanto custa universalizar o direito \u00e0 educa\u00e7\u00e3o? -\" \/>\n<meta property=\"og:description\" content=\"Com o objetivo de dialogar com o Plano Nacional de Educa\u00e7\u00e3o (PNE), profissionais da educa\u00e7\u00e3o e ativistas que atuam com o tema participaram da constru\u00e7\u00e3o coletiva do livro \u201cQuanto custa Universalizar o Direito \u00e0 Educa\u00e7\u00e3o?\u201d. A publica\u00e7\u00e3o foi organizada pelo Instituto de Estudos Socioecon\u00f4micos (Inesc) e ser\u00e1 lan\u00e7ada no dia 25\/04, em evento na Comiss\u00e3o de Educa\u00e7\u00e3o e Cultura da C\u00e2mara dos Deputados, em Bras\u00edlia.\" \/>\n<meta property=\"og:url\" content=\"https:\/\/inclusivenews.com.br\/?p=22421\" \/>\n<meta property=\"article:publisher\" content=\"https:\/\/www.facebook.com\/agenciainclusive\/\" \/>\n<meta property=\"article:published_time\" content=\"2012-04-25T00:27:12+00:00\" \/>\n<meta property=\"og:image\" content=\"http:\/\/www.inesc.org.br\/noticias\/noticias-do-inesc\/2012\/abril\/inesc-lanca-o-livro-sobre-educacao\/image_mini\" \/>\n<meta name=\"author\" content=\"inclusivenews2024\" \/>\n<meta name=\"twitter:card\" content=\"summary_large_image\" \/>\n<meta name=\"twitter:label1\" content=\"Escrito por\" \/>\n\t<meta name=\"twitter:data1\" content=\"inclusivenews2024\" \/>\n\t<meta name=\"twitter:label2\" content=\"Tempo estimado de leitura\" \/>\n\t<meta name=\"twitter:data2\" content=\"4 minutos\" \/>\n<script type=\"application\/ld+json\" class=\"yoast-schema-graph\">{\"@context\":\"https:\\\/\\\/schema.org\",\"@graph\":[{\"@type\":\"Article\",\"@id\":\"https:\\\/\\\/inclusivenews.com.br\\\/?p=22421#article\",\"isPartOf\":{\"@id\":\"https:\\\/\\\/inclusivenews.com.br\\\/?p=22421\"},\"author\":{\"name\":\"inclusivenews2024\",\"@id\":\"https:\\\/\\\/inclusivenews.com.br\\\/#\\\/schema\\\/person\\\/ae4ec7087559b8692fb33b6fffd2273b\"},\"headline\":\"Quanto custa universalizar o direito \u00e0 educa\u00e7\u00e3o?\",\"datePublished\":\"2012-04-25T00:27:12+00:00\",\"mainEntityOfPage\":{\"@id\":\"https:\\\/\\\/inclusivenews.com.br\\\/?p=22421\"},\"wordCount\":763,\"commentCount\":0,\"publisher\":{\"@id\":\"https:\\\/\\\/inclusivenews.com.br\\\/#organization\"},\"image\":{\"@id\":\"https:\\\/\\\/inclusivenews.com.br\\\/?p=22421#primaryimage\"},\"thumbnailUrl\":\"http:\\\/\\\/www.inesc.org.br\\\/noticias\\\/noticias-do-inesc\\\/2012\\\/abril\\\/inesc-lanca-o-livro-sobre-educacao\\\/image_mini\",\"articleSection\":[\"Downloadables\",\"EDUCA\u00c7\u00c3O\",\"Lan\u00e7amentos\",\"Livros\",\"NOT\u00cdCIAS\",\"PUBLICA\u00c7\u00d5ES\"],\"inLanguage\":\"pt-PT\",\"potentialAction\":[{\"@type\":\"CommentAction\",\"name\":\"Comment\",\"target\":[\"https:\\\/\\\/inclusivenews.com.br\\\/?p=22421#respond\"]}]},{\"@type\":\"WebPage\",\"@id\":\"https:\\\/\\\/inclusivenews.com.br\\\/?p=22421\",\"url\":\"https:\\\/\\\/inclusivenews.com.br\\\/?p=22421\",\"name\":\"Quanto custa universalizar o direito \u00e0 educa\u00e7\u00e3o? -\",\"isPartOf\":{\"@id\":\"https:\\\/\\\/inclusivenews.com.br\\\/#website\"},\"primaryImageOfPage\":{\"@id\":\"https:\\\/\\\/inclusivenews.com.br\\\/?p=22421#primaryimage\"},\"image\":{\"@id\":\"https:\\\/\\\/inclusivenews.com.br\\\/?p=22421#primaryimage\"},\"thumbnailUrl\":\"http:\\\/\\\/www.inesc.org.br\\\/noticias\\\/noticias-do-inesc\\\/2012\\\/abril\\\/inesc-lanca-o-livro-sobre-educacao\\\/image_mini\",\"datePublished\":\"2012-04-25T00:27:12+00:00\",\"breadcrumb\":{\"@id\":\"https:\\\/\\\/inclusivenews.com.br\\\/?p=22421#breadcrumb\"},\"inLanguage\":\"pt-PT\",\"potentialAction\":[{\"@type\":\"ReadAction\",\"target\":[\"https:\\\/\\\/inclusivenews.com.br\\\/?p=22421\"]}]},{\"@type\":\"ImageObject\",\"inLanguage\":\"pt-PT\",\"@id\":\"https:\\\/\\\/inclusivenews.com.br\\\/?p=22421#primaryimage\",\"url\":\"http:\\\/\\\/www.inesc.org.br\\\/noticias\\\/noticias-do-inesc\\\/2012\\\/abril\\\/inesc-lanca-o-livro-sobre-educacao\\\/image_mini\",\"contentUrl\":\"http:\\\/\\\/www.inesc.org.br\\\/noticias\\\/noticias-do-inesc\\\/2012\\\/abril\\\/inesc-lanca-o-livro-sobre-educacao\\\/image_mini\"},{\"@type\":\"BreadcrumbList\",\"@id\":\"https:\\\/\\\/inclusivenews.com.br\\\/?p=22421#breadcrumb\",\"itemListElement\":[{\"@type\":\"ListItem\",\"position\":1,\"name\":\"In\u00edcio\",\"item\":\"https:\\\/\\\/inclusivenews.com.br\\\/\"},{\"@type\":\"ListItem\",\"position\":2,\"name\":\"Quanto custa universalizar o direito \u00e0 educa\u00e7\u00e3o?\"}]},{\"@type\":\"WebSite\",\"@id\":\"https:\\\/\\\/inclusivenews.com.br\\\/#website\",\"url\":\"https:\\\/\\\/inclusivenews.com.br\\\/\",\"name\":\"Inclusive News\",\"description\":\"Inclusive News\",\"publisher\":{\"@id\":\"https:\\\/\\\/inclusivenews.com.br\\\/#organization\"},\"potentialAction\":[{\"@type\":\"SearchAction\",\"target\":{\"@type\":\"EntryPoint\",\"urlTemplate\":\"https:\\\/\\\/inclusivenews.com.br\\\/?s={search_term_string}\"},\"query-input\":{\"@type\":\"PropertyValueSpecification\",\"valueRequired\":true,\"valueName\":\"search_term_string\"}}],\"inLanguage\":\"pt-PT\"},{\"@type\":\"Organization\",\"@id\":\"https:\\\/\\\/inclusivenews.com.br\\\/#organization\",\"name\":\"Inclusive - inclus\u00e3o e cidadania\",\"url\":\"https:\\\/\\\/inclusivenews.com.br\\\/\",\"logo\":{\"@type\":\"ImageObject\",\"inLanguage\":\"pt-PT\",\"@id\":\"https:\\\/\\\/inclusivenews.com.br\\\/#\\\/schema\\\/logo\\\/image\\\/\",\"url\":\"https:\\\/\\\/inclusivenews.com.br\\\/wp-content\\\/uploads\\\/2024\\\/03\\\/@grandesite.png\",\"contentUrl\":\"https:\\\/\\\/inclusivenews.com.br\\\/wp-content\\\/uploads\\\/2024\\\/03\\\/@grandesite.png\",\"width\":1080,\"height\":1080,\"caption\":\"Inclusive - inclus\u00e3o e cidadania\"},\"image\":{\"@id\":\"https:\\\/\\\/inclusivenews.com.br\\\/#\\\/schema\\\/logo\\\/image\\\/\"},\"sameAs\":[\"https:\\\/\\\/www.facebook.com\\\/agenciainclusive\\\/\",\"https:\\\/\\\/www.instagram.com\\\/newsinclusive\\\/\"]},{\"@type\":\"Person\",\"@id\":\"https:\\\/\\\/inclusivenews.com.br\\\/#\\\/schema\\\/person\\\/ae4ec7087559b8692fb33b6fffd2273b\",\"name\":\"inclusivenews2024\",\"image\":{\"@type\":\"ImageObject\",\"inLanguage\":\"pt-PT\",\"@id\":\"https:\\\/\\\/secure.gravatar.com\\\/avatar\\\/c5a7ef84c66fa914f55bc4f7ce26cfa275a3b9a1c5568b907bd184fb4dde7b40?s=96&d=mm&r=g\",\"url\":\"https:\\\/\\\/secure.gravatar.com\\\/avatar\\\/c5a7ef84c66fa914f55bc4f7ce26cfa275a3b9a1c5568b907bd184fb4dde7b40?s=96&d=mm&r=g\",\"contentUrl\":\"https:\\\/\\\/secure.gravatar.com\\\/avatar\\\/c5a7ef84c66fa914f55bc4f7ce26cfa275a3b9a1c5568b907bd184fb4dde7b40?s=96&d=mm&r=g\",\"caption\":\"inclusivenews2024\"},\"sameAs\":[\"https:\\\/\\\/inclusivenews.com.br\"],\"url\":\"https:\\\/\\\/inclusivenews.com.br\\\/?author=1\"}]}<\/script>\n<!-- \/ Yoast SEO plugin. -->","yoast_head_json":{"title":"Quanto custa universalizar o direito \u00e0 educa\u00e7\u00e3o? -","robots":{"index":"index","follow":"follow","max-snippet":"max-snippet:-1","max-image-preview":"max-image-preview:large","max-video-preview":"max-video-preview:-1"},"canonical":"https:\/\/inclusivenews.com.br\/?p=22421","og_locale":"pt_PT","og_type":"article","og_title":"Quanto custa universalizar o direito \u00e0 educa\u00e7\u00e3o? -","og_description":"Com o objetivo de dialogar com o Plano Nacional de Educa\u00e7\u00e3o (PNE), profissionais da educa\u00e7\u00e3o e ativistas que atuam com o tema participaram da constru\u00e7\u00e3o coletiva do livro \u201cQuanto custa Universalizar o Direito \u00e0 Educa\u00e7\u00e3o?\u201d. A publica\u00e7\u00e3o foi organizada pelo Instituto de Estudos Socioecon\u00f4micos (Inesc) e ser\u00e1 lan\u00e7ada no dia 25\/04, em evento na Comiss\u00e3o de Educa\u00e7\u00e3o e Cultura da C\u00e2mara dos Deputados, em Bras\u00edlia.","og_url":"https:\/\/inclusivenews.com.br\/?p=22421","article_publisher":"https:\/\/www.facebook.com\/agenciainclusive\/","article_published_time":"2012-04-25T00:27:12+00:00","og_image":[{"url":"http:\/\/www.inesc.org.br\/noticias\/noticias-do-inesc\/2012\/abril\/inesc-lanca-o-livro-sobre-educacao\/image_mini","type":"","width":"","height":""}],"author":"inclusivenews2024","twitter_card":"summary_large_image","twitter_misc":{"Escrito por":"inclusivenews2024","Tempo estimado de leitura":"4 minutos"},"schema":{"@context":"https:\/\/schema.org","@graph":[{"@type":"Article","@id":"https:\/\/inclusivenews.com.br\/?p=22421#article","isPartOf":{"@id":"https:\/\/inclusivenews.com.br\/?p=22421"},"author":{"name":"inclusivenews2024","@id":"https:\/\/inclusivenews.com.br\/#\/schema\/person\/ae4ec7087559b8692fb33b6fffd2273b"},"headline":"Quanto custa universalizar o direito \u00e0 educa\u00e7\u00e3o?","datePublished":"2012-04-25T00:27:12+00:00","mainEntityOfPage":{"@id":"https:\/\/inclusivenews.com.br\/?p=22421"},"wordCount":763,"commentCount":0,"publisher":{"@id":"https:\/\/inclusivenews.com.br\/#organization"},"image":{"@id":"https:\/\/inclusivenews.com.br\/?p=22421#primaryimage"},"thumbnailUrl":"http:\/\/www.inesc.org.br\/noticias\/noticias-do-inesc\/2012\/abril\/inesc-lanca-o-livro-sobre-educacao\/image_mini","articleSection":["Downloadables","EDUCA\u00c7\u00c3O","Lan\u00e7amentos","Livros","NOT\u00cdCIAS","PUBLICA\u00c7\u00d5ES"],"inLanguage":"pt-PT","potentialAction":[{"@type":"CommentAction","name":"Comment","target":["https:\/\/inclusivenews.com.br\/?p=22421#respond"]}]},{"@type":"WebPage","@id":"https:\/\/inclusivenews.com.br\/?p=22421","url":"https:\/\/inclusivenews.com.br\/?p=22421","name":"Quanto custa universalizar o direito \u00e0 educa\u00e7\u00e3o? -","isPartOf":{"@id":"https:\/\/inclusivenews.com.br\/#website"},"primaryImageOfPage":{"@id":"https:\/\/inclusivenews.com.br\/?p=22421#primaryimage"},"image":{"@id":"https:\/\/inclusivenews.com.br\/?p=22421#primaryimage"},"thumbnailUrl":"http:\/\/www.inesc.org.br\/noticias\/noticias-do-inesc\/2012\/abril\/inesc-lanca-o-livro-sobre-educacao\/image_mini","datePublished":"2012-04-25T00:27:12+00:00","breadcrumb":{"@id":"https:\/\/inclusivenews.com.br\/?p=22421#breadcrumb"},"inLanguage":"pt-PT","potentialAction":[{"@type":"ReadAction","target":["https:\/\/inclusivenews.com.br\/?p=22421"]}]},{"@type":"ImageObject","inLanguage":"pt-PT","@id":"https:\/\/inclusivenews.com.br\/?p=22421#primaryimage","url":"http:\/\/www.inesc.org.br\/noticias\/noticias-do-inesc\/2012\/abril\/inesc-lanca-o-livro-sobre-educacao\/image_mini","contentUrl":"http:\/\/www.inesc.org.br\/noticias\/noticias-do-inesc\/2012\/abril\/inesc-lanca-o-livro-sobre-educacao\/image_mini"},{"@type":"BreadcrumbList","@id":"https:\/\/inclusivenews.com.br\/?p=22421#breadcrumb","itemListElement":[{"@type":"ListItem","position":1,"name":"In\u00edcio","item":"https:\/\/inclusivenews.com.br\/"},{"@type":"ListItem","position":2,"name":"Quanto custa universalizar o direito \u00e0 educa\u00e7\u00e3o?"}]},{"@type":"WebSite","@id":"https:\/\/inclusivenews.com.br\/#website","url":"https:\/\/inclusivenews.com.br\/","name":"Inclusive News","description":"Inclusive News","publisher":{"@id":"https:\/\/inclusivenews.com.br\/#organization"},"potentialAction":[{"@type":"SearchAction","target":{"@type":"EntryPoint","urlTemplate":"https:\/\/inclusivenews.com.br\/?s={search_term_string}"},"query-input":{"@type":"PropertyValueSpecification","valueRequired":true,"valueName":"search_term_string"}}],"inLanguage":"pt-PT"},{"@type":"Organization","@id":"https:\/\/inclusivenews.com.br\/#organization","name":"Inclusive - inclus\u00e3o e cidadania","url":"https:\/\/inclusivenews.com.br\/","logo":{"@type":"ImageObject","inLanguage":"pt-PT","@id":"https:\/\/inclusivenews.com.br\/#\/schema\/logo\/image\/","url":"https:\/\/inclusivenews.com.br\/wp-content\/uploads\/2024\/03\/@grandesite.png","contentUrl":"https:\/\/inclusivenews.com.br\/wp-content\/uploads\/2024\/03\/@grandesite.png","width":1080,"height":1080,"caption":"Inclusive - inclus\u00e3o e cidadania"},"image":{"@id":"https:\/\/inclusivenews.com.br\/#\/schema\/logo\/image\/"},"sameAs":["https:\/\/www.facebook.com\/agenciainclusive\/","https:\/\/www.instagram.com\/newsinclusive\/"]},{"@type":"Person","@id":"https:\/\/inclusivenews.com.br\/#\/schema\/person\/ae4ec7087559b8692fb33b6fffd2273b","name":"inclusivenews2024","image":{"@type":"ImageObject","inLanguage":"pt-PT","@id":"https:\/\/secure.gravatar.com\/avatar\/c5a7ef84c66fa914f55bc4f7ce26cfa275a3b9a1c5568b907bd184fb4dde7b40?s=96&d=mm&r=g","url":"https:\/\/secure.gravatar.com\/avatar\/c5a7ef84c66fa914f55bc4f7ce26cfa275a3b9a1c5568b907bd184fb4dde7b40?s=96&d=mm&r=g","contentUrl":"https:\/\/secure.gravatar.com\/avatar\/c5a7ef84c66fa914f55bc4f7ce26cfa275a3b9a1c5568b907bd184fb4dde7b40?s=96&d=mm&r=g","caption":"inclusivenews2024"},"sameAs":["https:\/\/inclusivenews.com.br"],"url":"https:\/\/inclusivenews.com.br\/?author=1"}]}},"_links":{"self":[{"href":"https:\/\/inclusivenews.com.br\/index.php?rest_route=\/wp\/v2\/posts\/22421","targetHints":{"allow":["GET"]}}],"collection":[{"href":"https:\/\/inclusivenews.com.br\/index.php?rest_route=\/wp\/v2\/posts"}],"about":[{"href":"https:\/\/inclusivenews.com.br\/index.php?rest_route=\/wp\/v2\/types\/post"}],"author":[{"embeddable":true,"href":"https:\/\/inclusivenews.com.br\/index.php?rest_route=\/wp\/v2\/users\/1"}],"replies":[{"embeddable":true,"href":"https:\/\/inclusivenews.com.br\/index.php?rest_route=%2Fwp%2Fv2%2Fcomments&post=22421"}],"version-history":[{"count":0,"href":"https:\/\/inclusivenews.com.br\/index.php?rest_route=\/wp\/v2\/posts\/22421\/revisions"}],"wp:attachment":[{"href":"https:\/\/inclusivenews.com.br\/index.php?rest_route=%2Fwp%2Fv2%2Fmedia&parent=22421"}],"wp:term":[{"taxonomy":"category","embeddable":true,"href":"https:\/\/inclusivenews.com.br\/index.php?rest_route=%2Fwp%2Fv2%2Fcategories&post=22421"},{"taxonomy":"post_tag","embeddable":true,"href":"https:\/\/inclusivenews.com.br\/index.php?rest_route=%2Fwp%2Fv2%2Ftags&post=22421"}],"curies":[{"name":"wp","href":"https:\/\/api.w.org\/{rel}","templated":true}]}}