{"id":22423,"date":"2012-04-24T21:20:22","date_gmt":"2012-04-25T00:20:22","guid":{"rendered":"http:\/\/www.inclusive.org.br\/?p=22423"},"modified":"2012-04-24T21:20:22","modified_gmt":"2012-04-25T00:20:22","slug":"luta-de-classes-medias","status":"publish","type":"post","link":"https:\/\/inclusivenews.com.br\/?p=22423","title":{"rendered":"Luta de classes (m\u00e9dias)"},"content":{"rendered":"<p><strong><a class=\"moz-txt-link-freetext\" href=\"http:\/\/www.ibase.br\/pt\/wp-content\/uploads\/2012\/04\/churrasco2-300x200.jpg\"><img loading=\"lazy\" decoding=\"async\" class=\"alignnone\" src=\"http:\/\/www.ibase.br\/pt\/wp-content\/uploads\/2012\/04\/churrasco2-300x200.jpg\" alt=\"\" width=\"300\" height=\"200\" \/><br \/>\n<\/a><\/strong><\/p>\n<p><strong> <\/strong><\/p>\n<p><strong> Luta de classes (m\u00e9dias)<br \/>\nPor Bruna Ventura<br \/>\nno Ibase<br \/>\n<\/strong><\/p>\n<p>A pesquisa j\u00e1 est\u00e1 um pouco antiga, mas o sentimento \u00e9 atual e latente. Um <a href=\"http:\/\/www.cartacapital.com.br\/economia\/nova-classe-media-incomoda-a-velha-classe-media-aponta-data-popular\/\" target=\"_blank\" rel=\"noopener\">levantamento do instituto Data Popular<\/a> mostrou que boa parte das classes A e B se sente incomodada por ter que dividir lugares e servi\u00e7os com a nova classe m\u00e9dia. A pesquisa \u00e9 do ano passado, mas a pol\u00eamica provocada por um<a href=\"http:\/\/oglobo.globo.com\/cultura\/xexeo\/posts\/2012\/04\/13\/sobre-classe-media-440203.asp\" target=\"_blank\" rel=\"noopener\"> texto do blog de Artur Xex\u00e9o<\/a> sobre o mesmo assunto \u00e9 destes dias. O colunista chegou a publicar um <a href=\"http:\/\/sergyovitro.blogspot.com.br\/2012\/04\/mais-um-pouco-sobre-nova-classe-media.html\" target=\"_blank\" rel=\"noopener\">artigo<\/a> sobre a repercuss\u00e3o do seu post no espa\u00e7o semanal dele em O Globo.<\/p>\n<p>Xex\u00e9o, no dia 13 de abril, no seu blog afirmou se orgulhar da ascens\u00e3o de seus conterr\u00e2neos, <a href=\"http:\/\/www.bbc.co.uk\/portuguese\/noticias\/2011\/11\/111108_preconceito_classe_c_pc.shtml\" target=\"_blank\" rel=\"noopener\">que agora podem viajar de avi\u00e3o<\/a> em \u201cvoos comerciais pagos em 17 vezes\u201d, mas ao mesmo tempo indagou: \u201cAlgu\u00e9m j\u00e1 perguntou se a velha classe m\u00e9dia gosta de barrinha de cereal? Eu n\u00e3o gosto. D\u00e1 pra sair um sandu\u00edche de queijo com suco de laranja?\u201d.<\/p>\n<p>\u201cPensem no trauma que vem sofrendo a velha classe m\u00e9dia. Cresci aprendendo que profiss\u00e3o para valer era engenheiro, m\u00e9dico ou advogado. Agora, todos gritam no meu ouvido: empreendedorismo!\u201d, disse o colunista.<\/p>\n<p>O post circulou pelas redes sociais e dividiu opini\u00f5es. Na sua coluna no Globo, Xex\u00e9o reproduziu duas opini\u00f5es, opostas, enviadas para ele. \u201cVoc\u00ea representa e legitima o discurso da classe m\u00e9dia med\u00edocre e ressentida, principalmente os intelectuais de m\u00eddia\u201d, dizia um dos coment\u00e1rios. \u201cSe tudo agora \u00e9 pensado e feito para agradar \u00e0 nova classe m\u00e9dia, eu, que sou da velha, terei que me mudar para outro planeta onde possa ser mais bem aceita?\u201d, afirmava outro.<\/p>\n<p>Segundo levantamentos, as pol\u00edticas de crescimento da renda, de amplia\u00e7\u00e3o do cr\u00e9dito e os ventos econ\u00f4micos favor\u00e1veis para o Brasil dos \u00faltimos anos levaram 20 milh\u00f5es de brasileiros da base para o miolo da pir\u00e2mide social. No entanto, a ascens\u00e3o social da nova classe C tem se revelado mais f\u00e1cil do que a sua aceita\u00e7\u00e3o social pela classe m\u00e9dia tradicional.<\/p>\n<p>O Instituto Data Popular realizou no segundo trimestre de 2011 uma pesquisa que ouviu 18.365 pessoas da classe m\u00e9dia tradicional em todo o pa\u00eds. Mais da metade dos entrevistados afirmou que os produtos \u00e0 venda em mercados deveriam ter vers\u00f5es para ricos e para pobres. Metade atribuiu a piora em alguns servi\u00e7os e a ocorr\u00eancia mais comum de filas \u00e0 nova classe m\u00e9dia. Cerca de 25% se mostraram reticentes a esta\u00e7\u00f5es de metr\u00f4 em bairros nobres.<\/p>\n<p>A mentalidade casa-grande-e-senzala no Brasil permanece firme e forte.<\/p>\n<p>Fonte: <a href=\"http:\/\/www.ibase.br\/pt\/2012\/04\/luta-de-classes-medias\/\">Ibase<\/a><\/p>\n","protected":false},"excerpt":{"rendered":"<p>Luta de classes (m\u00e9dias) Por Bruna Ventura no Ibase A pesquisa j\u00e1 est\u00e1 um pouco antiga, mas o sentimento \u00e9 atual e latente. Um levantamento do instituto Data Popular mostrou que boa parte das classes A e B se sente incomodada por ter que dividir lugares e servi\u00e7os com a nova classe m\u00e9dia. A pesquisa [&hellip;]<\/p>\n","protected":false},"author":1,"featured_media":0,"comment_status":"open","ping_status":"open","sticky":false,"template":"","format":"standard","meta":{"site-container-style":"default","site-container-layout":"default","site-sidebar-layout":"default","disable-article-header":"default","disable-site-header":"default","disable-site-footer":"default","disable-content-area-spacing":"default","footnotes":""},"categories":[8],"tags":[],"class_list":["post-22423","post","type-post","status-publish","format-standard","hentry","category-textos-e-artigos"],"yoast_head":"<!-- This site is optimized with the Yoast SEO plugin v27.4 - https:\/\/yoast.com\/product\/yoast-seo-wordpress\/ -->\n<title>Luta de classes (m\u00e9dias) -<\/title>\n<meta name=\"robots\" content=\"index, follow, max-snippet:-1, max-image-preview:large, max-video-preview:-1\" \/>\n<link rel=\"canonical\" href=\"https:\/\/inclusivenews.com.br\/?p=22423\" \/>\n<meta property=\"og:locale\" content=\"pt_PT\" \/>\n<meta property=\"og:type\" content=\"article\" \/>\n<meta property=\"og:title\" content=\"Luta de classes (m\u00e9dias) -\" \/>\n<meta property=\"og:description\" content=\"Luta de classes (m\u00e9dias) Por Bruna Ventura no Ibase A pesquisa j\u00e1 est\u00e1 um pouco antiga, mas o sentimento \u00e9 atual e latente. Um levantamento do instituto Data Popular mostrou que boa parte das classes A e B se sente incomodada por ter que dividir lugares e servi\u00e7os com a nova classe m\u00e9dia. A pesquisa [&hellip;]\" \/>\n<meta property=\"og:url\" content=\"https:\/\/inclusivenews.com.br\/?p=22423\" \/>\n<meta property=\"article:publisher\" content=\"https:\/\/www.facebook.com\/agenciainclusive\/\" \/>\n<meta property=\"article:published_time\" content=\"2012-04-25T00:20:22+00:00\" \/>\n<meta property=\"og:image\" content=\"http:\/\/www.ibase.br\/pt\/wp-content\/uploads\/2012\/04\/churrasco2-300x200.jpg\" \/>\n<meta name=\"author\" content=\"inclusivenews2024\" \/>\n<meta name=\"twitter:card\" content=\"summary_large_image\" \/>\n<meta name=\"twitter:label1\" content=\"Escrito por\" \/>\n\t<meta name=\"twitter:data1\" content=\"inclusivenews2024\" \/>\n\t<meta name=\"twitter:label2\" content=\"Tempo estimado de leitura\" \/>\n\t<meta name=\"twitter:data2\" content=\"2 minutos\" \/>\n<script type=\"application\/ld+json\" class=\"yoast-schema-graph\">{\"@context\":\"https:\\\/\\\/schema.org\",\"@graph\":[{\"@type\":\"Article\",\"@id\":\"https:\\\/\\\/inclusivenews.com.br\\\/?p=22423#article\",\"isPartOf\":{\"@id\":\"https:\\\/\\\/inclusivenews.com.br\\\/?p=22423\"},\"author\":{\"name\":\"inclusivenews2024\",\"@id\":\"https:\\\/\\\/inclusivenews.com.br\\\/#\\\/schema\\\/person\\\/ae4ec7087559b8692fb33b6fffd2273b\"},\"headline\":\"Luta de classes (m\u00e9dias)\",\"datePublished\":\"2012-04-25T00:20:22+00:00\",\"mainEntityOfPage\":{\"@id\":\"https:\\\/\\\/inclusivenews.com.br\\\/?p=22423\"},\"wordCount\":450,\"commentCount\":0,\"publisher\":{\"@id\":\"https:\\\/\\\/inclusivenews.com.br\\\/#organization\"},\"image\":{\"@id\":\"https:\\\/\\\/inclusivenews.com.br\\\/?p=22423#primaryimage\"},\"thumbnailUrl\":\"http:\\\/\\\/www.ibase.br\\\/pt\\\/wp-content\\\/uploads\\\/2012\\\/04\\\/churrasco2-300x200.jpg\",\"articleSection\":[\"OPINI\u00c3O\"],\"inLanguage\":\"pt-PT\",\"potentialAction\":[{\"@type\":\"CommentAction\",\"name\":\"Comment\",\"target\":[\"https:\\\/\\\/inclusivenews.com.br\\\/?p=22423#respond\"]}]},{\"@type\":\"WebPage\",\"@id\":\"https:\\\/\\\/inclusivenews.com.br\\\/?p=22423\",\"url\":\"https:\\\/\\\/inclusivenews.com.br\\\/?p=22423\",\"name\":\"Luta de classes (m\u00e9dias) -\",\"isPartOf\":{\"@id\":\"https:\\\/\\\/inclusivenews.com.br\\\/#website\"},\"primaryImageOfPage\":{\"@id\":\"https:\\\/\\\/inclusivenews.com.br\\\/?p=22423#primaryimage\"},\"image\":{\"@id\":\"https:\\\/\\\/inclusivenews.com.br\\\/?p=22423#primaryimage\"},\"thumbnailUrl\":\"http:\\\/\\\/www.ibase.br\\\/pt\\\/wp-content\\\/uploads\\\/2012\\\/04\\\/churrasco2-300x200.jpg\",\"datePublished\":\"2012-04-25T00:20:22+00:00\",\"breadcrumb\":{\"@id\":\"https:\\\/\\\/inclusivenews.com.br\\\/?p=22423#breadcrumb\"},\"inLanguage\":\"pt-PT\",\"potentialAction\":[{\"@type\":\"ReadAction\",\"target\":[\"https:\\\/\\\/inclusivenews.com.br\\\/?p=22423\"]}]},{\"@type\":\"ImageObject\",\"inLanguage\":\"pt-PT\",\"@id\":\"https:\\\/\\\/inclusivenews.com.br\\\/?p=22423#primaryimage\",\"url\":\"http:\\\/\\\/www.ibase.br\\\/pt\\\/wp-content\\\/uploads\\\/2012\\\/04\\\/churrasco2-300x200.jpg\",\"contentUrl\":\"http:\\\/\\\/www.ibase.br\\\/pt\\\/wp-content\\\/uploads\\\/2012\\\/04\\\/churrasco2-300x200.jpg\"},{\"@type\":\"BreadcrumbList\",\"@id\":\"https:\\\/\\\/inclusivenews.com.br\\\/?p=22423#breadcrumb\",\"itemListElement\":[{\"@type\":\"ListItem\",\"position\":1,\"name\":\"In\u00edcio\",\"item\":\"https:\\\/\\\/inclusivenews.com.br\\\/\"},{\"@type\":\"ListItem\",\"position\":2,\"name\":\"Luta de classes (m\u00e9dias)\"}]},{\"@type\":\"WebSite\",\"@id\":\"https:\\\/\\\/inclusivenews.com.br\\\/#website\",\"url\":\"https:\\\/\\\/inclusivenews.com.br\\\/\",\"name\":\"Inclusive News\",\"description\":\"Inclusive News\",\"publisher\":{\"@id\":\"https:\\\/\\\/inclusivenews.com.br\\\/#organization\"},\"potentialAction\":[{\"@type\":\"SearchAction\",\"target\":{\"@type\":\"EntryPoint\",\"urlTemplate\":\"https:\\\/\\\/inclusivenews.com.br\\\/?s={search_term_string}\"},\"query-input\":{\"@type\":\"PropertyValueSpecification\",\"valueRequired\":true,\"valueName\":\"search_term_string\"}}],\"inLanguage\":\"pt-PT\"},{\"@type\":\"Organization\",\"@id\":\"https:\\\/\\\/inclusivenews.com.br\\\/#organization\",\"name\":\"Inclusive - inclus\u00e3o e cidadania\",\"url\":\"https:\\\/\\\/inclusivenews.com.br\\\/\",\"logo\":{\"@type\":\"ImageObject\",\"inLanguage\":\"pt-PT\",\"@id\":\"https:\\\/\\\/inclusivenews.com.br\\\/#\\\/schema\\\/logo\\\/image\\\/\",\"url\":\"https:\\\/\\\/inclusivenews.com.br\\\/wp-content\\\/uploads\\\/2024\\\/03\\\/@grandesite.png\",\"contentUrl\":\"https:\\\/\\\/inclusivenews.com.br\\\/wp-content\\\/uploads\\\/2024\\\/03\\\/@grandesite.png\",\"width\":1080,\"height\":1080,\"caption\":\"Inclusive - inclus\u00e3o e cidadania\"},\"image\":{\"@id\":\"https:\\\/\\\/inclusivenews.com.br\\\/#\\\/schema\\\/logo\\\/image\\\/\"},\"sameAs\":[\"https:\\\/\\\/www.facebook.com\\\/agenciainclusive\\\/\",\"https:\\\/\\\/www.instagram.com\\\/newsinclusive\\\/\"]},{\"@type\":\"Person\",\"@id\":\"https:\\\/\\\/inclusivenews.com.br\\\/#\\\/schema\\\/person\\\/ae4ec7087559b8692fb33b6fffd2273b\",\"name\":\"inclusivenews2024\",\"image\":{\"@type\":\"ImageObject\",\"inLanguage\":\"pt-PT\",\"@id\":\"https:\\\/\\\/secure.gravatar.com\\\/avatar\\\/c5a7ef84c66fa914f55bc4f7ce26cfa275a3b9a1c5568b907bd184fb4dde7b40?s=96&d=mm&r=g\",\"url\":\"https:\\\/\\\/secure.gravatar.com\\\/avatar\\\/c5a7ef84c66fa914f55bc4f7ce26cfa275a3b9a1c5568b907bd184fb4dde7b40?s=96&d=mm&r=g\",\"contentUrl\":\"https:\\\/\\\/secure.gravatar.com\\\/avatar\\\/c5a7ef84c66fa914f55bc4f7ce26cfa275a3b9a1c5568b907bd184fb4dde7b40?s=96&d=mm&r=g\",\"caption\":\"inclusivenews2024\"},\"sameAs\":[\"https:\\\/\\\/inclusivenews.com.br\"],\"url\":\"https:\\\/\\\/inclusivenews.com.br\\\/?author=1\"}]}<\/script>\n<!-- \/ Yoast SEO plugin. -->","yoast_head_json":{"title":"Luta de classes (m\u00e9dias) -","robots":{"index":"index","follow":"follow","max-snippet":"max-snippet:-1","max-image-preview":"max-image-preview:large","max-video-preview":"max-video-preview:-1"},"canonical":"https:\/\/inclusivenews.com.br\/?p=22423","og_locale":"pt_PT","og_type":"article","og_title":"Luta de classes (m\u00e9dias) -","og_description":"Luta de classes (m\u00e9dias) Por Bruna Ventura no Ibase A pesquisa j\u00e1 est\u00e1 um pouco antiga, mas o sentimento \u00e9 atual e latente. Um levantamento do instituto Data Popular mostrou que boa parte das classes A e B se sente incomodada por ter que dividir lugares e servi\u00e7os com a nova classe m\u00e9dia. A pesquisa [&hellip;]","og_url":"https:\/\/inclusivenews.com.br\/?p=22423","article_publisher":"https:\/\/www.facebook.com\/agenciainclusive\/","article_published_time":"2012-04-25T00:20:22+00:00","og_image":[{"url":"http:\/\/www.ibase.br\/pt\/wp-content\/uploads\/2012\/04\/churrasco2-300x200.jpg","type":"","width":"","height":""}],"author":"inclusivenews2024","twitter_card":"summary_large_image","twitter_misc":{"Escrito por":"inclusivenews2024","Tempo estimado de leitura":"2 minutos"},"schema":{"@context":"https:\/\/schema.org","@graph":[{"@type":"Article","@id":"https:\/\/inclusivenews.com.br\/?p=22423#article","isPartOf":{"@id":"https:\/\/inclusivenews.com.br\/?p=22423"},"author":{"name":"inclusivenews2024","@id":"https:\/\/inclusivenews.com.br\/#\/schema\/person\/ae4ec7087559b8692fb33b6fffd2273b"},"headline":"Luta de classes (m\u00e9dias)","datePublished":"2012-04-25T00:20:22+00:00","mainEntityOfPage":{"@id":"https:\/\/inclusivenews.com.br\/?p=22423"},"wordCount":450,"commentCount":0,"publisher":{"@id":"https:\/\/inclusivenews.com.br\/#organization"},"image":{"@id":"https:\/\/inclusivenews.com.br\/?p=22423#primaryimage"},"thumbnailUrl":"http:\/\/www.ibase.br\/pt\/wp-content\/uploads\/2012\/04\/churrasco2-300x200.jpg","articleSection":["OPINI\u00c3O"],"inLanguage":"pt-PT","potentialAction":[{"@type":"CommentAction","name":"Comment","target":["https:\/\/inclusivenews.com.br\/?p=22423#respond"]}]},{"@type":"WebPage","@id":"https:\/\/inclusivenews.com.br\/?p=22423","url":"https:\/\/inclusivenews.com.br\/?p=22423","name":"Luta de classes (m\u00e9dias) -","isPartOf":{"@id":"https:\/\/inclusivenews.com.br\/#website"},"primaryImageOfPage":{"@id":"https:\/\/inclusivenews.com.br\/?p=22423#primaryimage"},"image":{"@id":"https:\/\/inclusivenews.com.br\/?p=22423#primaryimage"},"thumbnailUrl":"http:\/\/www.ibase.br\/pt\/wp-content\/uploads\/2012\/04\/churrasco2-300x200.jpg","datePublished":"2012-04-25T00:20:22+00:00","breadcrumb":{"@id":"https:\/\/inclusivenews.com.br\/?p=22423#breadcrumb"},"inLanguage":"pt-PT","potentialAction":[{"@type":"ReadAction","target":["https:\/\/inclusivenews.com.br\/?p=22423"]}]},{"@type":"ImageObject","inLanguage":"pt-PT","@id":"https:\/\/inclusivenews.com.br\/?p=22423#primaryimage","url":"http:\/\/www.ibase.br\/pt\/wp-content\/uploads\/2012\/04\/churrasco2-300x200.jpg","contentUrl":"http:\/\/www.ibase.br\/pt\/wp-content\/uploads\/2012\/04\/churrasco2-300x200.jpg"},{"@type":"BreadcrumbList","@id":"https:\/\/inclusivenews.com.br\/?p=22423#breadcrumb","itemListElement":[{"@type":"ListItem","position":1,"name":"In\u00edcio","item":"https:\/\/inclusivenews.com.br\/"},{"@type":"ListItem","position":2,"name":"Luta de classes (m\u00e9dias)"}]},{"@type":"WebSite","@id":"https:\/\/inclusivenews.com.br\/#website","url":"https:\/\/inclusivenews.com.br\/","name":"Inclusive News","description":"Inclusive News","publisher":{"@id":"https:\/\/inclusivenews.com.br\/#organization"},"potentialAction":[{"@type":"SearchAction","target":{"@type":"EntryPoint","urlTemplate":"https:\/\/inclusivenews.com.br\/?s={search_term_string}"},"query-input":{"@type":"PropertyValueSpecification","valueRequired":true,"valueName":"search_term_string"}}],"inLanguage":"pt-PT"},{"@type":"Organization","@id":"https:\/\/inclusivenews.com.br\/#organization","name":"Inclusive - inclus\u00e3o e cidadania","url":"https:\/\/inclusivenews.com.br\/","logo":{"@type":"ImageObject","inLanguage":"pt-PT","@id":"https:\/\/inclusivenews.com.br\/#\/schema\/logo\/image\/","url":"https:\/\/inclusivenews.com.br\/wp-content\/uploads\/2024\/03\/@grandesite.png","contentUrl":"https:\/\/inclusivenews.com.br\/wp-content\/uploads\/2024\/03\/@grandesite.png","width":1080,"height":1080,"caption":"Inclusive - inclus\u00e3o e cidadania"},"image":{"@id":"https:\/\/inclusivenews.com.br\/#\/schema\/logo\/image\/"},"sameAs":["https:\/\/www.facebook.com\/agenciainclusive\/","https:\/\/www.instagram.com\/newsinclusive\/"]},{"@type":"Person","@id":"https:\/\/inclusivenews.com.br\/#\/schema\/person\/ae4ec7087559b8692fb33b6fffd2273b","name":"inclusivenews2024","image":{"@type":"ImageObject","inLanguage":"pt-PT","@id":"https:\/\/secure.gravatar.com\/avatar\/c5a7ef84c66fa914f55bc4f7ce26cfa275a3b9a1c5568b907bd184fb4dde7b40?s=96&d=mm&r=g","url":"https:\/\/secure.gravatar.com\/avatar\/c5a7ef84c66fa914f55bc4f7ce26cfa275a3b9a1c5568b907bd184fb4dde7b40?s=96&d=mm&r=g","contentUrl":"https:\/\/secure.gravatar.com\/avatar\/c5a7ef84c66fa914f55bc4f7ce26cfa275a3b9a1c5568b907bd184fb4dde7b40?s=96&d=mm&r=g","caption":"inclusivenews2024"},"sameAs":["https:\/\/inclusivenews.com.br"],"url":"https:\/\/inclusivenews.com.br\/?author=1"}]}},"_links":{"self":[{"href":"https:\/\/inclusivenews.com.br\/index.php?rest_route=\/wp\/v2\/posts\/22423","targetHints":{"allow":["GET"]}}],"collection":[{"href":"https:\/\/inclusivenews.com.br\/index.php?rest_route=\/wp\/v2\/posts"}],"about":[{"href":"https:\/\/inclusivenews.com.br\/index.php?rest_route=\/wp\/v2\/types\/post"}],"author":[{"embeddable":true,"href":"https:\/\/inclusivenews.com.br\/index.php?rest_route=\/wp\/v2\/users\/1"}],"replies":[{"embeddable":true,"href":"https:\/\/inclusivenews.com.br\/index.php?rest_route=%2Fwp%2Fv2%2Fcomments&post=22423"}],"version-history":[{"count":0,"href":"https:\/\/inclusivenews.com.br\/index.php?rest_route=\/wp\/v2\/posts\/22423\/revisions"}],"wp:attachment":[{"href":"https:\/\/inclusivenews.com.br\/index.php?rest_route=%2Fwp%2Fv2%2Fmedia&parent=22423"}],"wp:term":[{"taxonomy":"category","embeddable":true,"href":"https:\/\/inclusivenews.com.br\/index.php?rest_route=%2Fwp%2Fv2%2Fcategories&post=22423"},{"taxonomy":"post_tag","embeddable":true,"href":"https:\/\/inclusivenews.com.br\/index.php?rest_route=%2Fwp%2Fv2%2Ftags&post=22423"}],"curies":[{"name":"wp","href":"https:\/\/api.w.org\/{rel}","templated":true}]}}