{"id":22427,"date":"2012-04-24T21:13:09","date_gmt":"2012-04-25T00:13:09","guid":{"rendered":"http:\/\/www.inclusive.org.br\/?p=22427"},"modified":"2012-04-24T21:13:09","modified_gmt":"2012-04-25T00:13:09","slug":"predio-publico-sem-crucifixo-estabelece-abertura-a-diversidade","status":"publish","type":"post","link":"https:\/\/inclusivenews.com.br\/?p=22427","title":{"rendered":"Pr\u00e9dio p\u00fablico sem crucifixo estabelece abertura \u00e0 diversidade"},"content":{"rendered":"<figure id=\"attachment_21167\" aria-describedby=\"caption-attachment-21167\" style=\"width: 246px\" class=\"wp-caption alignleft\"><a href=\"http:\/\/www.inclusivenews.com.br\/wp-content\/uploads\/estadolaico_thumb.jpg\"><img loading=\"lazy\" decoding=\"async\" class=\"size-full wp-image-21167\" title=\"Ensino laico - Estado e religi\u00e3o separados por uma tesoura\" src=\"http:\/\/inclusivenews.com.br\/wp-content\/uploads\/estadolaico_thumb.jpg\" alt=\"Ensino laico - Estado e religi\u00e3o separados por uma tesoura\" width=\"246\" height=\"210\" \/><\/a><figcaption id=\"caption-attachment-21167\" class=\"wp-caption-text\"> <\/figcaption><\/figure>\n<p><strong>Por Maria Teresa Manfredo<br \/>\nna Com Ci\u00eancia<\/strong><\/p>\n<p>No in\u00edcio de mar\u00e7o, o Conselho da Magistratura do Tribunal de Justi\u00e7a do Rio Grande do Sul (TJ-RS), decidiu pela retirada dos crucifixos e demais s\u00edmbolos religiosos nos pr\u00e9dios da Justi\u00e7a ga\u00facha. O Conselho considerou que a sociedade tamb\u00e9m \u00e9 legitimamente composta por pessoas de religi\u00f5es n\u00e3o crist\u00e3s, de ateus, de sem religi\u00e3o para os quais o atrelamento do Estado ao cristianismo pode significar uma viol\u00eancia simb\u00f3lica. Segundo a doutora em antropologia da religi\u00e3o Renata de Castro Menezes, o Estado n\u00e3o estaria extrapolando o seu papel ao aprovar tal lei, pois, se estamos falando de locais p\u00fablicos, como reparti\u00e7\u00f5es de atendimento ao cidad\u00e3o, trata-se de estabelecer um acordo m\u00ednimo de abertura \u00e0 diversidade, dentro de certos princ\u00edpios de conviv\u00eancia social.<\/p>\n<p>A decis\u00e3o foi aprovada por unanimidade pelos cinco desembargadores que comp\u00f5em o Conselho. Considera-se que aus\u00eancia de envolvimento religioso em assuntos governamentais, bem como aus\u00eancia de envolvimento do governo nos assuntos religiosos (Estado laico) protege a liberdade religiosa de qualquer cidad\u00e3o ou entidade, em igualdade de condi\u00e7\u00f5es, e n\u00e3o permite a influ\u00eancia da religiosidade no que seja p\u00fablico.<\/p>\n<p>A sess\u00e3o de vota\u00e7\u00e3o foi acompanhada por diversos movimentos sociais como as ONGs Somos, Nuances, Themis, a Marcha Mundial das Mulheres, Rede Feminista de Sa\u00fade, al\u00e9m da Liga Brasileira de L\u00e9sbicas (LBL). Em seu blog, a LBL afirmou que a decis\u00e3o \u00e9 um importante passo na separa\u00e7\u00e3o entre Estado e religi\u00e3o, o que pode vir a facilitar discuss\u00f5es sobre temas como estudo de c\u00e9lulas tronco, aborto, e direitos de L\u00e9sbicas, Gays, Bissexuais e Transg\u00eaneros.<\/p>\n<p>H\u00e1 quem argumente que, apesar de um Estado laico, como garantido em nossa Constitui\u00e7\u00e3o, o Brasil \u00e9 um pa\u00eds de tradi\u00e7\u00e3o crist\u00e3, e, portanto proibir crucifixos em locais p\u00fablicos \u00e9 ir contra esta tradi\u00e7\u00e3o. Sobre este assunto, Menezes que \u00e9 professora da Universidade Federal do Rio de Janeiro explica que, muitas vezes, a constru\u00e7\u00e3o de uma sociedade mais justa e democr\u00e1tica implica a mudan\u00e7a das tradi\u00e7\u00f5es, pois essa \u00e9 a din\u00e2mica da vida social. Menezes exemplifica que h\u00e1 s\u00e9rie de decis\u00f5es pol\u00edticas que tomamos contra as tradi\u00e7\u00f5es, visando uma sociedade mais democr\u00e1tica e equitativa: \u00e9 o caso do voto das mulheres e dos analfabetos, a permiss\u00e3o do div\u00f3rcio, a luta pelos direitos das mulheres, dos ind\u00edgenas e das minorias sexuais, etc.<\/p>\n<p>\u201cIsso \u00e9 muito diferente, por exemplo, de proibir as pessoas de portarem s\u00edmbolos religiosos nesses espa\u00e7os, o que, a meu ver, seria uma interfer\u00eancia indevida do Estado nas op\u00e7\u00f5es pessoais. Afinal, n\u00e3o se trata de tirar o Cristo Redentor do Corcovado, ou os crucifixos das ruas de Ouro Preto, etc. Trata-se de criar um espa\u00e7o p\u00fablico em que o cidad\u00e3o n\u00e3o-crist\u00e3o possa se sentir contemplado\u201d, destaca.<\/p>\n<p>Menezes explica que, ao contr\u00e1rio do que pode pensar o senso comum, o Brasil n\u00e3o \u00e9 um sugestivo caso de rela\u00e7\u00e3o independente e harmoniosa entre religi\u00e3o e Estado. \u201cNa verdade, a hegemonia cat\u00f3lica implicou s\u00e9culos de viol\u00eancia simb\u00f3lica e f\u00edsica contra adeptos de outras religi\u00f5es. Sabemos que a repress\u00e3o \u00e0s religi\u00f5es afro-brasileiras vem de longa data, e s\u00f3 come\u00e7a a atenuar na segunda metade do s\u00e9culo XX, para voltar a recrudescer a partir dos anos 1990 &#8211; com o crescimento de certos ramos evang\u00e9licos pouco afeitos ao macro-ecumenismo e ao di\u00e1logo inter-religioso\u201d, afirma.<\/p>\n<p>Historicamente, a Igreja Cat\u00f3lica teria sempre relacionado a pol\u00edtica com seu peso cultural na repress\u00e3o aos cultos de possess\u00e3o afro-brasileiros, bem como na repress\u00e3o ao espiritismo. \u201cJ\u00e1 atualmente, certos ramos do pentecostalismo encontram-se em verdadeira batalha espiritual contra cat\u00f3licos, esp\u00edritas e afrobrasileiros, tratando a mediunidade, a possess\u00e3o e o culto aos santos como a\u00e7\u00f5es demon\u00edacas\u201d, elucida a antrop\u00f3loga.<\/p>\n<p>Por outro lado, teria havido, historicamente, uma rela\u00e7\u00e3o de complementariedade entre Estado e Igrejas no campo da educa\u00e7\u00e3o, sa\u00fade e assist\u00eancia social, demonstrando os limites da independ\u00eancia. Menezes alerta que \u00e9 preciso considerar essas rela\u00e7\u00f5es a partir de dados hist\u00f3ricos e pesquisas emp\u00edricas, sob pena de reproduzirmos uma falsa autoimagem de toler\u00e2ncia, numa esp\u00e9cie de representa\u00e7\u00e3o ideal do brasileiro como um povo essencialmente cordial.<\/p>\n<p>Fonte: <a href=\"http:\/\/www.comciencia.br\/comciencia\/?section=3&amp;noticia=741\">Com Ci\u00eancia<\/a><\/p>\n","protected":false},"excerpt":{"rendered":"<p>No in\u00edcio de mar\u00e7o, o Conselho da Magistratura do Tribunal de Justi\u00e7a do Rio Grande do Sul (TJ-RS), decidiu pela retirada dos crucifixos e demais s\u00edmbolos religiosos nos pr\u00e9dios da Justi\u00e7a ga\u00facha. <\/p>\n","protected":false},"author":1,"featured_media":0,"comment_status":"open","ping_status":"open","sticky":false,"template":"","format":"standard","meta":{"site-container-style":"default","site-container-layout":"default","site-sidebar-layout":"default","disable-article-header":"default","disable-site-header":"default","disable-site-footer":"default","disable-content-area-spacing":"default","footnotes":""},"categories":[33],"tags":[177],"class_list":["post-22427","post","type-post","status-publish","format-standard","hentry","category-reportagem","tag-estado-laico"],"yoast_head":"<!-- This site is optimized with the Yoast SEO plugin v27.4 - https:\/\/yoast.com\/product\/yoast-seo-wordpress\/ -->\n<title>Pr\u00e9dio p\u00fablico sem crucifixo estabelece abertura \u00e0 diversidade -<\/title>\n<meta name=\"robots\" content=\"index, follow, max-snippet:-1, max-image-preview:large, max-video-preview:-1\" \/>\n<link rel=\"canonical\" href=\"https:\/\/inclusivenews.com.br\/?p=22427\" \/>\n<meta property=\"og:locale\" content=\"pt_PT\" \/>\n<meta property=\"og:type\" content=\"article\" \/>\n<meta property=\"og:title\" content=\"Pr\u00e9dio p\u00fablico sem crucifixo estabelece abertura \u00e0 diversidade -\" \/>\n<meta property=\"og:description\" content=\"No in\u00edcio de mar\u00e7o, o Conselho da Magistratura do Tribunal de Justi\u00e7a do Rio Grande do Sul (TJ-RS), decidiu pela retirada dos crucifixos e demais s\u00edmbolos religiosos nos pr\u00e9dios da Justi\u00e7a ga\u00facha.\" \/>\n<meta property=\"og:url\" content=\"https:\/\/inclusivenews.com.br\/?p=22427\" \/>\n<meta property=\"article:publisher\" content=\"https:\/\/www.facebook.com\/agenciainclusive\/\" \/>\n<meta property=\"article:published_time\" content=\"2012-04-25T00:13:09+00:00\" \/>\n<meta property=\"og:image\" content=\"http:\/\/inclusivenews.com.br\/wp-content\/uploads\/estadolaico_thumb.jpg\" \/>\n<meta name=\"author\" content=\"inclusivenews2024\" \/>\n<meta name=\"twitter:card\" content=\"summary_large_image\" \/>\n<meta name=\"twitter:label1\" content=\"Escrito por\" \/>\n\t<meta name=\"twitter:data1\" content=\"inclusivenews2024\" \/>\n\t<meta name=\"twitter:label2\" content=\"Tempo estimado de leitura\" \/>\n\t<meta name=\"twitter:data2\" content=\"4 minutos\" \/>\n<script type=\"application\/ld+json\" class=\"yoast-schema-graph\">{\"@context\":\"https:\\\/\\\/schema.org\",\"@graph\":[{\"@type\":\"Article\",\"@id\":\"https:\\\/\\\/inclusivenews.com.br\\\/?p=22427#article\",\"isPartOf\":{\"@id\":\"https:\\\/\\\/inclusivenews.com.br\\\/?p=22427\"},\"author\":{\"name\":\"inclusivenews2024\",\"@id\":\"https:\\\/\\\/inclusivenews.com.br\\\/#\\\/schema\\\/person\\\/ae4ec7087559b8692fb33b6fffd2273b\"},\"headline\":\"Pr\u00e9dio p\u00fablico sem crucifixo estabelece abertura \u00e0 diversidade\",\"datePublished\":\"2012-04-25T00:13:09+00:00\",\"mainEntityOfPage\":{\"@id\":\"https:\\\/\\\/inclusivenews.com.br\\\/?p=22427\"},\"wordCount\":780,\"commentCount\":0,\"publisher\":{\"@id\":\"https:\\\/\\\/inclusivenews.com.br\\\/#organization\"},\"image\":{\"@id\":\"https:\\\/\\\/inclusivenews.com.br\\\/?p=22427#primaryimage\"},\"thumbnailUrl\":\"http:\\\/\\\/inclusivenews.com.br\\\/wp-content\\\/uploads\\\/estadolaico_thumb.jpg\",\"keywords\":[\"Estado laico\"],\"articleSection\":[\"Reportagem\"],\"inLanguage\":\"pt-PT\",\"potentialAction\":[{\"@type\":\"CommentAction\",\"name\":\"Comment\",\"target\":[\"https:\\\/\\\/inclusivenews.com.br\\\/?p=22427#respond\"]}]},{\"@type\":\"WebPage\",\"@id\":\"https:\\\/\\\/inclusivenews.com.br\\\/?p=22427\",\"url\":\"https:\\\/\\\/inclusivenews.com.br\\\/?p=22427\",\"name\":\"Pr\u00e9dio p\u00fablico sem crucifixo estabelece abertura \u00e0 diversidade -\",\"isPartOf\":{\"@id\":\"https:\\\/\\\/inclusivenews.com.br\\\/#website\"},\"primaryImageOfPage\":{\"@id\":\"https:\\\/\\\/inclusivenews.com.br\\\/?p=22427#primaryimage\"},\"image\":{\"@id\":\"https:\\\/\\\/inclusivenews.com.br\\\/?p=22427#primaryimage\"},\"thumbnailUrl\":\"http:\\\/\\\/inclusivenews.com.br\\\/wp-content\\\/uploads\\\/estadolaico_thumb.jpg\",\"datePublished\":\"2012-04-25T00:13:09+00:00\",\"breadcrumb\":{\"@id\":\"https:\\\/\\\/inclusivenews.com.br\\\/?p=22427#breadcrumb\"},\"inLanguage\":\"pt-PT\",\"potentialAction\":[{\"@type\":\"ReadAction\",\"target\":[\"https:\\\/\\\/inclusivenews.com.br\\\/?p=22427\"]}]},{\"@type\":\"ImageObject\",\"inLanguage\":\"pt-PT\",\"@id\":\"https:\\\/\\\/inclusivenews.com.br\\\/?p=22427#primaryimage\",\"url\":\"\",\"contentUrl\":\"\"},{\"@type\":\"BreadcrumbList\",\"@id\":\"https:\\\/\\\/inclusivenews.com.br\\\/?p=22427#breadcrumb\",\"itemListElement\":[{\"@type\":\"ListItem\",\"position\":1,\"name\":\"In\u00edcio\",\"item\":\"https:\\\/\\\/inclusivenews.com.br\\\/\"},{\"@type\":\"ListItem\",\"position\":2,\"name\":\"Pr\u00e9dio p\u00fablico sem crucifixo estabelece abertura \u00e0 diversidade\"}]},{\"@type\":\"WebSite\",\"@id\":\"https:\\\/\\\/inclusivenews.com.br\\\/#website\",\"url\":\"https:\\\/\\\/inclusivenews.com.br\\\/\",\"name\":\"Inclusive News\",\"description\":\"Inclusive News\",\"publisher\":{\"@id\":\"https:\\\/\\\/inclusivenews.com.br\\\/#organization\"},\"potentialAction\":[{\"@type\":\"SearchAction\",\"target\":{\"@type\":\"EntryPoint\",\"urlTemplate\":\"https:\\\/\\\/inclusivenews.com.br\\\/?s={search_term_string}\"},\"query-input\":{\"@type\":\"PropertyValueSpecification\",\"valueRequired\":true,\"valueName\":\"search_term_string\"}}],\"inLanguage\":\"pt-PT\"},{\"@type\":\"Organization\",\"@id\":\"https:\\\/\\\/inclusivenews.com.br\\\/#organization\",\"name\":\"Inclusive - inclus\u00e3o e cidadania\",\"url\":\"https:\\\/\\\/inclusivenews.com.br\\\/\",\"logo\":{\"@type\":\"ImageObject\",\"inLanguage\":\"pt-PT\",\"@id\":\"https:\\\/\\\/inclusivenews.com.br\\\/#\\\/schema\\\/logo\\\/image\\\/\",\"url\":\"https:\\\/\\\/inclusivenews.com.br\\\/wp-content\\\/uploads\\\/2024\\\/03\\\/@grandesite.png\",\"contentUrl\":\"https:\\\/\\\/inclusivenews.com.br\\\/wp-content\\\/uploads\\\/2024\\\/03\\\/@grandesite.png\",\"width\":1080,\"height\":1080,\"caption\":\"Inclusive - inclus\u00e3o e cidadania\"},\"image\":{\"@id\":\"https:\\\/\\\/inclusivenews.com.br\\\/#\\\/schema\\\/logo\\\/image\\\/\"},\"sameAs\":[\"https:\\\/\\\/www.facebook.com\\\/agenciainclusive\\\/\",\"https:\\\/\\\/www.instagram.com\\\/newsinclusive\\\/\"]},{\"@type\":\"Person\",\"@id\":\"https:\\\/\\\/inclusivenews.com.br\\\/#\\\/schema\\\/person\\\/ae4ec7087559b8692fb33b6fffd2273b\",\"name\":\"inclusivenews2024\",\"image\":{\"@type\":\"ImageObject\",\"inLanguage\":\"pt-PT\",\"@id\":\"https:\\\/\\\/secure.gravatar.com\\\/avatar\\\/c5a7ef84c66fa914f55bc4f7ce26cfa275a3b9a1c5568b907bd184fb4dde7b40?s=96&d=mm&r=g\",\"url\":\"https:\\\/\\\/secure.gravatar.com\\\/avatar\\\/c5a7ef84c66fa914f55bc4f7ce26cfa275a3b9a1c5568b907bd184fb4dde7b40?s=96&d=mm&r=g\",\"contentUrl\":\"https:\\\/\\\/secure.gravatar.com\\\/avatar\\\/c5a7ef84c66fa914f55bc4f7ce26cfa275a3b9a1c5568b907bd184fb4dde7b40?s=96&d=mm&r=g\",\"caption\":\"inclusivenews2024\"},\"sameAs\":[\"https:\\\/\\\/inclusivenews.com.br\"],\"url\":\"https:\\\/\\\/inclusivenews.com.br\\\/?author=1\"}]}<\/script>\n<!-- \/ Yoast SEO plugin. -->","yoast_head_json":{"title":"Pr\u00e9dio p\u00fablico sem crucifixo estabelece abertura \u00e0 diversidade -","robots":{"index":"index","follow":"follow","max-snippet":"max-snippet:-1","max-image-preview":"max-image-preview:large","max-video-preview":"max-video-preview:-1"},"canonical":"https:\/\/inclusivenews.com.br\/?p=22427","og_locale":"pt_PT","og_type":"article","og_title":"Pr\u00e9dio p\u00fablico sem crucifixo estabelece abertura \u00e0 diversidade -","og_description":"No in\u00edcio de mar\u00e7o, o Conselho da Magistratura do Tribunal de Justi\u00e7a do Rio Grande do Sul (TJ-RS), decidiu pela retirada dos crucifixos e demais s\u00edmbolos religiosos nos pr\u00e9dios da Justi\u00e7a ga\u00facha.","og_url":"https:\/\/inclusivenews.com.br\/?p=22427","article_publisher":"https:\/\/www.facebook.com\/agenciainclusive\/","article_published_time":"2012-04-25T00:13:09+00:00","og_image":[{"url":"http:\/\/inclusivenews.com.br\/wp-content\/uploads\/estadolaico_thumb.jpg","type":"","width":"","height":""}],"author":"inclusivenews2024","twitter_card":"summary_large_image","twitter_misc":{"Escrito por":"inclusivenews2024","Tempo estimado de leitura":"4 minutos"},"schema":{"@context":"https:\/\/schema.org","@graph":[{"@type":"Article","@id":"https:\/\/inclusivenews.com.br\/?p=22427#article","isPartOf":{"@id":"https:\/\/inclusivenews.com.br\/?p=22427"},"author":{"name":"inclusivenews2024","@id":"https:\/\/inclusivenews.com.br\/#\/schema\/person\/ae4ec7087559b8692fb33b6fffd2273b"},"headline":"Pr\u00e9dio p\u00fablico sem crucifixo estabelece abertura \u00e0 diversidade","datePublished":"2012-04-25T00:13:09+00:00","mainEntityOfPage":{"@id":"https:\/\/inclusivenews.com.br\/?p=22427"},"wordCount":780,"commentCount":0,"publisher":{"@id":"https:\/\/inclusivenews.com.br\/#organization"},"image":{"@id":"https:\/\/inclusivenews.com.br\/?p=22427#primaryimage"},"thumbnailUrl":"http:\/\/inclusivenews.com.br\/wp-content\/uploads\/estadolaico_thumb.jpg","keywords":["Estado laico"],"articleSection":["Reportagem"],"inLanguage":"pt-PT","potentialAction":[{"@type":"CommentAction","name":"Comment","target":["https:\/\/inclusivenews.com.br\/?p=22427#respond"]}]},{"@type":"WebPage","@id":"https:\/\/inclusivenews.com.br\/?p=22427","url":"https:\/\/inclusivenews.com.br\/?p=22427","name":"Pr\u00e9dio p\u00fablico sem crucifixo estabelece abertura \u00e0 diversidade -","isPartOf":{"@id":"https:\/\/inclusivenews.com.br\/#website"},"primaryImageOfPage":{"@id":"https:\/\/inclusivenews.com.br\/?p=22427#primaryimage"},"image":{"@id":"https:\/\/inclusivenews.com.br\/?p=22427#primaryimage"},"thumbnailUrl":"http:\/\/inclusivenews.com.br\/wp-content\/uploads\/estadolaico_thumb.jpg","datePublished":"2012-04-25T00:13:09+00:00","breadcrumb":{"@id":"https:\/\/inclusivenews.com.br\/?p=22427#breadcrumb"},"inLanguage":"pt-PT","potentialAction":[{"@type":"ReadAction","target":["https:\/\/inclusivenews.com.br\/?p=22427"]}]},{"@type":"ImageObject","inLanguage":"pt-PT","@id":"https:\/\/inclusivenews.com.br\/?p=22427#primaryimage","url":"","contentUrl":""},{"@type":"BreadcrumbList","@id":"https:\/\/inclusivenews.com.br\/?p=22427#breadcrumb","itemListElement":[{"@type":"ListItem","position":1,"name":"In\u00edcio","item":"https:\/\/inclusivenews.com.br\/"},{"@type":"ListItem","position":2,"name":"Pr\u00e9dio p\u00fablico sem crucifixo estabelece abertura \u00e0 diversidade"}]},{"@type":"WebSite","@id":"https:\/\/inclusivenews.com.br\/#website","url":"https:\/\/inclusivenews.com.br\/","name":"Inclusive News","description":"Inclusive News","publisher":{"@id":"https:\/\/inclusivenews.com.br\/#organization"},"potentialAction":[{"@type":"SearchAction","target":{"@type":"EntryPoint","urlTemplate":"https:\/\/inclusivenews.com.br\/?s={search_term_string}"},"query-input":{"@type":"PropertyValueSpecification","valueRequired":true,"valueName":"search_term_string"}}],"inLanguage":"pt-PT"},{"@type":"Organization","@id":"https:\/\/inclusivenews.com.br\/#organization","name":"Inclusive - inclus\u00e3o e cidadania","url":"https:\/\/inclusivenews.com.br\/","logo":{"@type":"ImageObject","inLanguage":"pt-PT","@id":"https:\/\/inclusivenews.com.br\/#\/schema\/logo\/image\/","url":"https:\/\/inclusivenews.com.br\/wp-content\/uploads\/2024\/03\/@grandesite.png","contentUrl":"https:\/\/inclusivenews.com.br\/wp-content\/uploads\/2024\/03\/@grandesite.png","width":1080,"height":1080,"caption":"Inclusive - inclus\u00e3o e cidadania"},"image":{"@id":"https:\/\/inclusivenews.com.br\/#\/schema\/logo\/image\/"},"sameAs":["https:\/\/www.facebook.com\/agenciainclusive\/","https:\/\/www.instagram.com\/newsinclusive\/"]},{"@type":"Person","@id":"https:\/\/inclusivenews.com.br\/#\/schema\/person\/ae4ec7087559b8692fb33b6fffd2273b","name":"inclusivenews2024","image":{"@type":"ImageObject","inLanguage":"pt-PT","@id":"https:\/\/secure.gravatar.com\/avatar\/c5a7ef84c66fa914f55bc4f7ce26cfa275a3b9a1c5568b907bd184fb4dde7b40?s=96&d=mm&r=g","url":"https:\/\/secure.gravatar.com\/avatar\/c5a7ef84c66fa914f55bc4f7ce26cfa275a3b9a1c5568b907bd184fb4dde7b40?s=96&d=mm&r=g","contentUrl":"https:\/\/secure.gravatar.com\/avatar\/c5a7ef84c66fa914f55bc4f7ce26cfa275a3b9a1c5568b907bd184fb4dde7b40?s=96&d=mm&r=g","caption":"inclusivenews2024"},"sameAs":["https:\/\/inclusivenews.com.br"],"url":"https:\/\/inclusivenews.com.br\/?author=1"}]}},"_links":{"self":[{"href":"https:\/\/inclusivenews.com.br\/index.php?rest_route=\/wp\/v2\/posts\/22427","targetHints":{"allow":["GET"]}}],"collection":[{"href":"https:\/\/inclusivenews.com.br\/index.php?rest_route=\/wp\/v2\/posts"}],"about":[{"href":"https:\/\/inclusivenews.com.br\/index.php?rest_route=\/wp\/v2\/types\/post"}],"author":[{"embeddable":true,"href":"https:\/\/inclusivenews.com.br\/index.php?rest_route=\/wp\/v2\/users\/1"}],"replies":[{"embeddable":true,"href":"https:\/\/inclusivenews.com.br\/index.php?rest_route=%2Fwp%2Fv2%2Fcomments&post=22427"}],"version-history":[{"count":0,"href":"https:\/\/inclusivenews.com.br\/index.php?rest_route=\/wp\/v2\/posts\/22427\/revisions"}],"wp:attachment":[{"href":"https:\/\/inclusivenews.com.br\/index.php?rest_route=%2Fwp%2Fv2%2Fmedia&parent=22427"}],"wp:term":[{"taxonomy":"category","embeddable":true,"href":"https:\/\/inclusivenews.com.br\/index.php?rest_route=%2Fwp%2Fv2%2Fcategories&post=22427"},{"taxonomy":"post_tag","embeddable":true,"href":"https:\/\/inclusivenews.com.br\/index.php?rest_route=%2Fwp%2Fv2%2Ftags&post=22427"}],"curies":[{"name":"wp","href":"https:\/\/api.w.org\/{rel}","templated":true}]}}