{"id":22431,"date":"2012-04-24T21:10:26","date_gmt":"2012-04-25T00:10:26","guid":{"rendered":"http:\/\/www.inclusive.org.br\/?p=22431"},"modified":"2012-04-24T21:10:26","modified_gmt":"2012-04-25T00:10:26","slug":"nota-em-defesa-das-comunidades-quilombolas","status":"publish","type":"post","link":"https:\/\/inclusivenews.com.br\/?p=22431","title":{"rendered":"Nota em defesa das comunidades quilombolas"},"content":{"rendered":"<figure style=\"width: 300px\" class=\"wp-caption alignnone\"><a class=\"moz-txt-link-freetext\" href=\"http:\/\/reporterbrasil.org.br\/blogdaredacao\/wp-content\/uploads\/2012\/04\/DSC02383-300x200.jpg\"><img loading=\"lazy\" decoding=\"async\" title=\"Fam\u00edlia de quilombolas no Par\u00e1 (clique na imagem para ampliar). Foto: Verena Glass\" src=\"http:\/\/reporterbrasil.org.br\/blogdaredacao\/wp-content\/uploads\/2012\/04\/DSC02383-300x200.jpg\" alt=\"\" width=\"300\" height=\"200\" \/><\/a><figcaption class=\"wp-caption-text\">Fam\u00edlia de quilombolas no Par\u00e1 (clique na imagem para ampliar). Foto: Verena Glass<\/figcaption><\/figure>\n<p>A Comiss\u00e3o Pr\u00f3-\u00cdndio de S\u00e3o Paulo divulgou nota criticando o voto do ministro Cezar Peluso, presidente do Supremo Tribunal Federal, no<a href=\"http:\/\/www.stf.jus.br\/portal\/cms\/verNoticiaDetalhe.asp?idConteudo=205330\" target=\"_blank\" rel=\"noopener\"> julgamento da A\u00e7\u00e3o Direta de Inconstitucionalidade 3239<\/a>, relativa \u00e0 demarca\u00e7\u00e3o e titula\u00e7\u00e3o de territ\u00f3rios quilombolas no Brasil. Ao explicar porque se posicionou em favor da anula\u00e7\u00e3o do <a href=\"http:\/\/www.planalto.gov.br\/ccivil_03\/decreto\/2003\/d4887.htm\" target=\"_blank\" rel=\"noopener\">Decreto 4887<\/a>, que regulamenta como devem ser identificadas e reconhecidas tais propriedades, Peluso, que \u00e9 relator do processo, afirmou que \u201cnem os que defendem os direitos dos quilombolas est\u00e3o satisfeitos com o atual estado das coisas\u201d, e citou dados da organiza\u00e7\u00e3o que indicam como a quest\u00e3o tem sido tratada no pa\u00eds.<\/p>\n<p>A associa\u00e7\u00e3o fez com que a Comiss\u00e3o Pr\u00f3-\u00cdndios se posicionasse criticando a maneira como a informa\u00e7\u00e3o foi apresentada. Realmente, existem problemas graves na titula\u00e7\u00e3o de terras quilombolas no Brasil. Apenas duas comunidades\u00a0 conseguiram o t\u00edtulo da terra em 2011, sendo<a href=\"http:\/\/www.reporterbrasil.org.br\/exibe.php?id=2006\" target=\"_blank\" rel=\"noopener\"> apenas um deles federal<\/a>. Do total das cerca de 3 mil existentes, apenas 110, ou 6%, t\u00eam o t\u00edtulo assegurado.\u00a0 A entidade aponta os problemas, mas defende, no entanto, que eles n\u00e3o t\u00eam rela\u00e7\u00e3o com o Decreto 4887, como tentou indicar o ministro. \u201cAo contr\u00e1rio, consideramos que o Decreto 4.887 favorece a garantia dos direitos das comunidades quilombolas e que a declara\u00e7\u00e3o de sua inconstitucionalidade s\u00f3 agravar\u00e1 o cen\u00e1rio atual de poucas titula\u00e7\u00f5es e disputas pelas terras quilombolas\u201d, escreveram os representantes da Pr\u00f3-\u00cdndio em nota.<\/p>\n<p>Ap\u00f3s o voto de Peluso em favor da derrubada do Decreto 4887, e, assim da titula\u00e7\u00e3o de terras quilombolas no Brasil, a ministra Rosa Weber pediu vistas e interrompeu o julgamento. Para acompanhar o andamento da a\u00e7\u00e3o \u00e9 s\u00f3 <a href=\"http:\/\/www.stf.jus.br\/portal\/processo\/verProcessoAndamento.asp\" target=\"_blank\" rel=\"noopener\">entrar na p\u00e1gina do STF<\/a> e indicar o n\u00famero ADI 3239 ou <a href=\"http:\/\/redir.stf.jus.br\/estfvisualizadorpub\/jsp\/consultarprocessoeletronico\/ConsultarProcessoEletronico.jsf?seqobjetoincidente=2227157\" target=\"_blank\" rel=\"noopener\">entrar direto na p\u00e1gina em que os documentos do processo est\u00e3o digitalizados<\/a>. Veja abaixo a \u00edntegra da nota divulgada pela Comiss\u00e3o Pr\u00f3-\u00cdndio de S\u00e3o Paulo.<\/p>\n<p>\u201cNOTA P\u00daBLICA<\/p>\n<p>Hoje, no in\u00edcio do julgamento da ADI n. 3239, cujo pedido \u00e9 a declara\u00e7\u00e3o de inconstitucionalidade do Decreto 4.887\/2003, dados do monitoramento realizado pela Comiss\u00e3o Pr\u00f3-\u00cdndio de S\u00e3o Paulo foram citados no voto proferido pelo Ministro Relator Cezar Peluso.<\/p>\n<p>Assim sendo, vimos a p\u00fablico esclarecer que a Comiss\u00e3o Pr\u00f3-\u00cdndio de S\u00e3o Paulo considera que o cen\u00e1rio atual de limitadas titula\u00e7\u00f5es e morosidade do Poder Executivo na condu\u00e7\u00e3o dos processos administrativos citados pelo Ministro <strong>n\u00e3o decorre do Decreto 4.887\/2003<\/strong>.<\/p>\n<p>Ao contr\u00e1rio, consideramos que o Decreto 4.887\/2003 favorece a garantia dos direitos das comunidades quilombolas e que a declara\u00e7\u00e3o de sua inconstitucionalidade s\u00f3 agravar\u00e1 o cen\u00e1rio atual de poucas titula\u00e7\u00f5es e disputas pelas terras quilombolas.<\/p>\n<p>A Comiss\u00e3o Pr\u00f3-\u00cdndio de S\u00e3o Paulo reitera seu posicionamento pela constitucionalidade do Decreto 4.887\/2003 e manifesta sua solidariedade \u00e0s comunidades quilombolas que, mais uma vez, veem a efetividade dos seus direitos constitucionais amea\u00e7ada.<\/p>\n<p>Comiss\u00e3o Pr\u00f3-\u00cdndio de S\u00e3o Paulo<br \/>\n<a href=\"http:\/\/www.cpisp.org.br\/\" target=\"_blank\" rel=\"noopener\">www.cpisp.org.br<\/a><\/p>\n","protected":false},"excerpt":{"rendered":"<p>A Comiss\u00e3o Pr\u00f3-\u00cdndio de S\u00e3o Paulo divulgou nota criticando o voto do ministro Cezar Peluso, presidente do Supremo Tribunal Federal, no julgamento da A\u00e7\u00e3o Direta de Inconstitucionalidade 3239, relativa \u00e0 demarca\u00e7\u00e3o e titula\u00e7\u00e3o de territ\u00f3rios quilombolas no Brasil. <\/p>\n","protected":false},"author":1,"featured_media":0,"comment_status":"open","ping_status":"open","sticky":false,"template":"","format":"standard","meta":{"site-container-style":"default","site-container-layout":"default","site-sidebar-layout":"default","disable-article-header":"default","disable-site-header":"default","disable-site-footer":"default","disable-content-area-spacing":"default","footnotes":""},"categories":[13],"tags":[145],"class_list":["post-22431","post","type-post","status-publish","format-standard","hentry","category-denuncias","tag-quilombolas"],"yoast_head":"<!-- This site is optimized with the Yoast SEO plugin v27.4 - https:\/\/yoast.com\/product\/yoast-seo-wordpress\/ -->\n<title>Nota em defesa das comunidades quilombolas -<\/title>\n<meta name=\"robots\" content=\"index, follow, max-snippet:-1, max-image-preview:large, max-video-preview:-1\" \/>\n<link rel=\"canonical\" href=\"https:\/\/inclusivenews.com.br\/?p=22431\" \/>\n<meta property=\"og:locale\" content=\"pt_PT\" \/>\n<meta property=\"og:type\" content=\"article\" \/>\n<meta property=\"og:title\" content=\"Nota em defesa das comunidades quilombolas -\" \/>\n<meta property=\"og:description\" content=\"A Comiss\u00e3o Pr\u00f3-\u00cdndio de S\u00e3o Paulo divulgou nota criticando o voto do ministro Cezar Peluso, presidente do Supremo Tribunal Federal, no julgamento da A\u00e7\u00e3o Direta de Inconstitucionalidade 3239, relativa \u00e0 demarca\u00e7\u00e3o e titula\u00e7\u00e3o de territ\u00f3rios quilombolas no Brasil.\" \/>\n<meta property=\"og:url\" content=\"https:\/\/inclusivenews.com.br\/?p=22431\" \/>\n<meta property=\"article:publisher\" content=\"https:\/\/www.facebook.com\/agenciainclusive\/\" \/>\n<meta property=\"article:published_time\" content=\"2012-04-25T00:10:26+00:00\" \/>\n<meta property=\"og:image\" content=\"http:\/\/reporterbrasil.org.br\/blogdaredacao\/wp-content\/uploads\/2012\/04\/DSC02383-300x200.jpg\" \/>\n<meta name=\"author\" content=\"inclusivenews2024\" \/>\n<meta name=\"twitter:card\" content=\"summary_large_image\" \/>\n<meta name=\"twitter:label1\" content=\"Escrito por\" \/>\n\t<meta name=\"twitter:data1\" content=\"inclusivenews2024\" \/>\n\t<meta name=\"twitter:label2\" content=\"Tempo estimado de leitura\" \/>\n\t<meta name=\"twitter:data2\" content=\"3 minutos\" \/>\n<script type=\"application\/ld+json\" class=\"yoast-schema-graph\">{\"@context\":\"https:\\\/\\\/schema.org\",\"@graph\":[{\"@type\":\"Article\",\"@id\":\"https:\\\/\\\/inclusivenews.com.br\\\/?p=22431#article\",\"isPartOf\":{\"@id\":\"https:\\\/\\\/inclusivenews.com.br\\\/?p=22431\"},\"author\":{\"name\":\"inclusivenews2024\",\"@id\":\"https:\\\/\\\/inclusivenews.com.br\\\/#\\\/schema\\\/person\\\/ae4ec7087559b8692fb33b6fffd2273b\"},\"headline\":\"Nota em defesa das comunidades quilombolas\",\"datePublished\":\"2012-04-25T00:10:26+00:00\",\"mainEntityOfPage\":{\"@id\":\"https:\\\/\\\/inclusivenews.com.br\\\/?p=22431\"},\"wordCount\":536,\"commentCount\":1,\"publisher\":{\"@id\":\"https:\\\/\\\/inclusivenews.com.br\\\/#organization\"},\"image\":{\"@id\":\"https:\\\/\\\/inclusivenews.com.br\\\/?p=22431#primaryimage\"},\"thumbnailUrl\":\"http:\\\/\\\/reporterbrasil.org.br\\\/blogdaredacao\\\/wp-content\\\/uploads\\\/2012\\\/04\\\/DSC02383-300x200.jpg\",\"keywords\":[\"Quilombolas\"],\"articleSection\":[\"Den\u00fancias\"],\"inLanguage\":\"pt-PT\",\"potentialAction\":[{\"@type\":\"CommentAction\",\"name\":\"Comment\",\"target\":[\"https:\\\/\\\/inclusivenews.com.br\\\/?p=22431#respond\"]}]},{\"@type\":\"WebPage\",\"@id\":\"https:\\\/\\\/inclusivenews.com.br\\\/?p=22431\",\"url\":\"https:\\\/\\\/inclusivenews.com.br\\\/?p=22431\",\"name\":\"Nota em defesa das comunidades quilombolas -\",\"isPartOf\":{\"@id\":\"https:\\\/\\\/inclusivenews.com.br\\\/#website\"},\"primaryImageOfPage\":{\"@id\":\"https:\\\/\\\/inclusivenews.com.br\\\/?p=22431#primaryimage\"},\"image\":{\"@id\":\"https:\\\/\\\/inclusivenews.com.br\\\/?p=22431#primaryimage\"},\"thumbnailUrl\":\"http:\\\/\\\/reporterbrasil.org.br\\\/blogdaredacao\\\/wp-content\\\/uploads\\\/2012\\\/04\\\/DSC02383-300x200.jpg\",\"datePublished\":\"2012-04-25T00:10:26+00:00\",\"breadcrumb\":{\"@id\":\"https:\\\/\\\/inclusivenews.com.br\\\/?p=22431#breadcrumb\"},\"inLanguage\":\"pt-PT\",\"potentialAction\":[{\"@type\":\"ReadAction\",\"target\":[\"https:\\\/\\\/inclusivenews.com.br\\\/?p=22431\"]}]},{\"@type\":\"ImageObject\",\"inLanguage\":\"pt-PT\",\"@id\":\"https:\\\/\\\/inclusivenews.com.br\\\/?p=22431#primaryimage\",\"url\":\"http:\\\/\\\/reporterbrasil.org.br\\\/blogdaredacao\\\/wp-content\\\/uploads\\\/2012\\\/04\\\/DSC02383-300x200.jpg\",\"contentUrl\":\"http:\\\/\\\/reporterbrasil.org.br\\\/blogdaredacao\\\/wp-content\\\/uploads\\\/2012\\\/04\\\/DSC02383-300x200.jpg\"},{\"@type\":\"BreadcrumbList\",\"@id\":\"https:\\\/\\\/inclusivenews.com.br\\\/?p=22431#breadcrumb\",\"itemListElement\":[{\"@type\":\"ListItem\",\"position\":1,\"name\":\"In\u00edcio\",\"item\":\"https:\\\/\\\/inclusivenews.com.br\\\/\"},{\"@type\":\"ListItem\",\"position\":2,\"name\":\"Nota em defesa das comunidades quilombolas\"}]},{\"@type\":\"WebSite\",\"@id\":\"https:\\\/\\\/inclusivenews.com.br\\\/#website\",\"url\":\"https:\\\/\\\/inclusivenews.com.br\\\/\",\"name\":\"Inclusive News\",\"description\":\"Inclusive News\",\"publisher\":{\"@id\":\"https:\\\/\\\/inclusivenews.com.br\\\/#organization\"},\"potentialAction\":[{\"@type\":\"SearchAction\",\"target\":{\"@type\":\"EntryPoint\",\"urlTemplate\":\"https:\\\/\\\/inclusivenews.com.br\\\/?s={search_term_string}\"},\"query-input\":{\"@type\":\"PropertyValueSpecification\",\"valueRequired\":true,\"valueName\":\"search_term_string\"}}],\"inLanguage\":\"pt-PT\"},{\"@type\":\"Organization\",\"@id\":\"https:\\\/\\\/inclusivenews.com.br\\\/#organization\",\"name\":\"Inclusive - inclus\u00e3o e cidadania\",\"url\":\"https:\\\/\\\/inclusivenews.com.br\\\/\",\"logo\":{\"@type\":\"ImageObject\",\"inLanguage\":\"pt-PT\",\"@id\":\"https:\\\/\\\/inclusivenews.com.br\\\/#\\\/schema\\\/logo\\\/image\\\/\",\"url\":\"https:\\\/\\\/inclusivenews.com.br\\\/wp-content\\\/uploads\\\/2024\\\/03\\\/@grandesite.png\",\"contentUrl\":\"https:\\\/\\\/inclusivenews.com.br\\\/wp-content\\\/uploads\\\/2024\\\/03\\\/@grandesite.png\",\"width\":1080,\"height\":1080,\"caption\":\"Inclusive - inclus\u00e3o e cidadania\"},\"image\":{\"@id\":\"https:\\\/\\\/inclusivenews.com.br\\\/#\\\/schema\\\/logo\\\/image\\\/\"},\"sameAs\":[\"https:\\\/\\\/www.facebook.com\\\/agenciainclusive\\\/\",\"https:\\\/\\\/www.instagram.com\\\/newsinclusive\\\/\"]},{\"@type\":\"Person\",\"@id\":\"https:\\\/\\\/inclusivenews.com.br\\\/#\\\/schema\\\/person\\\/ae4ec7087559b8692fb33b6fffd2273b\",\"name\":\"inclusivenews2024\",\"image\":{\"@type\":\"ImageObject\",\"inLanguage\":\"pt-PT\",\"@id\":\"https:\\\/\\\/secure.gravatar.com\\\/avatar\\\/c5a7ef84c66fa914f55bc4f7ce26cfa275a3b9a1c5568b907bd184fb4dde7b40?s=96&d=mm&r=g\",\"url\":\"https:\\\/\\\/secure.gravatar.com\\\/avatar\\\/c5a7ef84c66fa914f55bc4f7ce26cfa275a3b9a1c5568b907bd184fb4dde7b40?s=96&d=mm&r=g\",\"contentUrl\":\"https:\\\/\\\/secure.gravatar.com\\\/avatar\\\/c5a7ef84c66fa914f55bc4f7ce26cfa275a3b9a1c5568b907bd184fb4dde7b40?s=96&d=mm&r=g\",\"caption\":\"inclusivenews2024\"},\"sameAs\":[\"https:\\\/\\\/inclusivenews.com.br\"],\"url\":\"https:\\\/\\\/inclusivenews.com.br\\\/?author=1\"}]}<\/script>\n<!-- \/ Yoast SEO plugin. -->","yoast_head_json":{"title":"Nota em defesa das comunidades quilombolas -","robots":{"index":"index","follow":"follow","max-snippet":"max-snippet:-1","max-image-preview":"max-image-preview:large","max-video-preview":"max-video-preview:-1"},"canonical":"https:\/\/inclusivenews.com.br\/?p=22431","og_locale":"pt_PT","og_type":"article","og_title":"Nota em defesa das comunidades quilombolas -","og_description":"A Comiss\u00e3o Pr\u00f3-\u00cdndio de S\u00e3o Paulo divulgou nota criticando o voto do ministro Cezar Peluso, presidente do Supremo Tribunal Federal, no julgamento da A\u00e7\u00e3o Direta de Inconstitucionalidade 3239, relativa \u00e0 demarca\u00e7\u00e3o e titula\u00e7\u00e3o de territ\u00f3rios quilombolas no Brasil.","og_url":"https:\/\/inclusivenews.com.br\/?p=22431","article_publisher":"https:\/\/www.facebook.com\/agenciainclusive\/","article_published_time":"2012-04-25T00:10:26+00:00","og_image":[{"url":"http:\/\/reporterbrasil.org.br\/blogdaredacao\/wp-content\/uploads\/2012\/04\/DSC02383-300x200.jpg","type":"","width":"","height":""}],"author":"inclusivenews2024","twitter_card":"summary_large_image","twitter_misc":{"Escrito por":"inclusivenews2024","Tempo estimado de leitura":"3 minutos"},"schema":{"@context":"https:\/\/schema.org","@graph":[{"@type":"Article","@id":"https:\/\/inclusivenews.com.br\/?p=22431#article","isPartOf":{"@id":"https:\/\/inclusivenews.com.br\/?p=22431"},"author":{"name":"inclusivenews2024","@id":"https:\/\/inclusivenews.com.br\/#\/schema\/person\/ae4ec7087559b8692fb33b6fffd2273b"},"headline":"Nota em defesa das comunidades quilombolas","datePublished":"2012-04-25T00:10:26+00:00","mainEntityOfPage":{"@id":"https:\/\/inclusivenews.com.br\/?p=22431"},"wordCount":536,"commentCount":1,"publisher":{"@id":"https:\/\/inclusivenews.com.br\/#organization"},"image":{"@id":"https:\/\/inclusivenews.com.br\/?p=22431#primaryimage"},"thumbnailUrl":"http:\/\/reporterbrasil.org.br\/blogdaredacao\/wp-content\/uploads\/2012\/04\/DSC02383-300x200.jpg","keywords":["Quilombolas"],"articleSection":["Den\u00fancias"],"inLanguage":"pt-PT","potentialAction":[{"@type":"CommentAction","name":"Comment","target":["https:\/\/inclusivenews.com.br\/?p=22431#respond"]}]},{"@type":"WebPage","@id":"https:\/\/inclusivenews.com.br\/?p=22431","url":"https:\/\/inclusivenews.com.br\/?p=22431","name":"Nota em defesa das comunidades quilombolas -","isPartOf":{"@id":"https:\/\/inclusivenews.com.br\/#website"},"primaryImageOfPage":{"@id":"https:\/\/inclusivenews.com.br\/?p=22431#primaryimage"},"image":{"@id":"https:\/\/inclusivenews.com.br\/?p=22431#primaryimage"},"thumbnailUrl":"http:\/\/reporterbrasil.org.br\/blogdaredacao\/wp-content\/uploads\/2012\/04\/DSC02383-300x200.jpg","datePublished":"2012-04-25T00:10:26+00:00","breadcrumb":{"@id":"https:\/\/inclusivenews.com.br\/?p=22431#breadcrumb"},"inLanguage":"pt-PT","potentialAction":[{"@type":"ReadAction","target":["https:\/\/inclusivenews.com.br\/?p=22431"]}]},{"@type":"ImageObject","inLanguage":"pt-PT","@id":"https:\/\/inclusivenews.com.br\/?p=22431#primaryimage","url":"http:\/\/reporterbrasil.org.br\/blogdaredacao\/wp-content\/uploads\/2012\/04\/DSC02383-300x200.jpg","contentUrl":"http:\/\/reporterbrasil.org.br\/blogdaredacao\/wp-content\/uploads\/2012\/04\/DSC02383-300x200.jpg"},{"@type":"BreadcrumbList","@id":"https:\/\/inclusivenews.com.br\/?p=22431#breadcrumb","itemListElement":[{"@type":"ListItem","position":1,"name":"In\u00edcio","item":"https:\/\/inclusivenews.com.br\/"},{"@type":"ListItem","position":2,"name":"Nota em defesa das comunidades quilombolas"}]},{"@type":"WebSite","@id":"https:\/\/inclusivenews.com.br\/#website","url":"https:\/\/inclusivenews.com.br\/","name":"Inclusive News","description":"Inclusive News","publisher":{"@id":"https:\/\/inclusivenews.com.br\/#organization"},"potentialAction":[{"@type":"SearchAction","target":{"@type":"EntryPoint","urlTemplate":"https:\/\/inclusivenews.com.br\/?s={search_term_string}"},"query-input":{"@type":"PropertyValueSpecification","valueRequired":true,"valueName":"search_term_string"}}],"inLanguage":"pt-PT"},{"@type":"Organization","@id":"https:\/\/inclusivenews.com.br\/#organization","name":"Inclusive - inclus\u00e3o e cidadania","url":"https:\/\/inclusivenews.com.br\/","logo":{"@type":"ImageObject","inLanguage":"pt-PT","@id":"https:\/\/inclusivenews.com.br\/#\/schema\/logo\/image\/","url":"https:\/\/inclusivenews.com.br\/wp-content\/uploads\/2024\/03\/@grandesite.png","contentUrl":"https:\/\/inclusivenews.com.br\/wp-content\/uploads\/2024\/03\/@grandesite.png","width":1080,"height":1080,"caption":"Inclusive - inclus\u00e3o e cidadania"},"image":{"@id":"https:\/\/inclusivenews.com.br\/#\/schema\/logo\/image\/"},"sameAs":["https:\/\/www.facebook.com\/agenciainclusive\/","https:\/\/www.instagram.com\/newsinclusive\/"]},{"@type":"Person","@id":"https:\/\/inclusivenews.com.br\/#\/schema\/person\/ae4ec7087559b8692fb33b6fffd2273b","name":"inclusivenews2024","image":{"@type":"ImageObject","inLanguage":"pt-PT","@id":"https:\/\/secure.gravatar.com\/avatar\/c5a7ef84c66fa914f55bc4f7ce26cfa275a3b9a1c5568b907bd184fb4dde7b40?s=96&d=mm&r=g","url":"https:\/\/secure.gravatar.com\/avatar\/c5a7ef84c66fa914f55bc4f7ce26cfa275a3b9a1c5568b907bd184fb4dde7b40?s=96&d=mm&r=g","contentUrl":"https:\/\/secure.gravatar.com\/avatar\/c5a7ef84c66fa914f55bc4f7ce26cfa275a3b9a1c5568b907bd184fb4dde7b40?s=96&d=mm&r=g","caption":"inclusivenews2024"},"sameAs":["https:\/\/inclusivenews.com.br"],"url":"https:\/\/inclusivenews.com.br\/?author=1"}]}},"_links":{"self":[{"href":"https:\/\/inclusivenews.com.br\/index.php?rest_route=\/wp\/v2\/posts\/22431","targetHints":{"allow":["GET"]}}],"collection":[{"href":"https:\/\/inclusivenews.com.br\/index.php?rest_route=\/wp\/v2\/posts"}],"about":[{"href":"https:\/\/inclusivenews.com.br\/index.php?rest_route=\/wp\/v2\/types\/post"}],"author":[{"embeddable":true,"href":"https:\/\/inclusivenews.com.br\/index.php?rest_route=\/wp\/v2\/users\/1"}],"replies":[{"embeddable":true,"href":"https:\/\/inclusivenews.com.br\/index.php?rest_route=%2Fwp%2Fv2%2Fcomments&post=22431"}],"version-history":[{"count":0,"href":"https:\/\/inclusivenews.com.br\/index.php?rest_route=\/wp\/v2\/posts\/22431\/revisions"}],"wp:attachment":[{"href":"https:\/\/inclusivenews.com.br\/index.php?rest_route=%2Fwp%2Fv2%2Fmedia&parent=22431"}],"wp:term":[{"taxonomy":"category","embeddable":true,"href":"https:\/\/inclusivenews.com.br\/index.php?rest_route=%2Fwp%2Fv2%2Fcategories&post=22431"},{"taxonomy":"post_tag","embeddable":true,"href":"https:\/\/inclusivenews.com.br\/index.php?rest_route=%2Fwp%2Fv2%2Ftags&post=22431"}],"curies":[{"name":"wp","href":"https:\/\/api.w.org\/{rel}","templated":true}]}}