{"id":22441,"date":"2012-04-26T07:51:34","date_gmt":"2012-04-26T10:51:34","guid":{"rendered":"http:\/\/www.inclusive.org.br\/?p=22441"},"modified":"2012-04-26T07:51:34","modified_gmt":"2012-04-26T10:51:34","slug":"encontro-reune-personalidades-da-cultura-hip-hop-no-flipocos","status":"publish","type":"post","link":"https:\/\/inclusivenews.com.br\/?p=22441","title":{"rendered":"Encontro re\u00fane personalidades da cultura Hip-Hop no Flipo\u00e7os"},"content":{"rendered":"<figure id=\"attachment_22442\" aria-describedby=\"caption-attachment-22442\" style=\"width: 270px\" class=\"wp-caption alignnone\"><a href=\"http:\/\/www.inclusivenews.com.br\/wp-content\/uploads\/s\u00e9rgio-vaz.jpg\"><img loading=\"lazy\" decoding=\"async\" class=\"size-medium wp-image-22442 \" title=\"O poeta Sergio Vaz lendo um livro\" src=\"http:\/\/inclusivenews.com.br\/wp-content\/uploads\/s\u00e9rgio-vaz-300x199.jpg\" alt=\"\" width=\"270\" height=\"179\" \/><\/a><figcaption id=\"caption-attachment-22442\" class=\"wp-caption-text\">O poeta Sergio Vaz lendo um livro<\/figcaption><\/figure>\n<p><em>Evento acontece no pr\u00f3ximo dia 1\u00ba em Po\u00e7os de Caldas e traz S\u00e9rgio Vaz, Rodrigo Cir\u00edaco, Renan Inqu\u00e9rito, Mundano, J\u00e9ssica Balbino e MC Cauan<\/em><\/p>\n<p>A proximidade da cultura hip-hop com a literatura n\u00e3o \u00e9 novidade. Prova disso \u00e9 que o Festival Liter\u00e1rio de Po\u00e7os de Caldas (Flipo\u00e7os) realiza, pelo segundo ano consecutivo, um encontro dedicado as manifesta\u00e7\u00f5es do movimento.<\/p>\n<p>No pr\u00f3ximo dia 1\u00ba de maio, a partir das 14h, o Teatro Benigno Gaiga, no Complexo Cultural da Urca ser\u00e1 tomado por representantes da cena do hip-hop e da literatura contempor\u00e2nea no Brasil.<\/p>\n<p>Quem fala sobre a realiza\u00e7\u00e3o do encontro \u00e9 Gisele Corr\u00eaa Ferreira, da GSC Eventos. Para ela um dos objetivos do Flipo\u00e7os \u00e9 oferecer uma programa\u00e7\u00e3o diversificada, para que mais pessoas possam aproveitar e usufruir dos eventos. \u201cNosso grande diferencial \u00e9 sermos ecl\u00e9ticos, trazendo assuntos variados para atrair cada vez mais pessoas e oportunizar a todos mais cultura e conhecimento. O Encontro do Hip-Hop \u00e9 muito bem-vindo dentro desse contexto e temos certeza que trazendo este p\u00fablico para dentro de um ambiente cultural positivo e de v\u00e1rias oportunidades de enriquecimento, certamente estas pessoas ser\u00e3o mais inclu\u00eddas dentro da sociedade\u201d, sintetiza.<\/p>\n<p>Vira-lata da literatura, o poeta S\u00e9rgio Vaz, o criador do sarau mais famoso do pa\u00eds, o sarau da Cooperifa, est\u00e1 de volta ao Flipo\u00e7os e desta vez fala sobre a Semana de Arte Moderna da Periferia, evento inspirado pela Semana de Arte Moderna em 1922, que ser\u00e1 o tema central do Flipo\u00e7os neste ano.<\/p>\n<p>Com ele vem tamb\u00e9m o escritor Rodrigo Cir\u00edaco, autor do rec\u00e9m-lan\u00e7ado \u201c100 m\u00e1goas\u201d e criador do sarau dos Mesquiteiros. No in\u00edcio do ano, Cir\u00edaco fez o lan\u00e7amento do livro e uma edi\u00e7\u00e3o especial do sarau em Berlim, al\u00e9m de, em 2011, ter sido traduzido para o franc\u00eas no livro \u201cJe suis favela\u201d, ao lado de renomados escritores como Marcelino Freire, Mar\u00e7al Aquino, Ferr\u00e9z, Sacolinha e Alessandro Buzo.<\/p>\n<p>Misturando o rap com a literatura chega Renan Inqu\u00e9rito, que volta ao Flipo\u00e7os com o rec\u00e9m-lan\u00e7ado livro de poesias, #PoucasPalavras. Inspirado pela nanotecnologia e pelo twitter, o autor reuniu frases curtas e de efeito, textos in\u00e9ditos e letras de m\u00fasica numa obra que tem fotografias de M\u00e1rcio Salata e ilustra\u00e7\u00f5es de Mundano.<\/p>\n<p>Este \u00faltimo tamb\u00e9m retorna ao Flipo\u00e7os e conta um pouco do trabalho que vem fazendo nas ruas de todo pa\u00eds e at\u00e9 mesmo do exterior. Poeta dos muros de concreto e das carro\u00e7as de catadores de recicl\u00e1veis, o graffiteiro Mundano traz a Po\u00e7os o mais recente projeto \u201cPimp my carro\u00e7a\u201d.<\/p>\n<p>E as atra\u00e7\u00f5es n\u00e3o param. Quem tamb\u00e9m retorna ao Encontro do Hip-Hop \u00e9  o cearense Felipe Rima, que lan\u00e7a durante o Flipo\u00e7os o disco \u201cEntre o Batuque do Cora\u00e7\u00e3o e a Poesia da Vit\u00f3ria\u201d, onde musicou as poesias escritas ao longo dos anos.<\/p>\n<p>Para completar a cena do hip-hop, o po\u00e7os-caldense Dj Mancha \u00e9 quem comanda os toca-discos do evento, exibindo performances e resgatando a alma da cultura surgida nos anos 1970 nos EUA.<\/p>\n<p>A novidade fica por conta do rapper mais novo do Brasil, MC Cauan, de oito anos, que lan\u00e7ou em 2011 o disco \u201cPequeno no tamanho, grande no talento\u201d e tem se apresentado em todo pa\u00eds.<\/p>\n<p>Para fechar o encontro, o Flipo\u00e7os recebe os shows do grupo M.A.F.I.A (Manos na \u00c1rea Fazendo a Igualdade Acontecer) e do grupo UClanos, que lan\u00e7a o primeiro videoclipe \u201cAfro Soul\u201d, can\u00e7\u00e3o presente no disco \u201cPelos Canto\u201d.<\/p>\n<p>A co-curadoria do evento foi feita pela jornalista e escritora J\u00e9ssica Balbino, que tamb\u00e9m far\u00e1 a media\u00e7\u00e3o do encontro.<\/p>\n<p>Servi\u00e7o \u2013 Para saber mais sobre o encontro, visite o site <a href=\"http:\/\/www.feiradolivropocosdecaldas.com.br\">www.feiradolivropocosdecaldas.com.br<\/a><\/p>\n","protected":false},"excerpt":{"rendered":"<p>Evento acontece no pr\u00f3ximo dia 1\u00ba em Po\u00e7os de Caldas e traz S\u00e9rgio Vaz, Rodrigo Cir\u00edaco, Renan Inqu\u00e9rito, Mundano, J\u00e9ssica Balbino e MC Cauan.<\/p>\n","protected":false},"author":1,"featured_media":0,"comment_status":"open","ping_status":"open","sticky":false,"template":"","format":"standard","meta":{"site-container-style":"default","site-container-layout":"default","site-sidebar-layout":"default","disable-article-header":"default","disable-site-header":"default","disable-site-footer":"default","disable-content-area-spacing":"default","footnotes":""},"categories":[29],"tags":[],"class_list":["post-22441","post","type-post","status-publish","format-standard","hentry","category-cultura"],"yoast_head":"<!-- This site is optimized with the Yoast SEO plugin v27.4 - https:\/\/yoast.com\/product\/yoast-seo-wordpress\/ -->\n<title>Encontro re\u00fane personalidades da cultura Hip-Hop no Flipo\u00e7os -<\/title>\n<meta name=\"robots\" content=\"index, follow, max-snippet:-1, max-image-preview:large, max-video-preview:-1\" \/>\n<link rel=\"canonical\" href=\"https:\/\/inclusivenews.com.br\/?p=22441\" \/>\n<meta property=\"og:locale\" content=\"pt_PT\" \/>\n<meta property=\"og:type\" content=\"article\" \/>\n<meta property=\"og:title\" content=\"Encontro re\u00fane personalidades da cultura Hip-Hop no Flipo\u00e7os -\" \/>\n<meta property=\"og:description\" content=\"Evento acontece no pr\u00f3ximo dia 1\u00ba em Po\u00e7os de Caldas e traz S\u00e9rgio Vaz, Rodrigo Cir\u00edaco, Renan Inqu\u00e9rito, Mundano, J\u00e9ssica Balbino e MC Cauan.\" \/>\n<meta property=\"og:url\" content=\"https:\/\/inclusivenews.com.br\/?p=22441\" \/>\n<meta property=\"article:publisher\" content=\"https:\/\/www.facebook.com\/agenciainclusive\/\" \/>\n<meta property=\"article:published_time\" content=\"2012-04-26T10:51:34+00:00\" \/>\n<meta name=\"author\" content=\"inclusivenews2024\" \/>\n<meta name=\"twitter:card\" content=\"summary_large_image\" \/>\n<meta name=\"twitter:label1\" content=\"Escrito por\" \/>\n\t<meta name=\"twitter:data1\" content=\"inclusivenews2024\" \/>\n\t<meta name=\"twitter:label2\" content=\"Tempo estimado de leitura\" \/>\n\t<meta name=\"twitter:data2\" content=\"3 minutos\" \/>\n<script type=\"application\/ld+json\" class=\"yoast-schema-graph\">{\"@context\":\"https:\\\/\\\/schema.org\",\"@graph\":[{\"@type\":\"Article\",\"@id\":\"https:\\\/\\\/inclusivenews.com.br\\\/?p=22441#article\",\"isPartOf\":{\"@id\":\"https:\\\/\\\/inclusivenews.com.br\\\/?p=22441\"},\"author\":{\"name\":\"inclusivenews2024\",\"@id\":\"https:\\\/\\\/inclusivenews.com.br\\\/#\\\/schema\\\/person\\\/ae4ec7087559b8692fb33b6fffd2273b\"},\"headline\":\"Encontro re\u00fane personalidades da cultura Hip-Hop no Flipo\u00e7os\",\"datePublished\":\"2012-04-26T10:51:34+00:00\",\"mainEntityOfPage\":{\"@id\":\"https:\\\/\\\/inclusivenews.com.br\\\/?p=22441\"},\"wordCount\":677,\"commentCount\":0,\"publisher\":{\"@id\":\"https:\\\/\\\/inclusivenews.com.br\\\/#organization\"},\"articleSection\":[\"Cultura\"],\"inLanguage\":\"pt-PT\",\"potentialAction\":[{\"@type\":\"CommentAction\",\"name\":\"Comment\",\"target\":[\"https:\\\/\\\/inclusivenews.com.br\\\/?p=22441#respond\"]}]},{\"@type\":\"WebPage\",\"@id\":\"https:\\\/\\\/inclusivenews.com.br\\\/?p=22441\",\"url\":\"https:\\\/\\\/inclusivenews.com.br\\\/?p=22441\",\"name\":\"Encontro re\u00fane personalidades da cultura Hip-Hop no Flipo\u00e7os -\",\"isPartOf\":{\"@id\":\"https:\\\/\\\/inclusivenews.com.br\\\/#website\"},\"datePublished\":\"2012-04-26T10:51:34+00:00\",\"breadcrumb\":{\"@id\":\"https:\\\/\\\/inclusivenews.com.br\\\/?p=22441#breadcrumb\"},\"inLanguage\":\"pt-PT\",\"potentialAction\":[{\"@type\":\"ReadAction\",\"target\":[\"https:\\\/\\\/inclusivenews.com.br\\\/?p=22441\"]}]},{\"@type\":\"BreadcrumbList\",\"@id\":\"https:\\\/\\\/inclusivenews.com.br\\\/?p=22441#breadcrumb\",\"itemListElement\":[{\"@type\":\"ListItem\",\"position\":1,\"name\":\"In\u00edcio\",\"item\":\"https:\\\/\\\/inclusivenews.com.br\\\/\"},{\"@type\":\"ListItem\",\"position\":2,\"name\":\"Encontro re\u00fane personalidades da cultura Hip-Hop no Flipo\u00e7os\"}]},{\"@type\":\"WebSite\",\"@id\":\"https:\\\/\\\/inclusivenews.com.br\\\/#website\",\"url\":\"https:\\\/\\\/inclusivenews.com.br\\\/\",\"name\":\"Inclusive News\",\"description\":\"Inclusive News\",\"publisher\":{\"@id\":\"https:\\\/\\\/inclusivenews.com.br\\\/#organization\"},\"potentialAction\":[{\"@type\":\"SearchAction\",\"target\":{\"@type\":\"EntryPoint\",\"urlTemplate\":\"https:\\\/\\\/inclusivenews.com.br\\\/?s={search_term_string}\"},\"query-input\":{\"@type\":\"PropertyValueSpecification\",\"valueRequired\":true,\"valueName\":\"search_term_string\"}}],\"inLanguage\":\"pt-PT\"},{\"@type\":\"Organization\",\"@id\":\"https:\\\/\\\/inclusivenews.com.br\\\/#organization\",\"name\":\"Inclusive - inclus\u00e3o e cidadania\",\"url\":\"https:\\\/\\\/inclusivenews.com.br\\\/\",\"logo\":{\"@type\":\"ImageObject\",\"inLanguage\":\"pt-PT\",\"@id\":\"https:\\\/\\\/inclusivenews.com.br\\\/#\\\/schema\\\/logo\\\/image\\\/\",\"url\":\"https:\\\/\\\/inclusivenews.com.br\\\/wp-content\\\/uploads\\\/2024\\\/03\\\/@grandesite.png\",\"contentUrl\":\"https:\\\/\\\/inclusivenews.com.br\\\/wp-content\\\/uploads\\\/2024\\\/03\\\/@grandesite.png\",\"width\":1080,\"height\":1080,\"caption\":\"Inclusive - inclus\u00e3o e cidadania\"},\"image\":{\"@id\":\"https:\\\/\\\/inclusivenews.com.br\\\/#\\\/schema\\\/logo\\\/image\\\/\"},\"sameAs\":[\"https:\\\/\\\/www.facebook.com\\\/agenciainclusive\\\/\",\"https:\\\/\\\/www.instagram.com\\\/newsinclusive\\\/\"]},{\"@type\":\"Person\",\"@id\":\"https:\\\/\\\/inclusivenews.com.br\\\/#\\\/schema\\\/person\\\/ae4ec7087559b8692fb33b6fffd2273b\",\"name\":\"inclusivenews2024\",\"image\":{\"@type\":\"ImageObject\",\"inLanguage\":\"pt-PT\",\"@id\":\"https:\\\/\\\/secure.gravatar.com\\\/avatar\\\/c5a7ef84c66fa914f55bc4f7ce26cfa275a3b9a1c5568b907bd184fb4dde7b40?s=96&d=mm&r=g\",\"url\":\"https:\\\/\\\/secure.gravatar.com\\\/avatar\\\/c5a7ef84c66fa914f55bc4f7ce26cfa275a3b9a1c5568b907bd184fb4dde7b40?s=96&d=mm&r=g\",\"contentUrl\":\"https:\\\/\\\/secure.gravatar.com\\\/avatar\\\/c5a7ef84c66fa914f55bc4f7ce26cfa275a3b9a1c5568b907bd184fb4dde7b40?s=96&d=mm&r=g\",\"caption\":\"inclusivenews2024\"},\"sameAs\":[\"https:\\\/\\\/inclusivenews.com.br\"],\"url\":\"https:\\\/\\\/inclusivenews.com.br\\\/?author=1\"}]}<\/script>\n<!-- \/ Yoast SEO plugin. -->","yoast_head_json":{"title":"Encontro re\u00fane personalidades da cultura Hip-Hop no Flipo\u00e7os -","robots":{"index":"index","follow":"follow","max-snippet":"max-snippet:-1","max-image-preview":"max-image-preview:large","max-video-preview":"max-video-preview:-1"},"canonical":"https:\/\/inclusivenews.com.br\/?p=22441","og_locale":"pt_PT","og_type":"article","og_title":"Encontro re\u00fane personalidades da cultura Hip-Hop no Flipo\u00e7os -","og_description":"Evento acontece no pr\u00f3ximo dia 1\u00ba em Po\u00e7os de Caldas e traz S\u00e9rgio Vaz, Rodrigo Cir\u00edaco, Renan Inqu\u00e9rito, Mundano, J\u00e9ssica Balbino e MC Cauan.","og_url":"https:\/\/inclusivenews.com.br\/?p=22441","article_publisher":"https:\/\/www.facebook.com\/agenciainclusive\/","article_published_time":"2012-04-26T10:51:34+00:00","author":"inclusivenews2024","twitter_card":"summary_large_image","twitter_misc":{"Escrito por":"inclusivenews2024","Tempo estimado de leitura":"3 minutos"},"schema":{"@context":"https:\/\/schema.org","@graph":[{"@type":"Article","@id":"https:\/\/inclusivenews.com.br\/?p=22441#article","isPartOf":{"@id":"https:\/\/inclusivenews.com.br\/?p=22441"},"author":{"name":"inclusivenews2024","@id":"https:\/\/inclusivenews.com.br\/#\/schema\/person\/ae4ec7087559b8692fb33b6fffd2273b"},"headline":"Encontro re\u00fane personalidades da cultura Hip-Hop no Flipo\u00e7os","datePublished":"2012-04-26T10:51:34+00:00","mainEntityOfPage":{"@id":"https:\/\/inclusivenews.com.br\/?p=22441"},"wordCount":677,"commentCount":0,"publisher":{"@id":"https:\/\/inclusivenews.com.br\/#organization"},"articleSection":["Cultura"],"inLanguage":"pt-PT","potentialAction":[{"@type":"CommentAction","name":"Comment","target":["https:\/\/inclusivenews.com.br\/?p=22441#respond"]}]},{"@type":"WebPage","@id":"https:\/\/inclusivenews.com.br\/?p=22441","url":"https:\/\/inclusivenews.com.br\/?p=22441","name":"Encontro re\u00fane personalidades da cultura Hip-Hop no Flipo\u00e7os -","isPartOf":{"@id":"https:\/\/inclusivenews.com.br\/#website"},"datePublished":"2012-04-26T10:51:34+00:00","breadcrumb":{"@id":"https:\/\/inclusivenews.com.br\/?p=22441#breadcrumb"},"inLanguage":"pt-PT","potentialAction":[{"@type":"ReadAction","target":["https:\/\/inclusivenews.com.br\/?p=22441"]}]},{"@type":"BreadcrumbList","@id":"https:\/\/inclusivenews.com.br\/?p=22441#breadcrumb","itemListElement":[{"@type":"ListItem","position":1,"name":"In\u00edcio","item":"https:\/\/inclusivenews.com.br\/"},{"@type":"ListItem","position":2,"name":"Encontro re\u00fane personalidades da cultura Hip-Hop no Flipo\u00e7os"}]},{"@type":"WebSite","@id":"https:\/\/inclusivenews.com.br\/#website","url":"https:\/\/inclusivenews.com.br\/","name":"Inclusive News","description":"Inclusive News","publisher":{"@id":"https:\/\/inclusivenews.com.br\/#organization"},"potentialAction":[{"@type":"SearchAction","target":{"@type":"EntryPoint","urlTemplate":"https:\/\/inclusivenews.com.br\/?s={search_term_string}"},"query-input":{"@type":"PropertyValueSpecification","valueRequired":true,"valueName":"search_term_string"}}],"inLanguage":"pt-PT"},{"@type":"Organization","@id":"https:\/\/inclusivenews.com.br\/#organization","name":"Inclusive - inclus\u00e3o e cidadania","url":"https:\/\/inclusivenews.com.br\/","logo":{"@type":"ImageObject","inLanguage":"pt-PT","@id":"https:\/\/inclusivenews.com.br\/#\/schema\/logo\/image\/","url":"https:\/\/inclusivenews.com.br\/wp-content\/uploads\/2024\/03\/@grandesite.png","contentUrl":"https:\/\/inclusivenews.com.br\/wp-content\/uploads\/2024\/03\/@grandesite.png","width":1080,"height":1080,"caption":"Inclusive - inclus\u00e3o e cidadania"},"image":{"@id":"https:\/\/inclusivenews.com.br\/#\/schema\/logo\/image\/"},"sameAs":["https:\/\/www.facebook.com\/agenciainclusive\/","https:\/\/www.instagram.com\/newsinclusive\/"]},{"@type":"Person","@id":"https:\/\/inclusivenews.com.br\/#\/schema\/person\/ae4ec7087559b8692fb33b6fffd2273b","name":"inclusivenews2024","image":{"@type":"ImageObject","inLanguage":"pt-PT","@id":"https:\/\/secure.gravatar.com\/avatar\/c5a7ef84c66fa914f55bc4f7ce26cfa275a3b9a1c5568b907bd184fb4dde7b40?s=96&d=mm&r=g","url":"https:\/\/secure.gravatar.com\/avatar\/c5a7ef84c66fa914f55bc4f7ce26cfa275a3b9a1c5568b907bd184fb4dde7b40?s=96&d=mm&r=g","contentUrl":"https:\/\/secure.gravatar.com\/avatar\/c5a7ef84c66fa914f55bc4f7ce26cfa275a3b9a1c5568b907bd184fb4dde7b40?s=96&d=mm&r=g","caption":"inclusivenews2024"},"sameAs":["https:\/\/inclusivenews.com.br"],"url":"https:\/\/inclusivenews.com.br\/?author=1"}]}},"_links":{"self":[{"href":"https:\/\/inclusivenews.com.br\/index.php?rest_route=\/wp\/v2\/posts\/22441","targetHints":{"allow":["GET"]}}],"collection":[{"href":"https:\/\/inclusivenews.com.br\/index.php?rest_route=\/wp\/v2\/posts"}],"about":[{"href":"https:\/\/inclusivenews.com.br\/index.php?rest_route=\/wp\/v2\/types\/post"}],"author":[{"embeddable":true,"href":"https:\/\/inclusivenews.com.br\/index.php?rest_route=\/wp\/v2\/users\/1"}],"replies":[{"embeddable":true,"href":"https:\/\/inclusivenews.com.br\/index.php?rest_route=%2Fwp%2Fv2%2Fcomments&post=22441"}],"version-history":[{"count":0,"href":"https:\/\/inclusivenews.com.br\/index.php?rest_route=\/wp\/v2\/posts\/22441\/revisions"}],"wp:attachment":[{"href":"https:\/\/inclusivenews.com.br\/index.php?rest_route=%2Fwp%2Fv2%2Fmedia&parent=22441"}],"wp:term":[{"taxonomy":"category","embeddable":true,"href":"https:\/\/inclusivenews.com.br\/index.php?rest_route=%2Fwp%2Fv2%2Fcategories&post=22441"},{"taxonomy":"post_tag","embeddable":true,"href":"https:\/\/inclusivenews.com.br\/index.php?rest_route=%2Fwp%2Fv2%2Ftags&post=22441"}],"curies":[{"name":"wp","href":"https:\/\/api.w.org\/{rel}","templated":true}]}}