{"id":22447,"date":"2012-04-26T07:50:48","date_gmt":"2012-04-26T10:50:48","guid":{"rendered":"http:\/\/www.inclusive.org.br\/?p=22447"},"modified":"2012-04-26T07:50:48","modified_gmt":"2012-04-26T10:50:48","slug":"adital-semana-mundial-pela-educacao-ja-comecou-e-tem-como-foco-direito-a-educacao-na-primeira-infancia","status":"publish","type":"post","link":"https:\/\/inclusivenews.com.br\/?p=22447","title":{"rendered":"Semana Mundial pela Educa\u00e7\u00e3o j\u00e1 come\u00e7ou e tem como foco direito \u00e0 educa\u00e7\u00e3o na primeira inf\u00e2ncia"},"content":{"rendered":"<p><img loading=\"lazy\" decoding=\"async\" class=\"alignnone\" title=\"Semana de a\u00e7\u00e3o mundial 2012 - de 20 1 27 de maio de 2012\" src=\"http:\/\/arquivo.campanhaeducacao.org.br\/banners\/bannertop_sam_2012_02.jpg\" alt=\"\" width=\"320\" height=\"80\" \/><\/p>\n<p>A Semana de A\u00e7\u00e3o Mundial pela Educa\u00e7\u00e3o (SAM) come\u00e7ou no dia 22 em diversos pa\u00edses e segue at\u00e9 o pr\u00f3ximo dia 28. Neste per\u00edodo e tamb\u00e9m durante o m\u00eas de maio, ser\u00e3o realizadas atividades com o objetivo de chamar aten\u00e7\u00e3o sobre o direito \u00e0 educa\u00e7\u00e3o na primeira inf\u00e2ncia, visto que o tema escolhido neste ano foi \u2018Direitos desde o princ\u00edpio: Educa\u00e7\u00e3o e cuidado da primeira inf\u00e2ncia j\u00e1!\u2019. A SAM \u00e9 organizada pela Campanha Latino-americana pelo Direito \u00e0 Educa\u00e7\u00e3o (Clade).<\/p>\n<p>Na Am\u00e9rica Latina, pa\u00edses como Argentina, Bol\u00edvia, Brasil, Col\u00f4mbia e Peru j\u00e1 t\u00eam uma programa\u00e7\u00e3o montada com diversas atividades organizadas por coaliz\u00f5es pelo direito \u00e0 educa\u00e7\u00e3o. As a\u00e7\u00f5es buscar\u00e3o animar os estados a cumprirem com seus compromissos relacionados ao direito \u00e0 educa\u00e7\u00e3o na primeira inf\u00e2ncia.<\/p>\n<p>De acordo com a Clade, estas a\u00e7\u00f5es s\u00e3o necess\u00e1rias, pois a educa\u00e7\u00e3o de meninos e meninas de zero a cinco anos continua sendo &#8220;um dos assuntos mais descuidados em mat\u00e9ria de pol\u00edticas educativas\u201d. Apesar da ratifica\u00e7\u00e3o de conven\u00e7\u00f5es e tratados internacionais que se comprometem com a educa\u00e7\u00e3o na inf\u00e2ncia, os direitos destes pequenos continuam recebendo aten\u00e7\u00e3o insuficiente.<\/p>\n<p>Para despertar os governos para esta realidade, a Campanha Argentina pelo Direito \u00e0 Educa\u00e7\u00e3o (Cade) promover\u00e1 atividades como a impress\u00e3o de folhetos e cartazes para divulgar o tema da SAM. Tamb\u00e9m ser\u00e3o distribu\u00eddas folhas pr\u00e9-desenhadas para que as crian\u00e7as fa\u00e7am &#8220;o grande desenho\u201d. Nesta atividade os pequenos ser\u00e3o estimulados a passar para o papel as situa\u00e7\u00f5es em que se sentem cuidados. Outra a\u00e7\u00e3o ser\u00e1 a cria\u00e7\u00e3o de murais sobre situa\u00e7\u00f5es de cuidado com as crian\u00e7as.<\/p>\n<p>Na Bol\u00edvia, de 22 a 28 ser\u00e3o realizadas a\u00e7\u00f5es como o F\u00f3rum Nacional sobre a Arte da Educa\u00e7\u00e3o na Primeira Inf\u00e2ncia, dia 25, em La Paz, Oruro, Cochabamba e outros departamentos. A Campanha Boliviana pelo Direito \u00e0 Educa\u00e7\u00e3o tamb\u00e9m est\u00e1 preparando apresenta\u00e7\u00f5es art\u00edsticas em v\u00e1rias regi\u00f5es do pa\u00eds, assim como encontros com autoridades nacionais, departamentais e municipais para debater a educa\u00e7\u00e3o na primeira inf\u00e2ncia.<\/p>\n<p>No Brasil a programa\u00e7\u00e3o acontece em maio, quando ser\u00e3o trabalhados os temas: identidade e concep\u00e7\u00e3o da educa\u00e7\u00e3o de crian\u00e7as, modelo de atendimento a esse direito, import\u00e2ncia do financiamento p\u00fablico para a educa\u00e7\u00e3o e cuidados para a primeira inf\u00e2ncia, e a educa\u00e7\u00e3o de crian\u00e7as potencialmente discriminadas.<\/p>\n<p>A Campanha Nacional pelo Direito \u00e0 Educa\u00e7\u00e3o pretende desenvolver duas a\u00e7\u00f5es. Uma de incid\u00eancia pol\u00edtica em Bras\u00edlia, a capital federal, entre 22 e 24 de maio, e outra l\u00fadica, com a presen\u00e7a de crian\u00e7as, adultos e representantes do Governo. Nesta ocasi\u00e3o, os pequenos tamb\u00e9m v\u00e3o realizar &#8220;o grande desenho\u201d para mostrar as necessidades ao desenvolvimento e crescimento da primeira inf\u00e2ncia.<\/p>\n<p>J\u00e1 a Coaliz\u00e3o Colombiana pelo Direito \u00e0 Educa\u00e7\u00e3o vai transformar abril no &#8220;M\u00eas da inf\u00e2ncia e da n\u00e3o discrimina\u00e7\u00e3o\u201d. Neste contexto, ser\u00e3o realizados artigos para a imprensa, material de comunica\u00e7\u00e3o, v\u00eddeos, programas para r\u00e1dio, debates, um f\u00f3rum nacional em Bogot\u00e1 e o envio de uma carta aos governos locais e secretarias de educa\u00e7\u00e3o chamando as autoridades a inclu\u00edrem o tema da primeira inf\u00e2ncia nos planos de desenvolvimento, focando a perspectiva de direitos e n\u00e3o discrimina\u00e7\u00e3o.<\/p>\n<p>As atividades preparadas para acontecer no Peru de 22 a 28 de abril tamb\u00e9m v\u00e3o envolver as crian\u00e7as. Meninos e meninas de creches, centros de educa\u00e7\u00e3o inicial ou prim\u00e1ria e de grupos de educa\u00e7\u00e3o formal v\u00e3o preparar &#8220;a grande imagem\u201d. Por meio de fotos, pinturas ou desenhos elas v\u00e3o mostrar cenas relacionadas com sua realidade educativa.<\/p>\n<p>Mais informa\u00e7\u00f5es sobre a SAM no <a href=\"http:\/\/www.globalactionweek.org\/\">http:\/\/www.globalactionweek.org\/<\/a><\/p>\n<p>Fonte: <a href=\"http:\/\/www.adital.com.br\/site\/noticia_imp.asp?lang=PT&amp;img=S&amp;cod=66358\">Adital<\/a><\/p>\n","protected":false},"excerpt":{"rendered":"<p>A Campanha Nacional pelo Direito \u00e0 Educa\u00e7\u00e3o pretende desenvolver duas a\u00e7\u00f5es. Uma de incid\u00eancia pol\u00edtica em Bras\u00edlia, a capital federal, entre 22 e 24 de maio, e outra l\u00fadica, com a presen\u00e7a de crian\u00e7as, adultos e representantes do Governo. Nesta ocasi\u00e3o, os pequenos tamb\u00e9m v\u00e3o realizar &#8220;o grande desenho\u201d para mostrar as necessidades ao desenvolvimento e crescimento da primeira inf\u00e2ncia. <\/p>\n","protected":false},"author":1,"featured_media":0,"comment_status":"open","ping_status":"open","sticky":false,"template":"","format":"standard","meta":{"site-container-style":"default","site-container-layout":"default","site-sidebar-layout":"default","disable-article-header":"default","disable-site-header":"default","disable-site-footer":"default","disable-content-area-spacing":"default","footnotes":""},"categories":[6],"tags":[60],"class_list":["post-22447","post","type-post","status-publish","format-standard","hentry","category-educacao","tag-infancia"],"yoast_head":"<!-- This site is optimized with the Yoast SEO plugin v27.4 - https:\/\/yoast.com\/product\/yoast-seo-wordpress\/ -->\n<title>Semana Mundial pela Educa\u00e7\u00e3o j\u00e1 come\u00e7ou e tem como foco direito \u00e0 educa\u00e7\u00e3o na primeira inf\u00e2ncia -<\/title>\n<meta name=\"robots\" content=\"index, follow, max-snippet:-1, max-image-preview:large, max-video-preview:-1\" \/>\n<link rel=\"canonical\" href=\"https:\/\/inclusivenews.com.br\/?p=22447\" \/>\n<meta property=\"og:locale\" content=\"pt_PT\" \/>\n<meta property=\"og:type\" content=\"article\" \/>\n<meta property=\"og:title\" content=\"Semana Mundial pela Educa\u00e7\u00e3o j\u00e1 come\u00e7ou e tem como foco direito \u00e0 educa\u00e7\u00e3o na primeira inf\u00e2ncia -\" \/>\n<meta property=\"og:description\" content=\"A Campanha Nacional pelo Direito \u00e0 Educa\u00e7\u00e3o pretende desenvolver duas a\u00e7\u00f5es. Uma de incid\u00eancia pol\u00edtica em Bras\u00edlia, a capital federal, entre 22 e 24 de maio, e outra l\u00fadica, com a presen\u00e7a de crian\u00e7as, adultos e representantes do Governo. Nesta ocasi\u00e3o, os pequenos tamb\u00e9m v\u00e3o realizar &quot;o grande desenho\u201d para mostrar as necessidades ao desenvolvimento e crescimento da primeira inf\u00e2ncia.\" \/>\n<meta property=\"og:url\" content=\"https:\/\/inclusivenews.com.br\/?p=22447\" \/>\n<meta property=\"article:publisher\" content=\"https:\/\/www.facebook.com\/agenciainclusive\/\" \/>\n<meta property=\"article:published_time\" content=\"2012-04-26T10:50:48+00:00\" \/>\n<meta property=\"og:image\" content=\"http:\/\/arquivo.campanhaeducacao.org.br\/banners\/bannertop_sam_2012_02.jpg\" \/>\n<meta name=\"author\" content=\"inclusivenews2024\" \/>\n<meta name=\"twitter:card\" content=\"summary_large_image\" \/>\n<meta name=\"twitter:label1\" content=\"Escrito por\" \/>\n\t<meta name=\"twitter:data1\" content=\"inclusivenews2024\" \/>\n\t<meta name=\"twitter:label2\" content=\"Tempo estimado de leitura\" \/>\n\t<meta name=\"twitter:data2\" content=\"3 minutos\" \/>\n<script type=\"application\/ld+json\" class=\"yoast-schema-graph\">{\"@context\":\"https:\\\/\\\/schema.org\",\"@graph\":[{\"@type\":\"Article\",\"@id\":\"https:\\\/\\\/inclusivenews.com.br\\\/?p=22447#article\",\"isPartOf\":{\"@id\":\"https:\\\/\\\/inclusivenews.com.br\\\/?p=22447\"},\"author\":{\"name\":\"inclusivenews2024\",\"@id\":\"https:\\\/\\\/inclusivenews.com.br\\\/#\\\/schema\\\/person\\\/ae4ec7087559b8692fb33b6fffd2273b\"},\"headline\":\"Semana Mundial pela Educa\u00e7\u00e3o j\u00e1 come\u00e7ou e tem como foco direito \u00e0 educa\u00e7\u00e3o na primeira inf\u00e2ncia\",\"datePublished\":\"2012-04-26T10:50:48+00:00\",\"mainEntityOfPage\":{\"@id\":\"https:\\\/\\\/inclusivenews.com.br\\\/?p=22447\"},\"wordCount\":685,\"commentCount\":0,\"publisher\":{\"@id\":\"https:\\\/\\\/inclusivenews.com.br\\\/#organization\"},\"image\":{\"@id\":\"https:\\\/\\\/inclusivenews.com.br\\\/?p=22447#primaryimage\"},\"thumbnailUrl\":\"http:\\\/\\\/arquivo.campanhaeducacao.org.br\\\/banners\\\/bannertop_sam_2012_02.jpg\",\"keywords\":[\"Inf\u00e2ncia\"],\"articleSection\":[\"EDUCA\u00c7\u00c3O\"],\"inLanguage\":\"pt-PT\",\"potentialAction\":[{\"@type\":\"CommentAction\",\"name\":\"Comment\",\"target\":[\"https:\\\/\\\/inclusivenews.com.br\\\/?p=22447#respond\"]}]},{\"@type\":\"WebPage\",\"@id\":\"https:\\\/\\\/inclusivenews.com.br\\\/?p=22447\",\"url\":\"https:\\\/\\\/inclusivenews.com.br\\\/?p=22447\",\"name\":\"Semana Mundial pela Educa\u00e7\u00e3o j\u00e1 come\u00e7ou e tem como foco direito \u00e0 educa\u00e7\u00e3o na primeira inf\u00e2ncia -\",\"isPartOf\":{\"@id\":\"https:\\\/\\\/inclusivenews.com.br\\\/#website\"},\"primaryImageOfPage\":{\"@id\":\"https:\\\/\\\/inclusivenews.com.br\\\/?p=22447#primaryimage\"},\"image\":{\"@id\":\"https:\\\/\\\/inclusivenews.com.br\\\/?p=22447#primaryimage\"},\"thumbnailUrl\":\"http:\\\/\\\/arquivo.campanhaeducacao.org.br\\\/banners\\\/bannertop_sam_2012_02.jpg\",\"datePublished\":\"2012-04-26T10:50:48+00:00\",\"breadcrumb\":{\"@id\":\"https:\\\/\\\/inclusivenews.com.br\\\/?p=22447#breadcrumb\"},\"inLanguage\":\"pt-PT\",\"potentialAction\":[{\"@type\":\"ReadAction\",\"target\":[\"https:\\\/\\\/inclusivenews.com.br\\\/?p=22447\"]}]},{\"@type\":\"ImageObject\",\"inLanguage\":\"pt-PT\",\"@id\":\"https:\\\/\\\/inclusivenews.com.br\\\/?p=22447#primaryimage\",\"url\":\"http:\\\/\\\/arquivo.campanhaeducacao.org.br\\\/banners\\\/bannertop_sam_2012_02.jpg\",\"contentUrl\":\"http:\\\/\\\/arquivo.campanhaeducacao.org.br\\\/banners\\\/bannertop_sam_2012_02.jpg\"},{\"@type\":\"BreadcrumbList\",\"@id\":\"https:\\\/\\\/inclusivenews.com.br\\\/?p=22447#breadcrumb\",\"itemListElement\":[{\"@type\":\"ListItem\",\"position\":1,\"name\":\"In\u00edcio\",\"item\":\"https:\\\/\\\/inclusivenews.com.br\\\/\"},{\"@type\":\"ListItem\",\"position\":2,\"name\":\"Semana Mundial pela Educa\u00e7\u00e3o j\u00e1 come\u00e7ou e tem como foco direito \u00e0 educa\u00e7\u00e3o na primeira inf\u00e2ncia\"}]},{\"@type\":\"WebSite\",\"@id\":\"https:\\\/\\\/inclusivenews.com.br\\\/#website\",\"url\":\"https:\\\/\\\/inclusivenews.com.br\\\/\",\"name\":\"Inclusive News\",\"description\":\"Inclusive News\",\"publisher\":{\"@id\":\"https:\\\/\\\/inclusivenews.com.br\\\/#organization\"},\"potentialAction\":[{\"@type\":\"SearchAction\",\"target\":{\"@type\":\"EntryPoint\",\"urlTemplate\":\"https:\\\/\\\/inclusivenews.com.br\\\/?s={search_term_string}\"},\"query-input\":{\"@type\":\"PropertyValueSpecification\",\"valueRequired\":true,\"valueName\":\"search_term_string\"}}],\"inLanguage\":\"pt-PT\"},{\"@type\":\"Organization\",\"@id\":\"https:\\\/\\\/inclusivenews.com.br\\\/#organization\",\"name\":\"Inclusive - inclus\u00e3o e cidadania\",\"url\":\"https:\\\/\\\/inclusivenews.com.br\\\/\",\"logo\":{\"@type\":\"ImageObject\",\"inLanguage\":\"pt-PT\",\"@id\":\"https:\\\/\\\/inclusivenews.com.br\\\/#\\\/schema\\\/logo\\\/image\\\/\",\"url\":\"https:\\\/\\\/inclusivenews.com.br\\\/wp-content\\\/uploads\\\/2024\\\/03\\\/@grandesite.png\",\"contentUrl\":\"https:\\\/\\\/inclusivenews.com.br\\\/wp-content\\\/uploads\\\/2024\\\/03\\\/@grandesite.png\",\"width\":1080,\"height\":1080,\"caption\":\"Inclusive - inclus\u00e3o e cidadania\"},\"image\":{\"@id\":\"https:\\\/\\\/inclusivenews.com.br\\\/#\\\/schema\\\/logo\\\/image\\\/\"},\"sameAs\":[\"https:\\\/\\\/www.facebook.com\\\/agenciainclusive\\\/\",\"https:\\\/\\\/www.instagram.com\\\/newsinclusive\\\/\"]},{\"@type\":\"Person\",\"@id\":\"https:\\\/\\\/inclusivenews.com.br\\\/#\\\/schema\\\/person\\\/ae4ec7087559b8692fb33b6fffd2273b\",\"name\":\"inclusivenews2024\",\"image\":{\"@type\":\"ImageObject\",\"inLanguage\":\"pt-PT\",\"@id\":\"https:\\\/\\\/secure.gravatar.com\\\/avatar\\\/c5a7ef84c66fa914f55bc4f7ce26cfa275a3b9a1c5568b907bd184fb4dde7b40?s=96&d=mm&r=g\",\"url\":\"https:\\\/\\\/secure.gravatar.com\\\/avatar\\\/c5a7ef84c66fa914f55bc4f7ce26cfa275a3b9a1c5568b907bd184fb4dde7b40?s=96&d=mm&r=g\",\"contentUrl\":\"https:\\\/\\\/secure.gravatar.com\\\/avatar\\\/c5a7ef84c66fa914f55bc4f7ce26cfa275a3b9a1c5568b907bd184fb4dde7b40?s=96&d=mm&r=g\",\"caption\":\"inclusivenews2024\"},\"sameAs\":[\"https:\\\/\\\/inclusivenews.com.br\"],\"url\":\"https:\\\/\\\/inclusivenews.com.br\\\/?author=1\"}]}<\/script>\n<!-- \/ Yoast SEO plugin. -->","yoast_head_json":{"title":"Semana Mundial pela Educa\u00e7\u00e3o j\u00e1 come\u00e7ou e tem como foco direito \u00e0 educa\u00e7\u00e3o na primeira inf\u00e2ncia -","robots":{"index":"index","follow":"follow","max-snippet":"max-snippet:-1","max-image-preview":"max-image-preview:large","max-video-preview":"max-video-preview:-1"},"canonical":"https:\/\/inclusivenews.com.br\/?p=22447","og_locale":"pt_PT","og_type":"article","og_title":"Semana Mundial pela Educa\u00e7\u00e3o j\u00e1 come\u00e7ou e tem como foco direito \u00e0 educa\u00e7\u00e3o na primeira inf\u00e2ncia -","og_description":"A Campanha Nacional pelo Direito \u00e0 Educa\u00e7\u00e3o pretende desenvolver duas a\u00e7\u00f5es. Uma de incid\u00eancia pol\u00edtica em Bras\u00edlia, a capital federal, entre 22 e 24 de maio, e outra l\u00fadica, com a presen\u00e7a de crian\u00e7as, adultos e representantes do Governo. Nesta ocasi\u00e3o, os pequenos tamb\u00e9m v\u00e3o realizar \"o grande desenho\u201d para mostrar as necessidades ao desenvolvimento e crescimento da primeira inf\u00e2ncia.","og_url":"https:\/\/inclusivenews.com.br\/?p=22447","article_publisher":"https:\/\/www.facebook.com\/agenciainclusive\/","article_published_time":"2012-04-26T10:50:48+00:00","og_image":[{"url":"http:\/\/arquivo.campanhaeducacao.org.br\/banners\/bannertop_sam_2012_02.jpg","type":"","width":"","height":""}],"author":"inclusivenews2024","twitter_card":"summary_large_image","twitter_misc":{"Escrito por":"inclusivenews2024","Tempo estimado de leitura":"3 minutos"},"schema":{"@context":"https:\/\/schema.org","@graph":[{"@type":"Article","@id":"https:\/\/inclusivenews.com.br\/?p=22447#article","isPartOf":{"@id":"https:\/\/inclusivenews.com.br\/?p=22447"},"author":{"name":"inclusivenews2024","@id":"https:\/\/inclusivenews.com.br\/#\/schema\/person\/ae4ec7087559b8692fb33b6fffd2273b"},"headline":"Semana Mundial pela Educa\u00e7\u00e3o j\u00e1 come\u00e7ou e tem como foco direito \u00e0 educa\u00e7\u00e3o na primeira inf\u00e2ncia","datePublished":"2012-04-26T10:50:48+00:00","mainEntityOfPage":{"@id":"https:\/\/inclusivenews.com.br\/?p=22447"},"wordCount":685,"commentCount":0,"publisher":{"@id":"https:\/\/inclusivenews.com.br\/#organization"},"image":{"@id":"https:\/\/inclusivenews.com.br\/?p=22447#primaryimage"},"thumbnailUrl":"http:\/\/arquivo.campanhaeducacao.org.br\/banners\/bannertop_sam_2012_02.jpg","keywords":["Inf\u00e2ncia"],"articleSection":["EDUCA\u00c7\u00c3O"],"inLanguage":"pt-PT","potentialAction":[{"@type":"CommentAction","name":"Comment","target":["https:\/\/inclusivenews.com.br\/?p=22447#respond"]}]},{"@type":"WebPage","@id":"https:\/\/inclusivenews.com.br\/?p=22447","url":"https:\/\/inclusivenews.com.br\/?p=22447","name":"Semana Mundial pela Educa\u00e7\u00e3o j\u00e1 come\u00e7ou e tem como foco direito \u00e0 educa\u00e7\u00e3o na primeira inf\u00e2ncia -","isPartOf":{"@id":"https:\/\/inclusivenews.com.br\/#website"},"primaryImageOfPage":{"@id":"https:\/\/inclusivenews.com.br\/?p=22447#primaryimage"},"image":{"@id":"https:\/\/inclusivenews.com.br\/?p=22447#primaryimage"},"thumbnailUrl":"http:\/\/arquivo.campanhaeducacao.org.br\/banners\/bannertop_sam_2012_02.jpg","datePublished":"2012-04-26T10:50:48+00:00","breadcrumb":{"@id":"https:\/\/inclusivenews.com.br\/?p=22447#breadcrumb"},"inLanguage":"pt-PT","potentialAction":[{"@type":"ReadAction","target":["https:\/\/inclusivenews.com.br\/?p=22447"]}]},{"@type":"ImageObject","inLanguage":"pt-PT","@id":"https:\/\/inclusivenews.com.br\/?p=22447#primaryimage","url":"http:\/\/arquivo.campanhaeducacao.org.br\/banners\/bannertop_sam_2012_02.jpg","contentUrl":"http:\/\/arquivo.campanhaeducacao.org.br\/banners\/bannertop_sam_2012_02.jpg"},{"@type":"BreadcrumbList","@id":"https:\/\/inclusivenews.com.br\/?p=22447#breadcrumb","itemListElement":[{"@type":"ListItem","position":1,"name":"In\u00edcio","item":"https:\/\/inclusivenews.com.br\/"},{"@type":"ListItem","position":2,"name":"Semana Mundial pela Educa\u00e7\u00e3o j\u00e1 come\u00e7ou e tem como foco direito \u00e0 educa\u00e7\u00e3o na primeira inf\u00e2ncia"}]},{"@type":"WebSite","@id":"https:\/\/inclusivenews.com.br\/#website","url":"https:\/\/inclusivenews.com.br\/","name":"Inclusive News","description":"Inclusive News","publisher":{"@id":"https:\/\/inclusivenews.com.br\/#organization"},"potentialAction":[{"@type":"SearchAction","target":{"@type":"EntryPoint","urlTemplate":"https:\/\/inclusivenews.com.br\/?s={search_term_string}"},"query-input":{"@type":"PropertyValueSpecification","valueRequired":true,"valueName":"search_term_string"}}],"inLanguage":"pt-PT"},{"@type":"Organization","@id":"https:\/\/inclusivenews.com.br\/#organization","name":"Inclusive - inclus\u00e3o e cidadania","url":"https:\/\/inclusivenews.com.br\/","logo":{"@type":"ImageObject","inLanguage":"pt-PT","@id":"https:\/\/inclusivenews.com.br\/#\/schema\/logo\/image\/","url":"https:\/\/inclusivenews.com.br\/wp-content\/uploads\/2024\/03\/@grandesite.png","contentUrl":"https:\/\/inclusivenews.com.br\/wp-content\/uploads\/2024\/03\/@grandesite.png","width":1080,"height":1080,"caption":"Inclusive - inclus\u00e3o e cidadania"},"image":{"@id":"https:\/\/inclusivenews.com.br\/#\/schema\/logo\/image\/"},"sameAs":["https:\/\/www.facebook.com\/agenciainclusive\/","https:\/\/www.instagram.com\/newsinclusive\/"]},{"@type":"Person","@id":"https:\/\/inclusivenews.com.br\/#\/schema\/person\/ae4ec7087559b8692fb33b6fffd2273b","name":"inclusivenews2024","image":{"@type":"ImageObject","inLanguage":"pt-PT","@id":"https:\/\/secure.gravatar.com\/avatar\/c5a7ef84c66fa914f55bc4f7ce26cfa275a3b9a1c5568b907bd184fb4dde7b40?s=96&d=mm&r=g","url":"https:\/\/secure.gravatar.com\/avatar\/c5a7ef84c66fa914f55bc4f7ce26cfa275a3b9a1c5568b907bd184fb4dde7b40?s=96&d=mm&r=g","contentUrl":"https:\/\/secure.gravatar.com\/avatar\/c5a7ef84c66fa914f55bc4f7ce26cfa275a3b9a1c5568b907bd184fb4dde7b40?s=96&d=mm&r=g","caption":"inclusivenews2024"},"sameAs":["https:\/\/inclusivenews.com.br"],"url":"https:\/\/inclusivenews.com.br\/?author=1"}]}},"_links":{"self":[{"href":"https:\/\/inclusivenews.com.br\/index.php?rest_route=\/wp\/v2\/posts\/22447","targetHints":{"allow":["GET"]}}],"collection":[{"href":"https:\/\/inclusivenews.com.br\/index.php?rest_route=\/wp\/v2\/posts"}],"about":[{"href":"https:\/\/inclusivenews.com.br\/index.php?rest_route=\/wp\/v2\/types\/post"}],"author":[{"embeddable":true,"href":"https:\/\/inclusivenews.com.br\/index.php?rest_route=\/wp\/v2\/users\/1"}],"replies":[{"embeddable":true,"href":"https:\/\/inclusivenews.com.br\/index.php?rest_route=%2Fwp%2Fv2%2Fcomments&post=22447"}],"version-history":[{"count":0,"href":"https:\/\/inclusivenews.com.br\/index.php?rest_route=\/wp\/v2\/posts\/22447\/revisions"}],"wp:attachment":[{"href":"https:\/\/inclusivenews.com.br\/index.php?rest_route=%2Fwp%2Fv2%2Fmedia&parent=22447"}],"wp:term":[{"taxonomy":"category","embeddable":true,"href":"https:\/\/inclusivenews.com.br\/index.php?rest_route=%2Fwp%2Fv2%2Fcategories&post=22447"},{"taxonomy":"post_tag","embeddable":true,"href":"https:\/\/inclusivenews.com.br\/index.php?rest_route=%2Fwp%2Fv2%2Ftags&post=22447"}],"curies":[{"name":"wp","href":"https:\/\/api.w.org\/{rel}","templated":true}]}}