{"id":22457,"date":"2012-05-02T07:37:08","date_gmt":"2012-05-02T10:37:08","guid":{"rendered":"http:\/\/www.inclusive.org.br\/?p=22457"},"modified":"2012-05-02T07:37:08","modified_gmt":"2012-05-02T10:37:08","slug":"educacao-em-direitos-tema-reune-profissionais-do-nordeste-em-seminario-no-estado-de-sergipe","status":"publish","type":"post","link":"https:\/\/inclusivenews.com.br\/?p=22457","title":{"rendered":"Educa\u00e7\u00e3o em Direitos: tema re\u00fane profissionais do Nordeste em semin\u00e1rio no Estado de Sergipe"},"content":{"rendered":"<p><a href=\"http:\/\/www.inclusivenews.com.br\/wp-content\/uploads\/2010\/03\/Inclusive_direitos_humanos_2.jpg\"><img loading=\"lazy\" decoding=\"async\" class=\"alignleft size-medium wp-image-14562\" title=\"Inclusive - direitos humanos - um planeta cercado por figuras humanas.\" src=\"http:\/\/inclusivenews.com.br\/wp-content\/uploads\/2010\/03\/Inclusive_direitos_humanos_2-300x300.jpg\" alt=\"Inclusive - direitos humanos - um planeta cercado por figuras humanas.\" width=\"300\" height=\"300\" \/><\/a><\/p>\n<p>&#8220;A educa\u00e7\u00e3o em direitos humanos \u00e9 a estrat\u00e9gia para conseguir alcan\u00e7ar a democracia e liberdade social e ampliar ou fazer diferente do tradicional\u201d. A afirma\u00e7\u00e3o \u00e9 da articuladora do Movimento Nacional dos Direitos Humanos em Sergipe, L\u00eddia Anjos e diz respeito ao semin\u00e1rio A Educa\u00e7\u00e3o em Direitos: Uma Estrat\u00e9gia de Promo\u00e7\u00e3o e Defesa dos Direitos Humanos na Regi\u00e3o Nordeste, previsto para acontecer nos pr\u00f3ximos 4 e 6 de maio em Aracaju, capital sergipana.<\/p>\n<p>O evento englobar\u00e1 temas gerais e espec\u00edficos ligados aos direitos. Assim, entram na programa\u00e7\u00e3o os direitos das minorias, com os conflitos ind\u00edgenas e quilombolas; as quest\u00f5es relacionadas \u00e0 inf\u00e2ncia; as pol\u00eamicas em torno da Comiss\u00e3o da Verdade e da Justi\u00e7a e da Democratiza\u00e7\u00e3o da Informa\u00e7\u00e3o; a decis\u00e3o do Supremo Tribunal de Justi\u00e7a em rela\u00e7\u00e3o ao abuso sexual de adolescentes; a cria\u00e7\u00e3o e implementa\u00e7\u00e3o dos conselhos de direitos humanos no \u00e2mbito dos Estados, entre outros.<\/p>\n<p>O objetivo do semin\u00e1rio \u00e9 fomentar a discuss\u00e3o sobre essas tem\u00e1ticas e, a partir da valoriza\u00e7\u00e3o das pr\u00e1ticas populares e escolares, tornar emergente o investimento na educa\u00e7\u00e3o em direitos humanos. O evento ser\u00e1 realizado na Rua Vila Cristina, 148, bairro S\u00e3o Jos\u00e9.<\/p>\n<p>Fazendo uma avalia\u00e7\u00e3o sobre como a educa\u00e7\u00e3o em direitos humanos est\u00e3o inseridos no cotidiano, L\u00eddia Anjos afirma que est\u00e1 \u00e9 uma estrat\u00e9gia, um caminho para se alcan\u00e7ar a democracia e a liberdade social. &#8220;Vem-se trabalhando essa quest\u00e3o, mas n\u00e3o foi alcan\u00e7ada nenhuma grande mudan\u00e7a. Devem-se valorizar as pr\u00e1ticas populares e escolares, de modo a construir uma sociedade mais igualit\u00e1ria e justa. Deve-se lembrar que n\u00f3s vivemos uma cultura de viol\u00eancia. Ainda estamos com um p\u00e9 na ditadura militar, onde t\u00ednhamos a impress\u00e3o de que se devia educar batendo, e isso ficou impregnado em n\u00f3s. Contudo, temos que praticar uma educa\u00e7\u00e3o que v\u00ea as pessoas e a dignidade que elas t\u00eam. Acho que isso \u00e9 a grande estrat\u00e9gia que se tem na constru\u00e7\u00e3o dessa sociedade\u201d, afirmou a articuladora.<\/p>\n<p>Para ela o caminho que se deve seguir para nos aproximar de uma educa\u00e7\u00e3o democr\u00e1tica \u2013 que preza pela pr\u00e1tica da liberdade e a n\u00e3o-viola\u00e7\u00e3o dos direitos humanos \u2013 \u00e9 justamente a educa\u00e7\u00e3o em direitos humanos, onde se deve vivenciar uma nova cultura de respeito \u00e0 diversidade. &#8220;N\u00e3o objetivamos discriminar a educa\u00e7\u00e3o formal \u2013 a pesquisa, o espa\u00e7o acad\u00eamico \u2013, mas perceber que a educa\u00e7\u00e3o informal \u2013 as pr\u00e1ticas populares, os movimentos sociais, as culturas dos ind\u00edgenas quilombolas, o MST \u2013 s\u00e3o importantes e cada um de n\u00f3s deve estar aberto para conhecer e construir uma educa\u00e7\u00e3o para al\u00e9m dos muros da escola e em proje\u00e7\u00e3o para a comunidade\u201d, acrescentou.<\/p>\n<p>Trabalhar com Educa\u00e7\u00e3o em Direitos, continua, implica na forma\u00e7\u00e3o de uma cultura de respeito \u00e0 dignidade humana atrav\u00e9s da promo\u00e7\u00e3o e da viv\u00eancia dos valores da liberdade, da justi\u00e7a, da igualdade, da solidariedade, da toler\u00e2ncia e da paz. Portanto, a forma\u00e7\u00e3o dessa cultura significa criar, influenciar, compartilhar e consolidar pensamentos, atitudes, costumes e comportamentos que decorrem daqueles valores essenciais citados \u2013 os quais devem se transformar em pr\u00e1ticas.<\/p>\n<p>A respeito do preparo dos nossos profissionais para lidar com essas quest\u00f5es, a articuladora explicou que trata-se de um processo a ser constru\u00eddo levando em considera\u00e7\u00e3o n\u00e3o s\u00f3 as pr\u00e1ticas formais, mas as informais tamb\u00e9m.<\/p>\n<p>&#8220;N\u00e3o \u00e9 uma formatura que vai desmistificar essas quest\u00f5es, mas uma viv\u00eancia destes com pr\u00e1ticas diferentes das tradicionais, que espalham o n\u00e3o-respeito, que praticam uma educa\u00e7\u00e3o aterrorizante. Em outros tempos, a educa\u00e7\u00e3o era pautada na palmat\u00f3ria, no medo imposto. Infelizmente, isso se repete nas v\u00e1rias profiss\u00f5es. Acredito que um amplo debate sobre essas tem\u00e1ticas e a valoriza\u00e7\u00e3o de todos os espa\u00e7os e manifesta\u00e7\u00f5es culturais, entre outros, qualificam a atua\u00e7\u00e3o dos profissionais de viverem novas experi\u00eancias, praticando uma a\u00e7\u00e3o de contracultura. Vivenciar novos horizontes \u00e9 a grande proposta\u201d, concluiu a L\u00eddia.<\/p>\n<p>Fonte: <a href=\"http:\/\/www.adital.com.br\/site\/noticia.asp?boletim=1&amp;lang=PT&amp;cod=66550\">Adital<\/a><\/p>\n","protected":false},"excerpt":{"rendered":"<p>A forma\u00e7\u00e3o dessa cultura significa criar, influenciar, compartilhar e consolidar pensamentos, atitudes, costumes e comportamentos que decorrem daqueles valores essenciais citados \u2013 os quais devem se transformar em pr\u00e1ticas. Da Adital.<\/p>\n","protected":false},"author":1,"featured_media":0,"comment_status":"open","ping_status":"open","sticky":false,"template":"","format":"standard","meta":{"site-container-style":"default","site-container-layout":"default","site-sidebar-layout":"default","disable-article-header":"default","disable-site-header":"default","disable-site-footer":"default","disable-content-area-spacing":"default","footnotes":""},"categories":[11],"tags":[],"class_list":["post-22457","post","type-post","status-publish","format-standard","hentry","category-direitos-humanos"],"yoast_head":"<!-- This site is optimized with the Yoast SEO plugin v27.5 - https:\/\/yoast.com\/product\/yoast-seo-wordpress\/ -->\n<title>Educa\u00e7\u00e3o em Direitos: tema re\u00fane profissionais do Nordeste em semin\u00e1rio no Estado de Sergipe -<\/title>\n<meta name=\"robots\" content=\"index, follow, max-snippet:-1, max-image-preview:large, max-video-preview:-1\" \/>\n<link rel=\"canonical\" href=\"https:\/\/inclusivenews.com.br\/?p=22457\" \/>\n<meta property=\"og:locale\" content=\"pt_PT\" \/>\n<meta property=\"og:type\" content=\"article\" \/>\n<meta property=\"og:title\" content=\"Educa\u00e7\u00e3o em Direitos: tema re\u00fane profissionais do Nordeste em semin\u00e1rio no Estado de Sergipe -\" \/>\n<meta property=\"og:description\" content=\"A forma\u00e7\u00e3o dessa cultura significa criar, influenciar, compartilhar e consolidar pensamentos, atitudes, costumes e comportamentos que decorrem daqueles valores essenciais citados \u2013 os quais devem se transformar em pr\u00e1ticas. Da Adital.\" \/>\n<meta property=\"og:url\" content=\"https:\/\/inclusivenews.com.br\/?p=22457\" \/>\n<meta property=\"article:publisher\" content=\"https:\/\/www.facebook.com\/agenciainclusive\/\" \/>\n<meta property=\"article:published_time\" content=\"2012-05-02T10:37:08+00:00\" \/>\n<meta property=\"og:image\" content=\"http:\/\/inclusivenews.com.br\/wp-content\/uploads\/2010\/03\/Inclusive_direitos_humanos_2-300x300.jpg\" \/>\n<meta name=\"author\" content=\"inclusivenews2024\" \/>\n<meta name=\"twitter:card\" content=\"summary_large_image\" \/>\n<meta name=\"twitter:label1\" content=\"Escrito por\" \/>\n\t<meta name=\"twitter:data1\" content=\"inclusivenews2024\" \/>\n\t<meta name=\"twitter:label2\" content=\"Tempo estimado de leitura\" \/>\n\t<meta name=\"twitter:data2\" content=\"4 minutos\" \/>\n<script type=\"application\/ld+json\" class=\"yoast-schema-graph\">{\"@context\":\"https:\\\/\\\/schema.org\",\"@graph\":[{\"@type\":\"Article\",\"@id\":\"https:\\\/\\\/inclusivenews.com.br\\\/?p=22457#article\",\"isPartOf\":{\"@id\":\"https:\\\/\\\/inclusivenews.com.br\\\/?p=22457\"},\"author\":{\"name\":\"inclusivenews2024\",\"@id\":\"https:\\\/\\\/inclusivenews.com.br\\\/#\\\/schema\\\/person\\\/ae4ec7087559b8692fb33b6fffd2273b\"},\"headline\":\"Educa\u00e7\u00e3o em Direitos: tema re\u00fane profissionais do Nordeste em semin\u00e1rio no Estado de Sergipe\",\"datePublished\":\"2012-05-02T10:37:08+00:00\",\"mainEntityOfPage\":{\"@id\":\"https:\\\/\\\/inclusivenews.com.br\\\/?p=22457\"},\"wordCount\":722,\"commentCount\":0,\"publisher\":{\"@id\":\"https:\\\/\\\/inclusivenews.com.br\\\/#organization\"},\"image\":{\"@id\":\"https:\\\/\\\/inclusivenews.com.br\\\/?p=22457#primaryimage\"},\"thumbnailUrl\":\"http:\\\/\\\/inclusivenews.com.br\\\/wp-content\\\/uploads\\\/2010\\\/03\\\/Inclusive_direitos_humanos_2-300x300.jpg\",\"articleSection\":[\"DIREITOS HUMANOS\"],\"inLanguage\":\"pt-PT\",\"potentialAction\":[{\"@type\":\"CommentAction\",\"name\":\"Comment\",\"target\":[\"https:\\\/\\\/inclusivenews.com.br\\\/?p=22457#respond\"]}]},{\"@type\":\"WebPage\",\"@id\":\"https:\\\/\\\/inclusivenews.com.br\\\/?p=22457\",\"url\":\"https:\\\/\\\/inclusivenews.com.br\\\/?p=22457\",\"name\":\"Educa\u00e7\u00e3o em Direitos: tema re\u00fane profissionais do Nordeste em semin\u00e1rio no Estado de Sergipe -\",\"isPartOf\":{\"@id\":\"https:\\\/\\\/inclusivenews.com.br\\\/#website\"},\"primaryImageOfPage\":{\"@id\":\"https:\\\/\\\/inclusivenews.com.br\\\/?p=22457#primaryimage\"},\"image\":{\"@id\":\"https:\\\/\\\/inclusivenews.com.br\\\/?p=22457#primaryimage\"},\"thumbnailUrl\":\"http:\\\/\\\/inclusivenews.com.br\\\/wp-content\\\/uploads\\\/2010\\\/03\\\/Inclusive_direitos_humanos_2-300x300.jpg\",\"datePublished\":\"2012-05-02T10:37:08+00:00\",\"breadcrumb\":{\"@id\":\"https:\\\/\\\/inclusivenews.com.br\\\/?p=22457#breadcrumb\"},\"inLanguage\":\"pt-PT\",\"potentialAction\":[{\"@type\":\"ReadAction\",\"target\":[\"https:\\\/\\\/inclusivenews.com.br\\\/?p=22457\"]}]},{\"@type\":\"ImageObject\",\"inLanguage\":\"pt-PT\",\"@id\":\"https:\\\/\\\/inclusivenews.com.br\\\/?p=22457#primaryimage\",\"url\":\"\",\"contentUrl\":\"\"},{\"@type\":\"BreadcrumbList\",\"@id\":\"https:\\\/\\\/inclusivenews.com.br\\\/?p=22457#breadcrumb\",\"itemListElement\":[{\"@type\":\"ListItem\",\"position\":1,\"name\":\"In\u00edcio\",\"item\":\"https:\\\/\\\/inclusivenews.com.br\\\/\"},{\"@type\":\"ListItem\",\"position\":2,\"name\":\"Educa\u00e7\u00e3o em Direitos: tema re\u00fane profissionais do Nordeste em semin\u00e1rio no Estado de Sergipe\"}]},{\"@type\":\"WebSite\",\"@id\":\"https:\\\/\\\/inclusivenews.com.br\\\/#website\",\"url\":\"https:\\\/\\\/inclusivenews.com.br\\\/\",\"name\":\"Inclusive News\",\"description\":\"Inclusive News\",\"publisher\":{\"@id\":\"https:\\\/\\\/inclusivenews.com.br\\\/#organization\"},\"potentialAction\":[{\"@type\":\"SearchAction\",\"target\":{\"@type\":\"EntryPoint\",\"urlTemplate\":\"https:\\\/\\\/inclusivenews.com.br\\\/?s={search_term_string}\"},\"query-input\":{\"@type\":\"PropertyValueSpecification\",\"valueRequired\":true,\"valueName\":\"search_term_string\"}}],\"inLanguage\":\"pt-PT\"},{\"@type\":\"Organization\",\"@id\":\"https:\\\/\\\/inclusivenews.com.br\\\/#organization\",\"name\":\"Inclusive - inclus\u00e3o e cidadania\",\"url\":\"https:\\\/\\\/inclusivenews.com.br\\\/\",\"logo\":{\"@type\":\"ImageObject\",\"inLanguage\":\"pt-PT\",\"@id\":\"https:\\\/\\\/inclusivenews.com.br\\\/#\\\/schema\\\/logo\\\/image\\\/\",\"url\":\"https:\\\/\\\/inclusivenews.com.br\\\/wp-content\\\/uploads\\\/2024\\\/03\\\/@grandesite.png\",\"contentUrl\":\"https:\\\/\\\/inclusivenews.com.br\\\/wp-content\\\/uploads\\\/2024\\\/03\\\/@grandesite.png\",\"width\":1080,\"height\":1080,\"caption\":\"Inclusive - inclus\u00e3o e cidadania\"},\"image\":{\"@id\":\"https:\\\/\\\/inclusivenews.com.br\\\/#\\\/schema\\\/logo\\\/image\\\/\"},\"sameAs\":[\"https:\\\/\\\/www.facebook.com\\\/agenciainclusive\\\/\",\"https:\\\/\\\/www.instagram.com\\\/newsinclusive\\\/\"]},{\"@type\":\"Person\",\"@id\":\"https:\\\/\\\/inclusivenews.com.br\\\/#\\\/schema\\\/person\\\/ae4ec7087559b8692fb33b6fffd2273b\",\"name\":\"inclusivenews2024\",\"image\":{\"@type\":\"ImageObject\",\"inLanguage\":\"pt-PT\",\"@id\":\"https:\\\/\\\/secure.gravatar.com\\\/avatar\\\/c5a7ef84c66fa914f55bc4f7ce26cfa275a3b9a1c5568b907bd184fb4dde7b40?s=96&d=mm&r=g\",\"url\":\"https:\\\/\\\/secure.gravatar.com\\\/avatar\\\/c5a7ef84c66fa914f55bc4f7ce26cfa275a3b9a1c5568b907bd184fb4dde7b40?s=96&d=mm&r=g\",\"contentUrl\":\"https:\\\/\\\/secure.gravatar.com\\\/avatar\\\/c5a7ef84c66fa914f55bc4f7ce26cfa275a3b9a1c5568b907bd184fb4dde7b40?s=96&d=mm&r=g\",\"caption\":\"inclusivenews2024\"},\"sameAs\":[\"https:\\\/\\\/inclusivenews.com.br\"],\"url\":\"https:\\\/\\\/inclusivenews.com.br\\\/?author=1\"}]}<\/script>\n<!-- \/ Yoast SEO plugin. -->","yoast_head_json":{"title":"Educa\u00e7\u00e3o em Direitos: tema re\u00fane profissionais do Nordeste em semin\u00e1rio no Estado de Sergipe -","robots":{"index":"index","follow":"follow","max-snippet":"max-snippet:-1","max-image-preview":"max-image-preview:large","max-video-preview":"max-video-preview:-1"},"canonical":"https:\/\/inclusivenews.com.br\/?p=22457","og_locale":"pt_PT","og_type":"article","og_title":"Educa\u00e7\u00e3o em Direitos: tema re\u00fane profissionais do Nordeste em semin\u00e1rio no Estado de Sergipe -","og_description":"A forma\u00e7\u00e3o dessa cultura significa criar, influenciar, compartilhar e consolidar pensamentos, atitudes, costumes e comportamentos que decorrem daqueles valores essenciais citados \u2013 os quais devem se transformar em pr\u00e1ticas. Da Adital.","og_url":"https:\/\/inclusivenews.com.br\/?p=22457","article_publisher":"https:\/\/www.facebook.com\/agenciainclusive\/","article_published_time":"2012-05-02T10:37:08+00:00","og_image":[{"url":"http:\/\/inclusivenews.com.br\/wp-content\/uploads\/2010\/03\/Inclusive_direitos_humanos_2-300x300.jpg","type":"","width":"","height":""}],"author":"inclusivenews2024","twitter_card":"summary_large_image","twitter_misc":{"Escrito por":"inclusivenews2024","Tempo estimado de leitura":"4 minutos"},"schema":{"@context":"https:\/\/schema.org","@graph":[{"@type":"Article","@id":"https:\/\/inclusivenews.com.br\/?p=22457#article","isPartOf":{"@id":"https:\/\/inclusivenews.com.br\/?p=22457"},"author":{"name":"inclusivenews2024","@id":"https:\/\/inclusivenews.com.br\/#\/schema\/person\/ae4ec7087559b8692fb33b6fffd2273b"},"headline":"Educa\u00e7\u00e3o em Direitos: tema re\u00fane profissionais do Nordeste em semin\u00e1rio no Estado de Sergipe","datePublished":"2012-05-02T10:37:08+00:00","mainEntityOfPage":{"@id":"https:\/\/inclusivenews.com.br\/?p=22457"},"wordCount":722,"commentCount":0,"publisher":{"@id":"https:\/\/inclusivenews.com.br\/#organization"},"image":{"@id":"https:\/\/inclusivenews.com.br\/?p=22457#primaryimage"},"thumbnailUrl":"http:\/\/inclusivenews.com.br\/wp-content\/uploads\/2010\/03\/Inclusive_direitos_humanos_2-300x300.jpg","articleSection":["DIREITOS HUMANOS"],"inLanguage":"pt-PT","potentialAction":[{"@type":"CommentAction","name":"Comment","target":["https:\/\/inclusivenews.com.br\/?p=22457#respond"]}]},{"@type":"WebPage","@id":"https:\/\/inclusivenews.com.br\/?p=22457","url":"https:\/\/inclusivenews.com.br\/?p=22457","name":"Educa\u00e7\u00e3o em Direitos: tema re\u00fane profissionais do Nordeste em semin\u00e1rio no Estado de Sergipe -","isPartOf":{"@id":"https:\/\/inclusivenews.com.br\/#website"},"primaryImageOfPage":{"@id":"https:\/\/inclusivenews.com.br\/?p=22457#primaryimage"},"image":{"@id":"https:\/\/inclusivenews.com.br\/?p=22457#primaryimage"},"thumbnailUrl":"http:\/\/inclusivenews.com.br\/wp-content\/uploads\/2010\/03\/Inclusive_direitos_humanos_2-300x300.jpg","datePublished":"2012-05-02T10:37:08+00:00","breadcrumb":{"@id":"https:\/\/inclusivenews.com.br\/?p=22457#breadcrumb"},"inLanguage":"pt-PT","potentialAction":[{"@type":"ReadAction","target":["https:\/\/inclusivenews.com.br\/?p=22457"]}]},{"@type":"ImageObject","inLanguage":"pt-PT","@id":"https:\/\/inclusivenews.com.br\/?p=22457#primaryimage","url":"","contentUrl":""},{"@type":"BreadcrumbList","@id":"https:\/\/inclusivenews.com.br\/?p=22457#breadcrumb","itemListElement":[{"@type":"ListItem","position":1,"name":"In\u00edcio","item":"https:\/\/inclusivenews.com.br\/"},{"@type":"ListItem","position":2,"name":"Educa\u00e7\u00e3o em Direitos: tema re\u00fane profissionais do Nordeste em semin\u00e1rio no Estado de Sergipe"}]},{"@type":"WebSite","@id":"https:\/\/inclusivenews.com.br\/#website","url":"https:\/\/inclusivenews.com.br\/","name":"Inclusive News","description":"Inclusive News","publisher":{"@id":"https:\/\/inclusivenews.com.br\/#organization"},"potentialAction":[{"@type":"SearchAction","target":{"@type":"EntryPoint","urlTemplate":"https:\/\/inclusivenews.com.br\/?s={search_term_string}"},"query-input":{"@type":"PropertyValueSpecification","valueRequired":true,"valueName":"search_term_string"}}],"inLanguage":"pt-PT"},{"@type":"Organization","@id":"https:\/\/inclusivenews.com.br\/#organization","name":"Inclusive - inclus\u00e3o e cidadania","url":"https:\/\/inclusivenews.com.br\/","logo":{"@type":"ImageObject","inLanguage":"pt-PT","@id":"https:\/\/inclusivenews.com.br\/#\/schema\/logo\/image\/","url":"https:\/\/inclusivenews.com.br\/wp-content\/uploads\/2024\/03\/@grandesite.png","contentUrl":"https:\/\/inclusivenews.com.br\/wp-content\/uploads\/2024\/03\/@grandesite.png","width":1080,"height":1080,"caption":"Inclusive - inclus\u00e3o e cidadania"},"image":{"@id":"https:\/\/inclusivenews.com.br\/#\/schema\/logo\/image\/"},"sameAs":["https:\/\/www.facebook.com\/agenciainclusive\/","https:\/\/www.instagram.com\/newsinclusive\/"]},{"@type":"Person","@id":"https:\/\/inclusivenews.com.br\/#\/schema\/person\/ae4ec7087559b8692fb33b6fffd2273b","name":"inclusivenews2024","image":{"@type":"ImageObject","inLanguage":"pt-PT","@id":"https:\/\/secure.gravatar.com\/avatar\/c5a7ef84c66fa914f55bc4f7ce26cfa275a3b9a1c5568b907bd184fb4dde7b40?s=96&d=mm&r=g","url":"https:\/\/secure.gravatar.com\/avatar\/c5a7ef84c66fa914f55bc4f7ce26cfa275a3b9a1c5568b907bd184fb4dde7b40?s=96&d=mm&r=g","contentUrl":"https:\/\/secure.gravatar.com\/avatar\/c5a7ef84c66fa914f55bc4f7ce26cfa275a3b9a1c5568b907bd184fb4dde7b40?s=96&d=mm&r=g","caption":"inclusivenews2024"},"sameAs":["https:\/\/inclusivenews.com.br"],"url":"https:\/\/inclusivenews.com.br\/?author=1"}]}},"_links":{"self":[{"href":"https:\/\/inclusivenews.com.br\/index.php?rest_route=\/wp\/v2\/posts\/22457","targetHints":{"allow":["GET"]}}],"collection":[{"href":"https:\/\/inclusivenews.com.br\/index.php?rest_route=\/wp\/v2\/posts"}],"about":[{"href":"https:\/\/inclusivenews.com.br\/index.php?rest_route=\/wp\/v2\/types\/post"}],"author":[{"embeddable":true,"href":"https:\/\/inclusivenews.com.br\/index.php?rest_route=\/wp\/v2\/users\/1"}],"replies":[{"embeddable":true,"href":"https:\/\/inclusivenews.com.br\/index.php?rest_route=%2Fwp%2Fv2%2Fcomments&post=22457"}],"version-history":[{"count":0,"href":"https:\/\/inclusivenews.com.br\/index.php?rest_route=\/wp\/v2\/posts\/22457\/revisions"}],"wp:attachment":[{"href":"https:\/\/inclusivenews.com.br\/index.php?rest_route=%2Fwp%2Fv2%2Fmedia&parent=22457"}],"wp:term":[{"taxonomy":"category","embeddable":true,"href":"https:\/\/inclusivenews.com.br\/index.php?rest_route=%2Fwp%2Fv2%2Fcategories&post=22457"},{"taxonomy":"post_tag","embeddable":true,"href":"https:\/\/inclusivenews.com.br\/index.php?rest_route=%2Fwp%2Fv2%2Ftags&post=22457"}],"curies":[{"name":"wp","href":"https:\/\/api.w.org\/{rel}","templated":true}]}}