{"id":22462,"date":"2012-05-02T17:06:08","date_gmt":"2012-05-02T20:06:08","guid":{"rendered":"http:\/\/www.inclusive.org.br\/?p=22462"},"modified":"2012-05-02T17:06:08","modified_gmt":"2012-05-02T20:06:08","slug":"interdicao-legal-de-pessoas-com-deficiencia-intelectual-sera-discutida-em-audiencia-como-participar","status":"publish","type":"post","link":"https:\/\/inclusivenews.com.br\/?p=22462","title":{"rendered":"Interdi\u00e7\u00e3o legal de pessoas com defici\u00eancia intelectual ser\u00e1 discutida em audi\u00eancia (como participar)"},"content":{"rendered":"<figure id=\"attachment_21796\" aria-describedby=\"caption-attachment-21796\" style=\"width: 300px\" class=\"wp-caption alignleft\"><a href=\"http:\/\/www.inclusivenews.com.br\/wp-content\/uploads\/martelo.jpeg\"><img loading=\"lazy\" decoding=\"async\" class=\"size-medium wp-image-21796\" title=\"O martelo da justi\u00e7a sobre um livro\" src=\"http:\/\/inclusivenews.com.br\/wp-content\/uploads\/martelo-300x126.jpg\" alt=\"O martelo da justi\u00e7a sobre um livro\" width=\"300\" height=\"126\" \/><\/a><figcaption id=\"caption-attachment-21796\" class=\"wp-caption-text\"> <\/figcaption><\/figure>\n<p>A Comiss\u00e3o de Seguridade Social e Fam\u00edlia realiza audi\u00eancia p\u00fablica na quinta-feira (3) sobre a interdi\u00e7\u00e3o legal total de pessoas com defici\u00eancia intelectual e paralisia cerebral severa. O debate foi proposto pelos deputados Mandetta (DEM-MS) e Rosinha da Adefal (PTdoB-AL).<\/p>\n<p>_________________________________________<\/p>\n<p><strong>Como participar:<\/strong><\/p>\n<p>Para quem n\u00e3o puder comparecer pessoalmente, \u00e9 poss\u00edvel acompanhar a transmiss\u00e3o da audi\u00eancia ao vivo, pela internet, por meio do portal do &#8220;e-Democracia&#8221;.<\/p>\n<p>O endere\u00e7o do portal \u00e9: <a href=\"http:\/\/edemocracia.camara.gov.br\/web\/espaco-livre\/bate-papo-tv\">http:\/\/edemocracia.camara.gov.br\/web\/espaco-livre\/bate-papo-tv<\/a><\/p>\n<p>Participar do E-Democracia \u00e9 simples, voc\u00ea precisa apenas se cadastrar, ler e aceitar os &#8220;Termos de Uso&#8221; e preencher seu perfil. Em seguida, voc\u00ea receber\u00e1 uma mensagem no endere\u00e7o de e-mail cadastrado e dever\u00e1 seguir os passos indicados.<\/p>\n<p>__________________________________<\/p>\n<p>Rosinha da Adefal afirma que a exig\u00eancia \u00e9 preocupante, pois prejudica o exerc\u00edcio da cidadania, especialmente de pessoas com S\u00edndrome de Down e paralisia cerebral grave. \u201cEm muitos casos, os familiares das pessoas com esses tipos de defici\u00eancia \u2013 ainda que assim n\u00e3o desejem &#8211; se veem obrigadas a promover judicialmente a sua interdi\u00e7\u00e3o, pois, de outra forma, n\u00e3o conseguiriam ter acesso a documentos como o passaporte\u201d.<\/p>\n<p>Interdi\u00e7\u00e3o total<br \/>\nA deputada concorda que nem todas pessoas s\u00e3o aptas ao exerc\u00edcio dos atos da vida civil e n\u00e3o discorda da necessidade da previs\u00e3o do instituto da interdi\u00e7\u00e3o, parcial ou total, no C\u00f3digo Civil. \u201cO que nos preocupa s\u00e3o as not\u00edcias de casos em que as pessoas com defici\u00eancia n\u00e3o s\u00e3o vistas em toda sua potencialidade e simplesmente por terem defici\u00eancia \u2013 e sem que haja qualquer outro argumento \u2013 sofrem interdi\u00e7\u00e3o total, sem que se investigue de sua real capacidade para a vida civil\u201d.<\/p>\n<p>Ela argumenta que, lamentavelmente, os direitos das pessoas com defici\u00eancia n\u00e3o s\u00e3o temas priorit\u00e1rios dos cursos de Direito. \u201cPor isso, grande parte dos juristas e advogados desconhecem as particularidades deste grupo, em flagrante e injustific\u00e1vel desvantagem social, sendo insens\u00edveis \u00e0s suas particularidades\u201d.<\/p>\n<p>Rosinha da Adefal lembra que alguns juristas j\u00e1 t\u00eam apontado que a interdi\u00e7\u00e3o total s\u00f3 deve ocorrer nos casos de incapacidade total, exaustivamente comprovada. \u201cN\u00e3o h\u00e1 raz\u00e3o para restringir totalmente a cidadania nos casos em que as pessoas com defici\u00eancia intelectual demonstram aptid\u00e3o e capacidade para o exerc\u00edcio dos atos da vida civil, ainda que parcialmente\u201d.<\/p>\n<p>Ela defende que a interdi\u00e7\u00e3o parcial deve ser a regra, pois s\u00e3o mantidos direitos equivalentes aos de uma pessoa entre 16 e 18 anos, ou seja: n\u00e3o podem casar, contratar ou abrir conta banc\u00e1ria, sem a assist\u00eancia dos pais; mas t\u00eam direito ao trabalho, \u00e0 educa\u00e7\u00e3o e ao exerc\u00edcio do voto.<\/p>\n<p>Convidados<br \/>\nForam convidados para o debate:<br \/>\n&#8211; a ministra Maria do Ros\u00e1rio Nunes, da Secretaria Especial de Direitos Humanos da Presid\u00eancia daRep\u00fablica;<br \/>\n&#8211; a procuradora da Rep\u00fablica em S\u00e3o Paulo Eugenia Augusta Gonzaga F\u00e1vero;<br \/>\n&#8211; Francisco Alexandre Dourado Mapurunga, integrante do Conselho Estadual dos Direitos das Pessoas com Defici\u00eancia do Cear\u00e1;<br \/>\n&#8211; Jo\u00e3o Carlos Estev\u00e3o de Andrade, representante da Associa\u00e7\u00e3o Pestalozzi.<\/p>\n<p>A reuni\u00e3o est\u00e1 marcada para as 9h30 no Plen\u00e1rio 7.<\/p>\n<p>Fonte: <a href=\"http:\/\/www2.camara.gov.br\/agencia\/noticias\/DIREITO-E-JUSTICA\/416052-INTERDICAO-LEGAL-DE-PESSOAS-COM-DEFICIENCIA-INTELECTUAL-SERA-DISCUTIDA-EM-AUDIENCIA.html\">Ag\u00eancia C\u00e2mara<\/a><\/p>\n","protected":false},"excerpt":{"rendered":"<p>A Comiss\u00e3o de Seguridade Social e Fam\u00edlia realiza audi\u00eancia p\u00fablica na quinta-feira (3) sobre a interdi\u00e7\u00e3o legal total de pessoas com defici\u00eancia intelectual e paralisia cerebral severa. Participe tamb\u00e9m via internet.<\/p>\n","protected":false},"author":1,"featured_media":0,"comment_status":"open","ping_status":"open","sticky":false,"template":"","format":"standard","meta":{"site-container-style":"default","site-container-layout":"default","site-sidebar-layout":"default","disable-article-header":"default","disable-site-header":"default","disable-site-footer":"default","disable-content-area-spacing":"default","footnotes":""},"categories":[5,38,11,26],"tags":[],"class_list":["post-22462","post","type-post","status-publish","format-standard","hentry","category-convencao","category-deficiencia","category-direitos-humanos","category-legislacao"],"yoast_head":"<!-- This site is optimized with the Yoast SEO plugin v27.5 - https:\/\/yoast.com\/product\/yoast-seo-wordpress\/ -->\n<title>Interdi\u00e7\u00e3o legal de pessoas com defici\u00eancia intelectual ser\u00e1 discutida em audi\u00eancia (como participar) -<\/title>\n<meta name=\"robots\" content=\"index, follow, max-snippet:-1, max-image-preview:large, max-video-preview:-1\" \/>\n<link rel=\"canonical\" href=\"https:\/\/inclusivenews.com.br\/?p=22462\" \/>\n<meta property=\"og:locale\" content=\"pt_PT\" \/>\n<meta property=\"og:type\" content=\"article\" \/>\n<meta property=\"og:title\" content=\"Interdi\u00e7\u00e3o legal de pessoas com defici\u00eancia intelectual ser\u00e1 discutida em audi\u00eancia (como participar) -\" \/>\n<meta property=\"og:description\" content=\"A Comiss\u00e3o de Seguridade Social e Fam\u00edlia realiza audi\u00eancia p\u00fablica na quinta-feira (3) sobre a interdi\u00e7\u00e3o legal total de pessoas com defici\u00eancia intelectual e paralisia cerebral severa. Participe tamb\u00e9m via internet.\" \/>\n<meta property=\"og:url\" content=\"https:\/\/inclusivenews.com.br\/?p=22462\" \/>\n<meta property=\"article:publisher\" content=\"https:\/\/www.facebook.com\/agenciainclusive\/\" \/>\n<meta property=\"article:published_time\" content=\"2012-05-02T20:06:08+00:00\" \/>\n<meta property=\"og:image\" content=\"http:\/\/inclusivenews.com.br\/wp-content\/uploads\/martelo-300x126.jpg\" \/>\n<meta name=\"author\" content=\"inclusivenews2024\" \/>\n<meta name=\"twitter:card\" content=\"summary_large_image\" \/>\n<meta name=\"twitter:label1\" content=\"Escrito por\" \/>\n\t<meta name=\"twitter:data1\" content=\"inclusivenews2024\" \/>\n\t<meta name=\"twitter:label2\" content=\"Tempo estimado de leitura\" \/>\n\t<meta name=\"twitter:data2\" content=\"3 minutos\" \/>\n<script type=\"application\/ld+json\" class=\"yoast-schema-graph\">{\"@context\":\"https:\\\/\\\/schema.org\",\"@graph\":[{\"@type\":\"Article\",\"@id\":\"https:\\\/\\\/inclusivenews.com.br\\\/?p=22462#article\",\"isPartOf\":{\"@id\":\"https:\\\/\\\/inclusivenews.com.br\\\/?p=22462\"},\"author\":{\"name\":\"inclusivenews2024\",\"@id\":\"https:\\\/\\\/inclusivenews.com.br\\\/#\\\/schema\\\/person\\\/ae4ec7087559b8692fb33b6fffd2273b\"},\"headline\":\"Interdi\u00e7\u00e3o legal de pessoas com defici\u00eancia intelectual ser\u00e1 discutida em audi\u00eancia (como participar)\",\"datePublished\":\"2012-05-02T20:06:08+00:00\",\"mainEntityOfPage\":{\"@id\":\"https:\\\/\\\/inclusivenews.com.br\\\/?p=22462\"},\"wordCount\":572,\"commentCount\":0,\"publisher\":{\"@id\":\"https:\\\/\\\/inclusivenews.com.br\\\/#organization\"},\"image\":{\"@id\":\"https:\\\/\\\/inclusivenews.com.br\\\/?p=22462#primaryimage\"},\"thumbnailUrl\":\"http:\\\/\\\/inclusivenews.com.br\\\/wp-content\\\/uploads\\\/martelo-300x126.jpg\",\"articleSection\":[\"Conven\u00e7\u00e3o\",\"Defici\u00eancia\",\"DIREITOS HUMANOS\",\"Legisla\u00e7\u00e3o ...\"],\"inLanguage\":\"pt-PT\",\"potentialAction\":[{\"@type\":\"CommentAction\",\"name\":\"Comment\",\"target\":[\"https:\\\/\\\/inclusivenews.com.br\\\/?p=22462#respond\"]}]},{\"@type\":\"WebPage\",\"@id\":\"https:\\\/\\\/inclusivenews.com.br\\\/?p=22462\",\"url\":\"https:\\\/\\\/inclusivenews.com.br\\\/?p=22462\",\"name\":\"Interdi\u00e7\u00e3o legal de pessoas com defici\u00eancia intelectual ser\u00e1 discutida em audi\u00eancia (como participar) -\",\"isPartOf\":{\"@id\":\"https:\\\/\\\/inclusivenews.com.br\\\/#website\"},\"primaryImageOfPage\":{\"@id\":\"https:\\\/\\\/inclusivenews.com.br\\\/?p=22462#primaryimage\"},\"image\":{\"@id\":\"https:\\\/\\\/inclusivenews.com.br\\\/?p=22462#primaryimage\"},\"thumbnailUrl\":\"http:\\\/\\\/inclusivenews.com.br\\\/wp-content\\\/uploads\\\/martelo-300x126.jpg\",\"datePublished\":\"2012-05-02T20:06:08+00:00\",\"breadcrumb\":{\"@id\":\"https:\\\/\\\/inclusivenews.com.br\\\/?p=22462#breadcrumb\"},\"inLanguage\":\"pt-PT\",\"potentialAction\":[{\"@type\":\"ReadAction\",\"target\":[\"https:\\\/\\\/inclusivenews.com.br\\\/?p=22462\"]}]},{\"@type\":\"ImageObject\",\"inLanguage\":\"pt-PT\",\"@id\":\"https:\\\/\\\/inclusivenews.com.br\\\/?p=22462#primaryimage\",\"url\":\"\",\"contentUrl\":\"\"},{\"@type\":\"BreadcrumbList\",\"@id\":\"https:\\\/\\\/inclusivenews.com.br\\\/?p=22462#breadcrumb\",\"itemListElement\":[{\"@type\":\"ListItem\",\"position\":1,\"name\":\"In\u00edcio\",\"item\":\"https:\\\/\\\/inclusivenews.com.br\\\/\"},{\"@type\":\"ListItem\",\"position\":2,\"name\":\"Interdi\u00e7\u00e3o legal de pessoas com defici\u00eancia intelectual ser\u00e1 discutida em audi\u00eancia (como participar)\"}]},{\"@type\":\"WebSite\",\"@id\":\"https:\\\/\\\/inclusivenews.com.br\\\/#website\",\"url\":\"https:\\\/\\\/inclusivenews.com.br\\\/\",\"name\":\"Inclusive News\",\"description\":\"Inclusive News\",\"publisher\":{\"@id\":\"https:\\\/\\\/inclusivenews.com.br\\\/#organization\"},\"potentialAction\":[{\"@type\":\"SearchAction\",\"target\":{\"@type\":\"EntryPoint\",\"urlTemplate\":\"https:\\\/\\\/inclusivenews.com.br\\\/?s={search_term_string}\"},\"query-input\":{\"@type\":\"PropertyValueSpecification\",\"valueRequired\":true,\"valueName\":\"search_term_string\"}}],\"inLanguage\":\"pt-PT\"},{\"@type\":\"Organization\",\"@id\":\"https:\\\/\\\/inclusivenews.com.br\\\/#organization\",\"name\":\"Inclusive - inclus\u00e3o e cidadania\",\"url\":\"https:\\\/\\\/inclusivenews.com.br\\\/\",\"logo\":{\"@type\":\"ImageObject\",\"inLanguage\":\"pt-PT\",\"@id\":\"https:\\\/\\\/inclusivenews.com.br\\\/#\\\/schema\\\/logo\\\/image\\\/\",\"url\":\"https:\\\/\\\/inclusivenews.com.br\\\/wp-content\\\/uploads\\\/2024\\\/03\\\/@grandesite.png\",\"contentUrl\":\"https:\\\/\\\/inclusivenews.com.br\\\/wp-content\\\/uploads\\\/2024\\\/03\\\/@grandesite.png\",\"width\":1080,\"height\":1080,\"caption\":\"Inclusive - inclus\u00e3o e cidadania\"},\"image\":{\"@id\":\"https:\\\/\\\/inclusivenews.com.br\\\/#\\\/schema\\\/logo\\\/image\\\/\"},\"sameAs\":[\"https:\\\/\\\/www.facebook.com\\\/agenciainclusive\\\/\",\"https:\\\/\\\/www.instagram.com\\\/newsinclusive\\\/\"]},{\"@type\":\"Person\",\"@id\":\"https:\\\/\\\/inclusivenews.com.br\\\/#\\\/schema\\\/person\\\/ae4ec7087559b8692fb33b6fffd2273b\",\"name\":\"inclusivenews2024\",\"image\":{\"@type\":\"ImageObject\",\"inLanguage\":\"pt-PT\",\"@id\":\"https:\\\/\\\/secure.gravatar.com\\\/avatar\\\/c5a7ef84c66fa914f55bc4f7ce26cfa275a3b9a1c5568b907bd184fb4dde7b40?s=96&d=mm&r=g\",\"url\":\"https:\\\/\\\/secure.gravatar.com\\\/avatar\\\/c5a7ef84c66fa914f55bc4f7ce26cfa275a3b9a1c5568b907bd184fb4dde7b40?s=96&d=mm&r=g\",\"contentUrl\":\"https:\\\/\\\/secure.gravatar.com\\\/avatar\\\/c5a7ef84c66fa914f55bc4f7ce26cfa275a3b9a1c5568b907bd184fb4dde7b40?s=96&d=mm&r=g\",\"caption\":\"inclusivenews2024\"},\"sameAs\":[\"https:\\\/\\\/inclusivenews.com.br\"],\"url\":\"https:\\\/\\\/inclusivenews.com.br\\\/?author=1\"}]}<\/script>\n<!-- \/ Yoast SEO plugin. -->","yoast_head_json":{"title":"Interdi\u00e7\u00e3o legal de pessoas com defici\u00eancia intelectual ser\u00e1 discutida em audi\u00eancia (como participar) -","robots":{"index":"index","follow":"follow","max-snippet":"max-snippet:-1","max-image-preview":"max-image-preview:large","max-video-preview":"max-video-preview:-1"},"canonical":"https:\/\/inclusivenews.com.br\/?p=22462","og_locale":"pt_PT","og_type":"article","og_title":"Interdi\u00e7\u00e3o legal de pessoas com defici\u00eancia intelectual ser\u00e1 discutida em audi\u00eancia (como participar) -","og_description":"A Comiss\u00e3o de Seguridade Social e Fam\u00edlia realiza audi\u00eancia p\u00fablica na quinta-feira (3) sobre a interdi\u00e7\u00e3o legal total de pessoas com defici\u00eancia intelectual e paralisia cerebral severa. Participe tamb\u00e9m via internet.","og_url":"https:\/\/inclusivenews.com.br\/?p=22462","article_publisher":"https:\/\/www.facebook.com\/agenciainclusive\/","article_published_time":"2012-05-02T20:06:08+00:00","og_image":[{"url":"http:\/\/inclusivenews.com.br\/wp-content\/uploads\/martelo-300x126.jpg","type":"","width":"","height":""}],"author":"inclusivenews2024","twitter_card":"summary_large_image","twitter_misc":{"Escrito por":"inclusivenews2024","Tempo estimado de leitura":"3 minutos"},"schema":{"@context":"https:\/\/schema.org","@graph":[{"@type":"Article","@id":"https:\/\/inclusivenews.com.br\/?p=22462#article","isPartOf":{"@id":"https:\/\/inclusivenews.com.br\/?p=22462"},"author":{"name":"inclusivenews2024","@id":"https:\/\/inclusivenews.com.br\/#\/schema\/person\/ae4ec7087559b8692fb33b6fffd2273b"},"headline":"Interdi\u00e7\u00e3o legal de pessoas com defici\u00eancia intelectual ser\u00e1 discutida em audi\u00eancia (como participar)","datePublished":"2012-05-02T20:06:08+00:00","mainEntityOfPage":{"@id":"https:\/\/inclusivenews.com.br\/?p=22462"},"wordCount":572,"commentCount":0,"publisher":{"@id":"https:\/\/inclusivenews.com.br\/#organization"},"image":{"@id":"https:\/\/inclusivenews.com.br\/?p=22462#primaryimage"},"thumbnailUrl":"http:\/\/inclusivenews.com.br\/wp-content\/uploads\/martelo-300x126.jpg","articleSection":["Conven\u00e7\u00e3o","Defici\u00eancia","DIREITOS HUMANOS","Legisla\u00e7\u00e3o ..."],"inLanguage":"pt-PT","potentialAction":[{"@type":"CommentAction","name":"Comment","target":["https:\/\/inclusivenews.com.br\/?p=22462#respond"]}]},{"@type":"WebPage","@id":"https:\/\/inclusivenews.com.br\/?p=22462","url":"https:\/\/inclusivenews.com.br\/?p=22462","name":"Interdi\u00e7\u00e3o legal de pessoas com defici\u00eancia intelectual ser\u00e1 discutida em audi\u00eancia (como participar) -","isPartOf":{"@id":"https:\/\/inclusivenews.com.br\/#website"},"primaryImageOfPage":{"@id":"https:\/\/inclusivenews.com.br\/?p=22462#primaryimage"},"image":{"@id":"https:\/\/inclusivenews.com.br\/?p=22462#primaryimage"},"thumbnailUrl":"http:\/\/inclusivenews.com.br\/wp-content\/uploads\/martelo-300x126.jpg","datePublished":"2012-05-02T20:06:08+00:00","breadcrumb":{"@id":"https:\/\/inclusivenews.com.br\/?p=22462#breadcrumb"},"inLanguage":"pt-PT","potentialAction":[{"@type":"ReadAction","target":["https:\/\/inclusivenews.com.br\/?p=22462"]}]},{"@type":"ImageObject","inLanguage":"pt-PT","@id":"https:\/\/inclusivenews.com.br\/?p=22462#primaryimage","url":"","contentUrl":""},{"@type":"BreadcrumbList","@id":"https:\/\/inclusivenews.com.br\/?p=22462#breadcrumb","itemListElement":[{"@type":"ListItem","position":1,"name":"In\u00edcio","item":"https:\/\/inclusivenews.com.br\/"},{"@type":"ListItem","position":2,"name":"Interdi\u00e7\u00e3o legal de pessoas com defici\u00eancia intelectual ser\u00e1 discutida em audi\u00eancia (como participar)"}]},{"@type":"WebSite","@id":"https:\/\/inclusivenews.com.br\/#website","url":"https:\/\/inclusivenews.com.br\/","name":"Inclusive News","description":"Inclusive News","publisher":{"@id":"https:\/\/inclusivenews.com.br\/#organization"},"potentialAction":[{"@type":"SearchAction","target":{"@type":"EntryPoint","urlTemplate":"https:\/\/inclusivenews.com.br\/?s={search_term_string}"},"query-input":{"@type":"PropertyValueSpecification","valueRequired":true,"valueName":"search_term_string"}}],"inLanguage":"pt-PT"},{"@type":"Organization","@id":"https:\/\/inclusivenews.com.br\/#organization","name":"Inclusive - inclus\u00e3o e cidadania","url":"https:\/\/inclusivenews.com.br\/","logo":{"@type":"ImageObject","inLanguage":"pt-PT","@id":"https:\/\/inclusivenews.com.br\/#\/schema\/logo\/image\/","url":"https:\/\/inclusivenews.com.br\/wp-content\/uploads\/2024\/03\/@grandesite.png","contentUrl":"https:\/\/inclusivenews.com.br\/wp-content\/uploads\/2024\/03\/@grandesite.png","width":1080,"height":1080,"caption":"Inclusive - inclus\u00e3o e cidadania"},"image":{"@id":"https:\/\/inclusivenews.com.br\/#\/schema\/logo\/image\/"},"sameAs":["https:\/\/www.facebook.com\/agenciainclusive\/","https:\/\/www.instagram.com\/newsinclusive\/"]},{"@type":"Person","@id":"https:\/\/inclusivenews.com.br\/#\/schema\/person\/ae4ec7087559b8692fb33b6fffd2273b","name":"inclusivenews2024","image":{"@type":"ImageObject","inLanguage":"pt-PT","@id":"https:\/\/secure.gravatar.com\/avatar\/c5a7ef84c66fa914f55bc4f7ce26cfa275a3b9a1c5568b907bd184fb4dde7b40?s=96&d=mm&r=g","url":"https:\/\/secure.gravatar.com\/avatar\/c5a7ef84c66fa914f55bc4f7ce26cfa275a3b9a1c5568b907bd184fb4dde7b40?s=96&d=mm&r=g","contentUrl":"https:\/\/secure.gravatar.com\/avatar\/c5a7ef84c66fa914f55bc4f7ce26cfa275a3b9a1c5568b907bd184fb4dde7b40?s=96&d=mm&r=g","caption":"inclusivenews2024"},"sameAs":["https:\/\/inclusivenews.com.br"],"url":"https:\/\/inclusivenews.com.br\/?author=1"}]}},"_links":{"self":[{"href":"https:\/\/inclusivenews.com.br\/index.php?rest_route=\/wp\/v2\/posts\/22462","targetHints":{"allow":["GET"]}}],"collection":[{"href":"https:\/\/inclusivenews.com.br\/index.php?rest_route=\/wp\/v2\/posts"}],"about":[{"href":"https:\/\/inclusivenews.com.br\/index.php?rest_route=\/wp\/v2\/types\/post"}],"author":[{"embeddable":true,"href":"https:\/\/inclusivenews.com.br\/index.php?rest_route=\/wp\/v2\/users\/1"}],"replies":[{"embeddable":true,"href":"https:\/\/inclusivenews.com.br\/index.php?rest_route=%2Fwp%2Fv2%2Fcomments&post=22462"}],"version-history":[{"count":0,"href":"https:\/\/inclusivenews.com.br\/index.php?rest_route=\/wp\/v2\/posts\/22462\/revisions"}],"wp:attachment":[{"href":"https:\/\/inclusivenews.com.br\/index.php?rest_route=%2Fwp%2Fv2%2Fmedia&parent=22462"}],"wp:term":[{"taxonomy":"category","embeddable":true,"href":"https:\/\/inclusivenews.com.br\/index.php?rest_route=%2Fwp%2Fv2%2Fcategories&post=22462"},{"taxonomy":"post_tag","embeddable":true,"href":"https:\/\/inclusivenews.com.br\/index.php?rest_route=%2Fwp%2Fv2%2Ftags&post=22462"}],"curies":[{"name":"wp","href":"https:\/\/api.w.org\/{rel}","templated":true}]}}