{"id":22471,"date":"2012-05-04T12:11:26","date_gmt":"2012-05-04T15:11:26","guid":{"rendered":"http:\/\/www.inclusive.org.br\/?p=22471"},"modified":"2012-05-04T12:11:26","modified_gmt":"2012-05-04T15:11:26","slug":"castigo-dobrado","status":"publish","type":"post","link":"https:\/\/inclusivenews.com.br\/?p=22471","title":{"rendered":"Castigo dobrado"},"content":{"rendered":"<figure id=\"attachment_20703\" aria-describedby=\"caption-attachment-20703\" style=\"width: 270px\" class=\"wp-caption alignleft\"><a href=\"http:\/\/www.inclusivenews.com.br\/wp-content\/uploads\/grades.jpg\"><img loading=\"lazy\" decoding=\"async\" class=\"size-medium wp-image-20703\" title=\"Grades de uma pris\u00e3o com uma porta aberta\" src=\"http:\/\/inclusivenews.com.br\/wp-content\/uploads\/grades-300x300.jpg\" alt=\"Grades de uma pris\u00e3o com uma porta aberta\" width=\"270\" height=\"270\" \/><\/a><figcaption id=\"caption-attachment-20703\" class=\"wp-caption-text\"> <\/figcaption><\/figure>\n<p><strong>Por Andrei Bastos *<\/strong><\/p>\n<p>Outro dia recebi uma c\u00f3pia do \u201cManual da Pessoa Presa\u201d elaborado pelo governo do Cear\u00e1, que parece ser \u00fanico no Brasil. Li com bastante cuidado, particularmente o trecho que fala do direito do preso \u00e0 assist\u00eancia por parte do Estado, e n\u00e3o vi nenhuma refer\u00eancia aos presos com defici\u00eancia, o que n\u00e3o constitui novidade.<\/p>\n<p>Se j\u00e1 n\u00e3o encontramos aten\u00e7\u00e3o \u00e0s pessoas com defici\u00eancia em situa\u00e7\u00f5es comuns, que dir\u00e1 na condi\u00e7\u00e3o de apenadas. E se j\u00e1 \u00e9 dif\u00edcil falar de direitos de presos, numa sociedade que entende o sistema carcer\u00e1rio como mero instrumento para se livrar de indesej\u00e1veis perigosos, \u00e9 mais dif\u00edcil ainda trazer \u00e0 luz o problema do preso com defici\u00eancia, duplamente indesej\u00e1vel e invis\u00edvel \u2013 pela defici\u00eancia e pela condi\u00e7\u00e3o de preso.<\/p>\n<p>Antes de tudo, \u00e9 preciso entender que defici\u00eancia n\u00e3o \u00e9 sin\u00f4nimo de santidade e, assim como qualquer ser humano, que envelhece ou adoece, o deficiente tamb\u00e9m pode cometer crimes e ser preso. Al\u00e9m disso, a pessoa tamb\u00e9m pode ficar deficiente no momento da pris\u00e3o, por causa de um tiro, por exemplo.<\/p>\n<p>Estamos cansados de saber das p\u00e9ssimas condi\u00e7\u00f5es de vida nas cadeias, mas nem por isso tais espa\u00e7os deixam de ser extens\u00f5es do nosso mundo e, como tal, devem ser objeto da mesma reflex\u00e3o que dedicamos \u00e0s cidades e suas constru\u00e7\u00f5es, por mais dif\u00edcil que seja denunciar a falta de atendimento \u00e0s necessidades espec\u00edficas de pessoas com defici\u00eancia presas.<\/p>\n<p>Quando presos sem defici\u00eancia j\u00e1 vivem em condi\u00e7\u00f5es sub-humanas, o que esperar das condi\u00e7\u00f5es de vida dos que t\u00eam alguma defici\u00eancia e nenhuma aten\u00e7\u00e3o \u00e0s suas caracter\u00edsticas f\u00edsicas, sensoriais ou intelectuais diferentes? Se as cidades e seus equipamentos, aqui fora, n\u00e3o oferecem atendimento satisfat\u00f3rio para seus deficientes, o que esperar das cadeias e penitenci\u00e1rias?<\/p>\n<p>E se j\u00e1 aqui fora os \u201cdiferentes\u201d sofrem preconceito e discrimina\u00e7\u00e3o, tornando-se invis\u00edveis para os olhos e consci\u00eancias dos outros, mesmo que n\u00e3o esperemos muita coisa, \u00e9 preciso dizer que atr\u00e1s das grades tamb\u00e9m existe gente com direitos, deficiente ou n\u00e3o. No caso das pessoas com defici\u00eancia, s\u00e3o direitos espec\u00edficos, que nada t\u00eam a ver com outras quest\u00f5es, como a condi\u00e7\u00e3o de presidi\u00e1rio, por exemplo.<\/p>\n<p>Sempre foi impressionante o sil\u00eancio da sociedade em rela\u00e7\u00e3o aos seus deficientes. Mais impressionante ainda \u00e9 o mutismo em rela\u00e7\u00e3o aos deficientes presos e o total desconhecimento das condi\u00e7\u00f5es em que vivem. Quem quiser pode pesquisar \u00e0 vontade, na internet e nas bibliotecas, mas n\u00e3o vai encontrar informa\u00e7\u00f5es satisfat\u00f3rias sobre o tema.<\/p>\n<p>N\u00e3o existe preocupa\u00e7\u00e3o com esses presos, o que leva a se pensar que se o cumprimento da pena por um deficiente se d\u00e1 em condi\u00e7\u00f5es que n\u00e3o atendem a suas necessidades, tornando sua vida duplamente dif\u00edcil na pris\u00e3o, ser\u00e1 poss\u00edvel pleitear redu\u00e7\u00f5es de penas para criminosos com defici\u00eancia por eles estarem recebendo castigo dobrado.<\/p>\n<p>* ANDREI BASTOS \u00e9 jornalista e integra a Comiss\u00e3o de Direitos Humanos da OAB\/Rio.<\/p>\n<p>Fonte: O Globo, Opini\u00e3o, 04\/05\/2012:<\/p>\n","protected":false},"excerpt":{"rendered":"<p>Por Andrei Bastos &#8211; &#8220;Se j\u00e1 n\u00e3o encontramos aten\u00e7\u00e3o \u00e0s pessoas com defici\u00eancia em situa\u00e7\u00f5es comuns, que dir\u00e1 na condi\u00e7\u00e3o de apenadas.&#8221;<\/p>\n","protected":false},"author":1,"featured_media":0,"comment_status":"open","ping_status":"open","sticky":false,"template":"","format":"standard","meta":{"site-container-style":"default","site-container-layout":"default","site-sidebar-layout":"default","disable-article-header":"default","disable-site-header":"default","disable-site-footer":"default","disable-content-area-spacing":"default","footnotes":""},"categories":[8],"tags":[],"class_list":["post-22471","post","type-post","status-publish","format-standard","hentry","category-textos-e-artigos"],"yoast_head":"<!-- This site is optimized with the Yoast SEO plugin v27.4 - https:\/\/yoast.com\/product\/yoast-seo-wordpress\/ -->\n<title>Castigo dobrado -<\/title>\n<meta name=\"robots\" content=\"index, follow, max-snippet:-1, max-image-preview:large, max-video-preview:-1\" \/>\n<link rel=\"canonical\" href=\"https:\/\/inclusivenews.com.br\/?p=22471\" \/>\n<meta property=\"og:locale\" content=\"pt_PT\" \/>\n<meta property=\"og:type\" content=\"article\" \/>\n<meta property=\"og:title\" content=\"Castigo dobrado -\" \/>\n<meta property=\"og:description\" content=\"Por Andrei Bastos - &quot;Se j\u00e1 n\u00e3o encontramos aten\u00e7\u00e3o \u00e0s pessoas com defici\u00eancia em situa\u00e7\u00f5es comuns, que dir\u00e1 na condi\u00e7\u00e3o de apenadas.&quot;\" \/>\n<meta property=\"og:url\" content=\"https:\/\/inclusivenews.com.br\/?p=22471\" \/>\n<meta property=\"article:publisher\" content=\"https:\/\/www.facebook.com\/agenciainclusive\/\" \/>\n<meta property=\"article:published_time\" content=\"2012-05-04T15:11:26+00:00\" \/>\n<meta property=\"og:image\" content=\"http:\/\/inclusivenews.com.br\/wp-content\/uploads\/grades-300x300.jpg\" \/>\n<meta name=\"author\" content=\"inclusivenews2024\" \/>\n<meta name=\"twitter:card\" content=\"summary_large_image\" \/>\n<meta name=\"twitter:label1\" content=\"Escrito por\" \/>\n\t<meta name=\"twitter:data1\" content=\"inclusivenews2024\" \/>\n\t<meta name=\"twitter:label2\" content=\"Tempo estimado de leitura\" \/>\n\t<meta name=\"twitter:data2\" content=\"3 minutos\" \/>\n<script type=\"application\/ld+json\" class=\"yoast-schema-graph\">{\"@context\":\"https:\\\/\\\/schema.org\",\"@graph\":[{\"@type\":\"Article\",\"@id\":\"https:\\\/\\\/inclusivenews.com.br\\\/?p=22471#article\",\"isPartOf\":{\"@id\":\"https:\\\/\\\/inclusivenews.com.br\\\/?p=22471\"},\"author\":{\"name\":\"inclusivenews2024\",\"@id\":\"https:\\\/\\\/inclusivenews.com.br\\\/#\\\/schema\\\/person\\\/ae4ec7087559b8692fb33b6fffd2273b\"},\"headline\":\"Castigo dobrado\",\"datePublished\":\"2012-05-04T15:11:26+00:00\",\"mainEntityOfPage\":{\"@id\":\"https:\\\/\\\/inclusivenews.com.br\\\/?p=22471\"},\"wordCount\":556,\"commentCount\":0,\"publisher\":{\"@id\":\"https:\\\/\\\/inclusivenews.com.br\\\/#organization\"},\"image\":{\"@id\":\"https:\\\/\\\/inclusivenews.com.br\\\/?p=22471#primaryimage\"},\"thumbnailUrl\":\"http:\\\/\\\/inclusivenews.com.br\\\/wp-content\\\/uploads\\\/grades-300x300.jpg\",\"articleSection\":[\"OPINI\u00c3O\"],\"inLanguage\":\"pt-PT\",\"potentialAction\":[{\"@type\":\"CommentAction\",\"name\":\"Comment\",\"target\":[\"https:\\\/\\\/inclusivenews.com.br\\\/?p=22471#respond\"]}]},{\"@type\":\"WebPage\",\"@id\":\"https:\\\/\\\/inclusivenews.com.br\\\/?p=22471\",\"url\":\"https:\\\/\\\/inclusivenews.com.br\\\/?p=22471\",\"name\":\"Castigo dobrado -\",\"isPartOf\":{\"@id\":\"https:\\\/\\\/inclusivenews.com.br\\\/#website\"},\"primaryImageOfPage\":{\"@id\":\"https:\\\/\\\/inclusivenews.com.br\\\/?p=22471#primaryimage\"},\"image\":{\"@id\":\"https:\\\/\\\/inclusivenews.com.br\\\/?p=22471#primaryimage\"},\"thumbnailUrl\":\"http:\\\/\\\/inclusivenews.com.br\\\/wp-content\\\/uploads\\\/grades-300x300.jpg\",\"datePublished\":\"2012-05-04T15:11:26+00:00\",\"breadcrumb\":{\"@id\":\"https:\\\/\\\/inclusivenews.com.br\\\/?p=22471#breadcrumb\"},\"inLanguage\":\"pt-PT\",\"potentialAction\":[{\"@type\":\"ReadAction\",\"target\":[\"https:\\\/\\\/inclusivenews.com.br\\\/?p=22471\"]}]},{\"@type\":\"ImageObject\",\"inLanguage\":\"pt-PT\",\"@id\":\"https:\\\/\\\/inclusivenews.com.br\\\/?p=22471#primaryimage\",\"url\":\"\",\"contentUrl\":\"\"},{\"@type\":\"BreadcrumbList\",\"@id\":\"https:\\\/\\\/inclusivenews.com.br\\\/?p=22471#breadcrumb\",\"itemListElement\":[{\"@type\":\"ListItem\",\"position\":1,\"name\":\"In\u00edcio\",\"item\":\"https:\\\/\\\/inclusivenews.com.br\\\/\"},{\"@type\":\"ListItem\",\"position\":2,\"name\":\"Castigo dobrado\"}]},{\"@type\":\"WebSite\",\"@id\":\"https:\\\/\\\/inclusivenews.com.br\\\/#website\",\"url\":\"https:\\\/\\\/inclusivenews.com.br\\\/\",\"name\":\"Inclusive News\",\"description\":\"Inclusive News\",\"publisher\":{\"@id\":\"https:\\\/\\\/inclusivenews.com.br\\\/#organization\"},\"potentialAction\":[{\"@type\":\"SearchAction\",\"target\":{\"@type\":\"EntryPoint\",\"urlTemplate\":\"https:\\\/\\\/inclusivenews.com.br\\\/?s={search_term_string}\"},\"query-input\":{\"@type\":\"PropertyValueSpecification\",\"valueRequired\":true,\"valueName\":\"search_term_string\"}}],\"inLanguage\":\"pt-PT\"},{\"@type\":\"Organization\",\"@id\":\"https:\\\/\\\/inclusivenews.com.br\\\/#organization\",\"name\":\"Inclusive - inclus\u00e3o e cidadania\",\"url\":\"https:\\\/\\\/inclusivenews.com.br\\\/\",\"logo\":{\"@type\":\"ImageObject\",\"inLanguage\":\"pt-PT\",\"@id\":\"https:\\\/\\\/inclusivenews.com.br\\\/#\\\/schema\\\/logo\\\/image\\\/\",\"url\":\"https:\\\/\\\/inclusivenews.com.br\\\/wp-content\\\/uploads\\\/2024\\\/03\\\/@grandesite.png\",\"contentUrl\":\"https:\\\/\\\/inclusivenews.com.br\\\/wp-content\\\/uploads\\\/2024\\\/03\\\/@grandesite.png\",\"width\":1080,\"height\":1080,\"caption\":\"Inclusive - inclus\u00e3o e cidadania\"},\"image\":{\"@id\":\"https:\\\/\\\/inclusivenews.com.br\\\/#\\\/schema\\\/logo\\\/image\\\/\"},\"sameAs\":[\"https:\\\/\\\/www.facebook.com\\\/agenciainclusive\\\/\",\"https:\\\/\\\/www.instagram.com\\\/newsinclusive\\\/\"]},{\"@type\":\"Person\",\"@id\":\"https:\\\/\\\/inclusivenews.com.br\\\/#\\\/schema\\\/person\\\/ae4ec7087559b8692fb33b6fffd2273b\",\"name\":\"inclusivenews2024\",\"image\":{\"@type\":\"ImageObject\",\"inLanguage\":\"pt-PT\",\"@id\":\"https:\\\/\\\/secure.gravatar.com\\\/avatar\\\/c5a7ef84c66fa914f55bc4f7ce26cfa275a3b9a1c5568b907bd184fb4dde7b40?s=96&d=mm&r=g\",\"url\":\"https:\\\/\\\/secure.gravatar.com\\\/avatar\\\/c5a7ef84c66fa914f55bc4f7ce26cfa275a3b9a1c5568b907bd184fb4dde7b40?s=96&d=mm&r=g\",\"contentUrl\":\"https:\\\/\\\/secure.gravatar.com\\\/avatar\\\/c5a7ef84c66fa914f55bc4f7ce26cfa275a3b9a1c5568b907bd184fb4dde7b40?s=96&d=mm&r=g\",\"caption\":\"inclusivenews2024\"},\"sameAs\":[\"https:\\\/\\\/inclusivenews.com.br\"],\"url\":\"https:\\\/\\\/inclusivenews.com.br\\\/?author=1\"}]}<\/script>\n<!-- \/ Yoast SEO plugin. -->","yoast_head_json":{"title":"Castigo dobrado -","robots":{"index":"index","follow":"follow","max-snippet":"max-snippet:-1","max-image-preview":"max-image-preview:large","max-video-preview":"max-video-preview:-1"},"canonical":"https:\/\/inclusivenews.com.br\/?p=22471","og_locale":"pt_PT","og_type":"article","og_title":"Castigo dobrado -","og_description":"Por Andrei Bastos - \"Se j\u00e1 n\u00e3o encontramos aten\u00e7\u00e3o \u00e0s pessoas com defici\u00eancia em situa\u00e7\u00f5es comuns, que dir\u00e1 na condi\u00e7\u00e3o de apenadas.\"","og_url":"https:\/\/inclusivenews.com.br\/?p=22471","article_publisher":"https:\/\/www.facebook.com\/agenciainclusive\/","article_published_time":"2012-05-04T15:11:26+00:00","og_image":[{"url":"http:\/\/inclusivenews.com.br\/wp-content\/uploads\/grades-300x300.jpg","type":"","width":"","height":""}],"author":"inclusivenews2024","twitter_card":"summary_large_image","twitter_misc":{"Escrito por":"inclusivenews2024","Tempo estimado de leitura":"3 minutos"},"schema":{"@context":"https:\/\/schema.org","@graph":[{"@type":"Article","@id":"https:\/\/inclusivenews.com.br\/?p=22471#article","isPartOf":{"@id":"https:\/\/inclusivenews.com.br\/?p=22471"},"author":{"name":"inclusivenews2024","@id":"https:\/\/inclusivenews.com.br\/#\/schema\/person\/ae4ec7087559b8692fb33b6fffd2273b"},"headline":"Castigo dobrado","datePublished":"2012-05-04T15:11:26+00:00","mainEntityOfPage":{"@id":"https:\/\/inclusivenews.com.br\/?p=22471"},"wordCount":556,"commentCount":0,"publisher":{"@id":"https:\/\/inclusivenews.com.br\/#organization"},"image":{"@id":"https:\/\/inclusivenews.com.br\/?p=22471#primaryimage"},"thumbnailUrl":"http:\/\/inclusivenews.com.br\/wp-content\/uploads\/grades-300x300.jpg","articleSection":["OPINI\u00c3O"],"inLanguage":"pt-PT","potentialAction":[{"@type":"CommentAction","name":"Comment","target":["https:\/\/inclusivenews.com.br\/?p=22471#respond"]}]},{"@type":"WebPage","@id":"https:\/\/inclusivenews.com.br\/?p=22471","url":"https:\/\/inclusivenews.com.br\/?p=22471","name":"Castigo dobrado -","isPartOf":{"@id":"https:\/\/inclusivenews.com.br\/#website"},"primaryImageOfPage":{"@id":"https:\/\/inclusivenews.com.br\/?p=22471#primaryimage"},"image":{"@id":"https:\/\/inclusivenews.com.br\/?p=22471#primaryimage"},"thumbnailUrl":"http:\/\/inclusivenews.com.br\/wp-content\/uploads\/grades-300x300.jpg","datePublished":"2012-05-04T15:11:26+00:00","breadcrumb":{"@id":"https:\/\/inclusivenews.com.br\/?p=22471#breadcrumb"},"inLanguage":"pt-PT","potentialAction":[{"@type":"ReadAction","target":["https:\/\/inclusivenews.com.br\/?p=22471"]}]},{"@type":"ImageObject","inLanguage":"pt-PT","@id":"https:\/\/inclusivenews.com.br\/?p=22471#primaryimage","url":"","contentUrl":""},{"@type":"BreadcrumbList","@id":"https:\/\/inclusivenews.com.br\/?p=22471#breadcrumb","itemListElement":[{"@type":"ListItem","position":1,"name":"In\u00edcio","item":"https:\/\/inclusivenews.com.br\/"},{"@type":"ListItem","position":2,"name":"Castigo dobrado"}]},{"@type":"WebSite","@id":"https:\/\/inclusivenews.com.br\/#website","url":"https:\/\/inclusivenews.com.br\/","name":"Inclusive News","description":"Inclusive News","publisher":{"@id":"https:\/\/inclusivenews.com.br\/#organization"},"potentialAction":[{"@type":"SearchAction","target":{"@type":"EntryPoint","urlTemplate":"https:\/\/inclusivenews.com.br\/?s={search_term_string}"},"query-input":{"@type":"PropertyValueSpecification","valueRequired":true,"valueName":"search_term_string"}}],"inLanguage":"pt-PT"},{"@type":"Organization","@id":"https:\/\/inclusivenews.com.br\/#organization","name":"Inclusive - inclus\u00e3o e cidadania","url":"https:\/\/inclusivenews.com.br\/","logo":{"@type":"ImageObject","inLanguage":"pt-PT","@id":"https:\/\/inclusivenews.com.br\/#\/schema\/logo\/image\/","url":"https:\/\/inclusivenews.com.br\/wp-content\/uploads\/2024\/03\/@grandesite.png","contentUrl":"https:\/\/inclusivenews.com.br\/wp-content\/uploads\/2024\/03\/@grandesite.png","width":1080,"height":1080,"caption":"Inclusive - inclus\u00e3o e cidadania"},"image":{"@id":"https:\/\/inclusivenews.com.br\/#\/schema\/logo\/image\/"},"sameAs":["https:\/\/www.facebook.com\/agenciainclusive\/","https:\/\/www.instagram.com\/newsinclusive\/"]},{"@type":"Person","@id":"https:\/\/inclusivenews.com.br\/#\/schema\/person\/ae4ec7087559b8692fb33b6fffd2273b","name":"inclusivenews2024","image":{"@type":"ImageObject","inLanguage":"pt-PT","@id":"https:\/\/secure.gravatar.com\/avatar\/c5a7ef84c66fa914f55bc4f7ce26cfa275a3b9a1c5568b907bd184fb4dde7b40?s=96&d=mm&r=g","url":"https:\/\/secure.gravatar.com\/avatar\/c5a7ef84c66fa914f55bc4f7ce26cfa275a3b9a1c5568b907bd184fb4dde7b40?s=96&d=mm&r=g","contentUrl":"https:\/\/secure.gravatar.com\/avatar\/c5a7ef84c66fa914f55bc4f7ce26cfa275a3b9a1c5568b907bd184fb4dde7b40?s=96&d=mm&r=g","caption":"inclusivenews2024"},"sameAs":["https:\/\/inclusivenews.com.br"],"url":"https:\/\/inclusivenews.com.br\/?author=1"}]}},"_links":{"self":[{"href":"https:\/\/inclusivenews.com.br\/index.php?rest_route=\/wp\/v2\/posts\/22471","targetHints":{"allow":["GET"]}}],"collection":[{"href":"https:\/\/inclusivenews.com.br\/index.php?rest_route=\/wp\/v2\/posts"}],"about":[{"href":"https:\/\/inclusivenews.com.br\/index.php?rest_route=\/wp\/v2\/types\/post"}],"author":[{"embeddable":true,"href":"https:\/\/inclusivenews.com.br\/index.php?rest_route=\/wp\/v2\/users\/1"}],"replies":[{"embeddable":true,"href":"https:\/\/inclusivenews.com.br\/index.php?rest_route=%2Fwp%2Fv2%2Fcomments&post=22471"}],"version-history":[{"count":0,"href":"https:\/\/inclusivenews.com.br\/index.php?rest_route=\/wp\/v2\/posts\/22471\/revisions"}],"wp:attachment":[{"href":"https:\/\/inclusivenews.com.br\/index.php?rest_route=%2Fwp%2Fv2%2Fmedia&parent=22471"}],"wp:term":[{"taxonomy":"category","embeddable":true,"href":"https:\/\/inclusivenews.com.br\/index.php?rest_route=%2Fwp%2Fv2%2Fcategories&post=22471"},{"taxonomy":"post_tag","embeddable":true,"href":"https:\/\/inclusivenews.com.br\/index.php?rest_route=%2Fwp%2Fv2%2Ftags&post=22471"}],"curies":[{"name":"wp","href":"https:\/\/api.w.org\/{rel}","templated":true}]}}