{"id":22473,"date":"2012-05-04T12:13:27","date_gmt":"2012-05-04T15:13:27","guid":{"rendered":"http:\/\/www.inclusive.org.br\/?p=22473"},"modified":"2012-05-04T12:13:27","modified_gmt":"2012-05-04T15:13:27","slug":"debatedores-pedem-alternativa-a-interdicao-total-de-deficientes-intelectuais","status":"publish","type":"post","link":"https:\/\/inclusivenews.com.br\/?p=22473","title":{"rendered":"Debatedores pedem alternativa \u00e0 interdi\u00e7\u00e3o total de deficientes intelectuais"},"content":{"rendered":"<figure style=\"width: 150px\" class=\"wp-caption alignleft\"><img loading=\"lazy\" decoding=\"async\" title=\"Rosinha da Adefal - Foto: Leonardo Prado\" src=\"http:\/\/www.camara.gov.br\/internet\/bancoimagem\/banco\/20120503121411_20120503_016SC_DAMED.jpg\" alt=\"\" width=\"150\" height=\"229\" \/><figcaption class=\"wp-caption-text\">Rosinha da Adefal - Foto: Leonardo Prado<\/figcaption><\/figure>\n<p>O Brasil precisa adotar instrumentos legais que estimulem o tratamento de forma mais humana das pessoas com paralisia cerebral ou intelectual. Essa foi uma das conclus\u00f5es da audi\u00eancia p\u00fablica sobre a interdi\u00e7\u00e3o de indiv\u00edduos com defici\u00eancia intelectual e paralisia cerebral grave realizada nesta quinta-feira (3) pela Comiss\u00e3o de Seguridade Social e Fam\u00edlia.<\/p>\n<p>A procuradora da Rep\u00fablica em S\u00e3o Paulo Eug\u00eania Augusta Gonzaga F\u00e1vero afirmou que, apesar de ser vista como uma viola\u00e7\u00e3o, a interdi\u00e7\u00e3o (priva\u00e7\u00e3o do exerc\u00edcio dos direitos civis) \u00e9 uma garantia da pessoa com defici\u00eancia, prevista inclusive pela Conven\u00e7\u00e3o da ONU sobre os Direitos das Pessoas com Defici\u00eancia. O problema, segundo ela, \u00e9 que no Pa\u00eds a pr\u00e1tica jur\u00eddica \u00e9 pela interdi\u00e7\u00e3o total, quando o ideal seria a interdi\u00e7\u00e3o parcial. &#8220;A interdi\u00e7\u00e3o \u00e9 a favor da pessoa com defici\u00eancia, mas esse mecanismo passou a ser executado sempre de maneira contr\u00e1ria. Tivemos dois ou tr\u00eas casos de pessoas que conseguiram fazer a interdi\u00e7\u00e3o parcial. Por que n\u00e3o houve mais casos? Porque as pessoas n\u00e3o v\u00e3o atr\u00e1s, os pr\u00f3prios advogados n\u00e3o se informam&#8221;, argumentou.<\/p>\n<p>Na opini\u00e3o de Eug\u00eania F\u00e1vero, a culpa n\u00e3o \u00e9 apenas dos operadores do direito. Ela ressaltou que a legisla\u00e7\u00e3o brasileira n\u00e3o incentiva a interdi\u00e7\u00e3o parcial: \u201cO novo <a href=\"http:\/\/www.planalto.gov.br\/ccivil_03\/leis\/2002\/L10406.htm\" target=\"_blank\" rel=\"noopener\">C\u00f3digo Civil<\/a>, de 2002, embora tenha aperfei\u00e7oado o texto anterior, n\u00e3o deixa clara essa necessidade\u201d. A solu\u00e7\u00e3o, para a procuradora, seria igualar a situa\u00e7\u00e3o dos parcialmente interditados aos relativamente incapazes, como os indiv\u00edduos entre 16 e 18 anos.<\/p>\n<p>O secret\u00e1rio Nacional de Promo\u00e7\u00e3o dos Direitos da Pessoa com Defici\u00eancia, Antonio Jos\u00e9 do Nascimento Ferreira, sustentou que, na maioria dos casos de interdi\u00e7\u00e3o total, os indiv\u00edduos n\u00e3o t\u00eam sequer o direito de escolher o seu tutor, que, entre outras responsabilidades, administrar\u00e1 o Benef\u00edcio de Presta\u00e7\u00e3o Continuada (BPC), uma esp\u00e9cie de pens\u00e3o no valor de um sal\u00e1rio m\u00ednimo, recebido por idosos e cidad\u00e3os com defici\u00eancia.<\/p>\n<p><strong>Amplitude da interdi\u00e7\u00e3o<\/strong><br \/>\nPor sua vez, a advogada Stella Recher explicou que a conven\u00e7\u00e3o da ONU determina que o conceito de capacidade legal englobe pessoas com defici\u00eancia intelectual e sensoriais, como surdas e cegas, por tamb\u00e9m serem tolhidas no exerc\u00edcio de atos da vida civil. Na pr\u00e1tica, apontou ela, determinar a amplitude da interdi\u00e7\u00e3o \u00e9 um problema. &#8220;Se a gente pegar duas pessoas com s\u00edndrome de Down, por exemplo, elas n\u00e3o ter\u00e3o necessariamente as mesmas dificuldades para lidar com determinadas situa\u00e7\u00f5es no dia a dia. Isso depende dos est\u00edmulos que tiveram quando crian\u00e7a, de estar estudando, estar inclu\u00edda ou n\u00e3o. Tudo isso tem de ser considerado.&#8221;<\/p>\n<p>Stella defendeu que outras \u00e1reas, al\u00e9m da m\u00e9dica, analisem as condi\u00e7\u00f5es da pessoa com defici\u00eancia, at\u00e9 porque a interdi\u00e7\u00e3o precisa ser reavaliada constantemente, uma vez que h\u00e1 casos em que o interditado readquire algumas capacidades que podem diminuir a amplitude da interdi\u00e7\u00e3o.<\/p>\n<p>A deputada Rosinha da Adefal (PTdoB-AL), autora do requerimento da audi\u00eancia p\u00fablica em conjunto com o deputado Mandetta (DEM-MS), lembrou que, atualmente, h\u00e1 pessoas com s\u00edndrome de Down com vida social, algumas at\u00e9 constitu\u00edram fam\u00edlia, e mesmo assim n\u00e3o exercem seus direitos civis. Ela \u00e9 relatora do projeto (PL 2063\/11) do deputado Eduardo Barbosa (PSDB-MG) que altera o C\u00f3digo Civil para prever a possibilidade de interdi\u00e7\u00e3o parcial dos indiv\u00edduos com defici\u00eancia intelectual. \u201c\u00c9 preciso avaliar o grau da capacidade civil dessas pessoas para exercer os atos da vida civil, como movimentar o dinheiro e ser autor de sua pr\u00f3pria a\u00e7\u00e3o judicial\u201d, disse.<\/p>\n<p>Rosinha da Adefal ressaltou ainda que o debate de hoje, que contou com a participa\u00e7\u00e3o de internautas por meio de <a href=\"http:\/\/edemocracia.camara.gov.br\/web\/espaco-livre\/bate-papo-tv?p_p_id=cdchatroom_WAR_cdchatportlet&amp;p_p_lifecycle=0&amp;_cdchatroom_WAR_cdchatportlet_view=room-history-jsp&amp;_cdchatroom_WAR_cdchatportlet_roomId=4001\" target=\"_blank\" rel=\"noopener\">bate-papo<\/a> promovido pelo portal e-Democracia, em parceria com a Coordena\u00e7\u00e3o de Participa\u00e7\u00e3o Popular da C\u00e2mara, tamb\u00e9m vai subsidiar a discuss\u00e3o sobre o novo C\u00f3digo de Processo Civil (PL <a href=\"http:\/\/www2.camara.gov.br\/agencia\/noticias\/DIREITO-E-JUSTICA\/193575-TRAMITA-NA-CAMARA-PROPOSTA-DO-NOVO-CODIGO-DE-PROCESSO-CIVIL.html\" target=\"_blank\" rel=\"noopener\">8046\/10<\/a>).<\/p>\n<div id=\"proposicao\">\n<h4>\u00cdntegra da proposta:<\/h4>\n<ul>\n<li><a href=\"http:\/\/www.camara.gov.br\/internet\/sileg\/Prop_Detalhe.asp?id=490267\">PL-8046\/2010<\/a><\/li>\n<li><a href=\"http:\/\/www.camara.gov.br\/internet\/sileg\/Prop_Detalhe.asp?id=516139\">PL-2063\/2011<\/a><\/li>\n<\/ul>\n<\/div>\n<p>Reportagem \u2013 Luiz Cl\u00e1udio Canuto\/R\u00e1dio C\u00e2mara<br \/>\nEdi\u00e7\u00e3o \u2013 Marcelo Oliveira<\/p>\n<p>Fonte: <a href=\"http:\/\/www2.camara.gov.br\/agencia\/noticias\/DIREITOS-HUMANOS\/416275-DEBATEDORES-PEDEM-ALTERNATIVA-A-INTERDICAO-TOTAL-DE-DEFICIENTES-INTELECTUAIS.html\">Ag\u00eancia C\u00e2mara de Not\u00edcias<\/a><\/p>\n","protected":false},"excerpt":{"rendered":"<p>O Brasil precisa adotar instrumentos legais que estimulem o tratamento de forma mais humana das pessoas com paralisia cerebral ou intelectual. Essa foi uma das conclus\u00f5es da audi\u00eancia p\u00fablica sobre a interdi\u00e7\u00e3o de indiv\u00edduos com defici\u00eancia intelectual e paralisia cerebral grave realizada nesta quinta-feira (3) pela Comiss\u00e3o de Seguridade Social e Fam\u00edlia.<\/p>\n","protected":false},"author":1,"featured_media":0,"comment_status":"open","ping_status":"open","sticky":false,"template":"","format":"standard","meta":{"site-container-style":"default","site-container-layout":"default","site-sidebar-layout":"default","disable-article-header":"default","disable-site-header":"default","disable-site-footer":"default","disable-content-area-spacing":"default","footnotes":""},"categories":[4],"tags":[],"class_list":["post-22473","post","type-post","status-publish","format-standard","hentry","category-noticias"],"yoast_head":"<!-- This site is optimized with the Yoast SEO plugin v27.4 - https:\/\/yoast.com\/product\/yoast-seo-wordpress\/ -->\n<title>Debatedores pedem alternativa \u00e0 interdi\u00e7\u00e3o total de deficientes intelectuais -<\/title>\n<meta name=\"robots\" content=\"index, follow, max-snippet:-1, max-image-preview:large, max-video-preview:-1\" \/>\n<link rel=\"canonical\" href=\"https:\/\/inclusivenews.com.br\/?p=22473\" \/>\n<meta property=\"og:locale\" content=\"pt_PT\" \/>\n<meta property=\"og:type\" content=\"article\" \/>\n<meta property=\"og:title\" content=\"Debatedores pedem alternativa \u00e0 interdi\u00e7\u00e3o total de deficientes intelectuais -\" \/>\n<meta property=\"og:description\" content=\"O Brasil precisa adotar instrumentos legais que estimulem o tratamento de forma mais humana das pessoas com paralisia cerebral ou intelectual. Essa foi uma das conclus\u00f5es da audi\u00eancia p\u00fablica sobre a interdi\u00e7\u00e3o de indiv\u00edduos com defici\u00eancia intelectual e paralisia cerebral grave realizada nesta quinta-feira (3) pela Comiss\u00e3o de Seguridade Social e Fam\u00edlia.\" \/>\n<meta property=\"og:url\" content=\"https:\/\/inclusivenews.com.br\/?p=22473\" \/>\n<meta property=\"article:publisher\" content=\"https:\/\/www.facebook.com\/agenciainclusive\/\" \/>\n<meta property=\"article:published_time\" content=\"2012-05-04T15:13:27+00:00\" \/>\n<meta property=\"og:image\" content=\"http:\/\/www.camara.gov.br\/internet\/bancoimagem\/banco\/20120503121411_20120503_016SC_DAMED.jpg\" \/>\n<meta name=\"author\" content=\"inclusivenews2024\" \/>\n<meta name=\"twitter:card\" content=\"summary_large_image\" \/>\n<meta name=\"twitter:label1\" content=\"Escrito por\" \/>\n\t<meta name=\"twitter:data1\" content=\"inclusivenews2024\" \/>\n\t<meta name=\"twitter:label2\" content=\"Tempo estimado de leitura\" \/>\n\t<meta name=\"twitter:data2\" content=\"4 minutos\" \/>\n<script type=\"application\/ld+json\" class=\"yoast-schema-graph\">{\"@context\":\"https:\\\/\\\/schema.org\",\"@graph\":[{\"@type\":\"Article\",\"@id\":\"https:\\\/\\\/inclusivenews.com.br\\\/?p=22473#article\",\"isPartOf\":{\"@id\":\"https:\\\/\\\/inclusivenews.com.br\\\/?p=22473\"},\"author\":{\"name\":\"inclusivenews2024\",\"@id\":\"https:\\\/\\\/inclusivenews.com.br\\\/#\\\/schema\\\/person\\\/ae4ec7087559b8692fb33b6fffd2273b\"},\"headline\":\"Debatedores pedem alternativa \u00e0 interdi\u00e7\u00e3o total de deficientes intelectuais\",\"datePublished\":\"2012-05-04T15:13:27+00:00\",\"mainEntityOfPage\":{\"@id\":\"https:\\\/\\\/inclusivenews.com.br\\\/?p=22473\"},\"wordCount\":741,\"commentCount\":0,\"publisher\":{\"@id\":\"https:\\\/\\\/inclusivenews.com.br\\\/#organization\"},\"image\":{\"@id\":\"https:\\\/\\\/inclusivenews.com.br\\\/?p=22473#primaryimage\"},\"thumbnailUrl\":\"http:\\\/\\\/www.camara.gov.br\\\/internet\\\/bancoimagem\\\/banco\\\/20120503121411_20120503_016SC_DAMED.jpg\",\"articleSection\":[\"NOT\u00cdCIAS\"],\"inLanguage\":\"pt-PT\",\"potentialAction\":[{\"@type\":\"CommentAction\",\"name\":\"Comment\",\"target\":[\"https:\\\/\\\/inclusivenews.com.br\\\/?p=22473#respond\"]}]},{\"@type\":\"WebPage\",\"@id\":\"https:\\\/\\\/inclusivenews.com.br\\\/?p=22473\",\"url\":\"https:\\\/\\\/inclusivenews.com.br\\\/?p=22473\",\"name\":\"Debatedores pedem alternativa \u00e0 interdi\u00e7\u00e3o total de deficientes intelectuais -\",\"isPartOf\":{\"@id\":\"https:\\\/\\\/inclusivenews.com.br\\\/#website\"},\"primaryImageOfPage\":{\"@id\":\"https:\\\/\\\/inclusivenews.com.br\\\/?p=22473#primaryimage\"},\"image\":{\"@id\":\"https:\\\/\\\/inclusivenews.com.br\\\/?p=22473#primaryimage\"},\"thumbnailUrl\":\"http:\\\/\\\/www.camara.gov.br\\\/internet\\\/bancoimagem\\\/banco\\\/20120503121411_20120503_016SC_DAMED.jpg\",\"datePublished\":\"2012-05-04T15:13:27+00:00\",\"breadcrumb\":{\"@id\":\"https:\\\/\\\/inclusivenews.com.br\\\/?p=22473#breadcrumb\"},\"inLanguage\":\"pt-PT\",\"potentialAction\":[{\"@type\":\"ReadAction\",\"target\":[\"https:\\\/\\\/inclusivenews.com.br\\\/?p=22473\"]}]},{\"@type\":\"ImageObject\",\"inLanguage\":\"pt-PT\",\"@id\":\"https:\\\/\\\/inclusivenews.com.br\\\/?p=22473#primaryimage\",\"url\":\"http:\\\/\\\/www.camara.gov.br\\\/internet\\\/bancoimagem\\\/banco\\\/20120503121411_20120503_016SC_DAMED.jpg\",\"contentUrl\":\"http:\\\/\\\/www.camara.gov.br\\\/internet\\\/bancoimagem\\\/banco\\\/20120503121411_20120503_016SC_DAMED.jpg\"},{\"@type\":\"BreadcrumbList\",\"@id\":\"https:\\\/\\\/inclusivenews.com.br\\\/?p=22473#breadcrumb\",\"itemListElement\":[{\"@type\":\"ListItem\",\"position\":1,\"name\":\"In\u00edcio\",\"item\":\"https:\\\/\\\/inclusivenews.com.br\\\/\"},{\"@type\":\"ListItem\",\"position\":2,\"name\":\"Debatedores pedem alternativa \u00e0 interdi\u00e7\u00e3o total de deficientes intelectuais\"}]},{\"@type\":\"WebSite\",\"@id\":\"https:\\\/\\\/inclusivenews.com.br\\\/#website\",\"url\":\"https:\\\/\\\/inclusivenews.com.br\\\/\",\"name\":\"Inclusive News\",\"description\":\"Inclusive News\",\"publisher\":{\"@id\":\"https:\\\/\\\/inclusivenews.com.br\\\/#organization\"},\"potentialAction\":[{\"@type\":\"SearchAction\",\"target\":{\"@type\":\"EntryPoint\",\"urlTemplate\":\"https:\\\/\\\/inclusivenews.com.br\\\/?s={search_term_string}\"},\"query-input\":{\"@type\":\"PropertyValueSpecification\",\"valueRequired\":true,\"valueName\":\"search_term_string\"}}],\"inLanguage\":\"pt-PT\"},{\"@type\":\"Organization\",\"@id\":\"https:\\\/\\\/inclusivenews.com.br\\\/#organization\",\"name\":\"Inclusive - inclus\u00e3o e cidadania\",\"url\":\"https:\\\/\\\/inclusivenews.com.br\\\/\",\"logo\":{\"@type\":\"ImageObject\",\"inLanguage\":\"pt-PT\",\"@id\":\"https:\\\/\\\/inclusivenews.com.br\\\/#\\\/schema\\\/logo\\\/image\\\/\",\"url\":\"https:\\\/\\\/inclusivenews.com.br\\\/wp-content\\\/uploads\\\/2024\\\/03\\\/@grandesite.png\",\"contentUrl\":\"https:\\\/\\\/inclusivenews.com.br\\\/wp-content\\\/uploads\\\/2024\\\/03\\\/@grandesite.png\",\"width\":1080,\"height\":1080,\"caption\":\"Inclusive - inclus\u00e3o e cidadania\"},\"image\":{\"@id\":\"https:\\\/\\\/inclusivenews.com.br\\\/#\\\/schema\\\/logo\\\/image\\\/\"},\"sameAs\":[\"https:\\\/\\\/www.facebook.com\\\/agenciainclusive\\\/\",\"https:\\\/\\\/www.instagram.com\\\/newsinclusive\\\/\"]},{\"@type\":\"Person\",\"@id\":\"https:\\\/\\\/inclusivenews.com.br\\\/#\\\/schema\\\/person\\\/ae4ec7087559b8692fb33b6fffd2273b\",\"name\":\"inclusivenews2024\",\"image\":{\"@type\":\"ImageObject\",\"inLanguage\":\"pt-PT\",\"@id\":\"https:\\\/\\\/secure.gravatar.com\\\/avatar\\\/c5a7ef84c66fa914f55bc4f7ce26cfa275a3b9a1c5568b907bd184fb4dde7b40?s=96&d=mm&r=g\",\"url\":\"https:\\\/\\\/secure.gravatar.com\\\/avatar\\\/c5a7ef84c66fa914f55bc4f7ce26cfa275a3b9a1c5568b907bd184fb4dde7b40?s=96&d=mm&r=g\",\"contentUrl\":\"https:\\\/\\\/secure.gravatar.com\\\/avatar\\\/c5a7ef84c66fa914f55bc4f7ce26cfa275a3b9a1c5568b907bd184fb4dde7b40?s=96&d=mm&r=g\",\"caption\":\"inclusivenews2024\"},\"sameAs\":[\"https:\\\/\\\/inclusivenews.com.br\"],\"url\":\"https:\\\/\\\/inclusivenews.com.br\\\/?author=1\"}]}<\/script>\n<!-- \/ Yoast SEO plugin. -->","yoast_head_json":{"title":"Debatedores pedem alternativa \u00e0 interdi\u00e7\u00e3o total de deficientes intelectuais -","robots":{"index":"index","follow":"follow","max-snippet":"max-snippet:-1","max-image-preview":"max-image-preview:large","max-video-preview":"max-video-preview:-1"},"canonical":"https:\/\/inclusivenews.com.br\/?p=22473","og_locale":"pt_PT","og_type":"article","og_title":"Debatedores pedem alternativa \u00e0 interdi\u00e7\u00e3o total de deficientes intelectuais -","og_description":"O Brasil precisa adotar instrumentos legais que estimulem o tratamento de forma mais humana das pessoas com paralisia cerebral ou intelectual. Essa foi uma das conclus\u00f5es da audi\u00eancia p\u00fablica sobre a interdi\u00e7\u00e3o de indiv\u00edduos com defici\u00eancia intelectual e paralisia cerebral grave realizada nesta quinta-feira (3) pela Comiss\u00e3o de Seguridade Social e Fam\u00edlia.","og_url":"https:\/\/inclusivenews.com.br\/?p=22473","article_publisher":"https:\/\/www.facebook.com\/agenciainclusive\/","article_published_time":"2012-05-04T15:13:27+00:00","og_image":[{"url":"http:\/\/www.camara.gov.br\/internet\/bancoimagem\/banco\/20120503121411_20120503_016SC_DAMED.jpg","type":"","width":"","height":""}],"author":"inclusivenews2024","twitter_card":"summary_large_image","twitter_misc":{"Escrito por":"inclusivenews2024","Tempo estimado de leitura":"4 minutos"},"schema":{"@context":"https:\/\/schema.org","@graph":[{"@type":"Article","@id":"https:\/\/inclusivenews.com.br\/?p=22473#article","isPartOf":{"@id":"https:\/\/inclusivenews.com.br\/?p=22473"},"author":{"name":"inclusivenews2024","@id":"https:\/\/inclusivenews.com.br\/#\/schema\/person\/ae4ec7087559b8692fb33b6fffd2273b"},"headline":"Debatedores pedem alternativa \u00e0 interdi\u00e7\u00e3o total de deficientes intelectuais","datePublished":"2012-05-04T15:13:27+00:00","mainEntityOfPage":{"@id":"https:\/\/inclusivenews.com.br\/?p=22473"},"wordCount":741,"commentCount":0,"publisher":{"@id":"https:\/\/inclusivenews.com.br\/#organization"},"image":{"@id":"https:\/\/inclusivenews.com.br\/?p=22473#primaryimage"},"thumbnailUrl":"http:\/\/www.camara.gov.br\/internet\/bancoimagem\/banco\/20120503121411_20120503_016SC_DAMED.jpg","articleSection":["NOT\u00cdCIAS"],"inLanguage":"pt-PT","potentialAction":[{"@type":"CommentAction","name":"Comment","target":["https:\/\/inclusivenews.com.br\/?p=22473#respond"]}]},{"@type":"WebPage","@id":"https:\/\/inclusivenews.com.br\/?p=22473","url":"https:\/\/inclusivenews.com.br\/?p=22473","name":"Debatedores pedem alternativa \u00e0 interdi\u00e7\u00e3o total de deficientes intelectuais -","isPartOf":{"@id":"https:\/\/inclusivenews.com.br\/#website"},"primaryImageOfPage":{"@id":"https:\/\/inclusivenews.com.br\/?p=22473#primaryimage"},"image":{"@id":"https:\/\/inclusivenews.com.br\/?p=22473#primaryimage"},"thumbnailUrl":"http:\/\/www.camara.gov.br\/internet\/bancoimagem\/banco\/20120503121411_20120503_016SC_DAMED.jpg","datePublished":"2012-05-04T15:13:27+00:00","breadcrumb":{"@id":"https:\/\/inclusivenews.com.br\/?p=22473#breadcrumb"},"inLanguage":"pt-PT","potentialAction":[{"@type":"ReadAction","target":["https:\/\/inclusivenews.com.br\/?p=22473"]}]},{"@type":"ImageObject","inLanguage":"pt-PT","@id":"https:\/\/inclusivenews.com.br\/?p=22473#primaryimage","url":"http:\/\/www.camara.gov.br\/internet\/bancoimagem\/banco\/20120503121411_20120503_016SC_DAMED.jpg","contentUrl":"http:\/\/www.camara.gov.br\/internet\/bancoimagem\/banco\/20120503121411_20120503_016SC_DAMED.jpg"},{"@type":"BreadcrumbList","@id":"https:\/\/inclusivenews.com.br\/?p=22473#breadcrumb","itemListElement":[{"@type":"ListItem","position":1,"name":"In\u00edcio","item":"https:\/\/inclusivenews.com.br\/"},{"@type":"ListItem","position":2,"name":"Debatedores pedem alternativa \u00e0 interdi\u00e7\u00e3o total de deficientes intelectuais"}]},{"@type":"WebSite","@id":"https:\/\/inclusivenews.com.br\/#website","url":"https:\/\/inclusivenews.com.br\/","name":"Inclusive News","description":"Inclusive News","publisher":{"@id":"https:\/\/inclusivenews.com.br\/#organization"},"potentialAction":[{"@type":"SearchAction","target":{"@type":"EntryPoint","urlTemplate":"https:\/\/inclusivenews.com.br\/?s={search_term_string}"},"query-input":{"@type":"PropertyValueSpecification","valueRequired":true,"valueName":"search_term_string"}}],"inLanguage":"pt-PT"},{"@type":"Organization","@id":"https:\/\/inclusivenews.com.br\/#organization","name":"Inclusive - inclus\u00e3o e cidadania","url":"https:\/\/inclusivenews.com.br\/","logo":{"@type":"ImageObject","inLanguage":"pt-PT","@id":"https:\/\/inclusivenews.com.br\/#\/schema\/logo\/image\/","url":"https:\/\/inclusivenews.com.br\/wp-content\/uploads\/2024\/03\/@grandesite.png","contentUrl":"https:\/\/inclusivenews.com.br\/wp-content\/uploads\/2024\/03\/@grandesite.png","width":1080,"height":1080,"caption":"Inclusive - inclus\u00e3o e cidadania"},"image":{"@id":"https:\/\/inclusivenews.com.br\/#\/schema\/logo\/image\/"},"sameAs":["https:\/\/www.facebook.com\/agenciainclusive\/","https:\/\/www.instagram.com\/newsinclusive\/"]},{"@type":"Person","@id":"https:\/\/inclusivenews.com.br\/#\/schema\/person\/ae4ec7087559b8692fb33b6fffd2273b","name":"inclusivenews2024","image":{"@type":"ImageObject","inLanguage":"pt-PT","@id":"https:\/\/secure.gravatar.com\/avatar\/c5a7ef84c66fa914f55bc4f7ce26cfa275a3b9a1c5568b907bd184fb4dde7b40?s=96&d=mm&r=g","url":"https:\/\/secure.gravatar.com\/avatar\/c5a7ef84c66fa914f55bc4f7ce26cfa275a3b9a1c5568b907bd184fb4dde7b40?s=96&d=mm&r=g","contentUrl":"https:\/\/secure.gravatar.com\/avatar\/c5a7ef84c66fa914f55bc4f7ce26cfa275a3b9a1c5568b907bd184fb4dde7b40?s=96&d=mm&r=g","caption":"inclusivenews2024"},"sameAs":["https:\/\/inclusivenews.com.br"],"url":"https:\/\/inclusivenews.com.br\/?author=1"}]}},"_links":{"self":[{"href":"https:\/\/inclusivenews.com.br\/index.php?rest_route=\/wp\/v2\/posts\/22473","targetHints":{"allow":["GET"]}}],"collection":[{"href":"https:\/\/inclusivenews.com.br\/index.php?rest_route=\/wp\/v2\/posts"}],"about":[{"href":"https:\/\/inclusivenews.com.br\/index.php?rest_route=\/wp\/v2\/types\/post"}],"author":[{"embeddable":true,"href":"https:\/\/inclusivenews.com.br\/index.php?rest_route=\/wp\/v2\/users\/1"}],"replies":[{"embeddable":true,"href":"https:\/\/inclusivenews.com.br\/index.php?rest_route=%2Fwp%2Fv2%2Fcomments&post=22473"}],"version-history":[{"count":0,"href":"https:\/\/inclusivenews.com.br\/index.php?rest_route=\/wp\/v2\/posts\/22473\/revisions"}],"wp:attachment":[{"href":"https:\/\/inclusivenews.com.br\/index.php?rest_route=%2Fwp%2Fv2%2Fmedia&parent=22473"}],"wp:term":[{"taxonomy":"category","embeddable":true,"href":"https:\/\/inclusivenews.com.br\/index.php?rest_route=%2Fwp%2Fv2%2Fcategories&post=22473"},{"taxonomy":"post_tag","embeddable":true,"href":"https:\/\/inclusivenews.com.br\/index.php?rest_route=%2Fwp%2Fv2%2Ftags&post=22473"}],"curies":[{"name":"wp","href":"https:\/\/api.w.org\/{rel}","templated":true}]}}