{"id":22475,"date":"2012-05-04T13:11:26","date_gmt":"2012-05-04T16:11:26","guid":{"rendered":"http:\/\/www.inclusive.org.br\/?p=22475"},"modified":"2012-05-04T13:11:26","modified_gmt":"2012-05-04T16:11:26","slug":"onu-questionara-o-brasil-sobre-direitos-humanos-3","status":"publish","type":"post","link":"https:\/\/inclusivenews.com.br\/?p=22475","title":{"rendered":"ONU questionar\u00e1 o Brasil sobre direitos humanos"},"content":{"rendered":"<figure id=\"attachment_14060\" aria-describedby=\"caption-attachment-14060\" style=\"width: 270px\" class=\"wp-caption alignleft\"><a href=\"http:\/\/www.inclusivenews.com.br\/wp-content\/uploads\/2010\/02\/mapa-brasil1.jpg\"><img loading=\"lazy\" decoding=\"async\" class=\"size-medium wp-image-14060\" title=\"Mapa do Brasil\" src=\"http:\/\/inclusivenews.com.br\/wp-content\/uploads\/2010\/02\/mapa-brasil1-300x225.jpg\" alt=\"Mapa do Brasil feito com pinos, com pinos soltos em volta do mapa\" width=\"270\" height=\"203\" \/><\/a><figcaption id=\"caption-attachment-14060\" class=\"wp-caption-text\"> <\/figcaption><\/figure>\n<p>Impunidade, assassinatos, amea\u00e7as contra ju\u00edzes, racismo, 6 milh\u00f5es de pobres, tortura, sa\u00fade e educa\u00e7\u00e3o prec\u00e1rias e trabalho escravo. Essas s\u00e3o algumas das acusa\u00e7\u00f5es que o governo brasileiro ter\u00e1 de enfrentar no dia 25 de maio, quando a ONU realizar\u00e1 em Genebra avalia\u00e7\u00e3o completa da situa\u00e7\u00e3o dos direitos humanos no Brasil, exerc\u00edcio pelo qual todos os governos s\u00e3o obrigados a passar. Bras\u00edlia promete enviar uma ampla delega\u00e7\u00e3o para se defender.<\/p>\n<p>A reportagem \u00e9 de Jamil Chade e publicada pelo jornal O Estado de S. Paulo, 03-05-2012.<\/p>\n<p>Longe da imagem de crescimento e da organiza\u00e7\u00e3o de eventos esportivos, a diplomacia brasileira ser\u00e1 confrontada com realidade pouco confort\u00e1vel. A ONU j\u00e1 publicou os documentos que servir\u00e3o de base para a an\u00e1lise, compila\u00e7\u00e3o de tudo o que foi alertado sobre o Pa\u00eds nos \u00faltimos dois anos por ag\u00eancias especializadas da ONU. Tais conclus\u00f5es escancaram um Pa\u00eds bem diferente da imagem da sexta maior economia do mundo. Para a ONU, n\u00e3o h\u00e1 d\u00favidas de que o Pa\u00eds ainda enfrenta &#8220;desafios enormes de direitos humanos&#8221;. A pr\u00f3pria presidente Dilma Rousseff j\u00e1 evocou o &#8220;telhado de vidro&#8221; do Brasil em rela\u00e7\u00e3o aos direitos humanos.<\/p>\n<p>Segundo a avalia\u00e7\u00e3o, a situa\u00e7\u00e3o da mulher brasileira \u00e9 &#8220;preocupante&#8221;. Elas ocupariam os postos de trabalho mais degradantes, s\u00e3o v\u00edtimas da viol\u00eancia e t\u00eam participa\u00e7\u00e3o em queda no Congresso. A mortalidade materna continua &#8220;alta&#8221; e as negras s\u00e3o as que mais sofrem. Em termos de renda, a popula\u00e7\u00e3o feminina ganha entre 17% e 40% a menos que os homens. Em fevereiro, Eleonora Menicucci assumiu a Secretaria de Pol\u00edticas para as Mulheres e logo em seguida passou por uma sabatina no Comit\u00ea da ONU para a Elimina\u00e7\u00e3o da Discrimina\u00e7\u00e3o contra as Mulheres, em Genebra. A situa\u00e7\u00e3o das crian\u00e7as tamb\u00e9m \u00e9 alvo da ONU. Segundo suas conclus\u00f5es, o trabalho infantil continua &#8220;generalizado&#8221;, apesar dos esfor\u00e7os, e a entidade diz que muitas ainda vivem nas ruas.<\/p>\n<p>A educa\u00e7\u00e3o no Pa\u00eds \u00e9 criticada e o acesso a ela depende da regi\u00e3o, classe social e cor da pele. A ONU se diz &#8220;preocupada&#8221; com o fato de que 43% das crian\u00e7as entre 7 e 14 anos n\u00e3o terminam a 8.\u00aa s\u00e9rie em idade adequada.<\/p>\n<p>Assassinatos<\/p>\n<p>Outra den\u00fancia diz respeito \u00e0 taxa de assassinatos. A ONU apela por medidas para frear execu\u00e7\u00f5es no Pa\u00eds e alerta para as &#8220;alta taxas de homic\u00eddios nas pris\u00f5es superlotadas&#8221;. A tortura ainda seria &#8220;generalizada&#8221; nas cadeias e delegacias, o que \u00e9 &#8220;inaceit\u00e1vel&#8221;. Num documento paralelo, feito com informa\u00e7\u00f5es de ONGs, a quest\u00e3o das pris\u00f5es tamb\u00e9m \u00e9 apontada como uma das n\u00e3o resolvidas no Pa\u00eds.<\/p>\n<p>Para a Anistia Internacional, o Brasil n\u00e3o tem adotado as recomenda\u00e7\u00f5es da ONU. A impunidade tamb\u00e9m faz parte da realidade brasileira. A entidade estima que nenhuma medida foi tomada para lidar com os assassinatos cometidos por policiais. &#8220;A maioria das mortes nunca \u00e9 investigada&#8221;, diz o documento.<\/p>\n<p>Os direitos sociais tamb\u00e9m s\u00e3o alvo. Apesar das &#8220;medidas positivas&#8221; adotadas para a redu\u00e7\u00e3o da pobreza, a entidade se diz &#8220;preocupada sobre as desigualdades persistentes&#8221;. O documento aponta que o Bolsa Fam\u00edlia \u00e9 alvo de &#8220;limita\u00e7\u00f5es&#8221; e pede que os benef\u00edcios cheguem aos mais necessitados.<\/p>\n<p>A moradia \u00e9 outro questionamento da ONU, que aponta que, com os investimentos em infraestrutura para a Copa e a Olimp\u00edada, o Pa\u00eds deve garantir que os benef\u00edcios cheguem aos mais pobres.<\/p>\n","protected":false},"excerpt":{"rendered":"<p>Impunidade, assassinatos, amea\u00e7as contra ju\u00edzes, racismo, 6 milh\u00f5es de pobres, tortura, sa\u00fade e educa\u00e7\u00e3o prec\u00e1rias e trabalho escravo. Essas s\u00e3o algumas das acusa\u00e7\u00f5es que o governo brasileiro ter\u00e1 de enfrentar no dia 25 de maio, quando a ONU realizar\u00e1 em Genebra avalia\u00e7\u00e3o completa da situa\u00e7\u00e3o dos direitos humanos no Brasil, exerc\u00edcio pelo qual todos os governos s\u00e3o obrigados a passar. Bras\u00edlia promete enviar uma ampla delega\u00e7\u00e3o para se defender. Do Estad\u00e3o.<\/p>\n","protected":false},"author":1,"featured_media":0,"comment_status":"open","ping_status":"open","sticky":false,"template":"","format":"standard","meta":{"site-container-style":"default","site-container-layout":"default","site-sidebar-layout":"default","disable-article-header":"default","disable-site-header":"default","disable-site-footer":"default","disable-content-area-spacing":"default","footnotes":""},"categories":[11,33],"tags":[],"class_list":["post-22475","post","type-post","status-publish","format-standard","hentry","category-direitos-humanos","category-reportagem"],"yoast_head":"<!-- This site is optimized with the Yoast SEO plugin v27.4 - https:\/\/yoast.com\/product\/yoast-seo-wordpress\/ -->\n<title>ONU questionar\u00e1 o Brasil sobre direitos humanos -<\/title>\n<meta name=\"robots\" content=\"index, follow, max-snippet:-1, max-image-preview:large, max-video-preview:-1\" \/>\n<link rel=\"canonical\" href=\"https:\/\/inclusivenews.com.br\/?p=22475\" \/>\n<meta property=\"og:locale\" content=\"pt_PT\" \/>\n<meta property=\"og:type\" content=\"article\" \/>\n<meta property=\"og:title\" content=\"ONU questionar\u00e1 o Brasil sobre direitos humanos -\" \/>\n<meta property=\"og:description\" content=\"Impunidade, assassinatos, amea\u00e7as contra ju\u00edzes, racismo, 6 milh\u00f5es de pobres, tortura, sa\u00fade e educa\u00e7\u00e3o prec\u00e1rias e trabalho escravo. Essas s\u00e3o algumas das acusa\u00e7\u00f5es que o governo brasileiro ter\u00e1 de enfrentar no dia 25 de maio, quando a ONU realizar\u00e1 em Genebra avalia\u00e7\u00e3o completa da situa\u00e7\u00e3o dos direitos humanos no Brasil, exerc\u00edcio pelo qual todos os governos s\u00e3o obrigados a passar. Bras\u00edlia promete enviar uma ampla delega\u00e7\u00e3o para se defender. Do Estad\u00e3o.\" \/>\n<meta property=\"og:url\" content=\"https:\/\/inclusivenews.com.br\/?p=22475\" \/>\n<meta property=\"article:publisher\" content=\"https:\/\/www.facebook.com\/agenciainclusive\/\" \/>\n<meta property=\"article:published_time\" content=\"2012-05-04T16:11:26+00:00\" \/>\n<meta property=\"og:image\" content=\"http:\/\/inclusivenews.com.br\/wp-content\/uploads\/2010\/02\/mapa-brasil1-300x225.jpg\" \/>\n<meta name=\"author\" content=\"inclusivenews2024\" \/>\n<meta name=\"twitter:card\" content=\"summary_large_image\" \/>\n<meta name=\"twitter:label1\" content=\"Escrito por\" \/>\n\t<meta name=\"twitter:data1\" content=\"inclusivenews2024\" \/>\n\t<meta name=\"twitter:label2\" content=\"Tempo estimado de leitura\" \/>\n\t<meta name=\"twitter:data2\" content=\"3 minutos\" \/>\n<script type=\"application\/ld+json\" class=\"yoast-schema-graph\">{\"@context\":\"https:\\\/\\\/schema.org\",\"@graph\":[{\"@type\":\"Article\",\"@id\":\"https:\\\/\\\/inclusivenews.com.br\\\/?p=22475#article\",\"isPartOf\":{\"@id\":\"https:\\\/\\\/inclusivenews.com.br\\\/?p=22475\"},\"author\":{\"name\":\"inclusivenews2024\",\"@id\":\"https:\\\/\\\/inclusivenews.com.br\\\/#\\\/schema\\\/person\\\/ae4ec7087559b8692fb33b6fffd2273b\"},\"headline\":\"ONU questionar\u00e1 o Brasil sobre direitos humanos\",\"datePublished\":\"2012-05-04T16:11:26+00:00\",\"mainEntityOfPage\":{\"@id\":\"https:\\\/\\\/inclusivenews.com.br\\\/?p=22475\"},\"wordCount\":618,\"commentCount\":0,\"publisher\":{\"@id\":\"https:\\\/\\\/inclusivenews.com.br\\\/#organization\"},\"image\":{\"@id\":\"https:\\\/\\\/inclusivenews.com.br\\\/?p=22475#primaryimage\"},\"thumbnailUrl\":\"http:\\\/\\\/inclusivenews.com.br\\\/wp-content\\\/uploads\\\/2010\\\/02\\\/mapa-brasil1-300x225.jpg\",\"articleSection\":[\"DIREITOS HUMANOS\",\"Reportagem\"],\"inLanguage\":\"pt-PT\",\"potentialAction\":[{\"@type\":\"CommentAction\",\"name\":\"Comment\",\"target\":[\"https:\\\/\\\/inclusivenews.com.br\\\/?p=22475#respond\"]}]},{\"@type\":\"WebPage\",\"@id\":\"https:\\\/\\\/inclusivenews.com.br\\\/?p=22475\",\"url\":\"https:\\\/\\\/inclusivenews.com.br\\\/?p=22475\",\"name\":\"ONU questionar\u00e1 o Brasil sobre direitos humanos -\",\"isPartOf\":{\"@id\":\"https:\\\/\\\/inclusivenews.com.br\\\/#website\"},\"primaryImageOfPage\":{\"@id\":\"https:\\\/\\\/inclusivenews.com.br\\\/?p=22475#primaryimage\"},\"image\":{\"@id\":\"https:\\\/\\\/inclusivenews.com.br\\\/?p=22475#primaryimage\"},\"thumbnailUrl\":\"http:\\\/\\\/inclusivenews.com.br\\\/wp-content\\\/uploads\\\/2010\\\/02\\\/mapa-brasil1-300x225.jpg\",\"datePublished\":\"2012-05-04T16:11:26+00:00\",\"breadcrumb\":{\"@id\":\"https:\\\/\\\/inclusivenews.com.br\\\/?p=22475#breadcrumb\"},\"inLanguage\":\"pt-PT\",\"potentialAction\":[{\"@type\":\"ReadAction\",\"target\":[\"https:\\\/\\\/inclusivenews.com.br\\\/?p=22475\"]}]},{\"@type\":\"ImageObject\",\"inLanguage\":\"pt-PT\",\"@id\":\"https:\\\/\\\/inclusivenews.com.br\\\/?p=22475#primaryimage\",\"url\":\"\",\"contentUrl\":\"\"},{\"@type\":\"BreadcrumbList\",\"@id\":\"https:\\\/\\\/inclusivenews.com.br\\\/?p=22475#breadcrumb\",\"itemListElement\":[{\"@type\":\"ListItem\",\"position\":1,\"name\":\"In\u00edcio\",\"item\":\"https:\\\/\\\/inclusivenews.com.br\\\/\"},{\"@type\":\"ListItem\",\"position\":2,\"name\":\"ONU questionar\u00e1 o Brasil sobre direitos humanos\"}]},{\"@type\":\"WebSite\",\"@id\":\"https:\\\/\\\/inclusivenews.com.br\\\/#website\",\"url\":\"https:\\\/\\\/inclusivenews.com.br\\\/\",\"name\":\"Inclusive News\",\"description\":\"Inclusive News\",\"publisher\":{\"@id\":\"https:\\\/\\\/inclusivenews.com.br\\\/#organization\"},\"potentialAction\":[{\"@type\":\"SearchAction\",\"target\":{\"@type\":\"EntryPoint\",\"urlTemplate\":\"https:\\\/\\\/inclusivenews.com.br\\\/?s={search_term_string}\"},\"query-input\":{\"@type\":\"PropertyValueSpecification\",\"valueRequired\":true,\"valueName\":\"search_term_string\"}}],\"inLanguage\":\"pt-PT\"},{\"@type\":\"Organization\",\"@id\":\"https:\\\/\\\/inclusivenews.com.br\\\/#organization\",\"name\":\"Inclusive - inclus\u00e3o e cidadania\",\"url\":\"https:\\\/\\\/inclusivenews.com.br\\\/\",\"logo\":{\"@type\":\"ImageObject\",\"inLanguage\":\"pt-PT\",\"@id\":\"https:\\\/\\\/inclusivenews.com.br\\\/#\\\/schema\\\/logo\\\/image\\\/\",\"url\":\"https:\\\/\\\/inclusivenews.com.br\\\/wp-content\\\/uploads\\\/2024\\\/03\\\/@grandesite.png\",\"contentUrl\":\"https:\\\/\\\/inclusivenews.com.br\\\/wp-content\\\/uploads\\\/2024\\\/03\\\/@grandesite.png\",\"width\":1080,\"height\":1080,\"caption\":\"Inclusive - inclus\u00e3o e cidadania\"},\"image\":{\"@id\":\"https:\\\/\\\/inclusivenews.com.br\\\/#\\\/schema\\\/logo\\\/image\\\/\"},\"sameAs\":[\"https:\\\/\\\/www.facebook.com\\\/agenciainclusive\\\/\",\"https:\\\/\\\/www.instagram.com\\\/newsinclusive\\\/\"]},{\"@type\":\"Person\",\"@id\":\"https:\\\/\\\/inclusivenews.com.br\\\/#\\\/schema\\\/person\\\/ae4ec7087559b8692fb33b6fffd2273b\",\"name\":\"inclusivenews2024\",\"image\":{\"@type\":\"ImageObject\",\"inLanguage\":\"pt-PT\",\"@id\":\"https:\\\/\\\/secure.gravatar.com\\\/avatar\\\/c5a7ef84c66fa914f55bc4f7ce26cfa275a3b9a1c5568b907bd184fb4dde7b40?s=96&d=mm&r=g\",\"url\":\"https:\\\/\\\/secure.gravatar.com\\\/avatar\\\/c5a7ef84c66fa914f55bc4f7ce26cfa275a3b9a1c5568b907bd184fb4dde7b40?s=96&d=mm&r=g\",\"contentUrl\":\"https:\\\/\\\/secure.gravatar.com\\\/avatar\\\/c5a7ef84c66fa914f55bc4f7ce26cfa275a3b9a1c5568b907bd184fb4dde7b40?s=96&d=mm&r=g\",\"caption\":\"inclusivenews2024\"},\"sameAs\":[\"https:\\\/\\\/inclusivenews.com.br\"],\"url\":\"https:\\\/\\\/inclusivenews.com.br\\\/?author=1\"}]}<\/script>\n<!-- \/ Yoast SEO plugin. -->","yoast_head_json":{"title":"ONU questionar\u00e1 o Brasil sobre direitos humanos -","robots":{"index":"index","follow":"follow","max-snippet":"max-snippet:-1","max-image-preview":"max-image-preview:large","max-video-preview":"max-video-preview:-1"},"canonical":"https:\/\/inclusivenews.com.br\/?p=22475","og_locale":"pt_PT","og_type":"article","og_title":"ONU questionar\u00e1 o Brasil sobre direitos humanos -","og_description":"Impunidade, assassinatos, amea\u00e7as contra ju\u00edzes, racismo, 6 milh\u00f5es de pobres, tortura, sa\u00fade e educa\u00e7\u00e3o prec\u00e1rias e trabalho escravo. Essas s\u00e3o algumas das acusa\u00e7\u00f5es que o governo brasileiro ter\u00e1 de enfrentar no dia 25 de maio, quando a ONU realizar\u00e1 em Genebra avalia\u00e7\u00e3o completa da situa\u00e7\u00e3o dos direitos humanos no Brasil, exerc\u00edcio pelo qual todos os governos s\u00e3o obrigados a passar. Bras\u00edlia promete enviar uma ampla delega\u00e7\u00e3o para se defender. Do Estad\u00e3o.","og_url":"https:\/\/inclusivenews.com.br\/?p=22475","article_publisher":"https:\/\/www.facebook.com\/agenciainclusive\/","article_published_time":"2012-05-04T16:11:26+00:00","og_image":[{"url":"http:\/\/inclusivenews.com.br\/wp-content\/uploads\/2010\/02\/mapa-brasil1-300x225.jpg","type":"","width":"","height":""}],"author":"inclusivenews2024","twitter_card":"summary_large_image","twitter_misc":{"Escrito por":"inclusivenews2024","Tempo estimado de leitura":"3 minutos"},"schema":{"@context":"https:\/\/schema.org","@graph":[{"@type":"Article","@id":"https:\/\/inclusivenews.com.br\/?p=22475#article","isPartOf":{"@id":"https:\/\/inclusivenews.com.br\/?p=22475"},"author":{"name":"inclusivenews2024","@id":"https:\/\/inclusivenews.com.br\/#\/schema\/person\/ae4ec7087559b8692fb33b6fffd2273b"},"headline":"ONU questionar\u00e1 o Brasil sobre direitos humanos","datePublished":"2012-05-04T16:11:26+00:00","mainEntityOfPage":{"@id":"https:\/\/inclusivenews.com.br\/?p=22475"},"wordCount":618,"commentCount":0,"publisher":{"@id":"https:\/\/inclusivenews.com.br\/#organization"},"image":{"@id":"https:\/\/inclusivenews.com.br\/?p=22475#primaryimage"},"thumbnailUrl":"http:\/\/inclusivenews.com.br\/wp-content\/uploads\/2010\/02\/mapa-brasil1-300x225.jpg","articleSection":["DIREITOS HUMANOS","Reportagem"],"inLanguage":"pt-PT","potentialAction":[{"@type":"CommentAction","name":"Comment","target":["https:\/\/inclusivenews.com.br\/?p=22475#respond"]}]},{"@type":"WebPage","@id":"https:\/\/inclusivenews.com.br\/?p=22475","url":"https:\/\/inclusivenews.com.br\/?p=22475","name":"ONU questionar\u00e1 o Brasil sobre direitos humanos -","isPartOf":{"@id":"https:\/\/inclusivenews.com.br\/#website"},"primaryImageOfPage":{"@id":"https:\/\/inclusivenews.com.br\/?p=22475#primaryimage"},"image":{"@id":"https:\/\/inclusivenews.com.br\/?p=22475#primaryimage"},"thumbnailUrl":"http:\/\/inclusivenews.com.br\/wp-content\/uploads\/2010\/02\/mapa-brasil1-300x225.jpg","datePublished":"2012-05-04T16:11:26+00:00","breadcrumb":{"@id":"https:\/\/inclusivenews.com.br\/?p=22475#breadcrumb"},"inLanguage":"pt-PT","potentialAction":[{"@type":"ReadAction","target":["https:\/\/inclusivenews.com.br\/?p=22475"]}]},{"@type":"ImageObject","inLanguage":"pt-PT","@id":"https:\/\/inclusivenews.com.br\/?p=22475#primaryimage","url":"","contentUrl":""},{"@type":"BreadcrumbList","@id":"https:\/\/inclusivenews.com.br\/?p=22475#breadcrumb","itemListElement":[{"@type":"ListItem","position":1,"name":"In\u00edcio","item":"https:\/\/inclusivenews.com.br\/"},{"@type":"ListItem","position":2,"name":"ONU questionar\u00e1 o Brasil sobre direitos humanos"}]},{"@type":"WebSite","@id":"https:\/\/inclusivenews.com.br\/#website","url":"https:\/\/inclusivenews.com.br\/","name":"Inclusive News","description":"Inclusive News","publisher":{"@id":"https:\/\/inclusivenews.com.br\/#organization"},"potentialAction":[{"@type":"SearchAction","target":{"@type":"EntryPoint","urlTemplate":"https:\/\/inclusivenews.com.br\/?s={search_term_string}"},"query-input":{"@type":"PropertyValueSpecification","valueRequired":true,"valueName":"search_term_string"}}],"inLanguage":"pt-PT"},{"@type":"Organization","@id":"https:\/\/inclusivenews.com.br\/#organization","name":"Inclusive - inclus\u00e3o e cidadania","url":"https:\/\/inclusivenews.com.br\/","logo":{"@type":"ImageObject","inLanguage":"pt-PT","@id":"https:\/\/inclusivenews.com.br\/#\/schema\/logo\/image\/","url":"https:\/\/inclusivenews.com.br\/wp-content\/uploads\/2024\/03\/@grandesite.png","contentUrl":"https:\/\/inclusivenews.com.br\/wp-content\/uploads\/2024\/03\/@grandesite.png","width":1080,"height":1080,"caption":"Inclusive - inclus\u00e3o e cidadania"},"image":{"@id":"https:\/\/inclusivenews.com.br\/#\/schema\/logo\/image\/"},"sameAs":["https:\/\/www.facebook.com\/agenciainclusive\/","https:\/\/www.instagram.com\/newsinclusive\/"]},{"@type":"Person","@id":"https:\/\/inclusivenews.com.br\/#\/schema\/person\/ae4ec7087559b8692fb33b6fffd2273b","name":"inclusivenews2024","image":{"@type":"ImageObject","inLanguage":"pt-PT","@id":"https:\/\/secure.gravatar.com\/avatar\/c5a7ef84c66fa914f55bc4f7ce26cfa275a3b9a1c5568b907bd184fb4dde7b40?s=96&d=mm&r=g","url":"https:\/\/secure.gravatar.com\/avatar\/c5a7ef84c66fa914f55bc4f7ce26cfa275a3b9a1c5568b907bd184fb4dde7b40?s=96&d=mm&r=g","contentUrl":"https:\/\/secure.gravatar.com\/avatar\/c5a7ef84c66fa914f55bc4f7ce26cfa275a3b9a1c5568b907bd184fb4dde7b40?s=96&d=mm&r=g","caption":"inclusivenews2024"},"sameAs":["https:\/\/inclusivenews.com.br"],"url":"https:\/\/inclusivenews.com.br\/?author=1"}]}},"_links":{"self":[{"href":"https:\/\/inclusivenews.com.br\/index.php?rest_route=\/wp\/v2\/posts\/22475","targetHints":{"allow":["GET"]}}],"collection":[{"href":"https:\/\/inclusivenews.com.br\/index.php?rest_route=\/wp\/v2\/posts"}],"about":[{"href":"https:\/\/inclusivenews.com.br\/index.php?rest_route=\/wp\/v2\/types\/post"}],"author":[{"embeddable":true,"href":"https:\/\/inclusivenews.com.br\/index.php?rest_route=\/wp\/v2\/users\/1"}],"replies":[{"embeddable":true,"href":"https:\/\/inclusivenews.com.br\/index.php?rest_route=%2Fwp%2Fv2%2Fcomments&post=22475"}],"version-history":[{"count":0,"href":"https:\/\/inclusivenews.com.br\/index.php?rest_route=\/wp\/v2\/posts\/22475\/revisions"}],"wp:attachment":[{"href":"https:\/\/inclusivenews.com.br\/index.php?rest_route=%2Fwp%2Fv2%2Fmedia&parent=22475"}],"wp:term":[{"taxonomy":"category","embeddable":true,"href":"https:\/\/inclusivenews.com.br\/index.php?rest_route=%2Fwp%2Fv2%2Fcategories&post=22475"},{"taxonomy":"post_tag","embeddable":true,"href":"https:\/\/inclusivenews.com.br\/index.php?rest_route=%2Fwp%2Fv2%2Ftags&post=22475"}],"curies":[{"name":"wp","href":"https:\/\/api.w.org\/{rel}","templated":true}]}}