{"id":22480,"date":"2012-05-07T21:04:15","date_gmt":"2012-05-08T00:04:15","guid":{"rendered":"http:\/\/www.inclusive.org.br\/?p=22480"},"modified":"2012-05-07T21:04:15","modified_gmt":"2012-05-08T00:04:15","slug":"relatora-da-onu-defende-aprovacao-da-pec-do-trabalho-escravo-2","status":"publish","type":"post","link":"https:\/\/inclusivenews.com.br\/?p=22480","title":{"rendered":"Relatora da ONU defende aprova\u00e7\u00e3o da PEC do Trabalho Escravo"},"content":{"rendered":"<p class=\"linha_fina\"><a href=\"http:\/\/www.inclusivenews.com.br\/wp-content\/uploads\/escraviddao.jpg\"><img loading=\"lazy\" decoding=\"async\" class=\"size-medium wp-image-22073 alignleft\" title=\"Escravid\u00e3o - M\u00e3os acorrentadas e pessoas em filas\" src=\"http:\/\/inclusivenews.com.br\/wp-content\/uploads\/escraviddao-300x173.jpg\" alt=\"Escravid\u00e3o - M\u00e3os acorrentadas e pessoas em filas\" width=\"300\" height=\"173\" \/><\/a><\/p>\n<p class=\"linha_fina\"><em>Representante das Na\u00e7\u00f5es Unidas afirma que PEC do Trabalho Escravo \u00e9 o mais poderoso instrumento legal para o combate \u00e0 escravid\u00e3o da hist\u00f3ria do Brasil <\/em><\/p>\n<p><strong>Por Daniel Santini, da Rep\u00f3rter Brasil<\/strong><\/p>\n<p>A Relatora Especial da ONU sobre Escravid\u00e3o, a advogada arm\u00eania Gulnara Shahinian, divulgou nota nesta sexta-feira, 4 de maio, em favor da Proposta de Emenda Constitucional 438\/2001, a PEC do Trabalho Escravo. Procurada pela <strong>Rep\u00f3rter Brasil<\/strong>, a representante das Na\u00e7\u00f5es Unidas defendeu a aprova\u00e7\u00e3o da medida na C\u00e2mara dos Deputados e afirmou que o texto em quest\u00e3o \u00e9 o &#8220;mais poderoso instrumento legal de combate \u00e0 escravid\u00e3o da hist\u00f3ria do Brasil&#8221;.<\/p>\n<p>A vota\u00e7\u00e3o est\u00e1 prevista para a tarde da pr\u00f3xima ter\u00e7a-feira, 8 de maio. A data foi escolhida pela proximidade com 13 de maio, dia em que \u00e9 celebrada a Aboli\u00e7\u00e3o da Escravatura no Brasil. Apesar de oficialmente abolida desde 1888, tal forma de explora\u00e7\u00e3o persiste no pa\u00eds e at\u00e9 hoje equipes de fiscaliza\u00e7\u00e3o encontram pessoas submetidas a condi\u00e7\u00f5es degradantes em todos os cantos do pa\u00eds. Escravid\u00e3o \u00e9 crime previsto no artigo 149 do C\u00f3digo Penal brasileiro. A PEC 438 determina que as propriedades em que for flagrado trabalho escravo sejam expropriadas e destinadas \u00e0 reforma agr\u00e1ria ou a uso social.<\/p>\n<p>Na mensagem, a representante das Na\u00e7\u00f5es Unidas lembrou da <a href=\"http:\/\/www.reporterbrasil.org.br\/exibe.php?id=1750\" target=\"_blank\" rel=\"noopener\">visita que fez ao Brasil em maio de 2010<\/a> e defendeu que n\u00e3o existe prosperidade em pa\u00edses em que h\u00e1 escravid\u00e3o. Tamb\u00e9m ressaltou que o processo est\u00e1 sendo acompanhado &#8220;em todo o mundo&#8221;.<\/p>\n<p>Leia abaixo a \u00edntegra da mensagem:<\/p>\n<p>&#8220;Faltam poucos dias para a C\u00e2mara dos Deputados do Brasil colocar em vota\u00e7\u00e3o sua principal lei de combate \u00e0 escravid\u00e3o, a Proposta de Emenda Constitucional 438\/2001. Trata-se do mais poderoso instrumento legal para o combate \u00e0 escravid\u00e3o da hist\u00f3ria do Brasil. Sua ado\u00e7\u00e3o permitir\u00e1 que pessoas de todos os cantos do pa\u00eds reconquistem sua dignidade, recebam prote\u00e7\u00e3o e liberdade deste vergonhoso ato que \u00e9 a escravid\u00e3o. Isto permitir\u00e1 a puni\u00e7\u00e3o daqueles que retiram das pessoas todos os seus direitos e as colocam em condi\u00e7\u00f5es de escravid\u00e3o, e permitir\u00e1 a expropria\u00e7\u00e3o das terras em que tal trabalho for\u00e7ado foi utilizado, sem compensa\u00e7\u00e3o, para que ela seja redistribu\u00edda a pessoas sem terra, que vivem em condi\u00e7\u00f5es an\u00e1logas \u00e0s de escravos. Milh\u00f5es de pessoas em todo o mundo e no Brasil est\u00e3o acompanhando com aten\u00e7\u00e3o este processo, com a esperan\u00e7a e a cren\u00e7a de que o Brasil, que j\u00e1 adotou fortes pol\u00edticas anti-escravid\u00e3o, demonstre que a prote\u00e7\u00e3o dos direitos humanos e a seguran\u00e7a de sua gente s\u00e3o a primeira e mais alta preocupa\u00e7\u00e3o para o Estado.<\/p>\n<p>O Brasil \u00e9 um dos [pa\u00edses] l\u00edderes da economia mundial, mas crescimento econ\u00f4mico real somente pode ser alcan\u00e7ado se aqueles que constroem estes benef\u00edcios s\u00e3o protegidos da explora\u00e7\u00e3o, do trabalho for\u00e7ado e da escravid\u00e3o; somente quando pessoas livres e dignificadas podem participar totalmente do desenvolvimento alcan\u00e7ado. Nenhum pa\u00eds pode prosperar quando h\u00e1 escravid\u00e3o.<\/p>\n<p>Em maio de 2010, quando eu visitei o Brasil em miss\u00e3o oficial, encontrei diversas pessoas na sociedade civil, no governo e na C\u00e2mara dos Deputados aguardando com grande esperan\u00e7a a aprova\u00e7\u00e3o da PEC 438\/01. Fiquei muito entusiasmada de levar junto com deputados federais, l\u00edderes da sociedade civil e ativistas anti-escravid\u00e3o, o documento com assinaturas de pessoas de todos os cantos do pa\u00eds. Isso foi extremamente inspirador. Dois anos passaram desde minha visita, sigo acompanhando com aten\u00e7\u00e3o os eventos no Brasil e hoje tenho muita esperan\u00e7a que o Congresso Nacional, com deputados que representam os interesses de gente de todo o Brasil, votar\u00e1 maci\u00e7amente pelos interesses dos homens, mulheres e crian\u00e7as que confiaram a eles seu futuro e liberdade.<\/p>\n<p>Fa\u00e7o um forte apelo para que todos os deputados federais votem pela liberdade de pessoas da escravid\u00e3o e que, de uma vez por todas, se acabe com esta vergonhosa pr\u00e1tica no Brasil com a aprova\u00e7\u00e3o da PEC.<\/p>\n<p><em>Gulnara Shahinian, Relatora Especial da ONU sobre Escravid\u00e3o<br \/>\n<\/em><\/p>\n<p>Fonte: <a href=\"http:\/\/www.trabalhoescravo.org.br\/noticia\/49\">Rep\u00f3rter Brasil<\/a><\/p>\n","protected":false},"excerpt":{"rendered":"<p>Representante das Na\u00e7\u00f5es Unidas afirma que PEC do Trabalho Escravo \u00e9 o mais poderoso instrumento legal para o combate \u00e0 escravid\u00e3o da hist\u00f3ria do Brasil. Da Rep\u00f3rter Brasil.<\/p>\n","protected":false},"author":1,"featured_media":0,"comment_status":"open","ping_status":"open","sticky":false,"template":"","format":"standard","meta":{"site-container-style":"default","site-container-layout":"default","site-sidebar-layout":"default","disable-article-header":"default","disable-site-header":"default","disable-site-footer":"default","disable-content-area-spacing":"default","footnotes":""},"categories":[11],"tags":[],"class_list":["post-22480","post","type-post","status-publish","format-standard","hentry","category-direitos-humanos"],"yoast_head":"<!-- This site is optimized with the Yoast SEO plugin v27.4 - https:\/\/yoast.com\/product\/yoast-seo-wordpress\/ -->\n<title>Relatora da ONU defende aprova\u00e7\u00e3o da PEC do Trabalho Escravo -<\/title>\n<meta name=\"robots\" content=\"index, follow, max-snippet:-1, max-image-preview:large, max-video-preview:-1\" \/>\n<link rel=\"canonical\" href=\"https:\/\/inclusivenews.com.br\/?p=22480\" \/>\n<meta property=\"og:locale\" content=\"pt_PT\" \/>\n<meta property=\"og:type\" content=\"article\" \/>\n<meta property=\"og:title\" content=\"Relatora da ONU defende aprova\u00e7\u00e3o da PEC do Trabalho Escravo -\" \/>\n<meta property=\"og:description\" content=\"Representante das Na\u00e7\u00f5es Unidas afirma que PEC do Trabalho Escravo \u00e9 o mais poderoso instrumento legal para o combate \u00e0 escravid\u00e3o da hist\u00f3ria do Brasil. Da Rep\u00f3rter Brasil.\" \/>\n<meta property=\"og:url\" content=\"https:\/\/inclusivenews.com.br\/?p=22480\" \/>\n<meta property=\"article:publisher\" content=\"https:\/\/www.facebook.com\/agenciainclusive\/\" \/>\n<meta property=\"article:published_time\" content=\"2012-05-08T00:04:15+00:00\" \/>\n<meta property=\"og:image\" content=\"http:\/\/inclusivenews.com.br\/wp-content\/uploads\/escraviddao-300x173.jpg\" \/>\n<meta name=\"author\" content=\"inclusivenews2024\" \/>\n<meta name=\"twitter:card\" content=\"summary_large_image\" \/>\n<meta name=\"twitter:label1\" content=\"Escrito por\" \/>\n\t<meta name=\"twitter:data1\" content=\"inclusivenews2024\" \/>\n\t<meta name=\"twitter:label2\" content=\"Tempo estimado de leitura\" \/>\n\t<meta name=\"twitter:data2\" content=\"4 minutos\" \/>\n<script type=\"application\/ld+json\" class=\"yoast-schema-graph\">{\"@context\":\"https:\\\/\\\/schema.org\",\"@graph\":[{\"@type\":\"Article\",\"@id\":\"https:\\\/\\\/inclusivenews.com.br\\\/?p=22480#article\",\"isPartOf\":{\"@id\":\"https:\\\/\\\/inclusivenews.com.br\\\/?p=22480\"},\"author\":{\"name\":\"inclusivenews2024\",\"@id\":\"https:\\\/\\\/inclusivenews.com.br\\\/#\\\/schema\\\/person\\\/ae4ec7087559b8692fb33b6fffd2273b\"},\"headline\":\"Relatora da ONU defende aprova\u00e7\u00e3o da PEC do Trabalho Escravo\",\"datePublished\":\"2012-05-08T00:04:15+00:00\",\"mainEntityOfPage\":{\"@id\":\"https:\\\/\\\/inclusivenews.com.br\\\/?p=22480\"},\"wordCount\":719,\"commentCount\":0,\"publisher\":{\"@id\":\"https:\\\/\\\/inclusivenews.com.br\\\/#organization\"},\"image\":{\"@id\":\"https:\\\/\\\/inclusivenews.com.br\\\/?p=22480#primaryimage\"},\"thumbnailUrl\":\"http:\\\/\\\/inclusivenews.com.br\\\/wp-content\\\/uploads\\\/escraviddao-300x173.jpg\",\"articleSection\":[\"DIREITOS HUMANOS\"],\"inLanguage\":\"pt-PT\",\"potentialAction\":[{\"@type\":\"CommentAction\",\"name\":\"Comment\",\"target\":[\"https:\\\/\\\/inclusivenews.com.br\\\/?p=22480#respond\"]}]},{\"@type\":\"WebPage\",\"@id\":\"https:\\\/\\\/inclusivenews.com.br\\\/?p=22480\",\"url\":\"https:\\\/\\\/inclusivenews.com.br\\\/?p=22480\",\"name\":\"Relatora da ONU defende aprova\u00e7\u00e3o da PEC do Trabalho Escravo -\",\"isPartOf\":{\"@id\":\"https:\\\/\\\/inclusivenews.com.br\\\/#website\"},\"primaryImageOfPage\":{\"@id\":\"https:\\\/\\\/inclusivenews.com.br\\\/?p=22480#primaryimage\"},\"image\":{\"@id\":\"https:\\\/\\\/inclusivenews.com.br\\\/?p=22480#primaryimage\"},\"thumbnailUrl\":\"http:\\\/\\\/inclusivenews.com.br\\\/wp-content\\\/uploads\\\/escraviddao-300x173.jpg\",\"datePublished\":\"2012-05-08T00:04:15+00:00\",\"breadcrumb\":{\"@id\":\"https:\\\/\\\/inclusivenews.com.br\\\/?p=22480#breadcrumb\"},\"inLanguage\":\"pt-PT\",\"potentialAction\":[{\"@type\":\"ReadAction\",\"target\":[\"https:\\\/\\\/inclusivenews.com.br\\\/?p=22480\"]}]},{\"@type\":\"ImageObject\",\"inLanguage\":\"pt-PT\",\"@id\":\"https:\\\/\\\/inclusivenews.com.br\\\/?p=22480#primaryimage\",\"url\":\"\",\"contentUrl\":\"\"},{\"@type\":\"BreadcrumbList\",\"@id\":\"https:\\\/\\\/inclusivenews.com.br\\\/?p=22480#breadcrumb\",\"itemListElement\":[{\"@type\":\"ListItem\",\"position\":1,\"name\":\"In\u00edcio\",\"item\":\"https:\\\/\\\/inclusivenews.com.br\\\/\"},{\"@type\":\"ListItem\",\"position\":2,\"name\":\"Relatora da ONU defende aprova\u00e7\u00e3o da PEC do Trabalho Escravo\"}]},{\"@type\":\"WebSite\",\"@id\":\"https:\\\/\\\/inclusivenews.com.br\\\/#website\",\"url\":\"https:\\\/\\\/inclusivenews.com.br\\\/\",\"name\":\"Inclusive News\",\"description\":\"Inclusive News\",\"publisher\":{\"@id\":\"https:\\\/\\\/inclusivenews.com.br\\\/#organization\"},\"potentialAction\":[{\"@type\":\"SearchAction\",\"target\":{\"@type\":\"EntryPoint\",\"urlTemplate\":\"https:\\\/\\\/inclusivenews.com.br\\\/?s={search_term_string}\"},\"query-input\":{\"@type\":\"PropertyValueSpecification\",\"valueRequired\":true,\"valueName\":\"search_term_string\"}}],\"inLanguage\":\"pt-PT\"},{\"@type\":\"Organization\",\"@id\":\"https:\\\/\\\/inclusivenews.com.br\\\/#organization\",\"name\":\"Inclusive - inclus\u00e3o e cidadania\",\"url\":\"https:\\\/\\\/inclusivenews.com.br\\\/\",\"logo\":{\"@type\":\"ImageObject\",\"inLanguage\":\"pt-PT\",\"@id\":\"https:\\\/\\\/inclusivenews.com.br\\\/#\\\/schema\\\/logo\\\/image\\\/\",\"url\":\"https:\\\/\\\/inclusivenews.com.br\\\/wp-content\\\/uploads\\\/2024\\\/03\\\/@grandesite.png\",\"contentUrl\":\"https:\\\/\\\/inclusivenews.com.br\\\/wp-content\\\/uploads\\\/2024\\\/03\\\/@grandesite.png\",\"width\":1080,\"height\":1080,\"caption\":\"Inclusive - inclus\u00e3o e cidadania\"},\"image\":{\"@id\":\"https:\\\/\\\/inclusivenews.com.br\\\/#\\\/schema\\\/logo\\\/image\\\/\"},\"sameAs\":[\"https:\\\/\\\/www.facebook.com\\\/agenciainclusive\\\/\",\"https:\\\/\\\/www.instagram.com\\\/newsinclusive\\\/\"]},{\"@type\":\"Person\",\"@id\":\"https:\\\/\\\/inclusivenews.com.br\\\/#\\\/schema\\\/person\\\/ae4ec7087559b8692fb33b6fffd2273b\",\"name\":\"inclusivenews2024\",\"image\":{\"@type\":\"ImageObject\",\"inLanguage\":\"pt-PT\",\"@id\":\"https:\\\/\\\/secure.gravatar.com\\\/avatar\\\/c5a7ef84c66fa914f55bc4f7ce26cfa275a3b9a1c5568b907bd184fb4dde7b40?s=96&d=mm&r=g\",\"url\":\"https:\\\/\\\/secure.gravatar.com\\\/avatar\\\/c5a7ef84c66fa914f55bc4f7ce26cfa275a3b9a1c5568b907bd184fb4dde7b40?s=96&d=mm&r=g\",\"contentUrl\":\"https:\\\/\\\/secure.gravatar.com\\\/avatar\\\/c5a7ef84c66fa914f55bc4f7ce26cfa275a3b9a1c5568b907bd184fb4dde7b40?s=96&d=mm&r=g\",\"caption\":\"inclusivenews2024\"},\"sameAs\":[\"https:\\\/\\\/inclusivenews.com.br\"],\"url\":\"https:\\\/\\\/inclusivenews.com.br\\\/?author=1\"}]}<\/script>\n<!-- \/ Yoast SEO plugin. -->","yoast_head_json":{"title":"Relatora da ONU defende aprova\u00e7\u00e3o da PEC do Trabalho Escravo -","robots":{"index":"index","follow":"follow","max-snippet":"max-snippet:-1","max-image-preview":"max-image-preview:large","max-video-preview":"max-video-preview:-1"},"canonical":"https:\/\/inclusivenews.com.br\/?p=22480","og_locale":"pt_PT","og_type":"article","og_title":"Relatora da ONU defende aprova\u00e7\u00e3o da PEC do Trabalho Escravo -","og_description":"Representante das Na\u00e7\u00f5es Unidas afirma que PEC do Trabalho Escravo \u00e9 o mais poderoso instrumento legal para o combate \u00e0 escravid\u00e3o da hist\u00f3ria do Brasil. Da Rep\u00f3rter Brasil.","og_url":"https:\/\/inclusivenews.com.br\/?p=22480","article_publisher":"https:\/\/www.facebook.com\/agenciainclusive\/","article_published_time":"2012-05-08T00:04:15+00:00","og_image":[{"url":"http:\/\/inclusivenews.com.br\/wp-content\/uploads\/escraviddao-300x173.jpg","type":"","width":"","height":""}],"author":"inclusivenews2024","twitter_card":"summary_large_image","twitter_misc":{"Escrito por":"inclusivenews2024","Tempo estimado de leitura":"4 minutos"},"schema":{"@context":"https:\/\/schema.org","@graph":[{"@type":"Article","@id":"https:\/\/inclusivenews.com.br\/?p=22480#article","isPartOf":{"@id":"https:\/\/inclusivenews.com.br\/?p=22480"},"author":{"name":"inclusivenews2024","@id":"https:\/\/inclusivenews.com.br\/#\/schema\/person\/ae4ec7087559b8692fb33b6fffd2273b"},"headline":"Relatora da ONU defende aprova\u00e7\u00e3o da PEC do Trabalho Escravo","datePublished":"2012-05-08T00:04:15+00:00","mainEntityOfPage":{"@id":"https:\/\/inclusivenews.com.br\/?p=22480"},"wordCount":719,"commentCount":0,"publisher":{"@id":"https:\/\/inclusivenews.com.br\/#organization"},"image":{"@id":"https:\/\/inclusivenews.com.br\/?p=22480#primaryimage"},"thumbnailUrl":"http:\/\/inclusivenews.com.br\/wp-content\/uploads\/escraviddao-300x173.jpg","articleSection":["DIREITOS HUMANOS"],"inLanguage":"pt-PT","potentialAction":[{"@type":"CommentAction","name":"Comment","target":["https:\/\/inclusivenews.com.br\/?p=22480#respond"]}]},{"@type":"WebPage","@id":"https:\/\/inclusivenews.com.br\/?p=22480","url":"https:\/\/inclusivenews.com.br\/?p=22480","name":"Relatora da ONU defende aprova\u00e7\u00e3o da PEC do Trabalho Escravo -","isPartOf":{"@id":"https:\/\/inclusivenews.com.br\/#website"},"primaryImageOfPage":{"@id":"https:\/\/inclusivenews.com.br\/?p=22480#primaryimage"},"image":{"@id":"https:\/\/inclusivenews.com.br\/?p=22480#primaryimage"},"thumbnailUrl":"http:\/\/inclusivenews.com.br\/wp-content\/uploads\/escraviddao-300x173.jpg","datePublished":"2012-05-08T00:04:15+00:00","breadcrumb":{"@id":"https:\/\/inclusivenews.com.br\/?p=22480#breadcrumb"},"inLanguage":"pt-PT","potentialAction":[{"@type":"ReadAction","target":["https:\/\/inclusivenews.com.br\/?p=22480"]}]},{"@type":"ImageObject","inLanguage":"pt-PT","@id":"https:\/\/inclusivenews.com.br\/?p=22480#primaryimage","url":"","contentUrl":""},{"@type":"BreadcrumbList","@id":"https:\/\/inclusivenews.com.br\/?p=22480#breadcrumb","itemListElement":[{"@type":"ListItem","position":1,"name":"In\u00edcio","item":"https:\/\/inclusivenews.com.br\/"},{"@type":"ListItem","position":2,"name":"Relatora da ONU defende aprova\u00e7\u00e3o da PEC do Trabalho Escravo"}]},{"@type":"WebSite","@id":"https:\/\/inclusivenews.com.br\/#website","url":"https:\/\/inclusivenews.com.br\/","name":"Inclusive News","description":"Inclusive News","publisher":{"@id":"https:\/\/inclusivenews.com.br\/#organization"},"potentialAction":[{"@type":"SearchAction","target":{"@type":"EntryPoint","urlTemplate":"https:\/\/inclusivenews.com.br\/?s={search_term_string}"},"query-input":{"@type":"PropertyValueSpecification","valueRequired":true,"valueName":"search_term_string"}}],"inLanguage":"pt-PT"},{"@type":"Organization","@id":"https:\/\/inclusivenews.com.br\/#organization","name":"Inclusive - inclus\u00e3o e cidadania","url":"https:\/\/inclusivenews.com.br\/","logo":{"@type":"ImageObject","inLanguage":"pt-PT","@id":"https:\/\/inclusivenews.com.br\/#\/schema\/logo\/image\/","url":"https:\/\/inclusivenews.com.br\/wp-content\/uploads\/2024\/03\/@grandesite.png","contentUrl":"https:\/\/inclusivenews.com.br\/wp-content\/uploads\/2024\/03\/@grandesite.png","width":1080,"height":1080,"caption":"Inclusive - inclus\u00e3o e cidadania"},"image":{"@id":"https:\/\/inclusivenews.com.br\/#\/schema\/logo\/image\/"},"sameAs":["https:\/\/www.facebook.com\/agenciainclusive\/","https:\/\/www.instagram.com\/newsinclusive\/"]},{"@type":"Person","@id":"https:\/\/inclusivenews.com.br\/#\/schema\/person\/ae4ec7087559b8692fb33b6fffd2273b","name":"inclusivenews2024","image":{"@type":"ImageObject","inLanguage":"pt-PT","@id":"https:\/\/secure.gravatar.com\/avatar\/c5a7ef84c66fa914f55bc4f7ce26cfa275a3b9a1c5568b907bd184fb4dde7b40?s=96&d=mm&r=g","url":"https:\/\/secure.gravatar.com\/avatar\/c5a7ef84c66fa914f55bc4f7ce26cfa275a3b9a1c5568b907bd184fb4dde7b40?s=96&d=mm&r=g","contentUrl":"https:\/\/secure.gravatar.com\/avatar\/c5a7ef84c66fa914f55bc4f7ce26cfa275a3b9a1c5568b907bd184fb4dde7b40?s=96&d=mm&r=g","caption":"inclusivenews2024"},"sameAs":["https:\/\/inclusivenews.com.br"],"url":"https:\/\/inclusivenews.com.br\/?author=1"}]}},"_links":{"self":[{"href":"https:\/\/inclusivenews.com.br\/index.php?rest_route=\/wp\/v2\/posts\/22480","targetHints":{"allow":["GET"]}}],"collection":[{"href":"https:\/\/inclusivenews.com.br\/index.php?rest_route=\/wp\/v2\/posts"}],"about":[{"href":"https:\/\/inclusivenews.com.br\/index.php?rest_route=\/wp\/v2\/types\/post"}],"author":[{"embeddable":true,"href":"https:\/\/inclusivenews.com.br\/index.php?rest_route=\/wp\/v2\/users\/1"}],"replies":[{"embeddable":true,"href":"https:\/\/inclusivenews.com.br\/index.php?rest_route=%2Fwp%2Fv2%2Fcomments&post=22480"}],"version-history":[{"count":0,"href":"https:\/\/inclusivenews.com.br\/index.php?rest_route=\/wp\/v2\/posts\/22480\/revisions"}],"wp:attachment":[{"href":"https:\/\/inclusivenews.com.br\/index.php?rest_route=%2Fwp%2Fv2%2Fmedia&parent=22480"}],"wp:term":[{"taxonomy":"category","embeddable":true,"href":"https:\/\/inclusivenews.com.br\/index.php?rest_route=%2Fwp%2Fv2%2Fcategories&post=22480"},{"taxonomy":"post_tag","embeddable":true,"href":"https:\/\/inclusivenews.com.br\/index.php?rest_route=%2Fwp%2Fv2%2Ftags&post=22480"}],"curies":[{"name":"wp","href":"https:\/\/api.w.org\/{rel}","templated":true}]}}