{"id":22488,"date":"2012-05-07T21:02:38","date_gmt":"2012-05-08T00:02:38","guid":{"rendered":"http:\/\/www.inclusive.org.br\/?p=22488"},"modified":"2012-05-07T21:02:38","modified_gmt":"2012-05-08T00:02:38","slug":"o-sonho-de-revolucao-das-comunidades-de-periferia-2","status":"publish","type":"post","link":"https:\/\/inclusivenews.com.br\/?p=22488","title":{"rendered":"O sonho de revolu\u00e7\u00e3o das comunidades de periferia"},"content":{"rendered":"<p><span class=\"Olho\">Nos anos 1970 e 1980, quando a Central \u00danica das Favelas nem sonhava existir, alguns estudiosos advertiam: quando a favela descer para o asfalto, n\u00e3o haver\u00e1 como conter uma revolta social! A previs\u00e3o, para muitos, significava uma grande cat\u00e1strofe.<\/span><\/p>\n<p><span class=\"creditos\">Por Sandra Almada | Fotos Fernanda Moraes\/Divulga\u00e7\u00e3o<\/span><\/p>\n<p><a class=\"moz-txt-link-freetext\" href=\"http:\/\/racabrasil.uol.com.br\/cultura-gente\/165\/imagens\/i328555.jpg\"><img loading=\"lazy\" decoding=\"async\" class=\"alignnone\" src=\"http:\/\/racabrasil.uol.com.br\/cultura-gente\/165\/imagens\/i328555.jpg\" alt=\"\" width=\"690\" height=\"288\" \/><\/a><br \/>\n<strong><span style=\"font-size: xx-small;\">Formatura de alunos da CUFA na quadra da Escola de Samba Imp\u00e9rio Serrano, em Madureira<\/span><\/strong><\/p>\n<p>Nos idos anos 1970 e 1980, quando a Central \u00danica das Favelas (Organiza\u00e7\u00e3o n\u00e3ogovernamental que ficou nacional e internacionalmente conhecida com a sigla CUFA) nem sonhava existir, alguns estudiosos advertiam: quando a favela descer para o asfalto, n\u00e3o haver\u00e1 como conter uma revolta social! A previs\u00e3o, para muitos, significava uma grande cat\u00e1strofe. Para outros, justamente o contr\u00e1rio.<\/p>\n<p>Na opini\u00e3o destes \u00faltimos, a revolu\u00e7\u00e3o dos pobres seria uma esp\u00e9cie de &#8220;vingan\u00e7a da hist\u00f3ria&#8221;, uma tomada de atitude, que, enfim, mudaria as condi\u00e7\u00f5es socioecon\u00f4mico-educacionais de milh\u00f5es de brasileiros. Aqueles considerados &#8220;cidad\u00e3os de segunda classe&#8221;. Aquela por\u00e7\u00e3o do pa\u00eds que, por viver as tens\u00f5es mais extremas produzidas pela concentra\u00e7\u00e3o de renda e injusti\u00e7a social, se tornaria heroicamente respons\u00e1vel por promover a &#8216;virada&#8217;.<\/p>\n<p><strong>OS N\u00daMEROS E AS <span style=\"color: #990000;\">MUDAN\u00c7AS<br \/>\n<\/span><\/strong><\/p>\n<p><strong><\/strong>Pois bem, de l\u00e1 para c\u00e1, muita coisa mudou. Embora tenhamos entrado no s\u00e9culo 21 ainda exibindo uma d\u00edvida social enorme, cresceu, significativamente, no Brasil, o n\u00famero de integrantes das classes C. Os rec\u00e9m-chegados s\u00e3o uma parcela dos pobres de outrora, aqueles mesmos que compunham as classes D e E. Ou seja, quando a Cufa nascia h\u00e1 10 anos, os dados do IBGE sinalizavam: \u00e9ramos cerca de 54 milh\u00f5es de pobres, entre os quais, a maioria de negros! Hoje, parte deles j\u00e1 pode saborear bens de consumo antes inimagin\u00e1veis: eletrodom\u00e9sticos, computadores, cursos de aperfei\u00e7oamento em suas \u00e1reas profissionais, viagens, planos de constru\u00e7\u00e3o da casa pr\u00f3pria, entre outros itens.<\/p>\n<p>As cotas nas universidades tamb\u00e9m vieram ajudar a mudar o cen\u00e1rio. Em 2010, foram computadas cerca de 91 institui\u00e7\u00f5es p\u00fablicas de ensino superior no pa\u00eds, nas quais est\u00e3o reservadas uma parcela de vagas para negros, ind\u00edgenas, mulheres, entre outras minorias. Na \u00e1rea educacional, o governo Lula ficou com o m\u00e9rito, ainda, de ter criado cerca de 210 escolas t\u00e9cnicas em v\u00e1rios estados. S\u00e3o elas que acolhem 105 mil jovens brasileiros e os preparam para o mercado de trabalho, em diferentes \u00e1reas. J\u00e1 o Prouni, outra iniciativa do governo federal, cobre, atrav\u00e9s de empr\u00e9stimo financeiro, as despesas de mais de 700 mil estudantes universit\u00e1rios pobres dentro das faculdades privadas.<\/p>\n<p>Mas, apesar de tantos ind\u00edcios de que ser pobre hoje \u00e9 diferente de ser pobre h\u00e1 10 anos, a grande desigualdade racial ainda mancha a rota de sucesso do pa\u00eds. E continua sendo nas favelas e nas \u00e1reas perif\u00e9ricas que a exclus\u00e3o negra encontra sua face mais radical. Portanto, vale a pena perguntar: A aposta na atua\u00e7\u00e3o dos exclu\u00eddos para mudar a estrutura da sociedade brasileira, ficou pra tr\u00e1s? A favela n\u00e3o precisa mais descer para dizer a que veio ao asfalto? Quem ainda acredita na revolu\u00e7\u00e3o dos pobres?<\/p>\n<p>(&#8230;)<\/p>\n<p><a href=\"http:\/\/racabrasil.uol.com.br\/cultura-gente\/165\/artigo255222-2.asp\">Leia a \u00edntegra da reportagem na Ra\u00e7a Brasil.<\/a><\/p>\n","protected":false},"excerpt":{"rendered":"<p>Nos anos 1970 e 1980, quando a Central \u00danica das Favelas nem sonhava existir, alguns estudiosos advertiam: quando a favela descer para o asfalto, n\u00e3o haver\u00e1 como conter uma revolta social! A previs\u00e3o, para muitos, significava uma grande cat\u00e1strofe. Reportagem \u00e9 da Revista Ra\u00e7a Brasil.<\/p>\n","protected":false},"author":1,"featured_media":0,"comment_status":"open","ping_status":"open","sticky":false,"template":"","format":"standard","meta":{"site-container-style":"default","site-container-layout":"default","site-sidebar-layout":"default","disable-article-header":"default","disable-site-header":"default","disable-site-footer":"default","disable-content-area-spacing":"default","footnotes":""},"categories":[48,33],"tags":[],"class_list":["post-22488","post","type-post","status-publish","format-standard","hentry","category-inclusao","category-reportagem"],"yoast_head":"<!-- This site is optimized with the Yoast SEO plugin v27.4 - https:\/\/yoast.com\/product\/yoast-seo-wordpress\/ -->\n<title>O sonho de revolu\u00e7\u00e3o das comunidades de periferia -<\/title>\n<meta name=\"robots\" content=\"index, follow, max-snippet:-1, max-image-preview:large, max-video-preview:-1\" \/>\n<link rel=\"canonical\" href=\"https:\/\/inclusivenews.com.br\/?p=22488\" \/>\n<meta property=\"og:locale\" content=\"pt_PT\" \/>\n<meta property=\"og:type\" content=\"article\" \/>\n<meta property=\"og:title\" content=\"O sonho de revolu\u00e7\u00e3o das comunidades de periferia -\" \/>\n<meta property=\"og:description\" content=\"Nos anos 1970 e 1980, quando a Central \u00danica das Favelas nem sonhava existir, alguns estudiosos advertiam: quando a favela descer para o asfalto, n\u00e3o haver\u00e1 como conter uma revolta social! A previs\u00e3o, para muitos, significava uma grande cat\u00e1strofe. Reportagem \u00e9 da Revista Ra\u00e7a Brasil.\" \/>\n<meta property=\"og:url\" content=\"https:\/\/inclusivenews.com.br\/?p=22488\" \/>\n<meta property=\"article:publisher\" content=\"https:\/\/www.facebook.com\/agenciainclusive\/\" \/>\n<meta property=\"article:published_time\" content=\"2012-05-08T00:02:38+00:00\" \/>\n<meta property=\"og:image\" content=\"http:\/\/racabrasil.uol.com.br\/cultura-gente\/165\/imagens\/i328555.jpg\" \/>\n<meta name=\"author\" content=\"inclusivenews2024\" \/>\n<meta name=\"twitter:card\" content=\"summary_large_image\" \/>\n<meta name=\"twitter:label1\" content=\"Escrito por\" \/>\n\t<meta name=\"twitter:data1\" content=\"inclusivenews2024\" \/>\n\t<meta name=\"twitter:label2\" content=\"Tempo estimado de leitura\" \/>\n\t<meta name=\"twitter:data2\" content=\"3 minutos\" \/>\n<script type=\"application\/ld+json\" class=\"yoast-schema-graph\">{\"@context\":\"https:\\\/\\\/schema.org\",\"@graph\":[{\"@type\":\"Article\",\"@id\":\"https:\\\/\\\/inclusivenews.com.br\\\/?p=22488#article\",\"isPartOf\":{\"@id\":\"https:\\\/\\\/inclusivenews.com.br\\\/?p=22488\"},\"author\":{\"name\":\"inclusivenews2024\",\"@id\":\"https:\\\/\\\/inclusivenews.com.br\\\/#\\\/schema\\\/person\\\/ae4ec7087559b8692fb33b6fffd2273b\"},\"headline\":\"O sonho de revolu\u00e7\u00e3o das comunidades de periferia\",\"datePublished\":\"2012-05-08T00:02:38+00:00\",\"mainEntityOfPage\":{\"@id\":\"https:\\\/\\\/inclusivenews.com.br\\\/?p=22488\"},\"wordCount\":556,\"commentCount\":0,\"publisher\":{\"@id\":\"https:\\\/\\\/inclusivenews.com.br\\\/#organization\"},\"image\":{\"@id\":\"https:\\\/\\\/inclusivenews.com.br\\\/?p=22488#primaryimage\"},\"thumbnailUrl\":\"http:\\\/\\\/racabrasil.uol.com.br\\\/cultura-gente\\\/165\\\/imagens\\\/i328555.jpg\",\"articleSection\":[\"INCLUS\u00c3O SOCIAL\",\"Reportagem\"],\"inLanguage\":\"pt-PT\",\"potentialAction\":[{\"@type\":\"CommentAction\",\"name\":\"Comment\",\"target\":[\"https:\\\/\\\/inclusivenews.com.br\\\/?p=22488#respond\"]}]},{\"@type\":\"WebPage\",\"@id\":\"https:\\\/\\\/inclusivenews.com.br\\\/?p=22488\",\"url\":\"https:\\\/\\\/inclusivenews.com.br\\\/?p=22488\",\"name\":\"O sonho de revolu\u00e7\u00e3o das comunidades de periferia -\",\"isPartOf\":{\"@id\":\"https:\\\/\\\/inclusivenews.com.br\\\/#website\"},\"primaryImageOfPage\":{\"@id\":\"https:\\\/\\\/inclusivenews.com.br\\\/?p=22488#primaryimage\"},\"image\":{\"@id\":\"https:\\\/\\\/inclusivenews.com.br\\\/?p=22488#primaryimage\"},\"thumbnailUrl\":\"http:\\\/\\\/racabrasil.uol.com.br\\\/cultura-gente\\\/165\\\/imagens\\\/i328555.jpg\",\"datePublished\":\"2012-05-08T00:02:38+00:00\",\"breadcrumb\":{\"@id\":\"https:\\\/\\\/inclusivenews.com.br\\\/?p=22488#breadcrumb\"},\"inLanguage\":\"pt-PT\",\"potentialAction\":[{\"@type\":\"ReadAction\",\"target\":[\"https:\\\/\\\/inclusivenews.com.br\\\/?p=22488\"]}]},{\"@type\":\"ImageObject\",\"inLanguage\":\"pt-PT\",\"@id\":\"https:\\\/\\\/inclusivenews.com.br\\\/?p=22488#primaryimage\",\"url\":\"http:\\\/\\\/racabrasil.uol.com.br\\\/cultura-gente\\\/165\\\/imagens\\\/i328555.jpg\",\"contentUrl\":\"http:\\\/\\\/racabrasil.uol.com.br\\\/cultura-gente\\\/165\\\/imagens\\\/i328555.jpg\"},{\"@type\":\"BreadcrumbList\",\"@id\":\"https:\\\/\\\/inclusivenews.com.br\\\/?p=22488#breadcrumb\",\"itemListElement\":[{\"@type\":\"ListItem\",\"position\":1,\"name\":\"In\u00edcio\",\"item\":\"https:\\\/\\\/inclusivenews.com.br\\\/\"},{\"@type\":\"ListItem\",\"position\":2,\"name\":\"O sonho de revolu\u00e7\u00e3o das comunidades de periferia\"}]},{\"@type\":\"WebSite\",\"@id\":\"https:\\\/\\\/inclusivenews.com.br\\\/#website\",\"url\":\"https:\\\/\\\/inclusivenews.com.br\\\/\",\"name\":\"Inclusive News\",\"description\":\"Inclusive News\",\"publisher\":{\"@id\":\"https:\\\/\\\/inclusivenews.com.br\\\/#organization\"},\"potentialAction\":[{\"@type\":\"SearchAction\",\"target\":{\"@type\":\"EntryPoint\",\"urlTemplate\":\"https:\\\/\\\/inclusivenews.com.br\\\/?s={search_term_string}\"},\"query-input\":{\"@type\":\"PropertyValueSpecification\",\"valueRequired\":true,\"valueName\":\"search_term_string\"}}],\"inLanguage\":\"pt-PT\"},{\"@type\":\"Organization\",\"@id\":\"https:\\\/\\\/inclusivenews.com.br\\\/#organization\",\"name\":\"Inclusive - inclus\u00e3o e cidadania\",\"url\":\"https:\\\/\\\/inclusivenews.com.br\\\/\",\"logo\":{\"@type\":\"ImageObject\",\"inLanguage\":\"pt-PT\",\"@id\":\"https:\\\/\\\/inclusivenews.com.br\\\/#\\\/schema\\\/logo\\\/image\\\/\",\"url\":\"https:\\\/\\\/inclusivenews.com.br\\\/wp-content\\\/uploads\\\/2024\\\/03\\\/@grandesite.png\",\"contentUrl\":\"https:\\\/\\\/inclusivenews.com.br\\\/wp-content\\\/uploads\\\/2024\\\/03\\\/@grandesite.png\",\"width\":1080,\"height\":1080,\"caption\":\"Inclusive - inclus\u00e3o e cidadania\"},\"image\":{\"@id\":\"https:\\\/\\\/inclusivenews.com.br\\\/#\\\/schema\\\/logo\\\/image\\\/\"},\"sameAs\":[\"https:\\\/\\\/www.facebook.com\\\/agenciainclusive\\\/\",\"https:\\\/\\\/www.instagram.com\\\/newsinclusive\\\/\"]},{\"@type\":\"Person\",\"@id\":\"https:\\\/\\\/inclusivenews.com.br\\\/#\\\/schema\\\/person\\\/ae4ec7087559b8692fb33b6fffd2273b\",\"name\":\"inclusivenews2024\",\"image\":{\"@type\":\"ImageObject\",\"inLanguage\":\"pt-PT\",\"@id\":\"https:\\\/\\\/secure.gravatar.com\\\/avatar\\\/c5a7ef84c66fa914f55bc4f7ce26cfa275a3b9a1c5568b907bd184fb4dde7b40?s=96&d=mm&r=g\",\"url\":\"https:\\\/\\\/secure.gravatar.com\\\/avatar\\\/c5a7ef84c66fa914f55bc4f7ce26cfa275a3b9a1c5568b907bd184fb4dde7b40?s=96&d=mm&r=g\",\"contentUrl\":\"https:\\\/\\\/secure.gravatar.com\\\/avatar\\\/c5a7ef84c66fa914f55bc4f7ce26cfa275a3b9a1c5568b907bd184fb4dde7b40?s=96&d=mm&r=g\",\"caption\":\"inclusivenews2024\"},\"sameAs\":[\"https:\\\/\\\/inclusivenews.com.br\"],\"url\":\"https:\\\/\\\/inclusivenews.com.br\\\/?author=1\"}]}<\/script>\n<!-- \/ Yoast SEO plugin. -->","yoast_head_json":{"title":"O sonho de revolu\u00e7\u00e3o das comunidades de periferia -","robots":{"index":"index","follow":"follow","max-snippet":"max-snippet:-1","max-image-preview":"max-image-preview:large","max-video-preview":"max-video-preview:-1"},"canonical":"https:\/\/inclusivenews.com.br\/?p=22488","og_locale":"pt_PT","og_type":"article","og_title":"O sonho de revolu\u00e7\u00e3o das comunidades de periferia -","og_description":"Nos anos 1970 e 1980, quando a Central \u00danica das Favelas nem sonhava existir, alguns estudiosos advertiam: quando a favela descer para o asfalto, n\u00e3o haver\u00e1 como conter uma revolta social! A previs\u00e3o, para muitos, significava uma grande cat\u00e1strofe. Reportagem \u00e9 da Revista Ra\u00e7a Brasil.","og_url":"https:\/\/inclusivenews.com.br\/?p=22488","article_publisher":"https:\/\/www.facebook.com\/agenciainclusive\/","article_published_time":"2012-05-08T00:02:38+00:00","og_image":[{"url":"http:\/\/racabrasil.uol.com.br\/cultura-gente\/165\/imagens\/i328555.jpg","type":"","width":"","height":""}],"author":"inclusivenews2024","twitter_card":"summary_large_image","twitter_misc":{"Escrito por":"inclusivenews2024","Tempo estimado de leitura":"3 minutos"},"schema":{"@context":"https:\/\/schema.org","@graph":[{"@type":"Article","@id":"https:\/\/inclusivenews.com.br\/?p=22488#article","isPartOf":{"@id":"https:\/\/inclusivenews.com.br\/?p=22488"},"author":{"name":"inclusivenews2024","@id":"https:\/\/inclusivenews.com.br\/#\/schema\/person\/ae4ec7087559b8692fb33b6fffd2273b"},"headline":"O sonho de revolu\u00e7\u00e3o das comunidades de periferia","datePublished":"2012-05-08T00:02:38+00:00","mainEntityOfPage":{"@id":"https:\/\/inclusivenews.com.br\/?p=22488"},"wordCount":556,"commentCount":0,"publisher":{"@id":"https:\/\/inclusivenews.com.br\/#organization"},"image":{"@id":"https:\/\/inclusivenews.com.br\/?p=22488#primaryimage"},"thumbnailUrl":"http:\/\/racabrasil.uol.com.br\/cultura-gente\/165\/imagens\/i328555.jpg","articleSection":["INCLUS\u00c3O SOCIAL","Reportagem"],"inLanguage":"pt-PT","potentialAction":[{"@type":"CommentAction","name":"Comment","target":["https:\/\/inclusivenews.com.br\/?p=22488#respond"]}]},{"@type":"WebPage","@id":"https:\/\/inclusivenews.com.br\/?p=22488","url":"https:\/\/inclusivenews.com.br\/?p=22488","name":"O sonho de revolu\u00e7\u00e3o das comunidades de periferia -","isPartOf":{"@id":"https:\/\/inclusivenews.com.br\/#website"},"primaryImageOfPage":{"@id":"https:\/\/inclusivenews.com.br\/?p=22488#primaryimage"},"image":{"@id":"https:\/\/inclusivenews.com.br\/?p=22488#primaryimage"},"thumbnailUrl":"http:\/\/racabrasil.uol.com.br\/cultura-gente\/165\/imagens\/i328555.jpg","datePublished":"2012-05-08T00:02:38+00:00","breadcrumb":{"@id":"https:\/\/inclusivenews.com.br\/?p=22488#breadcrumb"},"inLanguage":"pt-PT","potentialAction":[{"@type":"ReadAction","target":["https:\/\/inclusivenews.com.br\/?p=22488"]}]},{"@type":"ImageObject","inLanguage":"pt-PT","@id":"https:\/\/inclusivenews.com.br\/?p=22488#primaryimage","url":"http:\/\/racabrasil.uol.com.br\/cultura-gente\/165\/imagens\/i328555.jpg","contentUrl":"http:\/\/racabrasil.uol.com.br\/cultura-gente\/165\/imagens\/i328555.jpg"},{"@type":"BreadcrumbList","@id":"https:\/\/inclusivenews.com.br\/?p=22488#breadcrumb","itemListElement":[{"@type":"ListItem","position":1,"name":"In\u00edcio","item":"https:\/\/inclusivenews.com.br\/"},{"@type":"ListItem","position":2,"name":"O sonho de revolu\u00e7\u00e3o das comunidades de periferia"}]},{"@type":"WebSite","@id":"https:\/\/inclusivenews.com.br\/#website","url":"https:\/\/inclusivenews.com.br\/","name":"Inclusive News","description":"Inclusive News","publisher":{"@id":"https:\/\/inclusivenews.com.br\/#organization"},"potentialAction":[{"@type":"SearchAction","target":{"@type":"EntryPoint","urlTemplate":"https:\/\/inclusivenews.com.br\/?s={search_term_string}"},"query-input":{"@type":"PropertyValueSpecification","valueRequired":true,"valueName":"search_term_string"}}],"inLanguage":"pt-PT"},{"@type":"Organization","@id":"https:\/\/inclusivenews.com.br\/#organization","name":"Inclusive - inclus\u00e3o e cidadania","url":"https:\/\/inclusivenews.com.br\/","logo":{"@type":"ImageObject","inLanguage":"pt-PT","@id":"https:\/\/inclusivenews.com.br\/#\/schema\/logo\/image\/","url":"https:\/\/inclusivenews.com.br\/wp-content\/uploads\/2024\/03\/@grandesite.png","contentUrl":"https:\/\/inclusivenews.com.br\/wp-content\/uploads\/2024\/03\/@grandesite.png","width":1080,"height":1080,"caption":"Inclusive - inclus\u00e3o e cidadania"},"image":{"@id":"https:\/\/inclusivenews.com.br\/#\/schema\/logo\/image\/"},"sameAs":["https:\/\/www.facebook.com\/agenciainclusive\/","https:\/\/www.instagram.com\/newsinclusive\/"]},{"@type":"Person","@id":"https:\/\/inclusivenews.com.br\/#\/schema\/person\/ae4ec7087559b8692fb33b6fffd2273b","name":"inclusivenews2024","image":{"@type":"ImageObject","inLanguage":"pt-PT","@id":"https:\/\/secure.gravatar.com\/avatar\/c5a7ef84c66fa914f55bc4f7ce26cfa275a3b9a1c5568b907bd184fb4dde7b40?s=96&d=mm&r=g","url":"https:\/\/secure.gravatar.com\/avatar\/c5a7ef84c66fa914f55bc4f7ce26cfa275a3b9a1c5568b907bd184fb4dde7b40?s=96&d=mm&r=g","contentUrl":"https:\/\/secure.gravatar.com\/avatar\/c5a7ef84c66fa914f55bc4f7ce26cfa275a3b9a1c5568b907bd184fb4dde7b40?s=96&d=mm&r=g","caption":"inclusivenews2024"},"sameAs":["https:\/\/inclusivenews.com.br"],"url":"https:\/\/inclusivenews.com.br\/?author=1"}]}},"_links":{"self":[{"href":"https:\/\/inclusivenews.com.br\/index.php?rest_route=\/wp\/v2\/posts\/22488","targetHints":{"allow":["GET"]}}],"collection":[{"href":"https:\/\/inclusivenews.com.br\/index.php?rest_route=\/wp\/v2\/posts"}],"about":[{"href":"https:\/\/inclusivenews.com.br\/index.php?rest_route=\/wp\/v2\/types\/post"}],"author":[{"embeddable":true,"href":"https:\/\/inclusivenews.com.br\/index.php?rest_route=\/wp\/v2\/users\/1"}],"replies":[{"embeddable":true,"href":"https:\/\/inclusivenews.com.br\/index.php?rest_route=%2Fwp%2Fv2%2Fcomments&post=22488"}],"version-history":[{"count":0,"href":"https:\/\/inclusivenews.com.br\/index.php?rest_route=\/wp\/v2\/posts\/22488\/revisions"}],"wp:attachment":[{"href":"https:\/\/inclusivenews.com.br\/index.php?rest_route=%2Fwp%2Fv2%2Fmedia&parent=22488"}],"wp:term":[{"taxonomy":"category","embeddable":true,"href":"https:\/\/inclusivenews.com.br\/index.php?rest_route=%2Fwp%2Fv2%2Fcategories&post=22488"},{"taxonomy":"post_tag","embeddable":true,"href":"https:\/\/inclusivenews.com.br\/index.php?rest_route=%2Fwp%2Fv2%2Ftags&post=22488"}],"curies":[{"name":"wp","href":"https:\/\/api.w.org\/{rel}","templated":true}]}}