{"id":22492,"date":"2012-05-07T21:03:12","date_gmt":"2012-05-08T00:03:12","guid":{"rendered":"http:\/\/www.inclusive.org.br\/?p=22492"},"modified":"2012-05-07T21:03:12","modified_gmt":"2012-05-08T00:03:12","slug":"apartheid-educacional","status":"publish","type":"post","link":"https:\/\/inclusivenews.com.br\/?p=22492","title":{"rendered":"Apartheid educacional"},"content":{"rendered":"<figure id=\"attachment_13969\" aria-describedby=\"caption-attachment-13969\" style=\"width: 265px\" class=\"wp-caption alignleft\"><a href=\"http:\/\/www.inclusivenews.com.br\/wp-content\/uploads\/2010\/02\/inclusive_educacao.jpg\"><img loading=\"lazy\" decoding=\"async\" class=\"size-full wp-image-13969 \" title=\"Inclusive - problemas na educa\u00e7\u00e3o. A palavra educa\u00e7\u00e3o escrita com as letras invertidas e um aluno desolado em frente ao quadro negro.\" src=\"http:\/\/inclusivenews.com.br\/wp-content\/uploads\/2010\/02\/inclusive_educacao.jpg\" alt=\"Inclusive - problemas na educa\u00e7\u00e3o. A palavra educa\u00e7\u00e3o escrita com as letras invertidas e um aluno desolado em frente ao quadro negro.\" width=\"265\" height=\"200\" \/><\/a><figcaption id=\"caption-attachment-13969\" class=\"wp-caption-text\"> <\/figcaption><\/figure>\n<p><strong>Por Marcos Rolim *<\/strong><\/p>\n<p>Todos os dados dispon\u00edveis sobre educa\u00e7\u00e3o no Brasil apontam para uma realidade dram\u00e1tica: a qualidade do ensino p\u00fablico oferecido \u00e0s crian\u00e7as e adolescentes \u00e9, como regra, muito ruim. A cada tr\u00eas anos, a Organiza\u00e7\u00e3o para Coopera\u00e7\u00e3o e Desenvolvimento Econ\u00f4mico (OCDE) mede os conhecimentos nas \u00e1reas de leitura, matem\u00e1tica e ci\u00eancias entre estudantes de 15 anos de idade em 65 pa\u00edses &#8211; entre eles o Brasil &#8211; com o Programa Internacional de Avalia\u00e7\u00e3o dos Alunos (Pisa). Em 2009, foram 400 mil jovens que fizeram a prova; 20 mil deles brasileiros, de todos os Estados.<\/p>\n<p>Embora tenha apresentado melhora em compara\u00e7\u00e3o ao levantamento anterior, os dados do Pisa situam o Brasil entre os \u00faltimos colocados (54\u00aa posi\u00e7\u00e3o do ranking). A prova mostrou que a grande maioria dos alunos brasileiros est\u00e1 no primeiro dos seis n\u00edveis de conhecimento. Nenhum deles chegou ao n\u00edvel mais alto em ci\u00eancias e s\u00f3 20 o alcan\u00e7aram em leitura e matem\u00e1tica.<\/p>\n<p>Os resultados, especialmente entre os alunos das nossas escolas p\u00fablicas, \u00e9 uma trag\u00e9dia. Os alunos com melhor coloca\u00e7\u00e3o na prova foram os de Xangai, na China. Outros pa\u00edses asi\u00e1ticos, como a Coreia do Sul e Cingapura, tamb\u00e9m obtiveram \u00f3timas posi\u00e7\u00f5es. A Finl\u00e2ndia foi o pa\u00eds com melhor pontua\u00e7\u00e3o entre as na\u00e7\u00f5es europeias. Acima da m\u00e9dia da OCDE, apareceram tamb\u00e9m B\u00e9lgica, Est\u00f4nia, Isl\u00e2ndia, Holanda, Noruega, Su\u00ed\u00e7a e Pol\u00f4nia.<\/p>\n<p>A precariza\u00e7\u00e3o do ensino p\u00fablico nos n\u00edveis Fundamental e M\u00e9dio no Brasil se fez acompanhar da migra\u00e7\u00e3o dos filhos das classes m\u00e9dias e altas para o ensino privado. Assim, quem pode se protege da trag\u00e9dia e assegura aos seus uma educa\u00e7\u00e3o com um m\u00ednimo de qualidade e seguran\u00e7a. Quem n\u00e3o pode se rala. Os pobres, ent\u00e3o, mais uma vez, pagam a conta pela incompet\u00eancia do Estado. O ponto me parece central para se compreender o Brasil e suas persistentes injusti\u00e7as. Com efeito, as oportunidades educacionais oferecidas aos filhos dos pobres costumam ser, para quase todos eles, a \u00fanica chance verdadeira que ter\u00e3o na vida. Se esta educa\u00e7\u00e3o falhar, pobreza e ignor\u00e2ncia se prolongam pelas gera\u00e7\u00f5es. Em m\u00e9dia, um ano a mais de escolaridade no Brasil aumenta em 15% a remunera\u00e7\u00e3o. No n\u00edvel superior, o incremento chega a 18,7% para cada ano de estudo.<\/p>\n<p>O governo do RS est\u00e1 implantando uma reforma no Ensino M\u00e9dio. Pelo que pude entender, a ideia \u00e9 oferecer progressivamente conte\u00fado t\u00e9cnico nas escolas estaduais; vale dizer: ensino profissionalizante. Pelo visto, os empres\u00e1rios ga\u00fachos aprovam a proposta. Compreens\u00edvel. O que se deveria perguntar, entretanto, \u00e9 at\u00e9 que ponto esta reforma n\u00e3o ir\u00e1 aprofundar o fosso entre o ensino p\u00fablico e o privado, assegurando &#8211; agora explicitamente &#8211; que os filhos dos pobres n\u00e3o tenham qualquer chance de aprova\u00e7\u00e3o no vestibular. No Brasil, vale lembrar, 34% das crian\u00e7as filhas de pais com menos de um ano de estudo repetem esta escolaridade e apenas 1% delas chegam ao Ensino Superior. Se este for o resultado pr\u00e1tico da reforma, estaremos diante de medida regressiva e de refor\u00e7o ao &#8220;apartheid&#8221; educacional. Apenas este risco, penso, j\u00e1 justificaria um intenso e prolongado debate sobre o tema.<\/p>\n<p><a href=\"mailto:marcos@rolim.com.br\">marcos@rolim.com.br<\/a> <script type=\"text\/javascript\">\/\/ <![CDATA[\n document.write( '<span style='display: none;'>' );\n\/\/ ]]><\/script><span style=\"display: none;\">Este endere\u00e7o de e-mail est\u00e1 protegido contra spam bots, pelo que o Javascript ter\u00e1 de estar activado para poder visualizar o endere\u00e7o de email <script type=\"text\/javascript\">\/\/ <![CDATA[\n document.write( '<\/' ); document.write( 'span>' );\n\/\/ ]]><\/script><\/span><\/p>\n<p>*Jornalista<\/p>\n<p>Fonte: Zero Hora, 6\/5\/2012<\/p>\n","protected":false},"excerpt":{"rendered":"<p>Por Marcos Rolim, na Zero Hora &#8211; O que se deveria perguntar, entretanto, \u00e9 at\u00e9 que ponto esta reforma (no RS) n\u00e3o ir\u00e1 aprofundar o fosso entre o ensino p\u00fablico e o privado, assegurando &#8211; agora explicitamente &#8211; que os filhos dos pobres n\u00e3o tenham qualquer chance de aprova\u00e7\u00e3o no vestibular.<\/p>\n","protected":false},"author":1,"featured_media":0,"comment_status":"open","ping_status":"open","sticky":false,"template":"","format":"standard","meta":{"site-container-style":"default","site-container-layout":"default","site-sidebar-layout":"default","disable-article-header":"default","disable-site-header":"default","disable-site-footer":"default","disable-content-area-spacing":"default","footnotes":""},"categories":[6,8],"tags":[],"class_list":["post-22492","post","type-post","status-publish","format-standard","hentry","category-educacao","category-textos-e-artigos"],"yoast_head":"<!-- This site is optimized with the Yoast SEO plugin v27.4 - https:\/\/yoast.com\/product\/yoast-seo-wordpress\/ -->\n<title>Apartheid educacional -<\/title>\n<meta name=\"robots\" content=\"index, follow, max-snippet:-1, max-image-preview:large, max-video-preview:-1\" \/>\n<link rel=\"canonical\" href=\"https:\/\/inclusivenews.com.br\/?p=22492\" \/>\n<meta property=\"og:locale\" content=\"pt_PT\" \/>\n<meta property=\"og:type\" content=\"article\" \/>\n<meta property=\"og:title\" content=\"Apartheid educacional -\" \/>\n<meta property=\"og:description\" content=\"Por Marcos Rolim, na Zero Hora - O que se deveria perguntar, entretanto, \u00e9 at\u00e9 que ponto esta reforma (no RS) n\u00e3o ir\u00e1 aprofundar o fosso entre o ensino p\u00fablico e o privado, assegurando - agora explicitamente - que os filhos dos pobres n\u00e3o tenham qualquer chance de aprova\u00e7\u00e3o no vestibular.\" \/>\n<meta property=\"og:url\" content=\"https:\/\/inclusivenews.com.br\/?p=22492\" \/>\n<meta property=\"article:publisher\" content=\"https:\/\/www.facebook.com\/agenciainclusive\/\" \/>\n<meta property=\"article:published_time\" content=\"2012-05-08T00:03:12+00:00\" \/>\n<meta property=\"og:image\" content=\"http:\/\/inclusivenews.com.br\/wp-content\/uploads\/2010\/02\/inclusive_educacao.jpg\" \/>\n<meta name=\"author\" content=\"inclusivenews2024\" \/>\n<meta name=\"twitter:card\" content=\"summary_large_image\" \/>\n<meta name=\"twitter:label1\" content=\"Escrito por\" \/>\n\t<meta name=\"twitter:data1\" content=\"inclusivenews2024\" \/>\n\t<meta name=\"twitter:label2\" content=\"Tempo estimado de leitura\" \/>\n\t<meta name=\"twitter:data2\" content=\"3 minutos\" \/>\n<script type=\"application\/ld+json\" class=\"yoast-schema-graph\">{\"@context\":\"https:\\\/\\\/schema.org\",\"@graph\":[{\"@type\":\"Article\",\"@id\":\"https:\\\/\\\/inclusivenews.com.br\\\/?p=22492#article\",\"isPartOf\":{\"@id\":\"https:\\\/\\\/inclusivenews.com.br\\\/?p=22492\"},\"author\":{\"name\":\"inclusivenews2024\",\"@id\":\"https:\\\/\\\/inclusivenews.com.br\\\/#\\\/schema\\\/person\\\/ae4ec7087559b8692fb33b6fffd2273b\"},\"headline\":\"Apartheid educacional\",\"datePublished\":\"2012-05-08T00:03:12+00:00\",\"mainEntityOfPage\":{\"@id\":\"https:\\\/\\\/inclusivenews.com.br\\\/?p=22492\"},\"wordCount\":608,\"commentCount\":0,\"publisher\":{\"@id\":\"https:\\\/\\\/inclusivenews.com.br\\\/#organization\"},\"image\":{\"@id\":\"https:\\\/\\\/inclusivenews.com.br\\\/?p=22492#primaryimage\"},\"thumbnailUrl\":\"http:\\\/\\\/inclusivenews.com.br\\\/wp-content\\\/uploads\\\/2010\\\/02\\\/inclusive_educacao.jpg\",\"articleSection\":[\"EDUCA\u00c7\u00c3O\",\"OPINI\u00c3O\"],\"inLanguage\":\"pt-PT\",\"potentialAction\":[{\"@type\":\"CommentAction\",\"name\":\"Comment\",\"target\":[\"https:\\\/\\\/inclusivenews.com.br\\\/?p=22492#respond\"]}]},{\"@type\":\"WebPage\",\"@id\":\"https:\\\/\\\/inclusivenews.com.br\\\/?p=22492\",\"url\":\"https:\\\/\\\/inclusivenews.com.br\\\/?p=22492\",\"name\":\"Apartheid educacional -\",\"isPartOf\":{\"@id\":\"https:\\\/\\\/inclusivenews.com.br\\\/#website\"},\"primaryImageOfPage\":{\"@id\":\"https:\\\/\\\/inclusivenews.com.br\\\/?p=22492#primaryimage\"},\"image\":{\"@id\":\"https:\\\/\\\/inclusivenews.com.br\\\/?p=22492#primaryimage\"},\"thumbnailUrl\":\"http:\\\/\\\/inclusivenews.com.br\\\/wp-content\\\/uploads\\\/2010\\\/02\\\/inclusive_educacao.jpg\",\"datePublished\":\"2012-05-08T00:03:12+00:00\",\"breadcrumb\":{\"@id\":\"https:\\\/\\\/inclusivenews.com.br\\\/?p=22492#breadcrumb\"},\"inLanguage\":\"pt-PT\",\"potentialAction\":[{\"@type\":\"ReadAction\",\"target\":[\"https:\\\/\\\/inclusivenews.com.br\\\/?p=22492\"]}]},{\"@type\":\"ImageObject\",\"inLanguage\":\"pt-PT\",\"@id\":\"https:\\\/\\\/inclusivenews.com.br\\\/?p=22492#primaryimage\",\"url\":\"\",\"contentUrl\":\"\"},{\"@type\":\"BreadcrumbList\",\"@id\":\"https:\\\/\\\/inclusivenews.com.br\\\/?p=22492#breadcrumb\",\"itemListElement\":[{\"@type\":\"ListItem\",\"position\":1,\"name\":\"In\u00edcio\",\"item\":\"https:\\\/\\\/inclusivenews.com.br\\\/\"},{\"@type\":\"ListItem\",\"position\":2,\"name\":\"Apartheid educacional\"}]},{\"@type\":\"WebSite\",\"@id\":\"https:\\\/\\\/inclusivenews.com.br\\\/#website\",\"url\":\"https:\\\/\\\/inclusivenews.com.br\\\/\",\"name\":\"Inclusive News\",\"description\":\"Inclusive News\",\"publisher\":{\"@id\":\"https:\\\/\\\/inclusivenews.com.br\\\/#organization\"},\"potentialAction\":[{\"@type\":\"SearchAction\",\"target\":{\"@type\":\"EntryPoint\",\"urlTemplate\":\"https:\\\/\\\/inclusivenews.com.br\\\/?s={search_term_string}\"},\"query-input\":{\"@type\":\"PropertyValueSpecification\",\"valueRequired\":true,\"valueName\":\"search_term_string\"}}],\"inLanguage\":\"pt-PT\"},{\"@type\":\"Organization\",\"@id\":\"https:\\\/\\\/inclusivenews.com.br\\\/#organization\",\"name\":\"Inclusive - inclus\u00e3o e cidadania\",\"url\":\"https:\\\/\\\/inclusivenews.com.br\\\/\",\"logo\":{\"@type\":\"ImageObject\",\"inLanguage\":\"pt-PT\",\"@id\":\"https:\\\/\\\/inclusivenews.com.br\\\/#\\\/schema\\\/logo\\\/image\\\/\",\"url\":\"https:\\\/\\\/inclusivenews.com.br\\\/wp-content\\\/uploads\\\/2024\\\/03\\\/@grandesite.png\",\"contentUrl\":\"https:\\\/\\\/inclusivenews.com.br\\\/wp-content\\\/uploads\\\/2024\\\/03\\\/@grandesite.png\",\"width\":1080,\"height\":1080,\"caption\":\"Inclusive - inclus\u00e3o e cidadania\"},\"image\":{\"@id\":\"https:\\\/\\\/inclusivenews.com.br\\\/#\\\/schema\\\/logo\\\/image\\\/\"},\"sameAs\":[\"https:\\\/\\\/www.facebook.com\\\/agenciainclusive\\\/\",\"https:\\\/\\\/www.instagram.com\\\/newsinclusive\\\/\"]},{\"@type\":\"Person\",\"@id\":\"https:\\\/\\\/inclusivenews.com.br\\\/#\\\/schema\\\/person\\\/ae4ec7087559b8692fb33b6fffd2273b\",\"name\":\"inclusivenews2024\",\"image\":{\"@type\":\"ImageObject\",\"inLanguage\":\"pt-PT\",\"@id\":\"https:\\\/\\\/secure.gravatar.com\\\/avatar\\\/c5a7ef84c66fa914f55bc4f7ce26cfa275a3b9a1c5568b907bd184fb4dde7b40?s=96&d=mm&r=g\",\"url\":\"https:\\\/\\\/secure.gravatar.com\\\/avatar\\\/c5a7ef84c66fa914f55bc4f7ce26cfa275a3b9a1c5568b907bd184fb4dde7b40?s=96&d=mm&r=g\",\"contentUrl\":\"https:\\\/\\\/secure.gravatar.com\\\/avatar\\\/c5a7ef84c66fa914f55bc4f7ce26cfa275a3b9a1c5568b907bd184fb4dde7b40?s=96&d=mm&r=g\",\"caption\":\"inclusivenews2024\"},\"sameAs\":[\"https:\\\/\\\/inclusivenews.com.br\"],\"url\":\"https:\\\/\\\/inclusivenews.com.br\\\/?author=1\"}]}<\/script>\n<!-- \/ Yoast SEO plugin. -->","yoast_head_json":{"title":"Apartheid educacional -","robots":{"index":"index","follow":"follow","max-snippet":"max-snippet:-1","max-image-preview":"max-image-preview:large","max-video-preview":"max-video-preview:-1"},"canonical":"https:\/\/inclusivenews.com.br\/?p=22492","og_locale":"pt_PT","og_type":"article","og_title":"Apartheid educacional -","og_description":"Por Marcos Rolim, na Zero Hora - O que se deveria perguntar, entretanto, \u00e9 at\u00e9 que ponto esta reforma (no RS) n\u00e3o ir\u00e1 aprofundar o fosso entre o ensino p\u00fablico e o privado, assegurando - agora explicitamente - que os filhos dos pobres n\u00e3o tenham qualquer chance de aprova\u00e7\u00e3o no vestibular.","og_url":"https:\/\/inclusivenews.com.br\/?p=22492","article_publisher":"https:\/\/www.facebook.com\/agenciainclusive\/","article_published_time":"2012-05-08T00:03:12+00:00","og_image":[{"url":"http:\/\/inclusivenews.com.br\/wp-content\/uploads\/2010\/02\/inclusive_educacao.jpg","type":"","width":"","height":""}],"author":"inclusivenews2024","twitter_card":"summary_large_image","twitter_misc":{"Escrito por":"inclusivenews2024","Tempo estimado de leitura":"3 minutos"},"schema":{"@context":"https:\/\/schema.org","@graph":[{"@type":"Article","@id":"https:\/\/inclusivenews.com.br\/?p=22492#article","isPartOf":{"@id":"https:\/\/inclusivenews.com.br\/?p=22492"},"author":{"name":"inclusivenews2024","@id":"https:\/\/inclusivenews.com.br\/#\/schema\/person\/ae4ec7087559b8692fb33b6fffd2273b"},"headline":"Apartheid educacional","datePublished":"2012-05-08T00:03:12+00:00","mainEntityOfPage":{"@id":"https:\/\/inclusivenews.com.br\/?p=22492"},"wordCount":608,"commentCount":0,"publisher":{"@id":"https:\/\/inclusivenews.com.br\/#organization"},"image":{"@id":"https:\/\/inclusivenews.com.br\/?p=22492#primaryimage"},"thumbnailUrl":"http:\/\/inclusivenews.com.br\/wp-content\/uploads\/2010\/02\/inclusive_educacao.jpg","articleSection":["EDUCA\u00c7\u00c3O","OPINI\u00c3O"],"inLanguage":"pt-PT","potentialAction":[{"@type":"CommentAction","name":"Comment","target":["https:\/\/inclusivenews.com.br\/?p=22492#respond"]}]},{"@type":"WebPage","@id":"https:\/\/inclusivenews.com.br\/?p=22492","url":"https:\/\/inclusivenews.com.br\/?p=22492","name":"Apartheid educacional -","isPartOf":{"@id":"https:\/\/inclusivenews.com.br\/#website"},"primaryImageOfPage":{"@id":"https:\/\/inclusivenews.com.br\/?p=22492#primaryimage"},"image":{"@id":"https:\/\/inclusivenews.com.br\/?p=22492#primaryimage"},"thumbnailUrl":"http:\/\/inclusivenews.com.br\/wp-content\/uploads\/2010\/02\/inclusive_educacao.jpg","datePublished":"2012-05-08T00:03:12+00:00","breadcrumb":{"@id":"https:\/\/inclusivenews.com.br\/?p=22492#breadcrumb"},"inLanguage":"pt-PT","potentialAction":[{"@type":"ReadAction","target":["https:\/\/inclusivenews.com.br\/?p=22492"]}]},{"@type":"ImageObject","inLanguage":"pt-PT","@id":"https:\/\/inclusivenews.com.br\/?p=22492#primaryimage","url":"","contentUrl":""},{"@type":"BreadcrumbList","@id":"https:\/\/inclusivenews.com.br\/?p=22492#breadcrumb","itemListElement":[{"@type":"ListItem","position":1,"name":"In\u00edcio","item":"https:\/\/inclusivenews.com.br\/"},{"@type":"ListItem","position":2,"name":"Apartheid educacional"}]},{"@type":"WebSite","@id":"https:\/\/inclusivenews.com.br\/#website","url":"https:\/\/inclusivenews.com.br\/","name":"Inclusive News","description":"Inclusive News","publisher":{"@id":"https:\/\/inclusivenews.com.br\/#organization"},"potentialAction":[{"@type":"SearchAction","target":{"@type":"EntryPoint","urlTemplate":"https:\/\/inclusivenews.com.br\/?s={search_term_string}"},"query-input":{"@type":"PropertyValueSpecification","valueRequired":true,"valueName":"search_term_string"}}],"inLanguage":"pt-PT"},{"@type":"Organization","@id":"https:\/\/inclusivenews.com.br\/#organization","name":"Inclusive - inclus\u00e3o e cidadania","url":"https:\/\/inclusivenews.com.br\/","logo":{"@type":"ImageObject","inLanguage":"pt-PT","@id":"https:\/\/inclusivenews.com.br\/#\/schema\/logo\/image\/","url":"https:\/\/inclusivenews.com.br\/wp-content\/uploads\/2024\/03\/@grandesite.png","contentUrl":"https:\/\/inclusivenews.com.br\/wp-content\/uploads\/2024\/03\/@grandesite.png","width":1080,"height":1080,"caption":"Inclusive - inclus\u00e3o e cidadania"},"image":{"@id":"https:\/\/inclusivenews.com.br\/#\/schema\/logo\/image\/"},"sameAs":["https:\/\/www.facebook.com\/agenciainclusive\/","https:\/\/www.instagram.com\/newsinclusive\/"]},{"@type":"Person","@id":"https:\/\/inclusivenews.com.br\/#\/schema\/person\/ae4ec7087559b8692fb33b6fffd2273b","name":"inclusivenews2024","image":{"@type":"ImageObject","inLanguage":"pt-PT","@id":"https:\/\/secure.gravatar.com\/avatar\/c5a7ef84c66fa914f55bc4f7ce26cfa275a3b9a1c5568b907bd184fb4dde7b40?s=96&d=mm&r=g","url":"https:\/\/secure.gravatar.com\/avatar\/c5a7ef84c66fa914f55bc4f7ce26cfa275a3b9a1c5568b907bd184fb4dde7b40?s=96&d=mm&r=g","contentUrl":"https:\/\/secure.gravatar.com\/avatar\/c5a7ef84c66fa914f55bc4f7ce26cfa275a3b9a1c5568b907bd184fb4dde7b40?s=96&d=mm&r=g","caption":"inclusivenews2024"},"sameAs":["https:\/\/inclusivenews.com.br"],"url":"https:\/\/inclusivenews.com.br\/?author=1"}]}},"_links":{"self":[{"href":"https:\/\/inclusivenews.com.br\/index.php?rest_route=\/wp\/v2\/posts\/22492","targetHints":{"allow":["GET"]}}],"collection":[{"href":"https:\/\/inclusivenews.com.br\/index.php?rest_route=\/wp\/v2\/posts"}],"about":[{"href":"https:\/\/inclusivenews.com.br\/index.php?rest_route=\/wp\/v2\/types\/post"}],"author":[{"embeddable":true,"href":"https:\/\/inclusivenews.com.br\/index.php?rest_route=\/wp\/v2\/users\/1"}],"replies":[{"embeddable":true,"href":"https:\/\/inclusivenews.com.br\/index.php?rest_route=%2Fwp%2Fv2%2Fcomments&post=22492"}],"version-history":[{"count":0,"href":"https:\/\/inclusivenews.com.br\/index.php?rest_route=\/wp\/v2\/posts\/22492\/revisions"}],"wp:attachment":[{"href":"https:\/\/inclusivenews.com.br\/index.php?rest_route=%2Fwp%2Fv2%2Fmedia&parent=22492"}],"wp:term":[{"taxonomy":"category","embeddable":true,"href":"https:\/\/inclusivenews.com.br\/index.php?rest_route=%2Fwp%2Fv2%2Fcategories&post=22492"},{"taxonomy":"post_tag","embeddable":true,"href":"https:\/\/inclusivenews.com.br\/index.php?rest_route=%2Fwp%2Fv2%2Ftags&post=22492"}],"curies":[{"name":"wp","href":"https:\/\/api.w.org\/{rel}","templated":true}]}}