{"id":22533,"date":"2012-05-16T05:50:35","date_gmt":"2012-05-16T08:50:35","guid":{"rendered":"http:\/\/www.inclusive.org.br\/?p=22533"},"modified":"2012-05-16T05:50:35","modified_gmt":"2012-05-16T08:50:35","slug":"diario-oficial-publica-criterios-do-cfm-para-interrupcao-da-gravidez-em-caso-de-anencefalia","status":"publish","type":"post","link":"https:\/\/inclusivenews.com.br\/?p=22533","title":{"rendered":"Di\u00e1rio Oficial publica crit\u00e9rios do CFM para interrup\u00e7\u00e3o da gravidez em caso de anencefalia"},"content":{"rendered":"<p><a href=\"http:\/\/www.inclusivenews.com.br\/wp-content\/uploads\/2010\/10\/mulheres.jpg\"><img loading=\"lazy\" decoding=\"async\" class=\"alignleft size-full wp-image-17806\" title=\"Inclusive - g\u00eanero - ilustra\u00e7\u00e3o de cinco mulheres lado a lado\" src=\"http:\/\/inclusivenews.com.br\/wp-content\/uploads\/2010\/10\/mulheres.jpg\" alt=\"Inclusive - g\u00eanero - ilustra\u00e7\u00e3o de cinco mulheres lado a lado\" width=\"203\" height=\"185\" \/><\/a><\/p>\n<p><strong>Por Renata Giraldi<br \/>\nRep\u00f3rter da Ag\u00eancia Brasil<\/strong><\/p>\n<p>O Di\u00e1rio Oficial da Uni\u00e3o publicou na edi\u00e7\u00e3o do dia 14 os crit\u00e9rios definidos pelo Conselho Federal de Medicina (CFM) para a interrup\u00e7\u00e3o da gravidez no caso de fetos anenc\u00e9falos (malforma\u00e7\u00e3o no tubo neural, no c\u00e9rebro). A interrup\u00e7\u00e3o s\u00f3 deve ocorrer depois que for feito um exame ultrassonogr\u00e1fico detalhado e assinado por dois m\u00e9dicos. A cirurgia para interromper a gravidez deve ocorrer em local com estrutura adequada, ressalta o texto. Na Se\u00e7\u00e3o 1 do Di\u00e1rio Oficial, p\u00e1ginas 308 e 309, est\u00e3o os seis artigos e a exposi\u00e7\u00e3o de motivos.<\/p>\n<p>A divulga\u00e7\u00e3o dos crit\u00e9rios ocorre 32 dias depois de o Supremo Tribunal Federal (STF) ter aprovado por 8 votos a 2 a autoriza\u00e7\u00e3o para a interrup\u00e7\u00e3o da gravidez em caso de anencefalia. O CFM criou uma comiss\u00e3o de especialistas em ginecologia, obstetr\u00edcia, gen\u00e9tica e bio\u00e9tica para definir as regras e normas. A comiss\u00e3o foi criada no dia seguinte \u00e0 decis\u00e3o do STF.<\/p>\n<p>A Resolu\u00e7\u00e3o n\u00ba1.989, de 10 de maio de 2012, \u00e9 assinada pelo presidente do conselho, Carlos Vital Tavares Corr\u00eaa, pelo secret\u00e1rio-geral, Henrique Batista e Silva, e pelo relator do caso, Henrique Fernando Maia.<\/p>\n<p>A interrup\u00e7\u00e3o da gesta\u00e7\u00e3o s\u00f3 ser\u00e1 recomendada quando houver um \u201cdiagn\u00f3stico inequ\u00edvoco de anecefalia\u201d, conforme a decis\u00e3o do conselho. O exame ultrassonogr\u00e1fico dever\u00e1 ser feito a partir da 12\u00aa semana de gravidez (tr\u00eas meses de gesta\u00e7\u00e3o), registrando duas fotografias em posi\u00e7\u00e3o sagital (que mostra o feto verticalmente) e outra em polo cef\u00e1lico com corte transversal (detalhando a caixa encef\u00e1lica).<\/p>\n<p>Na decis\u00e3o, o CFM reitera tamb\u00e9m que os conselhos regionais de Medicina (CRMs) dever\u00e3o atuar como \u201cjulgadores e disciplinadores\u201d da decis\u00e3o seguindo \u201ca \u00e9tica\u201d. Segundo a resolu\u00e7\u00e3o, a gestante est\u00e1 livre para decidir se quer manter a gravidez. Caso decida levar adiante a gesta\u00e7\u00e3o ou interromp\u00ea-la, a mulher deve ter assist\u00eancia m\u00e9dica adequada.<\/p>\n<p>A resolu\u00e7\u00e3o \u00e9 clara ainda na proibi\u00e7\u00e3o de press\u00e3o sobre a gestante para tomar uma decis\u00e3o. \u201cNingu\u00e9m ser\u00e1 submetido \u00e0 tortura nem a tratamento desumano\u201d, diz o texto. \u201cO m\u00e9dico deve zelar pelo bem-estar da paciente.\u201d Segundo a norma, a interrup\u00e7\u00e3o da gravidez s\u00f3 pode ocorrer em \u201chospital com estrutura adequada\u201d. N\u00e3o h\u00e1 detalhes sobre o que vem a ser uma estrutura adequada. A decis\u00e3o da gestante ou do respons\u00e1vel por ela deve ser lavrada em ata.<\/p>\n<p>Cabe ao m\u00e9dico, segundo a resolu\u00e7\u00e3o, informar toda a situa\u00e7\u00e3o \u00e0 gestante, que ter\u00e1 ainda liberdade para requisitar outro diagn\u00f3stico e buscar uma junta m\u00e9dica. O profissional m\u00e9dico dever\u00e1 ainda comunicar \u00e0 gr\u00e1vida os riscos de recorr\u00eancia de novas gesta\u00e7\u00f5es com fetos anenc\u00e9falos e orient\u00e1-la a tomar provid\u00eancias contraceptivas para reduzir essas amea\u00e7as.<\/p>\n<p>Na exposi\u00e7\u00e3o de motivos, o Conselho Federal de Medicina ressalta as distin\u00e7\u00f5es que devem ser feitas entre interrup\u00e7\u00e3o da gravidez, aborto e aborto eug\u00eanico (visando ao suposto melhoramento da ra\u00e7a).<\/p>\n<p>\u201cApesar de alguns autores utilizarem express\u00f5es &#8216;aborto eug\u00eanico ou eugen\u00e9sico&#8221; ou &#8216;antecipa\u00e7\u00e3o eug\u00eanica da gesta\u00e7\u00e3o&#8217;, afasto-as, considerado o indiscut\u00edvel vi\u00e9s ideol\u00f3gico e pol\u00edtico impregnado na palavra eugenia\u201d, diz o texto, reproduzindo palavras do relator do processo no STF, ministro Marco Aur\u00e9lio Mello.<\/p>\n<p>Edi\u00e7\u00e3o: Juliana Andrade<\/p>\n<p>Fonte: <a href=\"http:\/\/agenciabrasil.ebc.com.br\/noticia\/2012-05-14\/diario-oficial-publica-criterios-do-cfm-para-interrupcao-da-gravidez-em-caso-de-anencefalia\">Ag\u00eancia Brasil<\/a><\/p>\n","protected":false},"excerpt":{"rendered":"<p>Segundo a resolu\u00e7\u00e3o, a gestante est\u00e1 livre para decidir se quer manter a gravidez. Caso decida levar adiante a gesta\u00e7\u00e3o ou interromp\u00ea-la, a mulher deve ter assist\u00eancia m\u00e9dica adequada. Da Ag\u00eancia Brasil<\/p>\n","protected":false},"author":1,"featured_media":0,"comment_status":"open","ping_status":"open","sticky":false,"template":"","format":"standard","meta":{"site-container-style":"default","site-container-layout":"default","site-sidebar-layout":"default","disable-article-header":"default","disable-site-header":"default","disable-site-footer":"default","disable-content-area-spacing":"default","footnotes":""},"categories":[4],"tags":[138],"class_list":["post-22533","post","type-post","status-publish","format-standard","hentry","category-noticias","tag-direitos-reprodutivos"],"yoast_head":"<!-- This site is optimized with the Yoast SEO plugin v27.4 - https:\/\/yoast.com\/product\/yoast-seo-wordpress\/ -->\n<title>Di\u00e1rio Oficial publica crit\u00e9rios do CFM para interrup\u00e7\u00e3o da gravidez em caso de anencefalia -<\/title>\n<meta name=\"robots\" content=\"index, follow, max-snippet:-1, max-image-preview:large, max-video-preview:-1\" \/>\n<link rel=\"canonical\" href=\"https:\/\/inclusivenews.com.br\/?p=22533\" \/>\n<meta property=\"og:locale\" content=\"pt_PT\" \/>\n<meta property=\"og:type\" content=\"article\" \/>\n<meta property=\"og:title\" content=\"Di\u00e1rio Oficial publica crit\u00e9rios do CFM para interrup\u00e7\u00e3o da gravidez em caso de anencefalia -\" \/>\n<meta property=\"og:description\" content=\"Segundo a resolu\u00e7\u00e3o, a gestante est\u00e1 livre para decidir se quer manter a gravidez. Caso decida levar adiante a gesta\u00e7\u00e3o ou interromp\u00ea-la, a mulher deve ter assist\u00eancia m\u00e9dica adequada. Da Ag\u00eancia Brasil\" \/>\n<meta property=\"og:url\" content=\"https:\/\/inclusivenews.com.br\/?p=22533\" \/>\n<meta property=\"article:publisher\" content=\"https:\/\/www.facebook.com\/agenciainclusive\/\" \/>\n<meta property=\"article:published_time\" content=\"2012-05-16T08:50:35+00:00\" \/>\n<meta property=\"og:image\" content=\"http:\/\/inclusivenews.com.br\/wp-content\/uploads\/2010\/10\/mulheres.jpg\" \/>\n<meta name=\"author\" content=\"inclusivenews2024\" \/>\n<meta name=\"twitter:card\" content=\"summary_large_image\" \/>\n<meta name=\"twitter:label1\" content=\"Escrito por\" \/>\n\t<meta name=\"twitter:data1\" content=\"inclusivenews2024\" \/>\n\t<meta name=\"twitter:label2\" content=\"Tempo estimado de leitura\" \/>\n\t<meta name=\"twitter:data2\" content=\"3 minutos\" \/>\n<script type=\"application\/ld+json\" class=\"yoast-schema-graph\">{\"@context\":\"https:\\\/\\\/schema.org\",\"@graph\":[{\"@type\":\"Article\",\"@id\":\"https:\\\/\\\/inclusivenews.com.br\\\/?p=22533#article\",\"isPartOf\":{\"@id\":\"https:\\\/\\\/inclusivenews.com.br\\\/?p=22533\"},\"author\":{\"name\":\"inclusivenews2024\",\"@id\":\"https:\\\/\\\/inclusivenews.com.br\\\/#\\\/schema\\\/person\\\/ae4ec7087559b8692fb33b6fffd2273b\"},\"headline\":\"Di\u00e1rio Oficial publica crit\u00e9rios do CFM para interrup\u00e7\u00e3o da gravidez em caso de anencefalia\",\"datePublished\":\"2012-05-16T08:50:35+00:00\",\"mainEntityOfPage\":{\"@id\":\"https:\\\/\\\/inclusivenews.com.br\\\/?p=22533\"},\"wordCount\":604,\"commentCount\":0,\"publisher\":{\"@id\":\"https:\\\/\\\/inclusivenews.com.br\\\/#organization\"},\"image\":{\"@id\":\"https:\\\/\\\/inclusivenews.com.br\\\/?p=22533#primaryimage\"},\"thumbnailUrl\":\"http:\\\/\\\/inclusivenews.com.br\\\/wp-content\\\/uploads\\\/2010\\\/10\\\/mulheres.jpg\",\"keywords\":[\"Direitos reprodutivos\"],\"articleSection\":[\"NOT\u00cdCIAS\"],\"inLanguage\":\"pt-PT\",\"potentialAction\":[{\"@type\":\"CommentAction\",\"name\":\"Comment\",\"target\":[\"https:\\\/\\\/inclusivenews.com.br\\\/?p=22533#respond\"]}]},{\"@type\":\"WebPage\",\"@id\":\"https:\\\/\\\/inclusivenews.com.br\\\/?p=22533\",\"url\":\"https:\\\/\\\/inclusivenews.com.br\\\/?p=22533\",\"name\":\"Di\u00e1rio Oficial publica crit\u00e9rios do CFM para interrup\u00e7\u00e3o da gravidez em caso de anencefalia -\",\"isPartOf\":{\"@id\":\"https:\\\/\\\/inclusivenews.com.br\\\/#website\"},\"primaryImageOfPage\":{\"@id\":\"https:\\\/\\\/inclusivenews.com.br\\\/?p=22533#primaryimage\"},\"image\":{\"@id\":\"https:\\\/\\\/inclusivenews.com.br\\\/?p=22533#primaryimage\"},\"thumbnailUrl\":\"http:\\\/\\\/inclusivenews.com.br\\\/wp-content\\\/uploads\\\/2010\\\/10\\\/mulheres.jpg\",\"datePublished\":\"2012-05-16T08:50:35+00:00\",\"breadcrumb\":{\"@id\":\"https:\\\/\\\/inclusivenews.com.br\\\/?p=22533#breadcrumb\"},\"inLanguage\":\"pt-PT\",\"potentialAction\":[{\"@type\":\"ReadAction\",\"target\":[\"https:\\\/\\\/inclusivenews.com.br\\\/?p=22533\"]}]},{\"@type\":\"ImageObject\",\"inLanguage\":\"pt-PT\",\"@id\":\"https:\\\/\\\/inclusivenews.com.br\\\/?p=22533#primaryimage\",\"url\":\"\",\"contentUrl\":\"\"},{\"@type\":\"BreadcrumbList\",\"@id\":\"https:\\\/\\\/inclusivenews.com.br\\\/?p=22533#breadcrumb\",\"itemListElement\":[{\"@type\":\"ListItem\",\"position\":1,\"name\":\"In\u00edcio\",\"item\":\"https:\\\/\\\/inclusivenews.com.br\\\/\"},{\"@type\":\"ListItem\",\"position\":2,\"name\":\"Di\u00e1rio Oficial publica crit\u00e9rios do CFM para interrup\u00e7\u00e3o da gravidez em caso de anencefalia\"}]},{\"@type\":\"WebSite\",\"@id\":\"https:\\\/\\\/inclusivenews.com.br\\\/#website\",\"url\":\"https:\\\/\\\/inclusivenews.com.br\\\/\",\"name\":\"Inclusive News\",\"description\":\"Inclusive News\",\"publisher\":{\"@id\":\"https:\\\/\\\/inclusivenews.com.br\\\/#organization\"},\"potentialAction\":[{\"@type\":\"SearchAction\",\"target\":{\"@type\":\"EntryPoint\",\"urlTemplate\":\"https:\\\/\\\/inclusivenews.com.br\\\/?s={search_term_string}\"},\"query-input\":{\"@type\":\"PropertyValueSpecification\",\"valueRequired\":true,\"valueName\":\"search_term_string\"}}],\"inLanguage\":\"pt-PT\"},{\"@type\":\"Organization\",\"@id\":\"https:\\\/\\\/inclusivenews.com.br\\\/#organization\",\"name\":\"Inclusive - inclus\u00e3o e cidadania\",\"url\":\"https:\\\/\\\/inclusivenews.com.br\\\/\",\"logo\":{\"@type\":\"ImageObject\",\"inLanguage\":\"pt-PT\",\"@id\":\"https:\\\/\\\/inclusivenews.com.br\\\/#\\\/schema\\\/logo\\\/image\\\/\",\"url\":\"https:\\\/\\\/inclusivenews.com.br\\\/wp-content\\\/uploads\\\/2024\\\/03\\\/@grandesite.png\",\"contentUrl\":\"https:\\\/\\\/inclusivenews.com.br\\\/wp-content\\\/uploads\\\/2024\\\/03\\\/@grandesite.png\",\"width\":1080,\"height\":1080,\"caption\":\"Inclusive - inclus\u00e3o e cidadania\"},\"image\":{\"@id\":\"https:\\\/\\\/inclusivenews.com.br\\\/#\\\/schema\\\/logo\\\/image\\\/\"},\"sameAs\":[\"https:\\\/\\\/www.facebook.com\\\/agenciainclusive\\\/\",\"https:\\\/\\\/www.instagram.com\\\/newsinclusive\\\/\"]},{\"@type\":\"Person\",\"@id\":\"https:\\\/\\\/inclusivenews.com.br\\\/#\\\/schema\\\/person\\\/ae4ec7087559b8692fb33b6fffd2273b\",\"name\":\"inclusivenews2024\",\"image\":{\"@type\":\"ImageObject\",\"inLanguage\":\"pt-PT\",\"@id\":\"https:\\\/\\\/secure.gravatar.com\\\/avatar\\\/c5a7ef84c66fa914f55bc4f7ce26cfa275a3b9a1c5568b907bd184fb4dde7b40?s=96&d=mm&r=g\",\"url\":\"https:\\\/\\\/secure.gravatar.com\\\/avatar\\\/c5a7ef84c66fa914f55bc4f7ce26cfa275a3b9a1c5568b907bd184fb4dde7b40?s=96&d=mm&r=g\",\"contentUrl\":\"https:\\\/\\\/secure.gravatar.com\\\/avatar\\\/c5a7ef84c66fa914f55bc4f7ce26cfa275a3b9a1c5568b907bd184fb4dde7b40?s=96&d=mm&r=g\",\"caption\":\"inclusivenews2024\"},\"sameAs\":[\"https:\\\/\\\/inclusivenews.com.br\"],\"url\":\"https:\\\/\\\/inclusivenews.com.br\\\/?author=1\"}]}<\/script>\n<!-- \/ Yoast SEO plugin. -->","yoast_head_json":{"title":"Di\u00e1rio Oficial publica crit\u00e9rios do CFM para interrup\u00e7\u00e3o da gravidez em caso de anencefalia -","robots":{"index":"index","follow":"follow","max-snippet":"max-snippet:-1","max-image-preview":"max-image-preview:large","max-video-preview":"max-video-preview:-1"},"canonical":"https:\/\/inclusivenews.com.br\/?p=22533","og_locale":"pt_PT","og_type":"article","og_title":"Di\u00e1rio Oficial publica crit\u00e9rios do CFM para interrup\u00e7\u00e3o da gravidez em caso de anencefalia -","og_description":"Segundo a resolu\u00e7\u00e3o, a gestante est\u00e1 livre para decidir se quer manter a gravidez. Caso decida levar adiante a gesta\u00e7\u00e3o ou interromp\u00ea-la, a mulher deve ter assist\u00eancia m\u00e9dica adequada. Da Ag\u00eancia Brasil","og_url":"https:\/\/inclusivenews.com.br\/?p=22533","article_publisher":"https:\/\/www.facebook.com\/agenciainclusive\/","article_published_time":"2012-05-16T08:50:35+00:00","og_image":[{"url":"http:\/\/inclusivenews.com.br\/wp-content\/uploads\/2010\/10\/mulheres.jpg","type":"","width":"","height":""}],"author":"inclusivenews2024","twitter_card":"summary_large_image","twitter_misc":{"Escrito por":"inclusivenews2024","Tempo estimado de leitura":"3 minutos"},"schema":{"@context":"https:\/\/schema.org","@graph":[{"@type":"Article","@id":"https:\/\/inclusivenews.com.br\/?p=22533#article","isPartOf":{"@id":"https:\/\/inclusivenews.com.br\/?p=22533"},"author":{"name":"inclusivenews2024","@id":"https:\/\/inclusivenews.com.br\/#\/schema\/person\/ae4ec7087559b8692fb33b6fffd2273b"},"headline":"Di\u00e1rio Oficial publica crit\u00e9rios do CFM para interrup\u00e7\u00e3o da gravidez em caso de anencefalia","datePublished":"2012-05-16T08:50:35+00:00","mainEntityOfPage":{"@id":"https:\/\/inclusivenews.com.br\/?p=22533"},"wordCount":604,"commentCount":0,"publisher":{"@id":"https:\/\/inclusivenews.com.br\/#organization"},"image":{"@id":"https:\/\/inclusivenews.com.br\/?p=22533#primaryimage"},"thumbnailUrl":"http:\/\/inclusivenews.com.br\/wp-content\/uploads\/2010\/10\/mulheres.jpg","keywords":["Direitos reprodutivos"],"articleSection":["NOT\u00cdCIAS"],"inLanguage":"pt-PT","potentialAction":[{"@type":"CommentAction","name":"Comment","target":["https:\/\/inclusivenews.com.br\/?p=22533#respond"]}]},{"@type":"WebPage","@id":"https:\/\/inclusivenews.com.br\/?p=22533","url":"https:\/\/inclusivenews.com.br\/?p=22533","name":"Di\u00e1rio Oficial publica crit\u00e9rios do CFM para interrup\u00e7\u00e3o da gravidez em caso de anencefalia -","isPartOf":{"@id":"https:\/\/inclusivenews.com.br\/#website"},"primaryImageOfPage":{"@id":"https:\/\/inclusivenews.com.br\/?p=22533#primaryimage"},"image":{"@id":"https:\/\/inclusivenews.com.br\/?p=22533#primaryimage"},"thumbnailUrl":"http:\/\/inclusivenews.com.br\/wp-content\/uploads\/2010\/10\/mulheres.jpg","datePublished":"2012-05-16T08:50:35+00:00","breadcrumb":{"@id":"https:\/\/inclusivenews.com.br\/?p=22533#breadcrumb"},"inLanguage":"pt-PT","potentialAction":[{"@type":"ReadAction","target":["https:\/\/inclusivenews.com.br\/?p=22533"]}]},{"@type":"ImageObject","inLanguage":"pt-PT","@id":"https:\/\/inclusivenews.com.br\/?p=22533#primaryimage","url":"","contentUrl":""},{"@type":"BreadcrumbList","@id":"https:\/\/inclusivenews.com.br\/?p=22533#breadcrumb","itemListElement":[{"@type":"ListItem","position":1,"name":"In\u00edcio","item":"https:\/\/inclusivenews.com.br\/"},{"@type":"ListItem","position":2,"name":"Di\u00e1rio Oficial publica crit\u00e9rios do CFM para interrup\u00e7\u00e3o da gravidez em caso de anencefalia"}]},{"@type":"WebSite","@id":"https:\/\/inclusivenews.com.br\/#website","url":"https:\/\/inclusivenews.com.br\/","name":"Inclusive News","description":"Inclusive News","publisher":{"@id":"https:\/\/inclusivenews.com.br\/#organization"},"potentialAction":[{"@type":"SearchAction","target":{"@type":"EntryPoint","urlTemplate":"https:\/\/inclusivenews.com.br\/?s={search_term_string}"},"query-input":{"@type":"PropertyValueSpecification","valueRequired":true,"valueName":"search_term_string"}}],"inLanguage":"pt-PT"},{"@type":"Organization","@id":"https:\/\/inclusivenews.com.br\/#organization","name":"Inclusive - inclus\u00e3o e cidadania","url":"https:\/\/inclusivenews.com.br\/","logo":{"@type":"ImageObject","inLanguage":"pt-PT","@id":"https:\/\/inclusivenews.com.br\/#\/schema\/logo\/image\/","url":"https:\/\/inclusivenews.com.br\/wp-content\/uploads\/2024\/03\/@grandesite.png","contentUrl":"https:\/\/inclusivenews.com.br\/wp-content\/uploads\/2024\/03\/@grandesite.png","width":1080,"height":1080,"caption":"Inclusive - inclus\u00e3o e cidadania"},"image":{"@id":"https:\/\/inclusivenews.com.br\/#\/schema\/logo\/image\/"},"sameAs":["https:\/\/www.facebook.com\/agenciainclusive\/","https:\/\/www.instagram.com\/newsinclusive\/"]},{"@type":"Person","@id":"https:\/\/inclusivenews.com.br\/#\/schema\/person\/ae4ec7087559b8692fb33b6fffd2273b","name":"inclusivenews2024","image":{"@type":"ImageObject","inLanguage":"pt-PT","@id":"https:\/\/secure.gravatar.com\/avatar\/c5a7ef84c66fa914f55bc4f7ce26cfa275a3b9a1c5568b907bd184fb4dde7b40?s=96&d=mm&r=g","url":"https:\/\/secure.gravatar.com\/avatar\/c5a7ef84c66fa914f55bc4f7ce26cfa275a3b9a1c5568b907bd184fb4dde7b40?s=96&d=mm&r=g","contentUrl":"https:\/\/secure.gravatar.com\/avatar\/c5a7ef84c66fa914f55bc4f7ce26cfa275a3b9a1c5568b907bd184fb4dde7b40?s=96&d=mm&r=g","caption":"inclusivenews2024"},"sameAs":["https:\/\/inclusivenews.com.br"],"url":"https:\/\/inclusivenews.com.br\/?author=1"}]}},"_links":{"self":[{"href":"https:\/\/inclusivenews.com.br\/index.php?rest_route=\/wp\/v2\/posts\/22533","targetHints":{"allow":["GET"]}}],"collection":[{"href":"https:\/\/inclusivenews.com.br\/index.php?rest_route=\/wp\/v2\/posts"}],"about":[{"href":"https:\/\/inclusivenews.com.br\/index.php?rest_route=\/wp\/v2\/types\/post"}],"author":[{"embeddable":true,"href":"https:\/\/inclusivenews.com.br\/index.php?rest_route=\/wp\/v2\/users\/1"}],"replies":[{"embeddable":true,"href":"https:\/\/inclusivenews.com.br\/index.php?rest_route=%2Fwp%2Fv2%2Fcomments&post=22533"}],"version-history":[{"count":0,"href":"https:\/\/inclusivenews.com.br\/index.php?rest_route=\/wp\/v2\/posts\/22533\/revisions"}],"wp:attachment":[{"href":"https:\/\/inclusivenews.com.br\/index.php?rest_route=%2Fwp%2Fv2%2Fmedia&parent=22533"}],"wp:term":[{"taxonomy":"category","embeddable":true,"href":"https:\/\/inclusivenews.com.br\/index.php?rest_route=%2Fwp%2Fv2%2Fcategories&post=22533"},{"taxonomy":"post_tag","embeddable":true,"href":"https:\/\/inclusivenews.com.br\/index.php?rest_route=%2Fwp%2Fv2%2Ftags&post=22533"}],"curies":[{"name":"wp","href":"https:\/\/api.w.org\/{rel}","templated":true}]}}