{"id":22542,"date":"2012-05-16T05:50:43","date_gmt":"2012-05-16T08:50:43","guid":{"rendered":"http:\/\/www.inclusive.org.br\/?p=22542"},"modified":"2012-05-16T05:50:43","modified_gmt":"2012-05-16T08:50:43","slug":"quanto-mais-pobre-menos-o-brasileiro-confia-na-policia","status":"publish","type":"post","link":"https:\/\/inclusivenews.com.br\/?p=22542","title":{"rendered":"Quanto mais pobre, menos o brasileiro confia na pol\u00edcia"},"content":{"rendered":"<p><img loading=\"lazy\" decoding=\"async\" class=\"alignleft\" title=\"Distintivo policial\" src=\"http:\/\/3.bp.blogspot.com\/-jwXuCeWW8D4\/TVh8EZqfbOI\/AAAAAAAAAEE\/PkNXsEnWEsw\/s200\/distintivo-policia-civil.jpg\" alt=\"\" width=\"200\" height=\"200\" \/><\/p>\n<p><strong>Por William Cardoso<br \/>\nno Estado de S\u00e3o Paulo<\/strong><\/p>\n<p>A pesquisa foi feita com 1.550 pessoas, em seis Estados e no Distrito Federal. O \u00edndice de confian\u00e7a aumenta conforme a renda do entrevistado. Entre os mais ricos &#8211; aqueles que ganham mais de 12 sal\u00e1rios m\u00ednimos -, 59% n\u00e3o acreditam na pol\u00edcia.<\/p>\n<p>Respons\u00e1vel por coordenar a pesquisa, a professora Luciana Gross Cunha, da Escola de Direito de S\u00e3o Paulo, diz que h\u00e1 raz\u00f5es para que as pessoas de baixa renda desconfiem mais. &#8220;\u00c9 porque residem e frequentam locais de mais risco, convivem com o aparato policial voltado para o combate \u00e0 criminalidade. Nem sempre a pol\u00edcia \u00e9 vista nesses lugares como um sinal de seguran\u00e7a, mas de amea\u00e7a.&#8221;<\/p>\n<p>Segundo Luciana, os meios de sele\u00e7\u00e3o, treinamento e forma\u00e7\u00e3o podem mudar essa rela\u00e7\u00e3o entre a pol\u00edcia e os mais pobres. Isso passa tamb\u00e9m pela discuss\u00e3o do papel da pol\u00edcia e pela valoriza\u00e7\u00e3o &#8211; at\u00e9 salarial &#8211; do agente p\u00fablico. &#8220;Uma vez que voc\u00ea valoriza o policial na comunidade, passa a ser normal e natural a presen\u00e7a dele ali. Agora, quando \u00e9 desvalorizado, ele se torna perigoso para si e para a sociedade.&#8221;<\/p>\n<p>A desconfian\u00e7a tamb\u00e9m \u00e9 maior entre os mais jovens. Na faixa dos 18 aos 34 anos, 64% das pessoas n\u00e3o acreditam na pol\u00edcia. Entre os que t\u00eam mais de 60, a confian\u00e7a \u00e9 maior. Mesmo assim, mais da metade n\u00e3o confia na institui\u00e7\u00e3o.<\/p>\n<p>Viol\u00eancia<\/p>\n<p>Especialista em seguran\u00e7a p\u00fablica, o coronel da reserva Jos\u00e9 Vicente da Silva v\u00ea uma s\u00e9rie de fatores que contribuem para essa m\u00e1 avalia\u00e7\u00e3o da pol\u00edcia. &#8220;O Brasil \u00e9 um pa\u00eds muito violento, a qualidade dos servi\u00e7os policiais \u00e9 deficiente, o \u00edndice de esclarecimento de homic\u00eddios \u00e9 baix\u00edssimo, de 8%, as pris\u00f5es s\u00e3o currais de criminosos e os crimes s\u00e3o extremamente explorados pela televis\u00e3o.&#8221;<\/p>\n<p>De acordo com o coronel, iniciativas como a ado\u00e7\u00e3o do policiamento comunit\u00e1rio, como tem sido feito em S\u00e3o Paulo, podem colaborar para a mudan\u00e7a no relacionamento com a popula\u00e7\u00e3o. &#8220;A pol\u00edcia dialoga mais, faz suas reuni\u00f5es mensalmente com conselhos de bairro. Essa aproxima\u00e7\u00e3o \u00e9 important\u00edssima, para mostrar o que est\u00e1 sendo feito&#8221;, afirma. O Estado tem atualmente mais de 500 bases comunit\u00e1rias.<\/p>\n<p>S\u00e3o Paulo<\/p>\n<p>Os n\u00fameros no Estado s\u00e3o praticamente os mesmos do restante do Pa\u00eds. Entre os ouvidos pela pesquisa de forma geral, 38,2% acreditam na pol\u00edcia. Em S\u00e3o Paulo, s\u00e3o 39,9%.<\/p>\n<p>A Secretaria de Seguran\u00e7a P\u00fablica diz que, al\u00e9m do policiamento comunit\u00e1rio, tem feito grande esfor\u00e7o para aproximar a pol\u00edcia das pessoas. Na forma\u00e7\u00e3o dos policiais, h\u00e1 aulas de direitos humanos. Na PM, existem aulas de quest\u00f5es \u00e9tnico-raciais. A SSP ressalta ainda que adota servi\u00e7o de atendimento ao consumidor e Central de Flagrantes para diminuir o tempo de espera nos distritos, como forma de atender melhor \u00e0 popula\u00e7\u00e3o.<\/p>\n<p>Fonte: O Estado de S\u00e3o Paulo<\/p>\n","protected":false},"excerpt":{"rendered":"<p>Por William Cardoso no Estado de S\u00e3o Paulo A pesquisa foi feita com 1.550 pessoas, em seis Estados e no Distrito Federal. O \u00edndice de confian\u00e7a aumenta conforme a renda do entrevistado. Entre os mais ricos &#8211; aqueles que ganham mais de 12 sal\u00e1rios m\u00ednimos -, 59% n\u00e3o acreditam na pol\u00edcia. Respons\u00e1vel por coordenar a [&hellip;]<\/p>\n","protected":false},"author":1,"featured_media":0,"comment_status":"open","ping_status":"open","sticky":false,"template":"","format":"standard","meta":{"site-container-style":"default","site-container-layout":"default","site-sidebar-layout":"default","disable-article-header":"default","disable-site-header":"default","disable-site-footer":"default","disable-content-area-spacing":"default","footnotes":""},"categories":[33],"tags":[94],"class_list":["post-22542","post","type-post","status-publish","format-standard","hentry","category-reportagem","tag-violencia"],"yoast_head":"<!-- This site is optimized with the Yoast SEO plugin v27.4 - https:\/\/yoast.com\/product\/yoast-seo-wordpress\/ -->\n<title>Quanto mais pobre, menos o brasileiro confia na pol\u00edcia -<\/title>\n<meta name=\"robots\" content=\"index, follow, max-snippet:-1, max-image-preview:large, max-video-preview:-1\" \/>\n<link rel=\"canonical\" href=\"https:\/\/inclusivenews.com.br\/?p=22542\" \/>\n<meta property=\"og:locale\" content=\"pt_PT\" \/>\n<meta property=\"og:type\" content=\"article\" \/>\n<meta property=\"og:title\" content=\"Quanto mais pobre, menos o brasileiro confia na pol\u00edcia -\" \/>\n<meta property=\"og:description\" content=\"Por William Cardoso no Estado de S\u00e3o Paulo A pesquisa foi feita com 1.550 pessoas, em seis Estados e no Distrito Federal. O \u00edndice de confian\u00e7a aumenta conforme a renda do entrevistado. Entre os mais ricos &#8211; aqueles que ganham mais de 12 sal\u00e1rios m\u00ednimos -, 59% n\u00e3o acreditam na pol\u00edcia. Respons\u00e1vel por coordenar a [&hellip;]\" \/>\n<meta property=\"og:url\" content=\"https:\/\/inclusivenews.com.br\/?p=22542\" \/>\n<meta property=\"article:publisher\" content=\"https:\/\/www.facebook.com\/agenciainclusive\/\" \/>\n<meta property=\"article:published_time\" content=\"2012-05-16T08:50:43+00:00\" \/>\n<meta property=\"og:image\" content=\"http:\/\/3.bp.blogspot.com\/-jwXuCeWW8D4\/TVh8EZqfbOI\/AAAAAAAAAEE\/PkNXsEnWEsw\/s200\/distintivo-policia-civil.jpg\" \/>\n<meta name=\"author\" content=\"inclusivenews2024\" \/>\n<meta name=\"twitter:card\" content=\"summary_large_image\" \/>\n<meta name=\"twitter:label1\" content=\"Escrito por\" \/>\n\t<meta name=\"twitter:data1\" content=\"inclusivenews2024\" \/>\n\t<meta name=\"twitter:label2\" content=\"Tempo estimado de leitura\" \/>\n\t<meta name=\"twitter:data2\" content=\"3 minutos\" \/>\n<script type=\"application\/ld+json\" class=\"yoast-schema-graph\">{\"@context\":\"https:\\\/\\\/schema.org\",\"@graph\":[{\"@type\":\"Article\",\"@id\":\"https:\\\/\\\/inclusivenews.com.br\\\/?p=22542#article\",\"isPartOf\":{\"@id\":\"https:\\\/\\\/inclusivenews.com.br\\\/?p=22542\"},\"author\":{\"name\":\"inclusivenews2024\",\"@id\":\"https:\\\/\\\/inclusivenews.com.br\\\/#\\\/schema\\\/person\\\/ae4ec7087559b8692fb33b6fffd2273b\"},\"headline\":\"Quanto mais pobre, menos o brasileiro confia na pol\u00edcia\",\"datePublished\":\"2012-05-16T08:50:43+00:00\",\"mainEntityOfPage\":{\"@id\":\"https:\\\/\\\/inclusivenews.com.br\\\/?p=22542\"},\"wordCount\":522,\"commentCount\":0,\"publisher\":{\"@id\":\"https:\\\/\\\/inclusivenews.com.br\\\/#organization\"},\"image\":{\"@id\":\"https:\\\/\\\/inclusivenews.com.br\\\/?p=22542#primaryimage\"},\"thumbnailUrl\":\"http:\\\/\\\/3.bp.blogspot.com\\\/-jwXuCeWW8D4\\\/TVh8EZqfbOI\\\/AAAAAAAAAEE\\\/PkNXsEnWEsw\\\/s200\\\/distintivo-policia-civil.jpg\",\"keywords\":[\"Viol\u00eancia\"],\"articleSection\":[\"Reportagem\"],\"inLanguage\":\"pt-PT\",\"potentialAction\":[{\"@type\":\"CommentAction\",\"name\":\"Comment\",\"target\":[\"https:\\\/\\\/inclusivenews.com.br\\\/?p=22542#respond\"]}]},{\"@type\":\"WebPage\",\"@id\":\"https:\\\/\\\/inclusivenews.com.br\\\/?p=22542\",\"url\":\"https:\\\/\\\/inclusivenews.com.br\\\/?p=22542\",\"name\":\"Quanto mais pobre, menos o brasileiro confia na pol\u00edcia -\",\"isPartOf\":{\"@id\":\"https:\\\/\\\/inclusivenews.com.br\\\/#website\"},\"primaryImageOfPage\":{\"@id\":\"https:\\\/\\\/inclusivenews.com.br\\\/?p=22542#primaryimage\"},\"image\":{\"@id\":\"https:\\\/\\\/inclusivenews.com.br\\\/?p=22542#primaryimage\"},\"thumbnailUrl\":\"http:\\\/\\\/3.bp.blogspot.com\\\/-jwXuCeWW8D4\\\/TVh8EZqfbOI\\\/AAAAAAAAAEE\\\/PkNXsEnWEsw\\\/s200\\\/distintivo-policia-civil.jpg\",\"datePublished\":\"2012-05-16T08:50:43+00:00\",\"breadcrumb\":{\"@id\":\"https:\\\/\\\/inclusivenews.com.br\\\/?p=22542#breadcrumb\"},\"inLanguage\":\"pt-PT\",\"potentialAction\":[{\"@type\":\"ReadAction\",\"target\":[\"https:\\\/\\\/inclusivenews.com.br\\\/?p=22542\"]}]},{\"@type\":\"ImageObject\",\"inLanguage\":\"pt-PT\",\"@id\":\"https:\\\/\\\/inclusivenews.com.br\\\/?p=22542#primaryimage\",\"url\":\"http:\\\/\\\/3.bp.blogspot.com\\\/-jwXuCeWW8D4\\\/TVh8EZqfbOI\\\/AAAAAAAAAEE\\\/PkNXsEnWEsw\\\/s200\\\/distintivo-policia-civil.jpg\",\"contentUrl\":\"http:\\\/\\\/3.bp.blogspot.com\\\/-jwXuCeWW8D4\\\/TVh8EZqfbOI\\\/AAAAAAAAAEE\\\/PkNXsEnWEsw\\\/s200\\\/distintivo-policia-civil.jpg\"},{\"@type\":\"BreadcrumbList\",\"@id\":\"https:\\\/\\\/inclusivenews.com.br\\\/?p=22542#breadcrumb\",\"itemListElement\":[{\"@type\":\"ListItem\",\"position\":1,\"name\":\"In\u00edcio\",\"item\":\"https:\\\/\\\/inclusivenews.com.br\\\/\"},{\"@type\":\"ListItem\",\"position\":2,\"name\":\"Quanto mais pobre, menos o brasileiro confia na pol\u00edcia\"}]},{\"@type\":\"WebSite\",\"@id\":\"https:\\\/\\\/inclusivenews.com.br\\\/#website\",\"url\":\"https:\\\/\\\/inclusivenews.com.br\\\/\",\"name\":\"Inclusive News\",\"description\":\"Inclusive News\",\"publisher\":{\"@id\":\"https:\\\/\\\/inclusivenews.com.br\\\/#organization\"},\"potentialAction\":[{\"@type\":\"SearchAction\",\"target\":{\"@type\":\"EntryPoint\",\"urlTemplate\":\"https:\\\/\\\/inclusivenews.com.br\\\/?s={search_term_string}\"},\"query-input\":{\"@type\":\"PropertyValueSpecification\",\"valueRequired\":true,\"valueName\":\"search_term_string\"}}],\"inLanguage\":\"pt-PT\"},{\"@type\":\"Organization\",\"@id\":\"https:\\\/\\\/inclusivenews.com.br\\\/#organization\",\"name\":\"Inclusive - inclus\u00e3o e cidadania\",\"url\":\"https:\\\/\\\/inclusivenews.com.br\\\/\",\"logo\":{\"@type\":\"ImageObject\",\"inLanguage\":\"pt-PT\",\"@id\":\"https:\\\/\\\/inclusivenews.com.br\\\/#\\\/schema\\\/logo\\\/image\\\/\",\"url\":\"https:\\\/\\\/inclusivenews.com.br\\\/wp-content\\\/uploads\\\/2024\\\/03\\\/@grandesite.png\",\"contentUrl\":\"https:\\\/\\\/inclusivenews.com.br\\\/wp-content\\\/uploads\\\/2024\\\/03\\\/@grandesite.png\",\"width\":1080,\"height\":1080,\"caption\":\"Inclusive - inclus\u00e3o e cidadania\"},\"image\":{\"@id\":\"https:\\\/\\\/inclusivenews.com.br\\\/#\\\/schema\\\/logo\\\/image\\\/\"},\"sameAs\":[\"https:\\\/\\\/www.facebook.com\\\/agenciainclusive\\\/\",\"https:\\\/\\\/www.instagram.com\\\/newsinclusive\\\/\"]},{\"@type\":\"Person\",\"@id\":\"https:\\\/\\\/inclusivenews.com.br\\\/#\\\/schema\\\/person\\\/ae4ec7087559b8692fb33b6fffd2273b\",\"name\":\"inclusivenews2024\",\"image\":{\"@type\":\"ImageObject\",\"inLanguage\":\"pt-PT\",\"@id\":\"https:\\\/\\\/secure.gravatar.com\\\/avatar\\\/c5a7ef84c66fa914f55bc4f7ce26cfa275a3b9a1c5568b907bd184fb4dde7b40?s=96&d=mm&r=g\",\"url\":\"https:\\\/\\\/secure.gravatar.com\\\/avatar\\\/c5a7ef84c66fa914f55bc4f7ce26cfa275a3b9a1c5568b907bd184fb4dde7b40?s=96&d=mm&r=g\",\"contentUrl\":\"https:\\\/\\\/secure.gravatar.com\\\/avatar\\\/c5a7ef84c66fa914f55bc4f7ce26cfa275a3b9a1c5568b907bd184fb4dde7b40?s=96&d=mm&r=g\",\"caption\":\"inclusivenews2024\"},\"sameAs\":[\"https:\\\/\\\/inclusivenews.com.br\"],\"url\":\"https:\\\/\\\/inclusivenews.com.br\\\/?author=1\"}]}<\/script>\n<!-- \/ Yoast SEO plugin. -->","yoast_head_json":{"title":"Quanto mais pobre, menos o brasileiro confia na pol\u00edcia -","robots":{"index":"index","follow":"follow","max-snippet":"max-snippet:-1","max-image-preview":"max-image-preview:large","max-video-preview":"max-video-preview:-1"},"canonical":"https:\/\/inclusivenews.com.br\/?p=22542","og_locale":"pt_PT","og_type":"article","og_title":"Quanto mais pobre, menos o brasileiro confia na pol\u00edcia -","og_description":"Por William Cardoso no Estado de S\u00e3o Paulo A pesquisa foi feita com 1.550 pessoas, em seis Estados e no Distrito Federal. O \u00edndice de confian\u00e7a aumenta conforme a renda do entrevistado. Entre os mais ricos &#8211; aqueles que ganham mais de 12 sal\u00e1rios m\u00ednimos -, 59% n\u00e3o acreditam na pol\u00edcia. Respons\u00e1vel por coordenar a [&hellip;]","og_url":"https:\/\/inclusivenews.com.br\/?p=22542","article_publisher":"https:\/\/www.facebook.com\/agenciainclusive\/","article_published_time":"2012-05-16T08:50:43+00:00","og_image":[{"url":"http:\/\/3.bp.blogspot.com\/-jwXuCeWW8D4\/TVh8EZqfbOI\/AAAAAAAAAEE\/PkNXsEnWEsw\/s200\/distintivo-policia-civil.jpg","type":"","width":"","height":""}],"author":"inclusivenews2024","twitter_card":"summary_large_image","twitter_misc":{"Escrito por":"inclusivenews2024","Tempo estimado de leitura":"3 minutos"},"schema":{"@context":"https:\/\/schema.org","@graph":[{"@type":"Article","@id":"https:\/\/inclusivenews.com.br\/?p=22542#article","isPartOf":{"@id":"https:\/\/inclusivenews.com.br\/?p=22542"},"author":{"name":"inclusivenews2024","@id":"https:\/\/inclusivenews.com.br\/#\/schema\/person\/ae4ec7087559b8692fb33b6fffd2273b"},"headline":"Quanto mais pobre, menos o brasileiro confia na pol\u00edcia","datePublished":"2012-05-16T08:50:43+00:00","mainEntityOfPage":{"@id":"https:\/\/inclusivenews.com.br\/?p=22542"},"wordCount":522,"commentCount":0,"publisher":{"@id":"https:\/\/inclusivenews.com.br\/#organization"},"image":{"@id":"https:\/\/inclusivenews.com.br\/?p=22542#primaryimage"},"thumbnailUrl":"http:\/\/3.bp.blogspot.com\/-jwXuCeWW8D4\/TVh8EZqfbOI\/AAAAAAAAAEE\/PkNXsEnWEsw\/s200\/distintivo-policia-civil.jpg","keywords":["Viol\u00eancia"],"articleSection":["Reportagem"],"inLanguage":"pt-PT","potentialAction":[{"@type":"CommentAction","name":"Comment","target":["https:\/\/inclusivenews.com.br\/?p=22542#respond"]}]},{"@type":"WebPage","@id":"https:\/\/inclusivenews.com.br\/?p=22542","url":"https:\/\/inclusivenews.com.br\/?p=22542","name":"Quanto mais pobre, menos o brasileiro confia na pol\u00edcia -","isPartOf":{"@id":"https:\/\/inclusivenews.com.br\/#website"},"primaryImageOfPage":{"@id":"https:\/\/inclusivenews.com.br\/?p=22542#primaryimage"},"image":{"@id":"https:\/\/inclusivenews.com.br\/?p=22542#primaryimage"},"thumbnailUrl":"http:\/\/3.bp.blogspot.com\/-jwXuCeWW8D4\/TVh8EZqfbOI\/AAAAAAAAAEE\/PkNXsEnWEsw\/s200\/distintivo-policia-civil.jpg","datePublished":"2012-05-16T08:50:43+00:00","breadcrumb":{"@id":"https:\/\/inclusivenews.com.br\/?p=22542#breadcrumb"},"inLanguage":"pt-PT","potentialAction":[{"@type":"ReadAction","target":["https:\/\/inclusivenews.com.br\/?p=22542"]}]},{"@type":"ImageObject","inLanguage":"pt-PT","@id":"https:\/\/inclusivenews.com.br\/?p=22542#primaryimage","url":"http:\/\/3.bp.blogspot.com\/-jwXuCeWW8D4\/TVh8EZqfbOI\/AAAAAAAAAEE\/PkNXsEnWEsw\/s200\/distintivo-policia-civil.jpg","contentUrl":"http:\/\/3.bp.blogspot.com\/-jwXuCeWW8D4\/TVh8EZqfbOI\/AAAAAAAAAEE\/PkNXsEnWEsw\/s200\/distintivo-policia-civil.jpg"},{"@type":"BreadcrumbList","@id":"https:\/\/inclusivenews.com.br\/?p=22542#breadcrumb","itemListElement":[{"@type":"ListItem","position":1,"name":"In\u00edcio","item":"https:\/\/inclusivenews.com.br\/"},{"@type":"ListItem","position":2,"name":"Quanto mais pobre, menos o brasileiro confia na pol\u00edcia"}]},{"@type":"WebSite","@id":"https:\/\/inclusivenews.com.br\/#website","url":"https:\/\/inclusivenews.com.br\/","name":"Inclusive News","description":"Inclusive News","publisher":{"@id":"https:\/\/inclusivenews.com.br\/#organization"},"potentialAction":[{"@type":"SearchAction","target":{"@type":"EntryPoint","urlTemplate":"https:\/\/inclusivenews.com.br\/?s={search_term_string}"},"query-input":{"@type":"PropertyValueSpecification","valueRequired":true,"valueName":"search_term_string"}}],"inLanguage":"pt-PT"},{"@type":"Organization","@id":"https:\/\/inclusivenews.com.br\/#organization","name":"Inclusive - inclus\u00e3o e cidadania","url":"https:\/\/inclusivenews.com.br\/","logo":{"@type":"ImageObject","inLanguage":"pt-PT","@id":"https:\/\/inclusivenews.com.br\/#\/schema\/logo\/image\/","url":"https:\/\/inclusivenews.com.br\/wp-content\/uploads\/2024\/03\/@grandesite.png","contentUrl":"https:\/\/inclusivenews.com.br\/wp-content\/uploads\/2024\/03\/@grandesite.png","width":1080,"height":1080,"caption":"Inclusive - inclus\u00e3o e cidadania"},"image":{"@id":"https:\/\/inclusivenews.com.br\/#\/schema\/logo\/image\/"},"sameAs":["https:\/\/www.facebook.com\/agenciainclusive\/","https:\/\/www.instagram.com\/newsinclusive\/"]},{"@type":"Person","@id":"https:\/\/inclusivenews.com.br\/#\/schema\/person\/ae4ec7087559b8692fb33b6fffd2273b","name":"inclusivenews2024","image":{"@type":"ImageObject","inLanguage":"pt-PT","@id":"https:\/\/secure.gravatar.com\/avatar\/c5a7ef84c66fa914f55bc4f7ce26cfa275a3b9a1c5568b907bd184fb4dde7b40?s=96&d=mm&r=g","url":"https:\/\/secure.gravatar.com\/avatar\/c5a7ef84c66fa914f55bc4f7ce26cfa275a3b9a1c5568b907bd184fb4dde7b40?s=96&d=mm&r=g","contentUrl":"https:\/\/secure.gravatar.com\/avatar\/c5a7ef84c66fa914f55bc4f7ce26cfa275a3b9a1c5568b907bd184fb4dde7b40?s=96&d=mm&r=g","caption":"inclusivenews2024"},"sameAs":["https:\/\/inclusivenews.com.br"],"url":"https:\/\/inclusivenews.com.br\/?author=1"}]}},"_links":{"self":[{"href":"https:\/\/inclusivenews.com.br\/index.php?rest_route=\/wp\/v2\/posts\/22542","targetHints":{"allow":["GET"]}}],"collection":[{"href":"https:\/\/inclusivenews.com.br\/index.php?rest_route=\/wp\/v2\/posts"}],"about":[{"href":"https:\/\/inclusivenews.com.br\/index.php?rest_route=\/wp\/v2\/types\/post"}],"author":[{"embeddable":true,"href":"https:\/\/inclusivenews.com.br\/index.php?rest_route=\/wp\/v2\/users\/1"}],"replies":[{"embeddable":true,"href":"https:\/\/inclusivenews.com.br\/index.php?rest_route=%2Fwp%2Fv2%2Fcomments&post=22542"}],"version-history":[{"count":0,"href":"https:\/\/inclusivenews.com.br\/index.php?rest_route=\/wp\/v2\/posts\/22542\/revisions"}],"wp:attachment":[{"href":"https:\/\/inclusivenews.com.br\/index.php?rest_route=%2Fwp%2Fv2%2Fmedia&parent=22542"}],"wp:term":[{"taxonomy":"category","embeddable":true,"href":"https:\/\/inclusivenews.com.br\/index.php?rest_route=%2Fwp%2Fv2%2Fcategories&post=22542"},{"taxonomy":"post_tag","embeddable":true,"href":"https:\/\/inclusivenews.com.br\/index.php?rest_route=%2Fwp%2Fv2%2Ftags&post=22542"}],"curies":[{"name":"wp","href":"https:\/\/api.w.org\/{rel}","templated":true}]}}