{"id":22570,"date":"2012-05-23T15:52:15","date_gmt":"2012-05-23T18:52:15","guid":{"rendered":"http:\/\/www.inclusive.org.br\/?p=22570"},"modified":"2012-05-23T15:52:15","modified_gmt":"2012-05-23T18:52:15","slug":"faltam-menos-de-100-dias-para-a-maior-paralimpiada-da-historia","status":"publish","type":"post","link":"https:\/\/inclusivenews.com.br\/?p=22570","title":{"rendered":"Faltam menos de 100 dias para a maior paraolimp\u00edada da hist\u00f3ria"},"content":{"rendered":"<p><a href=\"http:\/\/www.inclusivenews.com.br\/wp-content\/uploads\/paraolimpiadas.jpg\"><img loading=\"lazy\" decoding=\"async\" class=\"alignleft size-full wp-image-21653\" title=\"\u00cdcones das modalidades paraol\u00edmpicas - esporte\" src=\"http:\/\/inclusivenews.com.br\/wp-content\/uploads\/paraolimpiadas.jpg\" alt=\"\u00cdcones das modalidades paraol\u00edmpicas - esporte\" width=\"300\" height=\"225\" \/><\/a><\/p>\n<p>O mundo inteiro celebrou nesta segunda-feira (21) os 100 dias para as Paralimp\u00edadas de Londres 2012. Com a delega\u00e7\u00e3o praticamente formada, o Brasil aguarda apenas a confirma\u00e7\u00e3o do n\u00famero de vagas no Atletismo, Nata\u00e7\u00e3o e T\u00eanis em Cadeira de Rodas para finalizar a convoca\u00e7\u00e3o para os Jogos, que ser\u00e1 anunciada no dia 20 de junho. A divulga\u00e7\u00e3o da quantidade de atletas brasileiros nas modalidades foi feita nesta segunda-feira, pelo Comit\u00ea Paral\u00edmpico Internacional (IPC).<\/p>\n<p>\u201cOs \u00faltimos 100 dias de quatro anos de trabalho. O sentimento \u00e9 de ansiedade, claro, de certo frio na barriga, mas tamb\u00e9m de muita confian\u00e7a e de certeza de que estamos provendo aos nossos atletas a melhor prepara\u00e7\u00e3o de todos os tempos para Delega\u00e7\u00e3o Brasileira numa edi\u00e7\u00e3o de Jogos Paral\u00edmpicos. O processo de prepara\u00e7\u00e3o para Londres come\u00e7ou j\u00e1 no retorno de Pequim, com uma avalia\u00e7\u00e3o detalhada de nosso ciclo paral\u00edmpico anterior. Com esses resultados, partimos para construir o planejamento de dois ciclos, 2012 e 2016, junto \u00e0s Confedera\u00e7\u00f5es Paral\u00edmpicas Brasileiras. Nossas metas se tornaram p\u00fablicas: s\u00e9timo lugar em Londres 2012 e quinto no Rio 2016\u201d, afirma o presidente do Comit\u00ea Paral\u00edmpico Brasileiro (CPB), Andrew Parsons.<\/p>\n<p>At\u00e9 o momento, o Pa\u00eds tem 135 vagas em 18 modalidades. As mulheres ter\u00e3o peso na participa\u00e7\u00e3o brasileira em Londres. J\u00e1 s\u00e3o 56 e o n\u00famero deve aumentar ainda mais. O V\u00f4lei Sentado Feminino far\u00e1 sua estreia na competi\u00e7\u00e3o e o Basquete em Cadeira de Rodas ter\u00e1 representa\u00e7\u00e3o apenas feminina. Outra equipe formada por mulheres \u00e9 a do Goalball, prata nos Jogos Parapan-Americanos de Guadalajara 2011. Tamb\u00e9m estreante, Elaine Cunha, ser\u00e1 a primeira mulher a representar o Brasil na Vela.<\/p>\n<p>Para o diretor t\u00e9cnico do CPB e chefe de miss\u00e3o do Brasil em Londres, Edilson Rocha Tubiba, a Delega\u00e7\u00e3o Brasileira a cada dia toma corpo.<\/p>\n<p>\u201cA 100 dias das Paralimp\u00edadas percebemos a delega\u00e7\u00e3o praticamente pronta, com atletas confirmando seus nomes. Acabamos de voltar de Londres e vimos toda a estrutura dos Jogos, tudo o que est\u00e1 pronto. Come\u00e7amos a tra\u00e7ar os cen\u00e1rios que teremos e vemos que o Brasil cumprir\u00e1 suas metas. Para alcan\u00e7armos o s\u00e9timo lugar, contamos que ganharemos entre 18 e 21 medalhas de ouro\u201d, disse.<\/p>\n<p>INVESTIMENTO<br \/>\nO or\u00e7amento para a prepara\u00e7\u00e3o para os Jogos de Pequim 2008 foi de R$ 77 milh\u00f5es. Para alcan\u00e7ar a meta do s\u00e9timo lugar em Londres, a estimativa de investimento foi de cerca de R$ 70 milh\u00f5es anuais. Gra\u00e7as \u00e0 amplia\u00e7\u00e3o de parcerias, o CPB conseguiu ampliar seu or\u00e7amento.<\/p>\n<p>\u201cHoje temos diversos parceiros que fazem com que neste ano de 2012, nosso or\u00e7amento supere os R$ 55 milh\u00f5es. Ampliamos nossa parceria com as Loterias CAIXA, que aumentaram seu investimento de R$ 6,4 milh\u00f5es em 2008, para R$ 11 milh\u00f5es em 2012. O Minist\u00e9rio do Esporte tamb\u00e9m tem sido fundamental. Gra\u00e7as aos seus cerca de R$ 12 milh\u00f5es apenas em 2012, estamos conseguindo viabilizar a prepara\u00e7\u00e3o de 17 das 18 modalidades nas quais qualificamos atletas para Londres\u201d, refor\u00e7a o presidente.<\/p>\n<p>ACLIMATA\u00c7\u00c3O<br \/>\nQuinze equipes brasileiras far\u00e3o aclimata\u00e7\u00e3o pr\u00e9-Jogos em Manchester \u2013 Atletismo, Basquete em Cadeira de Rodas, Esgrima em Cadeira de Rodas, Futebol de 7, Halterofilismo, Jud\u00f4, Nata\u00e7\u00e3o, T\u00eanis de mesa e V\u00f4lei Sentado (13 a 22 de agosto) e Bocha, Ciclismo, Futebol de 5, Goalball, Remo e T\u00eanis em Cadeira de Rodas (13 a 25 de agosto) \u2013 e o Hipismo far\u00e1 sua aclimata\u00e7\u00e3o na Fran\u00e7a. Vela e Tiro Esportivo partem do Brasil direto para Londres, no dia 21 de agosto.<\/p>\n<p>\u201cEm 2010, firmamos parceria com a Prefeitura de Manchester e vamos utilizar a excelente estrutura esportiva, m\u00e9dica, de hotelaria, alimenta\u00e7\u00e3o e transporte da cidade para a fase final de treinamento de nossa equipe. Utilizaremos instala\u00e7\u00f5es esportivas utilizadas para os Commonwealth Games de 2002 e desde 2005 pela Copa do Mundo Paral\u00edmpica. Ou seja, o que h\u00e1 de melhor no Reino Unido em termos de estrutura\u201d, completa Parsons.<\/p>\n<p>PARCERIAS<br \/>\nAl\u00e9m do Governo Federal e Loterias Caixa, o CPB fez novas parcerias em 2012, focadas na prepara\u00e7\u00e3o dos atletas para os Jogos de Londres. A Secretaria dos Direitos da Pessoa com Defici\u00eancia do Estado de S\u00e3o Paulo e a Secretaria Municipal da Pessoa com Defici\u00eancia do Rio de Janeiro, investiram R$ 3,5 e R$ 2,2 milh\u00f5es, respectivamente, para a implementa\u00e7\u00e3o do Time S\u00e3o Paulo Paral\u00edmpico e Time Rio Paral\u00edmpico, mantendo atletas de elite com bolsa em dinheiro, equipe interdisciplinar, servi\u00e7os m\u00e9dicos, interc\u00e2mbios e material esportivo. Com esses recursos, implementamos um intenso calend\u00e1rio de competi\u00e7\u00f5es, fases de treinamento no Brasil e no exterior, interc\u00e2mbios, com um planejamento individualizado para nossas principais estrelas.<\/p>\n<p>FORMA\u00c7\u00c3O<br \/>\nA 100 dias dos Jogos \u00e9 importante tamb\u00e9m ser ressaltado trabalho de forma\u00e7\u00e3o do CPB. T\u00e3o importantes quanto as conquistas dos atletas de alto rendimento, est\u00e3o a\u00e7\u00f5es como as Paralimp\u00edadas Escolares, Clube Escolar Paral\u00edmpico, Academia Paral\u00edmpica Brasileira, Congresso Paral\u00edmpico Cient\u00edfico Brasileiro, Workshops de Capacita\u00e7\u00e3o t\u00e9cnica e administrativa de clubes e confedera\u00e7\u00f5es, que acrescentam ao Esporte Paral\u00edmpico Brasileiro.<\/p>\n<p>\u201cNosso investimento em planejamento e gest\u00e3o, somados \u00e0s parcerias obtidas, compet\u00eancia de nossos profissionais t\u00e9cnicos, combinados ao talento e esfor\u00e7o de nossos atletas, nos d\u00e3o a certeza de que temos a capacidade para atingir nossa meta t\u00e9cnica. Em 112 dias saberemos os resultados finais deste ciclo. Apesar da confian\u00e7a, nunca \u00e9 demais pedir a torcida de todos para nossos atletas paral\u00edmpicos. \u00c9 o hino de nosso Pa\u00eds que tocar\u00e1, \u00e9 a bandeira brasileira que eles far\u00e3o tremular em Londres. Falta pouco. O frio na barriga voltou\u201d, finaliza Parsons.<\/p>\n<p>Fonte: CPB\/<a href=\"http:\/\/www.deznarede.com.br\/novo\/navegacao\/ver_noticia.php?id_noticia=23238&amp;FALTAM+100+DIAS+PARA+A+MAIOR+PARALIMPIADA+DA+HISTORIA\">Dez na Rede<\/a><\/p>\n","protected":false},"excerpt":{"rendered":"<p>Com a delega\u00e7\u00e3o praticamente formada, o Brasil aguarda apenas a confirma\u00e7\u00e3o do n\u00famero de vagas no Atletismo, Nata\u00e7\u00e3o e T\u00eanis em Cadeira de Rodas para finalizar a convoca\u00e7\u00e3o para os Jogos, que ser\u00e1 anunciada no dia 20 de junho.<\/p>\n","protected":false},"author":1,"featured_media":0,"comment_status":"open","ping_status":"open","sticky":false,"template":"","format":"standard","meta":{"site-container-style":"default","site-container-layout":"default","site-sidebar-layout":"default","disable-article-header":"default","disable-site-header":"default","disable-site-footer":"default","disable-content-area-spacing":"default","footnotes":""},"categories":[38,27,48,4],"tags":[193],"class_list":["post-22570","post","type-post","status-publish","format-standard","hentry","category-deficiencia","category-esporte","category-inclusao","category-noticias","tag-paraolimpiada"],"yoast_head":"<!-- This site is optimized with the Yoast SEO plugin v27.5 - https:\/\/yoast.com\/product\/yoast-seo-wordpress\/ -->\n<title>Faltam menos de 100 dias para a maior paraolimp\u00edada da hist\u00f3ria -<\/title>\n<meta name=\"robots\" content=\"index, follow, max-snippet:-1, max-image-preview:large, max-video-preview:-1\" \/>\n<link rel=\"canonical\" href=\"https:\/\/inclusivenews.com.br\/?p=22570\" \/>\n<meta property=\"og:locale\" content=\"pt_PT\" \/>\n<meta property=\"og:type\" content=\"article\" \/>\n<meta property=\"og:title\" content=\"Faltam menos de 100 dias para a maior paraolimp\u00edada da hist\u00f3ria -\" \/>\n<meta property=\"og:description\" content=\"Com a delega\u00e7\u00e3o praticamente formada, o Brasil aguarda apenas a confirma\u00e7\u00e3o do n\u00famero de vagas no Atletismo, Nata\u00e7\u00e3o e T\u00eanis em Cadeira de Rodas para finalizar a convoca\u00e7\u00e3o para os Jogos, que ser\u00e1 anunciada no dia 20 de junho.\" \/>\n<meta property=\"og:url\" content=\"https:\/\/inclusivenews.com.br\/?p=22570\" \/>\n<meta property=\"article:publisher\" content=\"https:\/\/www.facebook.com\/agenciainclusive\/\" \/>\n<meta property=\"article:published_time\" content=\"2012-05-23T18:52:15+00:00\" \/>\n<meta property=\"og:image\" content=\"http:\/\/inclusivenews.com.br\/wp-content\/uploads\/paraolimpiadas.jpg\" \/>\n<meta name=\"author\" content=\"inclusivenews2024\" \/>\n<meta name=\"twitter:card\" content=\"summary_large_image\" \/>\n<meta name=\"twitter:label1\" content=\"Escrito por\" \/>\n\t<meta name=\"twitter:data1\" content=\"inclusivenews2024\" \/>\n\t<meta name=\"twitter:label2\" content=\"Tempo estimado de leitura\" \/>\n\t<meta name=\"twitter:data2\" content=\"5 minutos\" \/>\n<script type=\"application\/ld+json\" class=\"yoast-schema-graph\">{\"@context\":\"https:\\\/\\\/schema.org\",\"@graph\":[{\"@type\":\"Article\",\"@id\":\"https:\\\/\\\/inclusivenews.com.br\\\/?p=22570#article\",\"isPartOf\":{\"@id\":\"https:\\\/\\\/inclusivenews.com.br\\\/?p=22570\"},\"author\":{\"name\":\"inclusivenews2024\",\"@id\":\"https:\\\/\\\/inclusivenews.com.br\\\/#\\\/schema\\\/person\\\/ae4ec7087559b8692fb33b6fffd2273b\"},\"headline\":\"Faltam menos de 100 dias para a maior paraolimp\u00edada da hist\u00f3ria\",\"datePublished\":\"2012-05-23T18:52:15+00:00\",\"mainEntityOfPage\":{\"@id\":\"https:\\\/\\\/inclusivenews.com.br\\\/?p=22570\"},\"wordCount\":972,\"commentCount\":0,\"publisher\":{\"@id\":\"https:\\\/\\\/inclusivenews.com.br\\\/#organization\"},\"image\":{\"@id\":\"https:\\\/\\\/inclusivenews.com.br\\\/?p=22570#primaryimage\"},\"thumbnailUrl\":\"http:\\\/\\\/inclusivenews.com.br\\\/wp-content\\\/uploads\\\/paraolimpiadas.jpg\",\"keywords\":[\"paraolimp\u00edada\"],\"articleSection\":[\"Defici\u00eancia\",\"Esporte\",\"INCLUS\u00c3O SOCIAL\",\"NOT\u00cdCIAS\"],\"inLanguage\":\"pt-PT\",\"potentialAction\":[{\"@type\":\"CommentAction\",\"name\":\"Comment\",\"target\":[\"https:\\\/\\\/inclusivenews.com.br\\\/?p=22570#respond\"]}]},{\"@type\":\"WebPage\",\"@id\":\"https:\\\/\\\/inclusivenews.com.br\\\/?p=22570\",\"url\":\"https:\\\/\\\/inclusivenews.com.br\\\/?p=22570\",\"name\":\"Faltam menos de 100 dias para a maior paraolimp\u00edada da hist\u00f3ria -\",\"isPartOf\":{\"@id\":\"https:\\\/\\\/inclusivenews.com.br\\\/#website\"},\"primaryImageOfPage\":{\"@id\":\"https:\\\/\\\/inclusivenews.com.br\\\/?p=22570#primaryimage\"},\"image\":{\"@id\":\"https:\\\/\\\/inclusivenews.com.br\\\/?p=22570#primaryimage\"},\"thumbnailUrl\":\"http:\\\/\\\/inclusivenews.com.br\\\/wp-content\\\/uploads\\\/paraolimpiadas.jpg\",\"datePublished\":\"2012-05-23T18:52:15+00:00\",\"breadcrumb\":{\"@id\":\"https:\\\/\\\/inclusivenews.com.br\\\/?p=22570#breadcrumb\"},\"inLanguage\":\"pt-PT\",\"potentialAction\":[{\"@type\":\"ReadAction\",\"target\":[\"https:\\\/\\\/inclusivenews.com.br\\\/?p=22570\"]}]},{\"@type\":\"ImageObject\",\"inLanguage\":\"pt-PT\",\"@id\":\"https:\\\/\\\/inclusivenews.com.br\\\/?p=22570#primaryimage\",\"url\":\"\",\"contentUrl\":\"\"},{\"@type\":\"BreadcrumbList\",\"@id\":\"https:\\\/\\\/inclusivenews.com.br\\\/?p=22570#breadcrumb\",\"itemListElement\":[{\"@type\":\"ListItem\",\"position\":1,\"name\":\"In\u00edcio\",\"item\":\"https:\\\/\\\/inclusivenews.com.br\\\/\"},{\"@type\":\"ListItem\",\"position\":2,\"name\":\"Faltam menos de 100 dias para a maior paraolimp\u00edada da hist\u00f3ria\"}]},{\"@type\":\"WebSite\",\"@id\":\"https:\\\/\\\/inclusivenews.com.br\\\/#website\",\"url\":\"https:\\\/\\\/inclusivenews.com.br\\\/\",\"name\":\"Inclusive News\",\"description\":\"Inclusive News\",\"publisher\":{\"@id\":\"https:\\\/\\\/inclusivenews.com.br\\\/#organization\"},\"potentialAction\":[{\"@type\":\"SearchAction\",\"target\":{\"@type\":\"EntryPoint\",\"urlTemplate\":\"https:\\\/\\\/inclusivenews.com.br\\\/?s={search_term_string}\"},\"query-input\":{\"@type\":\"PropertyValueSpecification\",\"valueRequired\":true,\"valueName\":\"search_term_string\"}}],\"inLanguage\":\"pt-PT\"},{\"@type\":\"Organization\",\"@id\":\"https:\\\/\\\/inclusivenews.com.br\\\/#organization\",\"name\":\"Inclusive - inclus\u00e3o e cidadania\",\"url\":\"https:\\\/\\\/inclusivenews.com.br\\\/\",\"logo\":{\"@type\":\"ImageObject\",\"inLanguage\":\"pt-PT\",\"@id\":\"https:\\\/\\\/inclusivenews.com.br\\\/#\\\/schema\\\/logo\\\/image\\\/\",\"url\":\"https:\\\/\\\/inclusivenews.com.br\\\/wp-content\\\/uploads\\\/2024\\\/03\\\/@grandesite.png\",\"contentUrl\":\"https:\\\/\\\/inclusivenews.com.br\\\/wp-content\\\/uploads\\\/2024\\\/03\\\/@grandesite.png\",\"width\":1080,\"height\":1080,\"caption\":\"Inclusive - inclus\u00e3o e cidadania\"},\"image\":{\"@id\":\"https:\\\/\\\/inclusivenews.com.br\\\/#\\\/schema\\\/logo\\\/image\\\/\"},\"sameAs\":[\"https:\\\/\\\/www.facebook.com\\\/agenciainclusive\\\/\",\"https:\\\/\\\/www.instagram.com\\\/newsinclusive\\\/\"]},{\"@type\":\"Person\",\"@id\":\"https:\\\/\\\/inclusivenews.com.br\\\/#\\\/schema\\\/person\\\/ae4ec7087559b8692fb33b6fffd2273b\",\"name\":\"inclusivenews2024\",\"image\":{\"@type\":\"ImageObject\",\"inLanguage\":\"pt-PT\",\"@id\":\"https:\\\/\\\/secure.gravatar.com\\\/avatar\\\/c5a7ef84c66fa914f55bc4f7ce26cfa275a3b9a1c5568b907bd184fb4dde7b40?s=96&d=mm&r=g\",\"url\":\"https:\\\/\\\/secure.gravatar.com\\\/avatar\\\/c5a7ef84c66fa914f55bc4f7ce26cfa275a3b9a1c5568b907bd184fb4dde7b40?s=96&d=mm&r=g\",\"contentUrl\":\"https:\\\/\\\/secure.gravatar.com\\\/avatar\\\/c5a7ef84c66fa914f55bc4f7ce26cfa275a3b9a1c5568b907bd184fb4dde7b40?s=96&d=mm&r=g\",\"caption\":\"inclusivenews2024\"},\"sameAs\":[\"https:\\\/\\\/inclusivenews.com.br\"],\"url\":\"https:\\\/\\\/inclusivenews.com.br\\\/?author=1\"}]}<\/script>\n<!-- \/ Yoast SEO plugin. -->","yoast_head_json":{"title":"Faltam menos de 100 dias para a maior paraolimp\u00edada da hist\u00f3ria -","robots":{"index":"index","follow":"follow","max-snippet":"max-snippet:-1","max-image-preview":"max-image-preview:large","max-video-preview":"max-video-preview:-1"},"canonical":"https:\/\/inclusivenews.com.br\/?p=22570","og_locale":"pt_PT","og_type":"article","og_title":"Faltam menos de 100 dias para a maior paraolimp\u00edada da hist\u00f3ria -","og_description":"Com a delega\u00e7\u00e3o praticamente formada, o Brasil aguarda apenas a confirma\u00e7\u00e3o do n\u00famero de vagas no Atletismo, Nata\u00e7\u00e3o e T\u00eanis em Cadeira de Rodas para finalizar a convoca\u00e7\u00e3o para os Jogos, que ser\u00e1 anunciada no dia 20 de junho.","og_url":"https:\/\/inclusivenews.com.br\/?p=22570","article_publisher":"https:\/\/www.facebook.com\/agenciainclusive\/","article_published_time":"2012-05-23T18:52:15+00:00","og_image":[{"url":"http:\/\/inclusivenews.com.br\/wp-content\/uploads\/paraolimpiadas.jpg","type":"","width":"","height":""}],"author":"inclusivenews2024","twitter_card":"summary_large_image","twitter_misc":{"Escrito por":"inclusivenews2024","Tempo estimado de leitura":"5 minutos"},"schema":{"@context":"https:\/\/schema.org","@graph":[{"@type":"Article","@id":"https:\/\/inclusivenews.com.br\/?p=22570#article","isPartOf":{"@id":"https:\/\/inclusivenews.com.br\/?p=22570"},"author":{"name":"inclusivenews2024","@id":"https:\/\/inclusivenews.com.br\/#\/schema\/person\/ae4ec7087559b8692fb33b6fffd2273b"},"headline":"Faltam menos de 100 dias para a maior paraolimp\u00edada da hist\u00f3ria","datePublished":"2012-05-23T18:52:15+00:00","mainEntityOfPage":{"@id":"https:\/\/inclusivenews.com.br\/?p=22570"},"wordCount":972,"commentCount":0,"publisher":{"@id":"https:\/\/inclusivenews.com.br\/#organization"},"image":{"@id":"https:\/\/inclusivenews.com.br\/?p=22570#primaryimage"},"thumbnailUrl":"http:\/\/inclusivenews.com.br\/wp-content\/uploads\/paraolimpiadas.jpg","keywords":["paraolimp\u00edada"],"articleSection":["Defici\u00eancia","Esporte","INCLUS\u00c3O SOCIAL","NOT\u00cdCIAS"],"inLanguage":"pt-PT","potentialAction":[{"@type":"CommentAction","name":"Comment","target":["https:\/\/inclusivenews.com.br\/?p=22570#respond"]}]},{"@type":"WebPage","@id":"https:\/\/inclusivenews.com.br\/?p=22570","url":"https:\/\/inclusivenews.com.br\/?p=22570","name":"Faltam menos de 100 dias para a maior paraolimp\u00edada da hist\u00f3ria -","isPartOf":{"@id":"https:\/\/inclusivenews.com.br\/#website"},"primaryImageOfPage":{"@id":"https:\/\/inclusivenews.com.br\/?p=22570#primaryimage"},"image":{"@id":"https:\/\/inclusivenews.com.br\/?p=22570#primaryimage"},"thumbnailUrl":"http:\/\/inclusivenews.com.br\/wp-content\/uploads\/paraolimpiadas.jpg","datePublished":"2012-05-23T18:52:15+00:00","breadcrumb":{"@id":"https:\/\/inclusivenews.com.br\/?p=22570#breadcrumb"},"inLanguage":"pt-PT","potentialAction":[{"@type":"ReadAction","target":["https:\/\/inclusivenews.com.br\/?p=22570"]}]},{"@type":"ImageObject","inLanguage":"pt-PT","@id":"https:\/\/inclusivenews.com.br\/?p=22570#primaryimage","url":"","contentUrl":""},{"@type":"BreadcrumbList","@id":"https:\/\/inclusivenews.com.br\/?p=22570#breadcrumb","itemListElement":[{"@type":"ListItem","position":1,"name":"In\u00edcio","item":"https:\/\/inclusivenews.com.br\/"},{"@type":"ListItem","position":2,"name":"Faltam menos de 100 dias para a maior paraolimp\u00edada da hist\u00f3ria"}]},{"@type":"WebSite","@id":"https:\/\/inclusivenews.com.br\/#website","url":"https:\/\/inclusivenews.com.br\/","name":"Inclusive News","description":"Inclusive News","publisher":{"@id":"https:\/\/inclusivenews.com.br\/#organization"},"potentialAction":[{"@type":"SearchAction","target":{"@type":"EntryPoint","urlTemplate":"https:\/\/inclusivenews.com.br\/?s={search_term_string}"},"query-input":{"@type":"PropertyValueSpecification","valueRequired":true,"valueName":"search_term_string"}}],"inLanguage":"pt-PT"},{"@type":"Organization","@id":"https:\/\/inclusivenews.com.br\/#organization","name":"Inclusive - inclus\u00e3o e cidadania","url":"https:\/\/inclusivenews.com.br\/","logo":{"@type":"ImageObject","inLanguage":"pt-PT","@id":"https:\/\/inclusivenews.com.br\/#\/schema\/logo\/image\/","url":"https:\/\/inclusivenews.com.br\/wp-content\/uploads\/2024\/03\/@grandesite.png","contentUrl":"https:\/\/inclusivenews.com.br\/wp-content\/uploads\/2024\/03\/@grandesite.png","width":1080,"height":1080,"caption":"Inclusive - inclus\u00e3o e cidadania"},"image":{"@id":"https:\/\/inclusivenews.com.br\/#\/schema\/logo\/image\/"},"sameAs":["https:\/\/www.facebook.com\/agenciainclusive\/","https:\/\/www.instagram.com\/newsinclusive\/"]},{"@type":"Person","@id":"https:\/\/inclusivenews.com.br\/#\/schema\/person\/ae4ec7087559b8692fb33b6fffd2273b","name":"inclusivenews2024","image":{"@type":"ImageObject","inLanguage":"pt-PT","@id":"https:\/\/secure.gravatar.com\/avatar\/c5a7ef84c66fa914f55bc4f7ce26cfa275a3b9a1c5568b907bd184fb4dde7b40?s=96&d=mm&r=g","url":"https:\/\/secure.gravatar.com\/avatar\/c5a7ef84c66fa914f55bc4f7ce26cfa275a3b9a1c5568b907bd184fb4dde7b40?s=96&d=mm&r=g","contentUrl":"https:\/\/secure.gravatar.com\/avatar\/c5a7ef84c66fa914f55bc4f7ce26cfa275a3b9a1c5568b907bd184fb4dde7b40?s=96&d=mm&r=g","caption":"inclusivenews2024"},"sameAs":["https:\/\/inclusivenews.com.br"],"url":"https:\/\/inclusivenews.com.br\/?author=1"}]}},"_links":{"self":[{"href":"https:\/\/inclusivenews.com.br\/index.php?rest_route=\/wp\/v2\/posts\/22570","targetHints":{"allow":["GET"]}}],"collection":[{"href":"https:\/\/inclusivenews.com.br\/index.php?rest_route=\/wp\/v2\/posts"}],"about":[{"href":"https:\/\/inclusivenews.com.br\/index.php?rest_route=\/wp\/v2\/types\/post"}],"author":[{"embeddable":true,"href":"https:\/\/inclusivenews.com.br\/index.php?rest_route=\/wp\/v2\/users\/1"}],"replies":[{"embeddable":true,"href":"https:\/\/inclusivenews.com.br\/index.php?rest_route=%2Fwp%2Fv2%2Fcomments&post=22570"}],"version-history":[{"count":0,"href":"https:\/\/inclusivenews.com.br\/index.php?rest_route=\/wp\/v2\/posts\/22570\/revisions"}],"wp:attachment":[{"href":"https:\/\/inclusivenews.com.br\/index.php?rest_route=%2Fwp%2Fv2%2Fmedia&parent=22570"}],"wp:term":[{"taxonomy":"category","embeddable":true,"href":"https:\/\/inclusivenews.com.br\/index.php?rest_route=%2Fwp%2Fv2%2Fcategories&post=22570"},{"taxonomy":"post_tag","embeddable":true,"href":"https:\/\/inclusivenews.com.br\/index.php?rest_route=%2Fwp%2Fv2%2Ftags&post=22570"}],"curies":[{"name":"wp","href":"https:\/\/api.w.org\/{rel}","templated":true}]}}