{"id":22577,"date":"2012-05-23T15:58:14","date_gmt":"2012-05-23T18:58:14","guid":{"rendered":"http:\/\/www.inclusive.org.br\/?p=22577"},"modified":"2012-05-23T15:58:14","modified_gmt":"2012-05-23T18:58:14","slug":"biblioteca-favela-busca-superar-a-violencia-atraves-do-amor-a-leitura","status":"publish","type":"post","link":"https:\/\/inclusivenews.com.br\/?p=22577","title":{"rendered":"Biblioteca Favela busca superar a viol\u00eancia atrav\u00e9s do amor \u00e0 leitura"},"content":{"rendered":"<p><a href=\"http:\/\/www.inclusivenews.com.br\/wp-content\/uploads\/2011\/01\/livrospbjpg.jpg\"><img loading=\"lazy\" decoding=\"async\" class=\"alignleft size-full wp-image-18345\" title=\"Livros na vertical e horizontal, em bico de pena\" src=\"http:\/\/inclusivenews.com.br\/wp-content\/uploads\/2011\/01\/livrospbjpg.jpg\" alt=\"Livros na vertical e horizontal, em bico de pena\" width=\"302\" height=\"151\" \/><\/a><\/p>\n<p><em>Mesmo que Ot\u00e1vio J\u00fanior afirme que seja muito dif\u00edcil mudar a din\u00e2mica que se vive nas favelas, seu desejo por ajudar, atrav\u00e9s dos livros, para superar a viol\u00eancia e a falta de perspectivas, continua.<\/em><\/p>\n<p>Apesar da viol\u00eancia gerada por grupos armados que controlam as favelas no Brasil, um jovem do Complexo do Alem\u00e3o, no Rio de Janeiro (sudeste brasileiro), decidiu doar para as crian\u00e7as de seu bairro, livros e n\u00e3o armas, ao construir uma biblioteca com mais de seis mil exemplares.<\/p>\n<p>Ot\u00e1vio J\u00fanior, de 28 anos de idade, construiu a biblioteca com os frutos de seu trabalho, com a ajuda de v\u00e1rias ONGs e de gr\u00e1ficas locais, assim como do dinheiro de um concurso de televis\u00e3o no qual o jovem participou.<\/p>\n<p>Seu amor pela leitura come\u00e7ou entre toneladas de lixos amontoados no morro do Caracol, uma das favelas do Complexo do Alem\u00e3o. Ali, encontrou um dia, em seus oito anos de idade, em uma caixa de brinquedos, que apenas pode resgatar, antes que se arrancasse de suas m\u00e3os, um livro: Don Gat\u00f3n.<\/p>\n<p>Neste mesmo dia o leu \u00e0 luz de velas, e foi para a cama abra\u00e7ando o conto e se apaixonou para sempre pela literatura. Ot\u00e1vio sonhou com que outras crian\u00e7as sentissem tamb\u00e9m essa paix\u00e3o. Um sonho que, pouco a pouco, est\u00e1 se fazendo realidade, como conta em seu primeiro livro, Biblioteca Favela, que apresentou na Espanha.<\/p>\n<p>Depois de uma semana com Don Gat\u00f3n como companheiro insepar\u00e1vel, come\u00e7ou a pedir livros emprestados para seus vizinhos. Conseguiu o endere\u00e7o de alguns escritores aos quais foi visitar e come\u00e7ou a dar forma a seu desejo de criar uma biblioteca na favela. &#8220;Est\u00e1 louco&#8221;, todos lhe diziam. &#8220;N\u00e3o&#8221;, ele respondia. &#8220;Apenas estou apaixonado pelos livros&#8221;.<\/p>\n<p>Depois de abandonar uma promissora carreira como jogador de futebol, dar seus passos como grafiteiro, no qual assinava como &#8220;Os restos\u201d, apelido que lhe puseram por rebuscar nos aterros a caixa de novos livros, e depois de atuar como escritor e ator de teatro, se centrou em sua ideia de aproximar os livros das crian\u00e7as do Complexo do Alem\u00e3o, para ent\u00e3o, um dos cantos mais violentos do Rio de Janeiro.<\/p>\n<p>Seu desejo, no entanto, se viu apagado em um princ\u00edpio, porque como ele mesmo afirma &#8220;as crian\u00e7as estavam muito mais interessadas nas armas e nas roupas caras que os narcotraficantes levavam (&#8230;). Os chefes dos grupos que controlavam o neg\u00f3cio da droga eram os verdadeiros her\u00f3is do bairro\u201d.<\/p>\n<p>&#8220;\u00c9 muito dif\u00edcil mudar essa din\u00e2mica\u201d, reconhece Ot\u00e1vio, que teve v\u00e1rios problemas com a pol\u00edcia por carregar de um lado para outro uma maleta cheia de livros para fazer leituras nas escolas e presentear alguns exemplares.<\/p>\n<p>Para a violencia nas ruas tem que se somar, tamb\u00e9m, a viol\u00eancia dom\u00e9stica, um problema que ele, como tantos outros companheiros de sua escola, sofreu em pessoa.<\/p>\n<p>&#8220;Meu pai tornou-se alco\u00f3latra e violento. Os dias eram um pesadelo. A viol\u00eancia dom\u00e9stica \u00e9 o principal motivo para que as crian\u00e7as busquem a rua e ent\u00e3o s\u00e3o capturadas pelos narcotraficantes para vender droga, que tamb\u00e9m consomem porque trabalham de madrugada e necessitam &#8216;estar como p\u00e1ssaros&#8221;.<\/p>\n<p>&#8220;J\u00e1 drogados, trabalham para poder pagar as doses. Perdi a conta dos meninos de minha adolesc\u00eancia que est\u00e3o na pris\u00e3o ou mortos\u201d, conta com pena este brasileiro, que se empenhou em mudar as coisas.<\/p>\n<p>A pesar deste panorama, Ot\u00e1vio conseguiu que as crian\u00e7as da favela tivessem seu primeiro contato liter\u00e1rio, &#8220;quero ajudar atrav\u00e9s dos livros a superar a viol\u00eancia e a falta de perspectivas\u201d, expressou.<\/p>\n<p>Para Victor David Lopez, de Edi\u00e7\u00f5es Ambulantes que publicou a hist\u00f3ria Biblioteca Favela, Ot\u00e1vio &#8220;\u00e9 um destes tipos com coragem. Mais ainda nesta \u00e9poca na qual quanto menos se leia e menos se saiba mais manipul\u00e1vel ser\u00e1\u201d.<\/p>\n<p>O Complexo do Alem\u00e3o, onde vivem umas 140 mil pessoas divididas em 20 comunidades, foi uma das primeiras favelas dominadas pelo narcotr\u00e1fico.<\/p>\n<p>A not\u00edcia \u00e9 de teleSUR-elmundo.es\/kg &#8211; FC<\/p>\n<p>Seu amor pela leitura come\u00e7ou entre toneladas de lixos amontoados no morro do Caracol, uma das favelas do Complexo do Alem\u00e3o. Ali, encontrou um dia, em seus oito anos de idade, em uma caixa de brinquedos, que apenas pode resgatar, antes que se arrancasse de suas m\u00e3os, um livro: Don Gat\u00f3n.<\/p>\n","protected":false},"excerpt":{"rendered":"<p>Mesmo que Ot\u00e1vio J\u00fanior afirme que seja muito dif\u00edcil mudar a din\u00e2mica que se vive nas favelas, seu desejo por ajudar, atrav\u00e9s dos livros, para superar a viol\u00eancia e a falta de perspectivas, continua. Da Adital.<\/p>\n","protected":false},"author":1,"featured_media":0,"comment_status":"open","ping_status":"open","sticky":false,"template":"","format":"standard","meta":{"site-container-style":"default","site-container-layout":"default","site-sidebar-layout":"default","disable-article-header":"default","disable-site-header":"default","disable-site-footer":"default","disable-content-area-spacing":"default","footnotes":""},"categories":[29],"tags":[94],"class_list":["post-22577","post","type-post","status-publish","format-standard","hentry","category-cultura","tag-violencia"],"yoast_head":"<!-- This site is optimized with the Yoast SEO plugin v27.5 - https:\/\/yoast.com\/product\/yoast-seo-wordpress\/ -->\n<title>Biblioteca Favela busca superar a viol\u00eancia atrav\u00e9s do amor \u00e0 leitura -<\/title>\n<meta name=\"robots\" content=\"index, follow, max-snippet:-1, max-image-preview:large, max-video-preview:-1\" \/>\n<link rel=\"canonical\" href=\"https:\/\/inclusivenews.com.br\/?p=22577\" \/>\n<meta property=\"og:locale\" content=\"pt_PT\" \/>\n<meta property=\"og:type\" content=\"article\" \/>\n<meta property=\"og:title\" content=\"Biblioteca Favela busca superar a viol\u00eancia atrav\u00e9s do amor \u00e0 leitura -\" \/>\n<meta property=\"og:description\" content=\"Mesmo que Ot\u00e1vio J\u00fanior afirme que seja muito dif\u00edcil mudar a din\u00e2mica que se vive nas favelas, seu desejo por ajudar, atrav\u00e9s dos livros, para superar a viol\u00eancia e a falta de perspectivas, continua. Da Adital.\" \/>\n<meta property=\"og:url\" content=\"https:\/\/inclusivenews.com.br\/?p=22577\" \/>\n<meta property=\"article:publisher\" content=\"https:\/\/www.facebook.com\/agenciainclusive\/\" \/>\n<meta property=\"article:published_time\" content=\"2012-05-23T18:58:14+00:00\" \/>\n<meta property=\"og:image\" content=\"http:\/\/inclusivenews.com.br\/wp-content\/uploads\/2011\/01\/livrospbjpg.jpg\" \/>\n<meta name=\"author\" content=\"inclusivenews2024\" \/>\n<meta name=\"twitter:card\" content=\"summary_large_image\" \/>\n<meta name=\"twitter:label1\" content=\"Escrito por\" \/>\n\t<meta name=\"twitter:data1\" content=\"inclusivenews2024\" \/>\n\t<meta name=\"twitter:label2\" content=\"Tempo estimado de leitura\" \/>\n\t<meta name=\"twitter:data2\" content=\"4 minutos\" \/>\n<script type=\"application\/ld+json\" class=\"yoast-schema-graph\">{\"@context\":\"https:\\\/\\\/schema.org\",\"@graph\":[{\"@type\":\"Article\",\"@id\":\"https:\\\/\\\/inclusivenews.com.br\\\/?p=22577#article\",\"isPartOf\":{\"@id\":\"https:\\\/\\\/inclusivenews.com.br\\\/?p=22577\"},\"author\":{\"name\":\"inclusivenews2024\",\"@id\":\"https:\\\/\\\/inclusivenews.com.br\\\/#\\\/schema\\\/person\\\/ae4ec7087559b8692fb33b6fffd2273b\"},\"headline\":\"Biblioteca Favela busca superar a viol\u00eancia atrav\u00e9s do amor \u00e0 leitura\",\"datePublished\":\"2012-05-23T18:58:14+00:00\",\"mainEntityOfPage\":{\"@id\":\"https:\\\/\\\/inclusivenews.com.br\\\/?p=22577\"},\"wordCount\":769,\"commentCount\":0,\"publisher\":{\"@id\":\"https:\\\/\\\/inclusivenews.com.br\\\/#organization\"},\"image\":{\"@id\":\"https:\\\/\\\/inclusivenews.com.br\\\/?p=22577#primaryimage\"},\"thumbnailUrl\":\"http:\\\/\\\/inclusivenews.com.br\\\/wp-content\\\/uploads\\\/2011\\\/01\\\/livrospbjpg.jpg\",\"keywords\":[\"Viol\u00eancia\"],\"articleSection\":[\"Cultura\"],\"inLanguage\":\"pt-PT\",\"potentialAction\":[{\"@type\":\"CommentAction\",\"name\":\"Comment\",\"target\":[\"https:\\\/\\\/inclusivenews.com.br\\\/?p=22577#respond\"]}]},{\"@type\":\"WebPage\",\"@id\":\"https:\\\/\\\/inclusivenews.com.br\\\/?p=22577\",\"url\":\"https:\\\/\\\/inclusivenews.com.br\\\/?p=22577\",\"name\":\"Biblioteca Favela busca superar a viol\u00eancia atrav\u00e9s do amor \u00e0 leitura -\",\"isPartOf\":{\"@id\":\"https:\\\/\\\/inclusivenews.com.br\\\/#website\"},\"primaryImageOfPage\":{\"@id\":\"https:\\\/\\\/inclusivenews.com.br\\\/?p=22577#primaryimage\"},\"image\":{\"@id\":\"https:\\\/\\\/inclusivenews.com.br\\\/?p=22577#primaryimage\"},\"thumbnailUrl\":\"http:\\\/\\\/inclusivenews.com.br\\\/wp-content\\\/uploads\\\/2011\\\/01\\\/livrospbjpg.jpg\",\"datePublished\":\"2012-05-23T18:58:14+00:00\",\"breadcrumb\":{\"@id\":\"https:\\\/\\\/inclusivenews.com.br\\\/?p=22577#breadcrumb\"},\"inLanguage\":\"pt-PT\",\"potentialAction\":[{\"@type\":\"ReadAction\",\"target\":[\"https:\\\/\\\/inclusivenews.com.br\\\/?p=22577\"]}]},{\"@type\":\"ImageObject\",\"inLanguage\":\"pt-PT\",\"@id\":\"https:\\\/\\\/inclusivenews.com.br\\\/?p=22577#primaryimage\",\"url\":\"\",\"contentUrl\":\"\"},{\"@type\":\"BreadcrumbList\",\"@id\":\"https:\\\/\\\/inclusivenews.com.br\\\/?p=22577#breadcrumb\",\"itemListElement\":[{\"@type\":\"ListItem\",\"position\":1,\"name\":\"In\u00edcio\",\"item\":\"https:\\\/\\\/inclusivenews.com.br\\\/\"},{\"@type\":\"ListItem\",\"position\":2,\"name\":\"Biblioteca Favela busca superar a viol\u00eancia atrav\u00e9s do amor \u00e0 leitura\"}]},{\"@type\":\"WebSite\",\"@id\":\"https:\\\/\\\/inclusivenews.com.br\\\/#website\",\"url\":\"https:\\\/\\\/inclusivenews.com.br\\\/\",\"name\":\"Inclusive News\",\"description\":\"Inclusive News\",\"publisher\":{\"@id\":\"https:\\\/\\\/inclusivenews.com.br\\\/#organization\"},\"potentialAction\":[{\"@type\":\"SearchAction\",\"target\":{\"@type\":\"EntryPoint\",\"urlTemplate\":\"https:\\\/\\\/inclusivenews.com.br\\\/?s={search_term_string}\"},\"query-input\":{\"@type\":\"PropertyValueSpecification\",\"valueRequired\":true,\"valueName\":\"search_term_string\"}}],\"inLanguage\":\"pt-PT\"},{\"@type\":\"Organization\",\"@id\":\"https:\\\/\\\/inclusivenews.com.br\\\/#organization\",\"name\":\"Inclusive - inclus\u00e3o e cidadania\",\"url\":\"https:\\\/\\\/inclusivenews.com.br\\\/\",\"logo\":{\"@type\":\"ImageObject\",\"inLanguage\":\"pt-PT\",\"@id\":\"https:\\\/\\\/inclusivenews.com.br\\\/#\\\/schema\\\/logo\\\/image\\\/\",\"url\":\"https:\\\/\\\/inclusivenews.com.br\\\/wp-content\\\/uploads\\\/2024\\\/03\\\/@grandesite.png\",\"contentUrl\":\"https:\\\/\\\/inclusivenews.com.br\\\/wp-content\\\/uploads\\\/2024\\\/03\\\/@grandesite.png\",\"width\":1080,\"height\":1080,\"caption\":\"Inclusive - inclus\u00e3o e cidadania\"},\"image\":{\"@id\":\"https:\\\/\\\/inclusivenews.com.br\\\/#\\\/schema\\\/logo\\\/image\\\/\"},\"sameAs\":[\"https:\\\/\\\/www.facebook.com\\\/agenciainclusive\\\/\",\"https:\\\/\\\/www.instagram.com\\\/newsinclusive\\\/\"]},{\"@type\":\"Person\",\"@id\":\"https:\\\/\\\/inclusivenews.com.br\\\/#\\\/schema\\\/person\\\/ae4ec7087559b8692fb33b6fffd2273b\",\"name\":\"inclusivenews2024\",\"image\":{\"@type\":\"ImageObject\",\"inLanguage\":\"pt-PT\",\"@id\":\"https:\\\/\\\/secure.gravatar.com\\\/avatar\\\/c5a7ef84c66fa914f55bc4f7ce26cfa275a3b9a1c5568b907bd184fb4dde7b40?s=96&d=mm&r=g\",\"url\":\"https:\\\/\\\/secure.gravatar.com\\\/avatar\\\/c5a7ef84c66fa914f55bc4f7ce26cfa275a3b9a1c5568b907bd184fb4dde7b40?s=96&d=mm&r=g\",\"contentUrl\":\"https:\\\/\\\/secure.gravatar.com\\\/avatar\\\/c5a7ef84c66fa914f55bc4f7ce26cfa275a3b9a1c5568b907bd184fb4dde7b40?s=96&d=mm&r=g\",\"caption\":\"inclusivenews2024\"},\"sameAs\":[\"https:\\\/\\\/inclusivenews.com.br\"],\"url\":\"https:\\\/\\\/inclusivenews.com.br\\\/?author=1\"}]}<\/script>\n<!-- \/ Yoast SEO plugin. -->","yoast_head_json":{"title":"Biblioteca Favela busca superar a viol\u00eancia atrav\u00e9s do amor \u00e0 leitura -","robots":{"index":"index","follow":"follow","max-snippet":"max-snippet:-1","max-image-preview":"max-image-preview:large","max-video-preview":"max-video-preview:-1"},"canonical":"https:\/\/inclusivenews.com.br\/?p=22577","og_locale":"pt_PT","og_type":"article","og_title":"Biblioteca Favela busca superar a viol\u00eancia atrav\u00e9s do amor \u00e0 leitura -","og_description":"Mesmo que Ot\u00e1vio J\u00fanior afirme que seja muito dif\u00edcil mudar a din\u00e2mica que se vive nas favelas, seu desejo por ajudar, atrav\u00e9s dos livros, para superar a viol\u00eancia e a falta de perspectivas, continua. Da Adital.","og_url":"https:\/\/inclusivenews.com.br\/?p=22577","article_publisher":"https:\/\/www.facebook.com\/agenciainclusive\/","article_published_time":"2012-05-23T18:58:14+00:00","og_image":[{"url":"http:\/\/inclusivenews.com.br\/wp-content\/uploads\/2011\/01\/livrospbjpg.jpg","type":"","width":"","height":""}],"author":"inclusivenews2024","twitter_card":"summary_large_image","twitter_misc":{"Escrito por":"inclusivenews2024","Tempo estimado de leitura":"4 minutos"},"schema":{"@context":"https:\/\/schema.org","@graph":[{"@type":"Article","@id":"https:\/\/inclusivenews.com.br\/?p=22577#article","isPartOf":{"@id":"https:\/\/inclusivenews.com.br\/?p=22577"},"author":{"name":"inclusivenews2024","@id":"https:\/\/inclusivenews.com.br\/#\/schema\/person\/ae4ec7087559b8692fb33b6fffd2273b"},"headline":"Biblioteca Favela busca superar a viol\u00eancia atrav\u00e9s do amor \u00e0 leitura","datePublished":"2012-05-23T18:58:14+00:00","mainEntityOfPage":{"@id":"https:\/\/inclusivenews.com.br\/?p=22577"},"wordCount":769,"commentCount":0,"publisher":{"@id":"https:\/\/inclusivenews.com.br\/#organization"},"image":{"@id":"https:\/\/inclusivenews.com.br\/?p=22577#primaryimage"},"thumbnailUrl":"http:\/\/inclusivenews.com.br\/wp-content\/uploads\/2011\/01\/livrospbjpg.jpg","keywords":["Viol\u00eancia"],"articleSection":["Cultura"],"inLanguage":"pt-PT","potentialAction":[{"@type":"CommentAction","name":"Comment","target":["https:\/\/inclusivenews.com.br\/?p=22577#respond"]}]},{"@type":"WebPage","@id":"https:\/\/inclusivenews.com.br\/?p=22577","url":"https:\/\/inclusivenews.com.br\/?p=22577","name":"Biblioteca Favela busca superar a viol\u00eancia atrav\u00e9s do amor \u00e0 leitura -","isPartOf":{"@id":"https:\/\/inclusivenews.com.br\/#website"},"primaryImageOfPage":{"@id":"https:\/\/inclusivenews.com.br\/?p=22577#primaryimage"},"image":{"@id":"https:\/\/inclusivenews.com.br\/?p=22577#primaryimage"},"thumbnailUrl":"http:\/\/inclusivenews.com.br\/wp-content\/uploads\/2011\/01\/livrospbjpg.jpg","datePublished":"2012-05-23T18:58:14+00:00","breadcrumb":{"@id":"https:\/\/inclusivenews.com.br\/?p=22577#breadcrumb"},"inLanguage":"pt-PT","potentialAction":[{"@type":"ReadAction","target":["https:\/\/inclusivenews.com.br\/?p=22577"]}]},{"@type":"ImageObject","inLanguage":"pt-PT","@id":"https:\/\/inclusivenews.com.br\/?p=22577#primaryimage","url":"","contentUrl":""},{"@type":"BreadcrumbList","@id":"https:\/\/inclusivenews.com.br\/?p=22577#breadcrumb","itemListElement":[{"@type":"ListItem","position":1,"name":"In\u00edcio","item":"https:\/\/inclusivenews.com.br\/"},{"@type":"ListItem","position":2,"name":"Biblioteca Favela busca superar a viol\u00eancia atrav\u00e9s do amor \u00e0 leitura"}]},{"@type":"WebSite","@id":"https:\/\/inclusivenews.com.br\/#website","url":"https:\/\/inclusivenews.com.br\/","name":"Inclusive News","description":"Inclusive News","publisher":{"@id":"https:\/\/inclusivenews.com.br\/#organization"},"potentialAction":[{"@type":"SearchAction","target":{"@type":"EntryPoint","urlTemplate":"https:\/\/inclusivenews.com.br\/?s={search_term_string}"},"query-input":{"@type":"PropertyValueSpecification","valueRequired":true,"valueName":"search_term_string"}}],"inLanguage":"pt-PT"},{"@type":"Organization","@id":"https:\/\/inclusivenews.com.br\/#organization","name":"Inclusive - inclus\u00e3o e cidadania","url":"https:\/\/inclusivenews.com.br\/","logo":{"@type":"ImageObject","inLanguage":"pt-PT","@id":"https:\/\/inclusivenews.com.br\/#\/schema\/logo\/image\/","url":"https:\/\/inclusivenews.com.br\/wp-content\/uploads\/2024\/03\/@grandesite.png","contentUrl":"https:\/\/inclusivenews.com.br\/wp-content\/uploads\/2024\/03\/@grandesite.png","width":1080,"height":1080,"caption":"Inclusive - inclus\u00e3o e cidadania"},"image":{"@id":"https:\/\/inclusivenews.com.br\/#\/schema\/logo\/image\/"},"sameAs":["https:\/\/www.facebook.com\/agenciainclusive\/","https:\/\/www.instagram.com\/newsinclusive\/"]},{"@type":"Person","@id":"https:\/\/inclusivenews.com.br\/#\/schema\/person\/ae4ec7087559b8692fb33b6fffd2273b","name":"inclusivenews2024","image":{"@type":"ImageObject","inLanguage":"pt-PT","@id":"https:\/\/secure.gravatar.com\/avatar\/c5a7ef84c66fa914f55bc4f7ce26cfa275a3b9a1c5568b907bd184fb4dde7b40?s=96&d=mm&r=g","url":"https:\/\/secure.gravatar.com\/avatar\/c5a7ef84c66fa914f55bc4f7ce26cfa275a3b9a1c5568b907bd184fb4dde7b40?s=96&d=mm&r=g","contentUrl":"https:\/\/secure.gravatar.com\/avatar\/c5a7ef84c66fa914f55bc4f7ce26cfa275a3b9a1c5568b907bd184fb4dde7b40?s=96&d=mm&r=g","caption":"inclusivenews2024"},"sameAs":["https:\/\/inclusivenews.com.br"],"url":"https:\/\/inclusivenews.com.br\/?author=1"}]}},"_links":{"self":[{"href":"https:\/\/inclusivenews.com.br\/index.php?rest_route=\/wp\/v2\/posts\/22577","targetHints":{"allow":["GET"]}}],"collection":[{"href":"https:\/\/inclusivenews.com.br\/index.php?rest_route=\/wp\/v2\/posts"}],"about":[{"href":"https:\/\/inclusivenews.com.br\/index.php?rest_route=\/wp\/v2\/types\/post"}],"author":[{"embeddable":true,"href":"https:\/\/inclusivenews.com.br\/index.php?rest_route=\/wp\/v2\/users\/1"}],"replies":[{"embeddable":true,"href":"https:\/\/inclusivenews.com.br\/index.php?rest_route=%2Fwp%2Fv2%2Fcomments&post=22577"}],"version-history":[{"count":0,"href":"https:\/\/inclusivenews.com.br\/index.php?rest_route=\/wp\/v2\/posts\/22577\/revisions"}],"wp:attachment":[{"href":"https:\/\/inclusivenews.com.br\/index.php?rest_route=%2Fwp%2Fv2%2Fmedia&parent=22577"}],"wp:term":[{"taxonomy":"category","embeddable":true,"href":"https:\/\/inclusivenews.com.br\/index.php?rest_route=%2Fwp%2Fv2%2Fcategories&post=22577"},{"taxonomy":"post_tag","embeddable":true,"href":"https:\/\/inclusivenews.com.br\/index.php?rest_route=%2Fwp%2Fv2%2Ftags&post=22577"}],"curies":[{"name":"wp","href":"https:\/\/api.w.org\/{rel}","templated":true}]}}