{"id":22578,"date":"2012-05-23T15:55:24","date_gmt":"2012-05-23T18:55:24","guid":{"rendered":"http:\/\/www.inclusive.org.br\/?p=22578"},"modified":"2012-05-23T15:55:24","modified_gmt":"2012-05-23T18:55:24","slug":"desenvolvimento-social-e-educacao-serao-temas-de-chat-no-twitter","status":"publish","type":"post","link":"https:\/\/inclusivenews.com.br\/?p=22578","title":{"rendered":"Desenvolvimento social e educa\u00e7\u00e3o ser\u00e3o temas de chat no Twitter"},"content":{"rendered":"<figure style=\"width: 350px\" class=\"wp-caption alignleft\"><img loading=\"lazy\" decoding=\"async\" title=\"Uma m\u00e3o escrevendo a palavra educa\u00e7ao em um caderno\" src=\"http:\/\/cdn.changemakers.com\/sites\/default\/files\/2435836310_e1a038ca57.jpg\" alt=\"\" width=\"350\" height=\"263\" \/><figcaption class=\"wp-caption-text\"> <\/figcaption><\/figure>\n<p>No dia 24 de maio, quinta-feira, o Changemakers realizar\u00e1 um chat no Twitter (#SocEntChat) no contexto da <a href=\"http:\/\/www.campanhaeducacao.org.br\/\">Semana de A\u00e7\u00e3o Mundial<\/a>, que ocorre de 20 a 27 de maio em todo o Brasil. O tema deste ano \u00e9 o direito \u00e0 educa\u00e7\u00e3o de qualidade, por isso o Changemakers vem produzindo uma s\u00e9rie de textos com foco na educa\u00e7\u00e3o como caminho para a transforma\u00e7\u00e3o social.<\/p>\n<p>Pretendemos promover uma discuss\u00e3o entre empreendedores sociais, especialistas, professores, alunos e demais interessados nesse tema, para que possam intercambiar ideias, apresentar seus projetos e opinar sobre os assuntos mais pulsantes na \u00e1rea de educa\u00e7\u00e3o. Al\u00e9m disso, debateremos sobre os desafios ainda existentes e poss\u00edveis solu\u00e7\u00f5es para as demandas da educa\u00e7\u00e3o no Brasil. O #SocEntChat  ter\u00e1 in\u00edcio \u00e0s 16h (hor\u00e1rio de Bras\u00edlia), com dura\u00e7\u00e3o de uma hora.<\/p>\n<p>O que \u00e9 um #SocEntChat e como ele funciona?<\/p>\n<p>Um #SocEntChat \u00e9 uma discuss\u00e3o em tempo real &#8211; via Twitter &#8211; sobre empreendedorismo social, que foca em temas espec\u00edficos, \u00e1reas e eventos. O objetivo \u00e9 aproximar empreendedores, financiadores, jornalistas, entusiastas e pessoas interessadas em tem\u00e1ticas sociais, para que possam opinar, discutir assuntos atuais, conhecer inova\u00e7\u00f5es e identificar \u00e1reas que requerem maior aten\u00e7\u00e3o.<\/p>\n<p>Como participar?<\/p>\n<p>1) Siga @ChangemakersPT para receber Tweets e atualiza\u00e7\u00f5es sobre este #SocEntChat.<br \/>\n2) Durante o chat, utilize search.twitter.com ou algum aplicativo como TweetDeck ou TweetChat para seguir o hashtag #SocEntChat e continuar a conversa.<br \/>\n3) Entre no chat a qualquer momento, escrevendo #SocEntChat em suas mensagens. No caso de n\u00e3o colocar o hashtag, a mensagem n\u00e3o ser\u00e1 vista por outras pessoas.<br \/>\n4) Apresente-se e conhe\u00e7a os demais usu\u00e1rios.<\/p>\n<p>Divulgue o chat para os seus amigos e seguidores!<\/p>\n","protected":false},"excerpt":{"rendered":"<p>No dia 24 de maio, quinta-feira, o Changemakers realizar\u00e1 um chat no Twitter (#SocEntChat) no contexto da Semana de A\u00e7\u00e3o Mundial, que ocorre de 20 a 27 de maio em todo o Brasil. O tema deste ano \u00e9 o direito \u00e0 educa\u00e7\u00e3o de qualidade, por isso o Changemakers vem produzindo uma s\u00e9rie de textos com foco na educa\u00e7\u00e3o como caminho para a transforma\u00e7\u00e3o social. <\/p>\n","protected":false},"author":1,"featured_media":0,"comment_status":"open","ping_status":"open","sticky":false,"template":"","format":"standard","meta":{"site-container-style":"default","site-container-layout":"default","site-sidebar-layout":"default","disable-article-header":"default","disable-site-header":"default","disable-site-footer":"default","disable-content-area-spacing":"default","footnotes":""},"categories":[6,4],"tags":[],"class_list":["post-22578","post","type-post","status-publish","format-standard","hentry","category-educacao","category-noticias"],"yoast_head":"<!-- This site is optimized with the Yoast SEO plugin v27.5 - https:\/\/yoast.com\/product\/yoast-seo-wordpress\/ -->\n<title>Desenvolvimento social e educa\u00e7\u00e3o ser\u00e3o temas de chat no Twitter -<\/title>\n<meta name=\"robots\" content=\"index, follow, max-snippet:-1, max-image-preview:large, max-video-preview:-1\" \/>\n<link rel=\"canonical\" href=\"https:\/\/inclusivenews.com.br\/?p=22578\" \/>\n<meta property=\"og:locale\" content=\"pt_PT\" \/>\n<meta property=\"og:type\" content=\"article\" \/>\n<meta property=\"og:title\" content=\"Desenvolvimento social e educa\u00e7\u00e3o ser\u00e3o temas de chat no Twitter -\" \/>\n<meta property=\"og:description\" content=\"No dia 24 de maio, quinta-feira, o Changemakers realizar\u00e1 um chat no Twitter (#SocEntChat) no contexto da Semana de A\u00e7\u00e3o Mundial, que ocorre de 20 a 27 de maio em todo o Brasil. O tema deste ano \u00e9 o direito \u00e0 educa\u00e7\u00e3o de qualidade, por isso o Changemakers vem produzindo uma s\u00e9rie de textos com foco na educa\u00e7\u00e3o como caminho para a transforma\u00e7\u00e3o social.\" \/>\n<meta property=\"og:url\" content=\"https:\/\/inclusivenews.com.br\/?p=22578\" \/>\n<meta property=\"article:publisher\" content=\"https:\/\/www.facebook.com\/agenciainclusive\/\" \/>\n<meta property=\"article:published_time\" content=\"2012-05-23T18:55:24+00:00\" \/>\n<meta property=\"og:image\" content=\"http:\/\/cdn.changemakers.com\/sites\/default\/files\/2435836310_e1a038ca57.jpg\" \/>\n<meta name=\"author\" content=\"inclusivenews2024\" \/>\n<meta name=\"twitter:card\" content=\"summary_large_image\" \/>\n<meta name=\"twitter:label1\" content=\"Escrito por\" \/>\n\t<meta name=\"twitter:data1\" content=\"inclusivenews2024\" \/>\n\t<meta name=\"twitter:label2\" content=\"Tempo estimado de leitura\" \/>\n\t<meta name=\"twitter:data2\" content=\"1 minuto\" \/>\n<script type=\"application\/ld+json\" class=\"yoast-schema-graph\">{\"@context\":\"https:\\\/\\\/schema.org\",\"@graph\":[{\"@type\":\"Article\",\"@id\":\"https:\\\/\\\/inclusivenews.com.br\\\/?p=22578#article\",\"isPartOf\":{\"@id\":\"https:\\\/\\\/inclusivenews.com.br\\\/?p=22578\"},\"author\":{\"name\":\"inclusivenews2024\",\"@id\":\"https:\\\/\\\/inclusivenews.com.br\\\/#\\\/schema\\\/person\\\/ae4ec7087559b8692fb33b6fffd2273b\"},\"headline\":\"Desenvolvimento social e educa\u00e7\u00e3o ser\u00e3o temas de chat no Twitter\",\"datePublished\":\"2012-05-23T18:55:24+00:00\",\"mainEntityOfPage\":{\"@id\":\"https:\\\/\\\/inclusivenews.com.br\\\/?p=22578\"},\"wordCount\":304,\"commentCount\":0,\"publisher\":{\"@id\":\"https:\\\/\\\/inclusivenews.com.br\\\/#organization\"},\"image\":{\"@id\":\"https:\\\/\\\/inclusivenews.com.br\\\/?p=22578#primaryimage\"},\"thumbnailUrl\":\"http:\\\/\\\/cdn.changemakers.com\\\/sites\\\/default\\\/files\\\/2435836310_e1a038ca57.jpg\",\"articleSection\":[\"EDUCA\u00c7\u00c3O\",\"NOT\u00cdCIAS\"],\"inLanguage\":\"pt-PT\",\"potentialAction\":[{\"@type\":\"CommentAction\",\"name\":\"Comment\",\"target\":[\"https:\\\/\\\/inclusivenews.com.br\\\/?p=22578#respond\"]}]},{\"@type\":\"WebPage\",\"@id\":\"https:\\\/\\\/inclusivenews.com.br\\\/?p=22578\",\"url\":\"https:\\\/\\\/inclusivenews.com.br\\\/?p=22578\",\"name\":\"Desenvolvimento social e educa\u00e7\u00e3o ser\u00e3o temas de chat no Twitter -\",\"isPartOf\":{\"@id\":\"https:\\\/\\\/inclusivenews.com.br\\\/#website\"},\"primaryImageOfPage\":{\"@id\":\"https:\\\/\\\/inclusivenews.com.br\\\/?p=22578#primaryimage\"},\"image\":{\"@id\":\"https:\\\/\\\/inclusivenews.com.br\\\/?p=22578#primaryimage\"},\"thumbnailUrl\":\"http:\\\/\\\/cdn.changemakers.com\\\/sites\\\/default\\\/files\\\/2435836310_e1a038ca57.jpg\",\"datePublished\":\"2012-05-23T18:55:24+00:00\",\"breadcrumb\":{\"@id\":\"https:\\\/\\\/inclusivenews.com.br\\\/?p=22578#breadcrumb\"},\"inLanguage\":\"pt-PT\",\"potentialAction\":[{\"@type\":\"ReadAction\",\"target\":[\"https:\\\/\\\/inclusivenews.com.br\\\/?p=22578\"]}]},{\"@type\":\"ImageObject\",\"inLanguage\":\"pt-PT\",\"@id\":\"https:\\\/\\\/inclusivenews.com.br\\\/?p=22578#primaryimage\",\"url\":\"http:\\\/\\\/cdn.changemakers.com\\\/sites\\\/default\\\/files\\\/2435836310_e1a038ca57.jpg\",\"contentUrl\":\"http:\\\/\\\/cdn.changemakers.com\\\/sites\\\/default\\\/files\\\/2435836310_e1a038ca57.jpg\"},{\"@type\":\"BreadcrumbList\",\"@id\":\"https:\\\/\\\/inclusivenews.com.br\\\/?p=22578#breadcrumb\",\"itemListElement\":[{\"@type\":\"ListItem\",\"position\":1,\"name\":\"In\u00edcio\",\"item\":\"https:\\\/\\\/inclusivenews.com.br\\\/\"},{\"@type\":\"ListItem\",\"position\":2,\"name\":\"Desenvolvimento social e educa\u00e7\u00e3o ser\u00e3o temas de chat no Twitter\"}]},{\"@type\":\"WebSite\",\"@id\":\"https:\\\/\\\/inclusivenews.com.br\\\/#website\",\"url\":\"https:\\\/\\\/inclusivenews.com.br\\\/\",\"name\":\"Inclusive News\",\"description\":\"Inclusive News\",\"publisher\":{\"@id\":\"https:\\\/\\\/inclusivenews.com.br\\\/#organization\"},\"potentialAction\":[{\"@type\":\"SearchAction\",\"target\":{\"@type\":\"EntryPoint\",\"urlTemplate\":\"https:\\\/\\\/inclusivenews.com.br\\\/?s={search_term_string}\"},\"query-input\":{\"@type\":\"PropertyValueSpecification\",\"valueRequired\":true,\"valueName\":\"search_term_string\"}}],\"inLanguage\":\"pt-PT\"},{\"@type\":\"Organization\",\"@id\":\"https:\\\/\\\/inclusivenews.com.br\\\/#organization\",\"name\":\"Inclusive - inclus\u00e3o e cidadania\",\"url\":\"https:\\\/\\\/inclusivenews.com.br\\\/\",\"logo\":{\"@type\":\"ImageObject\",\"inLanguage\":\"pt-PT\",\"@id\":\"https:\\\/\\\/inclusivenews.com.br\\\/#\\\/schema\\\/logo\\\/image\\\/\",\"url\":\"https:\\\/\\\/inclusivenews.com.br\\\/wp-content\\\/uploads\\\/2024\\\/03\\\/@grandesite.png\",\"contentUrl\":\"https:\\\/\\\/inclusivenews.com.br\\\/wp-content\\\/uploads\\\/2024\\\/03\\\/@grandesite.png\",\"width\":1080,\"height\":1080,\"caption\":\"Inclusive - inclus\u00e3o e cidadania\"},\"image\":{\"@id\":\"https:\\\/\\\/inclusivenews.com.br\\\/#\\\/schema\\\/logo\\\/image\\\/\"},\"sameAs\":[\"https:\\\/\\\/www.facebook.com\\\/agenciainclusive\\\/\",\"https:\\\/\\\/www.instagram.com\\\/newsinclusive\\\/\"]},{\"@type\":\"Person\",\"@id\":\"https:\\\/\\\/inclusivenews.com.br\\\/#\\\/schema\\\/person\\\/ae4ec7087559b8692fb33b6fffd2273b\",\"name\":\"inclusivenews2024\",\"image\":{\"@type\":\"ImageObject\",\"inLanguage\":\"pt-PT\",\"@id\":\"https:\\\/\\\/secure.gravatar.com\\\/avatar\\\/c5a7ef84c66fa914f55bc4f7ce26cfa275a3b9a1c5568b907bd184fb4dde7b40?s=96&d=mm&r=g\",\"url\":\"https:\\\/\\\/secure.gravatar.com\\\/avatar\\\/c5a7ef84c66fa914f55bc4f7ce26cfa275a3b9a1c5568b907bd184fb4dde7b40?s=96&d=mm&r=g\",\"contentUrl\":\"https:\\\/\\\/secure.gravatar.com\\\/avatar\\\/c5a7ef84c66fa914f55bc4f7ce26cfa275a3b9a1c5568b907bd184fb4dde7b40?s=96&d=mm&r=g\",\"caption\":\"inclusivenews2024\"},\"sameAs\":[\"https:\\\/\\\/inclusivenews.com.br\"],\"url\":\"https:\\\/\\\/inclusivenews.com.br\\\/?author=1\"}]}<\/script>\n<!-- \/ Yoast SEO plugin. -->","yoast_head_json":{"title":"Desenvolvimento social e educa\u00e7\u00e3o ser\u00e3o temas de chat no Twitter -","robots":{"index":"index","follow":"follow","max-snippet":"max-snippet:-1","max-image-preview":"max-image-preview:large","max-video-preview":"max-video-preview:-1"},"canonical":"https:\/\/inclusivenews.com.br\/?p=22578","og_locale":"pt_PT","og_type":"article","og_title":"Desenvolvimento social e educa\u00e7\u00e3o ser\u00e3o temas de chat no Twitter -","og_description":"No dia 24 de maio, quinta-feira, o Changemakers realizar\u00e1 um chat no Twitter (#SocEntChat) no contexto da Semana de A\u00e7\u00e3o Mundial, que ocorre de 20 a 27 de maio em todo o Brasil. O tema deste ano \u00e9 o direito \u00e0 educa\u00e7\u00e3o de qualidade, por isso o Changemakers vem produzindo uma s\u00e9rie de textos com foco na educa\u00e7\u00e3o como caminho para a transforma\u00e7\u00e3o social.","og_url":"https:\/\/inclusivenews.com.br\/?p=22578","article_publisher":"https:\/\/www.facebook.com\/agenciainclusive\/","article_published_time":"2012-05-23T18:55:24+00:00","og_image":[{"url":"http:\/\/cdn.changemakers.com\/sites\/default\/files\/2435836310_e1a038ca57.jpg","type":"","width":"","height":""}],"author":"inclusivenews2024","twitter_card":"summary_large_image","twitter_misc":{"Escrito por":"inclusivenews2024","Tempo estimado de leitura":"1 minuto"},"schema":{"@context":"https:\/\/schema.org","@graph":[{"@type":"Article","@id":"https:\/\/inclusivenews.com.br\/?p=22578#article","isPartOf":{"@id":"https:\/\/inclusivenews.com.br\/?p=22578"},"author":{"name":"inclusivenews2024","@id":"https:\/\/inclusivenews.com.br\/#\/schema\/person\/ae4ec7087559b8692fb33b6fffd2273b"},"headline":"Desenvolvimento social e educa\u00e7\u00e3o ser\u00e3o temas de chat no Twitter","datePublished":"2012-05-23T18:55:24+00:00","mainEntityOfPage":{"@id":"https:\/\/inclusivenews.com.br\/?p=22578"},"wordCount":304,"commentCount":0,"publisher":{"@id":"https:\/\/inclusivenews.com.br\/#organization"},"image":{"@id":"https:\/\/inclusivenews.com.br\/?p=22578#primaryimage"},"thumbnailUrl":"http:\/\/cdn.changemakers.com\/sites\/default\/files\/2435836310_e1a038ca57.jpg","articleSection":["EDUCA\u00c7\u00c3O","NOT\u00cdCIAS"],"inLanguage":"pt-PT","potentialAction":[{"@type":"CommentAction","name":"Comment","target":["https:\/\/inclusivenews.com.br\/?p=22578#respond"]}]},{"@type":"WebPage","@id":"https:\/\/inclusivenews.com.br\/?p=22578","url":"https:\/\/inclusivenews.com.br\/?p=22578","name":"Desenvolvimento social e educa\u00e7\u00e3o ser\u00e3o temas de chat no Twitter -","isPartOf":{"@id":"https:\/\/inclusivenews.com.br\/#website"},"primaryImageOfPage":{"@id":"https:\/\/inclusivenews.com.br\/?p=22578#primaryimage"},"image":{"@id":"https:\/\/inclusivenews.com.br\/?p=22578#primaryimage"},"thumbnailUrl":"http:\/\/cdn.changemakers.com\/sites\/default\/files\/2435836310_e1a038ca57.jpg","datePublished":"2012-05-23T18:55:24+00:00","breadcrumb":{"@id":"https:\/\/inclusivenews.com.br\/?p=22578#breadcrumb"},"inLanguage":"pt-PT","potentialAction":[{"@type":"ReadAction","target":["https:\/\/inclusivenews.com.br\/?p=22578"]}]},{"@type":"ImageObject","inLanguage":"pt-PT","@id":"https:\/\/inclusivenews.com.br\/?p=22578#primaryimage","url":"http:\/\/cdn.changemakers.com\/sites\/default\/files\/2435836310_e1a038ca57.jpg","contentUrl":"http:\/\/cdn.changemakers.com\/sites\/default\/files\/2435836310_e1a038ca57.jpg"},{"@type":"BreadcrumbList","@id":"https:\/\/inclusivenews.com.br\/?p=22578#breadcrumb","itemListElement":[{"@type":"ListItem","position":1,"name":"In\u00edcio","item":"https:\/\/inclusivenews.com.br\/"},{"@type":"ListItem","position":2,"name":"Desenvolvimento social e educa\u00e7\u00e3o ser\u00e3o temas de chat no Twitter"}]},{"@type":"WebSite","@id":"https:\/\/inclusivenews.com.br\/#website","url":"https:\/\/inclusivenews.com.br\/","name":"Inclusive News","description":"Inclusive News","publisher":{"@id":"https:\/\/inclusivenews.com.br\/#organization"},"potentialAction":[{"@type":"SearchAction","target":{"@type":"EntryPoint","urlTemplate":"https:\/\/inclusivenews.com.br\/?s={search_term_string}"},"query-input":{"@type":"PropertyValueSpecification","valueRequired":true,"valueName":"search_term_string"}}],"inLanguage":"pt-PT"},{"@type":"Organization","@id":"https:\/\/inclusivenews.com.br\/#organization","name":"Inclusive - inclus\u00e3o e cidadania","url":"https:\/\/inclusivenews.com.br\/","logo":{"@type":"ImageObject","inLanguage":"pt-PT","@id":"https:\/\/inclusivenews.com.br\/#\/schema\/logo\/image\/","url":"https:\/\/inclusivenews.com.br\/wp-content\/uploads\/2024\/03\/@grandesite.png","contentUrl":"https:\/\/inclusivenews.com.br\/wp-content\/uploads\/2024\/03\/@grandesite.png","width":1080,"height":1080,"caption":"Inclusive - inclus\u00e3o e cidadania"},"image":{"@id":"https:\/\/inclusivenews.com.br\/#\/schema\/logo\/image\/"},"sameAs":["https:\/\/www.facebook.com\/agenciainclusive\/","https:\/\/www.instagram.com\/newsinclusive\/"]},{"@type":"Person","@id":"https:\/\/inclusivenews.com.br\/#\/schema\/person\/ae4ec7087559b8692fb33b6fffd2273b","name":"inclusivenews2024","image":{"@type":"ImageObject","inLanguage":"pt-PT","@id":"https:\/\/secure.gravatar.com\/avatar\/c5a7ef84c66fa914f55bc4f7ce26cfa275a3b9a1c5568b907bd184fb4dde7b40?s=96&d=mm&r=g","url":"https:\/\/secure.gravatar.com\/avatar\/c5a7ef84c66fa914f55bc4f7ce26cfa275a3b9a1c5568b907bd184fb4dde7b40?s=96&d=mm&r=g","contentUrl":"https:\/\/secure.gravatar.com\/avatar\/c5a7ef84c66fa914f55bc4f7ce26cfa275a3b9a1c5568b907bd184fb4dde7b40?s=96&d=mm&r=g","caption":"inclusivenews2024"},"sameAs":["https:\/\/inclusivenews.com.br"],"url":"https:\/\/inclusivenews.com.br\/?author=1"}]}},"_links":{"self":[{"href":"https:\/\/inclusivenews.com.br\/index.php?rest_route=\/wp\/v2\/posts\/22578","targetHints":{"allow":["GET"]}}],"collection":[{"href":"https:\/\/inclusivenews.com.br\/index.php?rest_route=\/wp\/v2\/posts"}],"about":[{"href":"https:\/\/inclusivenews.com.br\/index.php?rest_route=\/wp\/v2\/types\/post"}],"author":[{"embeddable":true,"href":"https:\/\/inclusivenews.com.br\/index.php?rest_route=\/wp\/v2\/users\/1"}],"replies":[{"embeddable":true,"href":"https:\/\/inclusivenews.com.br\/index.php?rest_route=%2Fwp%2Fv2%2Fcomments&post=22578"}],"version-history":[{"count":0,"href":"https:\/\/inclusivenews.com.br\/index.php?rest_route=\/wp\/v2\/posts\/22578\/revisions"}],"wp:attachment":[{"href":"https:\/\/inclusivenews.com.br\/index.php?rest_route=%2Fwp%2Fv2%2Fmedia&parent=22578"}],"wp:term":[{"taxonomy":"category","embeddable":true,"href":"https:\/\/inclusivenews.com.br\/index.php?rest_route=%2Fwp%2Fv2%2Fcategories&post=22578"},{"taxonomy":"post_tag","embeddable":true,"href":"https:\/\/inclusivenews.com.br\/index.php?rest_route=%2Fwp%2Fv2%2Ftags&post=22578"}],"curies":[{"name":"wp","href":"https:\/\/api.w.org\/{rel}","templated":true}]}}