{"id":22586,"date":"2012-05-23T15:51:17","date_gmt":"2012-05-23T18:51:17","guid":{"rendered":"http:\/\/www.inclusive.org.br\/?p=22586"},"modified":"2012-05-23T15:51:17","modified_gmt":"2012-05-23T18:51:17","slug":"acao-civil-publica-exige-oferta-de-educacao-noturna-em-presidio-de-sp","status":"publish","type":"post","link":"https:\/\/inclusivenews.com.br\/?p=22586","title":{"rendered":"A\u00e7\u00e3o Civil P\u00fablica exige oferta de educa\u00e7\u00e3o noturna em pres\u00eddio de SP"},"content":{"rendered":"<figure id=\"attachment_20703\" aria-describedby=\"caption-attachment-20703\" style=\"width: 315px\" class=\"wp-caption alignleft\"><a href=\"http:\/\/www.inclusivenews.com.br\/wp-content\/uploads\/grades.jpg\"><img loading=\"lazy\" decoding=\"async\" class=\"size-full wp-image-20703\" title=\"Grades de uma pris\u00e3o com uma porta aberta\" src=\"http:\/\/inclusivenews.com.br\/wp-content\/uploads\/grades.jpg\" alt=\"Grades de uma pris\u00e3o com uma porta aberta\" width=\"315\" height=\"315\" \/><\/a><figcaption id=\"caption-attachment-20703\" class=\"wp-caption-text\"> <\/figcaption><\/figure>\n<p class=\"caption\" style=\"line-height: normal;\"><em>O objetivo \u00e9 garantir que o Estado de S\u00e3o Paulo garanta o acesso \u00e0 educa\u00e7\u00e3o \u00e0s mulheres presas da Penitenci\u00e1ria Feminina de Sant\u2019ana\u00a0 que trabalham ou querem trabalhar durante o dia <\/em><\/p>\n<p><em> <\/em><\/p>\n<p class=\"caption\" style=\"line-height: normal;\">A\u00e7\u00e3o Educativa, Defensoria P\u00fablica do Estado de S\u00e3o Paulo, Conectas Direitos Humanos, Pastoral Carcer\u00e1ria, Instituto Terra, Trabalho e Cidadania (ITTC) e Instituto Pr\u00e1xis de Direitos Humanos propuseram uma A\u00e7\u00e3o Civil P\u00fablica para garantir que o <em>e<\/em>stado de S\u00e3o Paulo assegure o direito \u00e0 educa\u00e7\u00e3o de mulheres presas na Penitenci\u00e1ria Feminina de Santana, na zona norte de S\u00e3o Paulo.<\/p>\n<p class=\"caption\" style=\"line-height: normal;\"><a href=\"http:\/\/www.direitoaeducacao.org.br\/wp-content\/uploads\/2012\/05\/ACP_educacao_noturna_PFS_260412.pdf\" target=\"_blank\" rel=\"noopener\">Veja aqui a peti\u00e7\u00e3o inicial da A\u00e7\u00e3o Civil P\u00fablica<\/a><\/p>\n<p class=\"caption\" style=\"line-height: normal;\">Com uma popula\u00e7\u00e3o carcer\u00e1ria de aproximadamente 2.700 (duas mil e setecentas) internas, o maior pres\u00eddio feminino do estado de S\u00e3o Paulo n\u00e3o oferece a possibilidade de estudo durante a noite para as presas que trabalham em per\u00edodo integral.<\/p>\n<p class=\"caption\" style=\"line-height: normal;\">Segundo a dire\u00e7\u00e3o do pres\u00eddio, referendada pela Secretaria de Administra\u00e7\u00e3o Penitenci\u00e1ria, a falta de agentes de seguran\u00e7a \u00e9o principal obst\u00e1culo para o n\u00e3o oferecimento de ensino noturno. J\u00e1 a Secretaria da Educa\u00e7\u00e3o se isentou de responsabilidade e afirmou que o per\u00edodo noturno ser\u00e1 atendido de acordo com a possibilidade de cada unidade prisional.<\/p>\n<p class=\"caption\" style=\"line-height: normal;\">Para Ester Rizzi, do programa A\u00e7\u00e3o na Justi\u00e7a, da A\u00e7\u00e3o Educativa, quest\u00f5es administrativas da penitenci\u00e1ria n\u00e3o devem servir de justificativa para restri\u00e7\u00e3o ao acesso \u00e0s oportunidades educacionais. \u201cO posicionamento de tais institui\u00e7\u00f5es do Poder P\u00fablico evidencia a maneira como o Estado encara a educa\u00e7\u00e3o, como um privil\u00e9gio no sistema prisional e n\u00e3o como um direito universal constitucionalmente assegurado\u201d, diz.<\/p>\n<p class=\"caption\" style=\"line-height: normal;\">Se o direito \u00e0 educa\u00e7\u00e3o de pessoas privadas de liberdade j\u00e1 era garantido na Constitui\u00e7\u00e3o, na Lei de Execu\u00e7\u00e3o Penal e em diversas normas de direito internacional, em 2010 foi aprovada ainda a Resolu\u00e7\u00e3o CNE\/CEB n\u00ba 2\/2010, editada pelo Conselho Nacional de Educa\u00e7\u00e3o e homologada pelo Minist\u00e9rio da Educa\u00e7\u00e3o, que estabelece diretrizes para educa\u00e7\u00e3o de jovens e adultos em situa\u00e7\u00e3o de priva\u00e7\u00e3o de liberdade, e prev\u00ea de forma clara e objetiva que \u201ca oferta de educa\u00e7\u00e3o para jovens e adultos em estabelecimentos penais obedecer\u00e1 \u00e0s seguintes orienta\u00e7\u00f5es: VII \u2013 contemplar\u00e1 o atendimento em todos os turnos\u201d (art. 3\u00ba). (<a href=\"http:\/\/www.direitoaeducacao.org.br\/1625\/resolucao-cneceb-n%C2%BA-22010-dispoe-sobre-as-diretrizes-nacionais-para-a-oferta-de-educacao-para-jovens-e-adultos-em-situacao-de-privacao-de-liberdade-nos-estabelecimentos-penais\/\" target=\"_blank\" rel=\"noopener\">Veja aqui a \u00edntegra do texto das Diretrizes<\/a>)<\/p>\n<p class=\"caption\" style=\"line-height: normal;\">Pesquisa realizada pela A\u00e7\u00e3o Educativa, por recomenda\u00e7\u00e3o do Conselho da Comunidade da Comarca de S\u00e3o Paulo, por meio de sua Comiss\u00e3o de Educa\u00e7\u00e3o, constatou que entre as mulheres entrevistadas, 70% daquelas que j\u00e1 haviam frequentado alguma atividade educativa na pris\u00e3o e abandonaram os estudos desistiram porque come\u00e7aram a trabalhar. No entanto, entre as internas que n\u00e3o estudavam no momento da entrevista, 79% afirmaram que gostariam de estudar. A maioria apontou como principais motiva\u00e7\u00f5es a inten\u00e7\u00e3o de elevar a escolaridade e o desejo de aprender.<\/p>\n<p class=\"caption\" style=\"line-height: normal;\">Essa situa\u00e7\u00e3o n\u00e3o \u00e9, no entanto, restrita \u00e0 Penitenci\u00e1ria Feminina de Santana. Segundo dados do Minist\u00e9rio da Justi\u00e7a, o estado de S\u00e3o Paulo possu\u00eda, em junho de 2011, 177.767 pessoas presas. Isso equivalia a 34% de toda a popula\u00e7\u00e3o encarcerada no Brasil. Desse universo, apenas 14.021 presos participavam de atividades educacionais orientadas para a eleva\u00e7\u00e3o da escolaridade e qualifica\u00e7\u00e3o t\u00e9cnica, o que equivale a 8% da popula\u00e7\u00e3o presa no estado.<\/p>\n<p class=\"caption\" style=\"line-height: normal;\">De acordo com Ester, muitas dessas mulheres, mesmo presas, necessitam de recursos financeiros para seguir contribuindo com o sustento de suas fam\u00edlias e, por isso, entre o estudo e o trabalho acabam escolhendo o \u00faltimo. \u201cEstudar e trabalhar s\u00e3o atividades complementares, oferecer ensino no per\u00edodo noturno \u00e9 a solu\u00e7\u00e3o mais vi\u00e1vel para conciliar tais pr\u00e1ticas no caso da Penitenci\u00e1ria Feminina de Santana. N\u00e3o considerar a realidade das detentas ao estruturar o atendimento educacional \u00e9 negar o direito fundamental \u00e0 educa\u00e7\u00e3o, indispens\u00e1vel para emancipa\u00e7\u00e3o dos indiv\u00edduos\u201d, conclui.<\/p>\n<p class=\"caption\" style=\"line-height: normal;\"><strong>Por que a educa\u00e7\u00e3o nas pris\u00f5es n\u00e3o \u00e9 um privil\u00e9gio?<\/strong><\/p>\n<p class=\"caption\" style=\"line-height: normal;\">O primeiro passo para responder a esta quest\u00e3o \u00e9 encarar a educa\u00e7\u00e3o como condi\u00e7\u00e3o essencial para o desenvolvimento de qualquer indiv\u00edduo, como um direito universal e constitucionalmente assegurado. Ela promove o desenvolvimento humano em sua plenitude, bem como favorece a autossufici\u00eancia econ\u00f4mica por meio do trabalho. Al\u00e9m disso, h\u00e1 prote\u00e7\u00e3o espec\u00edfica para o direito \u00e0 educa\u00e7\u00e3o de pessoas privadas de liberdade em in\u00fameras normas.<\/p>\n<p class=\"caption\" style=\"line-height: normal;\">\u00c9 dever do Estado garantir o acesso \u00e0 educa\u00e7\u00e3o \u00e0 toda popula\u00e7\u00e3o, inclusive para aqueles que foram privados de liberdade. Afinal, eles tiveram a liberdade restrita, afetado seu direito de ir e vir. No entanto, todos\u00a0 os demais direitos fundamentais devem ser assegurados, sendo o exerc\u00edcio do direito realizado de forma adequada \u00e0s circunst\u00e2ncias vividas por cada cidad\u00e3o preso (art. 38 do C\u00f3digo Penal entre in\u00fameras outras refer\u00eancias normativas). Nesse contexto, foram aprovadas as Diretrizes Nacionais Para Educa\u00e7\u00e3o de Jovens e Adultos em Situa\u00e7\u00e3o de Priva\u00e7\u00e3o de Liberdade, cujo desafio de implementa\u00e7\u00e3o em todo o territ\u00f3rio nacional se enfrenta agora.<\/p>\n<p class=\"caption\" style=\"line-height: normal;\">Fonte: <a href=\"http:\/\/www.acaoeducativa.org.br\/index.php\/educacao\/51-acao-na-justica\/10004387-acao-civil-publica-tentam-garantir-oferta-de-educacao-noturna-em-penitenciaria-paulista\">A\u00e7\u00e3o Educativa<\/a><\/p>\n","protected":false},"excerpt":{"rendered":"<p>O objetivo \u00e9 garantir que o Estado de S\u00e3o Paulo garanta o acesso \u00e0 educa\u00e7\u00e3o \u00e0s mulheres presas da Penitenci\u00e1ria Feminina de Sant\u2019ana  que trabalham ou querem trabalhar durante o dia. Da A\u00e7\u00e3o Educativa.<\/p>\n","protected":false},"author":1,"featured_media":0,"comment_status":"open","ping_status":"open","sticky":false,"template":"","format":"standard","meta":{"site-container-style":"default","site-container-layout":"default","site-sidebar-layout":"default","disable-article-header":"default","disable-site-header":"default","disable-site-footer":"default","disable-content-area-spacing":"default","footnotes":""},"categories":[6,48,4],"tags":[],"class_list":["post-22586","post","type-post","status-publish","format-standard","hentry","category-educacao","category-inclusao","category-noticias"],"yoast_head":"<!-- This site is optimized with the Yoast SEO plugin v27.5 - https:\/\/yoast.com\/product\/yoast-seo-wordpress\/ -->\n<title>A\u00e7\u00e3o Civil P\u00fablica exige oferta de educa\u00e7\u00e3o noturna em pres\u00eddio de SP -<\/title>\n<meta name=\"robots\" content=\"index, follow, max-snippet:-1, max-image-preview:large, max-video-preview:-1\" \/>\n<link rel=\"canonical\" href=\"https:\/\/inclusivenews.com.br\/?p=22586\" \/>\n<meta property=\"og:locale\" content=\"pt_PT\" \/>\n<meta property=\"og:type\" content=\"article\" \/>\n<meta property=\"og:title\" content=\"A\u00e7\u00e3o Civil P\u00fablica exige oferta de educa\u00e7\u00e3o noturna em pres\u00eddio de SP -\" \/>\n<meta property=\"og:description\" content=\"O objetivo \u00e9 garantir que o Estado de S\u00e3o Paulo garanta o acesso \u00e0 educa\u00e7\u00e3o \u00e0s mulheres presas da Penitenci\u00e1ria Feminina de Sant\u2019ana que trabalham ou querem trabalhar durante o dia. Da A\u00e7\u00e3o Educativa.\" \/>\n<meta property=\"og:url\" content=\"https:\/\/inclusivenews.com.br\/?p=22586\" \/>\n<meta property=\"article:publisher\" content=\"https:\/\/www.facebook.com\/agenciainclusive\/\" \/>\n<meta property=\"article:published_time\" content=\"2012-05-23T18:51:17+00:00\" \/>\n<meta property=\"og:image\" content=\"http:\/\/inclusivenews.com.br\/wp-content\/uploads\/grades.jpg\" \/>\n<meta name=\"author\" content=\"inclusivenews2024\" \/>\n<meta name=\"twitter:card\" content=\"summary_large_image\" \/>\n<meta name=\"twitter:label1\" content=\"Escrito por\" \/>\n\t<meta name=\"twitter:data1\" content=\"inclusivenews2024\" \/>\n\t<meta name=\"twitter:label2\" content=\"Tempo estimado de leitura\" \/>\n\t<meta name=\"twitter:data2\" content=\"4 minutos\" \/>\n<script type=\"application\/ld+json\" class=\"yoast-schema-graph\">{\"@context\":\"https:\\\/\\\/schema.org\",\"@graph\":[{\"@type\":\"Article\",\"@id\":\"https:\\\/\\\/inclusivenews.com.br\\\/?p=22586#article\",\"isPartOf\":{\"@id\":\"https:\\\/\\\/inclusivenews.com.br\\\/?p=22586\"},\"author\":{\"name\":\"inclusivenews2024\",\"@id\":\"https:\\\/\\\/inclusivenews.com.br\\\/#\\\/schema\\\/person\\\/ae4ec7087559b8692fb33b6fffd2273b\"},\"headline\":\"A\u00e7\u00e3o Civil P\u00fablica exige oferta de educa\u00e7\u00e3o noturna em pres\u00eddio de SP\",\"datePublished\":\"2012-05-23T18:51:17+00:00\",\"mainEntityOfPage\":{\"@id\":\"https:\\\/\\\/inclusivenews.com.br\\\/?p=22586\"},\"wordCount\":888,\"commentCount\":0,\"publisher\":{\"@id\":\"https:\\\/\\\/inclusivenews.com.br\\\/#organization\"},\"image\":{\"@id\":\"https:\\\/\\\/inclusivenews.com.br\\\/?p=22586#primaryimage\"},\"thumbnailUrl\":\"http:\\\/\\\/inclusivenews.com.br\\\/wp-content\\\/uploads\\\/grades.jpg\",\"articleSection\":[\"EDUCA\u00c7\u00c3O\",\"INCLUS\u00c3O SOCIAL\",\"NOT\u00cdCIAS\"],\"inLanguage\":\"pt-PT\",\"potentialAction\":[{\"@type\":\"CommentAction\",\"name\":\"Comment\",\"target\":[\"https:\\\/\\\/inclusivenews.com.br\\\/?p=22586#respond\"]}]},{\"@type\":\"WebPage\",\"@id\":\"https:\\\/\\\/inclusivenews.com.br\\\/?p=22586\",\"url\":\"https:\\\/\\\/inclusivenews.com.br\\\/?p=22586\",\"name\":\"A\u00e7\u00e3o Civil P\u00fablica exige oferta de educa\u00e7\u00e3o noturna em pres\u00eddio de SP -\",\"isPartOf\":{\"@id\":\"https:\\\/\\\/inclusivenews.com.br\\\/#website\"},\"primaryImageOfPage\":{\"@id\":\"https:\\\/\\\/inclusivenews.com.br\\\/?p=22586#primaryimage\"},\"image\":{\"@id\":\"https:\\\/\\\/inclusivenews.com.br\\\/?p=22586#primaryimage\"},\"thumbnailUrl\":\"http:\\\/\\\/inclusivenews.com.br\\\/wp-content\\\/uploads\\\/grades.jpg\",\"datePublished\":\"2012-05-23T18:51:17+00:00\",\"breadcrumb\":{\"@id\":\"https:\\\/\\\/inclusivenews.com.br\\\/?p=22586#breadcrumb\"},\"inLanguage\":\"pt-PT\",\"potentialAction\":[{\"@type\":\"ReadAction\",\"target\":[\"https:\\\/\\\/inclusivenews.com.br\\\/?p=22586\"]}]},{\"@type\":\"ImageObject\",\"inLanguage\":\"pt-PT\",\"@id\":\"https:\\\/\\\/inclusivenews.com.br\\\/?p=22586#primaryimage\",\"url\":\"\",\"contentUrl\":\"\"},{\"@type\":\"BreadcrumbList\",\"@id\":\"https:\\\/\\\/inclusivenews.com.br\\\/?p=22586#breadcrumb\",\"itemListElement\":[{\"@type\":\"ListItem\",\"position\":1,\"name\":\"In\u00edcio\",\"item\":\"https:\\\/\\\/inclusivenews.com.br\\\/\"},{\"@type\":\"ListItem\",\"position\":2,\"name\":\"A\u00e7\u00e3o Civil P\u00fablica exige oferta de educa\u00e7\u00e3o noturna em pres\u00eddio de SP\"}]},{\"@type\":\"WebSite\",\"@id\":\"https:\\\/\\\/inclusivenews.com.br\\\/#website\",\"url\":\"https:\\\/\\\/inclusivenews.com.br\\\/\",\"name\":\"Inclusive News\",\"description\":\"Inclusive News\",\"publisher\":{\"@id\":\"https:\\\/\\\/inclusivenews.com.br\\\/#organization\"},\"potentialAction\":[{\"@type\":\"SearchAction\",\"target\":{\"@type\":\"EntryPoint\",\"urlTemplate\":\"https:\\\/\\\/inclusivenews.com.br\\\/?s={search_term_string}\"},\"query-input\":{\"@type\":\"PropertyValueSpecification\",\"valueRequired\":true,\"valueName\":\"search_term_string\"}}],\"inLanguage\":\"pt-PT\"},{\"@type\":\"Organization\",\"@id\":\"https:\\\/\\\/inclusivenews.com.br\\\/#organization\",\"name\":\"Inclusive - inclus\u00e3o e cidadania\",\"url\":\"https:\\\/\\\/inclusivenews.com.br\\\/\",\"logo\":{\"@type\":\"ImageObject\",\"inLanguage\":\"pt-PT\",\"@id\":\"https:\\\/\\\/inclusivenews.com.br\\\/#\\\/schema\\\/logo\\\/image\\\/\",\"url\":\"https:\\\/\\\/inclusivenews.com.br\\\/wp-content\\\/uploads\\\/2024\\\/03\\\/@grandesite.png\",\"contentUrl\":\"https:\\\/\\\/inclusivenews.com.br\\\/wp-content\\\/uploads\\\/2024\\\/03\\\/@grandesite.png\",\"width\":1080,\"height\":1080,\"caption\":\"Inclusive - inclus\u00e3o e cidadania\"},\"image\":{\"@id\":\"https:\\\/\\\/inclusivenews.com.br\\\/#\\\/schema\\\/logo\\\/image\\\/\"},\"sameAs\":[\"https:\\\/\\\/www.facebook.com\\\/agenciainclusive\\\/\",\"https:\\\/\\\/www.instagram.com\\\/newsinclusive\\\/\"]},{\"@type\":\"Person\",\"@id\":\"https:\\\/\\\/inclusivenews.com.br\\\/#\\\/schema\\\/person\\\/ae4ec7087559b8692fb33b6fffd2273b\",\"name\":\"inclusivenews2024\",\"image\":{\"@type\":\"ImageObject\",\"inLanguage\":\"pt-PT\",\"@id\":\"https:\\\/\\\/secure.gravatar.com\\\/avatar\\\/c5a7ef84c66fa914f55bc4f7ce26cfa275a3b9a1c5568b907bd184fb4dde7b40?s=96&d=mm&r=g\",\"url\":\"https:\\\/\\\/secure.gravatar.com\\\/avatar\\\/c5a7ef84c66fa914f55bc4f7ce26cfa275a3b9a1c5568b907bd184fb4dde7b40?s=96&d=mm&r=g\",\"contentUrl\":\"https:\\\/\\\/secure.gravatar.com\\\/avatar\\\/c5a7ef84c66fa914f55bc4f7ce26cfa275a3b9a1c5568b907bd184fb4dde7b40?s=96&d=mm&r=g\",\"caption\":\"inclusivenews2024\"},\"sameAs\":[\"https:\\\/\\\/inclusivenews.com.br\"],\"url\":\"https:\\\/\\\/inclusivenews.com.br\\\/?author=1\"}]}<\/script>\n<!-- \/ Yoast SEO plugin. -->","yoast_head_json":{"title":"A\u00e7\u00e3o Civil P\u00fablica exige oferta de educa\u00e7\u00e3o noturna em pres\u00eddio de SP -","robots":{"index":"index","follow":"follow","max-snippet":"max-snippet:-1","max-image-preview":"max-image-preview:large","max-video-preview":"max-video-preview:-1"},"canonical":"https:\/\/inclusivenews.com.br\/?p=22586","og_locale":"pt_PT","og_type":"article","og_title":"A\u00e7\u00e3o Civil P\u00fablica exige oferta de educa\u00e7\u00e3o noturna em pres\u00eddio de SP -","og_description":"O objetivo \u00e9 garantir que o Estado de S\u00e3o Paulo garanta o acesso \u00e0 educa\u00e7\u00e3o \u00e0s mulheres presas da Penitenci\u00e1ria Feminina de Sant\u2019ana que trabalham ou querem trabalhar durante o dia. Da A\u00e7\u00e3o Educativa.","og_url":"https:\/\/inclusivenews.com.br\/?p=22586","article_publisher":"https:\/\/www.facebook.com\/agenciainclusive\/","article_published_time":"2012-05-23T18:51:17+00:00","og_image":[{"url":"http:\/\/inclusivenews.com.br\/wp-content\/uploads\/grades.jpg","type":"","width":"","height":""}],"author":"inclusivenews2024","twitter_card":"summary_large_image","twitter_misc":{"Escrito por":"inclusivenews2024","Tempo estimado de leitura":"4 minutos"},"schema":{"@context":"https:\/\/schema.org","@graph":[{"@type":"Article","@id":"https:\/\/inclusivenews.com.br\/?p=22586#article","isPartOf":{"@id":"https:\/\/inclusivenews.com.br\/?p=22586"},"author":{"name":"inclusivenews2024","@id":"https:\/\/inclusivenews.com.br\/#\/schema\/person\/ae4ec7087559b8692fb33b6fffd2273b"},"headline":"A\u00e7\u00e3o Civil P\u00fablica exige oferta de educa\u00e7\u00e3o noturna em pres\u00eddio de SP","datePublished":"2012-05-23T18:51:17+00:00","mainEntityOfPage":{"@id":"https:\/\/inclusivenews.com.br\/?p=22586"},"wordCount":888,"commentCount":0,"publisher":{"@id":"https:\/\/inclusivenews.com.br\/#organization"},"image":{"@id":"https:\/\/inclusivenews.com.br\/?p=22586#primaryimage"},"thumbnailUrl":"http:\/\/inclusivenews.com.br\/wp-content\/uploads\/grades.jpg","articleSection":["EDUCA\u00c7\u00c3O","INCLUS\u00c3O SOCIAL","NOT\u00cdCIAS"],"inLanguage":"pt-PT","potentialAction":[{"@type":"CommentAction","name":"Comment","target":["https:\/\/inclusivenews.com.br\/?p=22586#respond"]}]},{"@type":"WebPage","@id":"https:\/\/inclusivenews.com.br\/?p=22586","url":"https:\/\/inclusivenews.com.br\/?p=22586","name":"A\u00e7\u00e3o Civil P\u00fablica exige oferta de educa\u00e7\u00e3o noturna em pres\u00eddio de SP -","isPartOf":{"@id":"https:\/\/inclusivenews.com.br\/#website"},"primaryImageOfPage":{"@id":"https:\/\/inclusivenews.com.br\/?p=22586#primaryimage"},"image":{"@id":"https:\/\/inclusivenews.com.br\/?p=22586#primaryimage"},"thumbnailUrl":"http:\/\/inclusivenews.com.br\/wp-content\/uploads\/grades.jpg","datePublished":"2012-05-23T18:51:17+00:00","breadcrumb":{"@id":"https:\/\/inclusivenews.com.br\/?p=22586#breadcrumb"},"inLanguage":"pt-PT","potentialAction":[{"@type":"ReadAction","target":["https:\/\/inclusivenews.com.br\/?p=22586"]}]},{"@type":"ImageObject","inLanguage":"pt-PT","@id":"https:\/\/inclusivenews.com.br\/?p=22586#primaryimage","url":"","contentUrl":""},{"@type":"BreadcrumbList","@id":"https:\/\/inclusivenews.com.br\/?p=22586#breadcrumb","itemListElement":[{"@type":"ListItem","position":1,"name":"In\u00edcio","item":"https:\/\/inclusivenews.com.br\/"},{"@type":"ListItem","position":2,"name":"A\u00e7\u00e3o Civil P\u00fablica exige oferta de educa\u00e7\u00e3o noturna em pres\u00eddio de SP"}]},{"@type":"WebSite","@id":"https:\/\/inclusivenews.com.br\/#website","url":"https:\/\/inclusivenews.com.br\/","name":"Inclusive News","description":"Inclusive News","publisher":{"@id":"https:\/\/inclusivenews.com.br\/#organization"},"potentialAction":[{"@type":"SearchAction","target":{"@type":"EntryPoint","urlTemplate":"https:\/\/inclusivenews.com.br\/?s={search_term_string}"},"query-input":{"@type":"PropertyValueSpecification","valueRequired":true,"valueName":"search_term_string"}}],"inLanguage":"pt-PT"},{"@type":"Organization","@id":"https:\/\/inclusivenews.com.br\/#organization","name":"Inclusive - inclus\u00e3o e cidadania","url":"https:\/\/inclusivenews.com.br\/","logo":{"@type":"ImageObject","inLanguage":"pt-PT","@id":"https:\/\/inclusivenews.com.br\/#\/schema\/logo\/image\/","url":"https:\/\/inclusivenews.com.br\/wp-content\/uploads\/2024\/03\/@grandesite.png","contentUrl":"https:\/\/inclusivenews.com.br\/wp-content\/uploads\/2024\/03\/@grandesite.png","width":1080,"height":1080,"caption":"Inclusive - inclus\u00e3o e cidadania"},"image":{"@id":"https:\/\/inclusivenews.com.br\/#\/schema\/logo\/image\/"},"sameAs":["https:\/\/www.facebook.com\/agenciainclusive\/","https:\/\/www.instagram.com\/newsinclusive\/"]},{"@type":"Person","@id":"https:\/\/inclusivenews.com.br\/#\/schema\/person\/ae4ec7087559b8692fb33b6fffd2273b","name":"inclusivenews2024","image":{"@type":"ImageObject","inLanguage":"pt-PT","@id":"https:\/\/secure.gravatar.com\/avatar\/c5a7ef84c66fa914f55bc4f7ce26cfa275a3b9a1c5568b907bd184fb4dde7b40?s=96&d=mm&r=g","url":"https:\/\/secure.gravatar.com\/avatar\/c5a7ef84c66fa914f55bc4f7ce26cfa275a3b9a1c5568b907bd184fb4dde7b40?s=96&d=mm&r=g","contentUrl":"https:\/\/secure.gravatar.com\/avatar\/c5a7ef84c66fa914f55bc4f7ce26cfa275a3b9a1c5568b907bd184fb4dde7b40?s=96&d=mm&r=g","caption":"inclusivenews2024"},"sameAs":["https:\/\/inclusivenews.com.br"],"url":"https:\/\/inclusivenews.com.br\/?author=1"}]}},"_links":{"self":[{"href":"https:\/\/inclusivenews.com.br\/index.php?rest_route=\/wp\/v2\/posts\/22586","targetHints":{"allow":["GET"]}}],"collection":[{"href":"https:\/\/inclusivenews.com.br\/index.php?rest_route=\/wp\/v2\/posts"}],"about":[{"href":"https:\/\/inclusivenews.com.br\/index.php?rest_route=\/wp\/v2\/types\/post"}],"author":[{"embeddable":true,"href":"https:\/\/inclusivenews.com.br\/index.php?rest_route=\/wp\/v2\/users\/1"}],"replies":[{"embeddable":true,"href":"https:\/\/inclusivenews.com.br\/index.php?rest_route=%2Fwp%2Fv2%2Fcomments&post=22586"}],"version-history":[{"count":0,"href":"https:\/\/inclusivenews.com.br\/index.php?rest_route=\/wp\/v2\/posts\/22586\/revisions"}],"wp:attachment":[{"href":"https:\/\/inclusivenews.com.br\/index.php?rest_route=%2Fwp%2Fv2%2Fmedia&parent=22586"}],"wp:term":[{"taxonomy":"category","embeddable":true,"href":"https:\/\/inclusivenews.com.br\/index.php?rest_route=%2Fwp%2Fv2%2Fcategories&post=22586"},{"taxonomy":"post_tag","embeddable":true,"href":"https:\/\/inclusivenews.com.br\/index.php?rest_route=%2Fwp%2Fv2%2Ftags&post=22586"}],"curies":[{"name":"wp","href":"https:\/\/api.w.org\/{rel}","templated":true}]}}