{"id":22597,"date":"2012-05-25T07:31:03","date_gmt":"2012-05-25T10:31:03","guid":{"rendered":"http:\/\/www.inclusive.org.br\/?p=22597"},"modified":"2012-05-25T07:31:03","modified_gmt":"2012-05-25T10:31:03","slug":"racismo-homofobia-loucura-e-negacao-das-diferencas-as-flores-de-maio","status":"publish","type":"post","link":"https:\/\/inclusivenews.com.br\/?p=22597","title":{"rendered":"Racismo, homofobia, loucura e nega\u00e7\u00e3o das diferen\u00e7as: as flores de maio"},"content":{"rendered":"<figure style=\"width: 256px\" class=\"wp-caption alignleft\"><img loading=\"lazy\" decoding=\"async\" src=\"http:\/\/4.bp.blogspot.com\/-MslKGlvaooQ\/T7xnuI2xxFI\/AAAAAAAAAS8\/kHTJu4yke5M\/s320\/flor%2Bde%2Bmaio.png\" alt=\"Imagem publicada \u2013 uma foto colorida da chamada Flor de Maio, que recebe o nome deste m\u00eas, mas que como as micropol\u00edticas e subterr\u00e2neas revolu\u00e7\u00f5es moleculares, de intensa cor vermelha, s\u00f3 florescem em datas posteriores. Tamb\u00e9m conhecida como Cacto do Natal, Cacto da Pascoa, Flor de Seda ou Schlumbergera truncata, essa suculenta brasileira se caracteriza por ser uma ep\u00edfita da fam\u00edlia dos cactos (por\u00e9m sem espinhos) que apresenta lindas flores que aparecem pr\u00f3ximo \u00e0 \u00e9poca de virada de ano.\" width=\"256\" height=\"192\" \/><figcaption class=\"wp-caption-text\"> <\/figcaption><\/figure>\n<p><strong>Jorge M\u00e1rcio Pereira Andrade<br \/>\ndo InfoAtivo.DefNet<\/strong><\/p>\n<p>Preencher uma p\u00e1gina em branco. Superar as nossas mais profundas fragilidades e depress\u00f5es, \u00e0s vezes, s\u00f3 se consegue vendo alguma beleza que nos resta do que chamamos Natureza&#8230;<\/p>\n<p>O m\u00eas de maio \u00e9 pleno de comemora\u00e7\u00f5es e manifesta\u00e7\u00f5es. Foi-se o tempo em se que comemoravam apenas os noivos e os casamentos. \u00c9 agora a mudan\u00e7a de conceitos e a derrubada de preconceitos que se afirma na contemporaneidade. Assim como florescem, por nossos est\u00edmulos, a conquista de novos direitos, que nos animam para a vida.<\/p>\n<p>Outro dia, nesse m\u00eas, a C\u00e2mara Federal realizou-se IX Semin\u00e1rio LGBT no Congresso. H\u00e1 alguns dias atr\u00e1s, mesmo ofuscados pelo Dia das M\u00e3es, foi lembrado que ainda temos os Racismos entranhados nos mais baixos ventres da sociedade. Era o dia 13 de maio, que n\u00e3o deve ser historicamente mantido como a real liberta\u00e7\u00e3o de nossos escravos negros em 1888.<\/p>\n<p>Amanh\u00e3s sempre multicoloridos ajudaram nas marchas contra a Homofobia. Contrariando e criminalizando o \u00f3dio homof\u00f3bico, Maio traz tamb\u00e9m o Dia Nacional de Combate \u00e0 Homofobia. H\u00e1 ent\u00e3o a possibilidade de outro olhar sobre as plurais manifesta\u00e7\u00f5es e escolhas afetivo-er\u00f3tico-sexuais. Retomaremos ent\u00e3o os caminhos de Freud, aceitando a multiplicidade a ser vivenciada quando rompemos os tabus sobre as sexualidades.<\/p>\n<p>E quando come\u00e7amos a ver outras flores, no alvorecer do dia 18 de maio, temos de encarar outro preconceito arraigado, bem nutrido e hist\u00f3rico. Temos de comemorar e ativar o Dia Nacional de Luta Antimanicomial, para al\u00e9m do m\u00eas de maio.<\/p>\n<p>H\u00e1, como na difus\u00e3o dos outdoors, em campanha de conscientiza\u00e7\u00e3o, uma pergunta a responder. Na constru\u00e7\u00e3o de novos dispositivos em Sa\u00fade Mental, que nossos cuidados e tecnologias reproduzem, \u00e9 preciso indagar: que armadilhas e novos modos de sofrimento est\u00e3o sendo produzidos?<\/p>\n<p>O lema antimanicomial deste ano foi: &#8220;SUStentar a diferen\u00e7a, sa\u00fade n\u00e3o se vende, gente n\u00e3o se prende&#8221;. Mas estamos mandando \u201cflores de maio\u201d, deca\u00eddas ou decadentes, para as interna\u00e7\u00f5es compuls\u00f3rias ou n\u00e3o?<\/p>\n<p>No Brasil de novos programas carinhosos e assistencialistas, por que veredas tortuosas est\u00e3o sendo mantidos os loucos, os homoer\u00f3ticos, os meninos e meninas em situa\u00e7\u00e3o de rua, os negros e todos os que possam ser submetidos \u00e0s mais sutis viol\u00eancias, desde as simb\u00f3licas \u00e0s mais vis\u00edveis e institucionalizadas?<\/p>\n<p>A atual parceria Governos e pr\u00e1ticas de higieniza\u00e7\u00e3o social, com suporte at\u00e9 de evangelizadores, denunciam um poss\u00edvel retrocesso pela normatiza\u00e7\u00e3o ou pela produ\u00e7\u00e3o\/serializa\u00e7\u00e3o de Vidas Nuas. O crack e seus marginais que o digam.<\/p>\n<p>Ent\u00e3o, o que transversalizamos em todos estes eventos? Quando \u00e9 que a encruzilhada dos direitos faz com que se encontrem no mesmo cen\u00e1rio pol\u00edtico os que passam pelo racismo, pelas homofobias, pelas pedofilias, e a retomada do desejo manicomial nas a\u00e7\u00f5es contra os que vivem transtornos mentais ou depend\u00eancias qu\u00edmicas?<\/p>\n<p>A maioria se parece com as flores de Maio. N\u00e3o s\u00e3o dotadas de espinhos, por\u00e9m pertencem a uma fam\u00edlia de cactos. E acabam germinando em lugares que precisam de muita luz, mas se beneficiam de algumas sombras. Elas s\u00e3o ep\u00edfitas, ou seja, crescem sobre outras plantas sem, contudo, parasit\u00e1-las. Na vis\u00e3o reducionista se tornam \u201cdiferentes\u201d pelo cuidado que exigem. E na sua diferen\u00e7a tornam-se, apesar de belas e diversas, \u201cex\u00f3ticas\u201d&#8230;<\/p>\n<p>Assim tamb\u00e9m homens, mulheres, crian\u00e7as ou idosos vivenciam ainda estas duras experi\u00eancias de segrega\u00e7\u00e3o, discrimina\u00e7\u00e3o, marginaliza\u00e7\u00e3o, bullying, preconceito e viol\u00eancias? Basta que se afirmem na condi\u00e7\u00e3o humana de uma diferen\u00e7a. Basta que flores\u00e7am fora de \u00e9poca e em lugares n\u00e3o permitidos?<\/p>\n<p>Seja um negro, uma pessoa homossexual, ou ent\u00e3o um \u201cviciado\u201d e sua drogadi\u00e7\u00e3o ou algu\u00e9m com uma defici\u00eancia psicossocial, independentemente de seu g\u00eanero ou faixa et\u00e1ria, todos tem de enfrentar, nas suas diversidades e pluralidades, as duras penaliza\u00e7\u00f5es que os conservadorismos lhes imp\u00f5em.<\/p>\n<p>Mas o que \u00e9 uma diferen\u00e7a? Um dos mais emocionantes exemplos que assisti recentemente me trouxe um exemplo de viv\u00eancia na pele da diferen\u00e7a. Era o encontro de um grande homem negro, Magic Johnson, com uma pequena menina negra que estava em uma escola onde vivenciava os mesmos sentimentos que o famoso atleta.<\/p>\n<p>Ambos eram e s\u00e3o pessoas convivendo com o v\u00edrus HIV. Ela fala com l\u00e1grimas como era tratada, l\u00e1 nos anos 90, como um ser contaminado e contaminante. E que todos se afastavam dela na escola.<\/p>\n<p>Nesse mesmo document\u00e1rio de Nelson George, The Annoucement, sobre o \u201can\u00fancio\u201d p\u00fablico de Magic sobre a sua condi\u00e7\u00e3o de pessoa com HIV, o rei do basquetebol nos toca na dire\u00e7\u00e3o do enfrentamento de muitos dos preconceitos que atingem todos os que se diferenciam ou s\u00e3o diferenciados socialmente.<\/p>\n<p>At\u00e9 suas gotas de suor foram motivo de seu afastamento das quadras, muito embora sua resili\u00eancia o tenha feito retornar e receber os abra\u00e7os dos que temiam seu cont\u00e1gio. Chegaram a fazer um minuto de sil\u00eancio nos jogos como se Magic tivesse morrido com o simples an\u00fancio de seu v\u00edrus. Era o olhar de estigma que a AIDS produzia, e ainda produz, como met\u00e1fora da morte e da Peste.<\/p>\n<p>Portanto em plena Idade M\u00eddia ainda temos muito a plantar, semear e diferenciar com todas as \u201cflores de maio\u201d, simb\u00f3licas e plurais. H\u00e1 um poss\u00edvel espa\u00e7o de a\u00e7\u00e3o micropol\u00edtica que se estabelece com as nossas marchas p\u00fablicas, nossas peti\u00e7\u00f5es e nossas presen\u00e7as e a\u00e7\u00f5es no cen\u00e1rio macropol\u00edtico brasileiro.<\/p>\n<p>Em tempos de Comiss\u00e3o da Verdade, no seu papel institu\u00eddo, caber\u00e1 lembrar que nossas a\u00e7\u00f5es ainda est\u00e3o distantes do movimento das Madres de Maio. Seriam elas flores que dever\u00edamos aprender a respeitar\/reinventar ao inv\u00e9s de cham\u00e1-las de \u2018\u2019loucas\u2019\u2019?<\/p>\n<p>E como resposta a indaga\u00e7\u00e3o temos de afirmar que surgem nos horizontes, para os que sonham com outro tipo de mundo e ambiente, para al\u00e9m da Rio +20, um modo ecos\u00f3fico e bio\u00e9tico de viver. \u00c9 A AFIRMA\u00c7\u00c3O DA DIFEREN\u00c7A. \u00c9 O COMBATE EM N\u00d3S DAS NEGA\u00c7\u00d5ES DE NOSSAS DIFEREN\u00c7AS. N\u00c3O SOMOS \u201cALMAS\u201d HOMO- G\u00caMEAS, NEM MESMO NO AMOR OU NO SEXO, em todas as formas e multiplicidades do amar&#8230;<\/p>\n<p>\u00c9 o m\u00eas das flores de maio que s\u00f3 mostraram seu espet\u00e1culo e beleza tempos depois. Mas \u00e9 a hora de combater A AMBIGUIDADE DE PRODU\u00c7\u00c3O DE UM DISCURSO BINARIZANTE, sem franjas ou entremeios, sem liberdade para as m\u00faltiplas peles que podemos habitar.<br \/>\nA binariza\u00e7\u00e3o \u00e9 dicotomia, ou somos homens ou somos mulheres, ou somos &#8220;racialmente&#8221; brancos ou negros, ou somos loucos ou somos &#8220;normais&#8221;. N\u00c3O PODEMOS SER UMA METAMORFOSE AMBULANTE OU UMA DIFEREN\u00c7A GRITANTE?<\/p>\n<p>Como a nossa vis\u00e3o ainda \u00e9 atravessada pelos olhares e os rostos de nossos ancestrais, ainda olharemos o Outro como uma diferen\u00e7a a ser tolerada ou eliminada. Os novos campos de exce\u00e7\u00e3o, os novos Auschwitz-Birkenau, s\u00e3o constru\u00eddos na mesma ideia de uso dos corpos em serializa\u00e7\u00e3o, ou para o exterm\u00ednio ou para a expropria\u00e7\u00e3o.<\/p>\n<p>Por isso temos de estar atentos ao que nos dizem Guattari e Deleuze: \u201cDo ponto de vista do racismo n\u00e3o existe exterior, n\u00e3o existem pessoas de fora. S\u00f3 existem pessoas que deveriam ser como n\u00f3s, cujo crime \u00e9 o n\u00e3o serem&#8230;\u201d. E a\u00ed situo a necess\u00e1ria transversaliza\u00e7\u00e3o dos preconceitos a combater para al\u00e9m do m\u00eas e das flores de maio.<\/p>\n<p>QUANDO APRENDEREMOS A APRENDER SOBRE A ALTERIDADE, quando aprenderemos a respeitar seus direitos fundamentais sem ter que toler\u00e1-los em determinados lugares, em determinadas paredes, em determinados guetos ou muros, reinstituindo, continuamente, as mais p\u00e9rfidas formas de exclus\u00e3o da Sociedade de Controle?<\/p>\n<p>Ah, n\u00e3o somos homens e nem mulheres, somos ent\u00e3o o qu\u00ea?<\/p>\n<p>Fonte: <a href=\"http:\/\/infoativodefnet.blogspot.com.br\/2012\/05\/racismo-homofobia-loucura-e-negacao-das.html\">InfoAtivo.DefNet<\/a><\/p>\n","protected":false},"excerpt":{"rendered":"<p>Seja um negro, uma pessoa homossexual, ou ent\u00e3o um \u201cviciado\u201d e sua drogadi\u00e7\u00e3o ou algu\u00e9m com uma defici\u00eancia psicossocial, independentemente de seu g\u00eanero ou faixa et\u00e1ria, todos tem de enfrentar, nas suas diversidades e pluralidades, as duras penaliza\u00e7\u00f5es que os conservadorismos lhes imp\u00f5em. Por Jorge M\u00e1rcio Pereira Andrade.<\/p>\n","protected":false},"author":1,"featured_media":0,"comment_status":"open","ping_status":"open","sticky":false,"template":"","format":"standard","meta":{"site-container-style":"default","site-container-layout":"default","site-sidebar-layout":"default","disable-article-header":"default","disable-site-header":"default","disable-site-footer":"default","disable-content-area-spacing":"default","footnotes":""},"categories":[11,8],"tags":[],"class_list":["post-22597","post","type-post","status-publish","format-standard","hentry","category-direitos-humanos","category-textos-e-artigos"],"yoast_head":"<!-- This site is optimized with the Yoast SEO plugin v27.5 - https:\/\/yoast.com\/product\/yoast-seo-wordpress\/ -->\n<title>Racismo, homofobia, loucura e nega\u00e7\u00e3o das diferen\u00e7as: as flores de maio -<\/title>\n<meta name=\"robots\" content=\"index, follow, max-snippet:-1, max-image-preview:large, max-video-preview:-1\" \/>\n<link rel=\"canonical\" href=\"https:\/\/inclusivenews.com.br\/?p=22597\" \/>\n<meta property=\"og:locale\" content=\"pt_PT\" \/>\n<meta property=\"og:type\" content=\"article\" \/>\n<meta property=\"og:title\" content=\"Racismo, homofobia, loucura e nega\u00e7\u00e3o das diferen\u00e7as: as flores de maio -\" \/>\n<meta property=\"og:description\" content=\"Seja um negro, uma pessoa homossexual, ou ent\u00e3o um \u201cviciado\u201d e sua drogadi\u00e7\u00e3o ou algu\u00e9m com uma defici\u00eancia psicossocial, independentemente de seu g\u00eanero ou faixa et\u00e1ria, todos tem de enfrentar, nas suas diversidades e pluralidades, as duras penaliza\u00e7\u00f5es que os conservadorismos lhes imp\u00f5em. Por Jorge M\u00e1rcio Pereira Andrade.\" \/>\n<meta property=\"og:url\" content=\"https:\/\/inclusivenews.com.br\/?p=22597\" \/>\n<meta property=\"article:publisher\" content=\"https:\/\/www.facebook.com\/agenciainclusive\/\" \/>\n<meta property=\"article:published_time\" content=\"2012-05-25T10:31:03+00:00\" \/>\n<meta property=\"og:image\" content=\"http:\/\/4.bp.blogspot.com\/-MslKGlvaooQ\/T7xnuI2xxFI\/AAAAAAAAAS8\/kHTJu4yke5M\/s320\/flor%2Bde%2Bmaio.png\" \/>\n<meta name=\"author\" content=\"inclusivenews2024\" \/>\n<meta name=\"twitter:card\" content=\"summary_large_image\" \/>\n<meta name=\"twitter:label1\" content=\"Escrito por\" \/>\n\t<meta name=\"twitter:data1\" content=\"inclusivenews2024\" \/>\n\t<meta name=\"twitter:label2\" content=\"Tempo estimado de leitura\" \/>\n\t<meta name=\"twitter:data2\" content=\"7 minutos\" \/>\n<script type=\"application\/ld+json\" class=\"yoast-schema-graph\">{\"@context\":\"https:\\\/\\\/schema.org\",\"@graph\":[{\"@type\":\"Article\",\"@id\":\"https:\\\/\\\/inclusivenews.com.br\\\/?p=22597#article\",\"isPartOf\":{\"@id\":\"https:\\\/\\\/inclusivenews.com.br\\\/?p=22597\"},\"author\":{\"name\":\"inclusivenews2024\",\"@id\":\"https:\\\/\\\/inclusivenews.com.br\\\/#\\\/schema\\\/person\\\/ae4ec7087559b8692fb33b6fffd2273b\"},\"headline\":\"Racismo, homofobia, loucura e nega\u00e7\u00e3o das diferen\u00e7as: as flores de maio\",\"datePublished\":\"2012-05-25T10:31:03+00:00\",\"mainEntityOfPage\":{\"@id\":\"https:\\\/\\\/inclusivenews.com.br\\\/?p=22597\"},\"wordCount\":1379,\"commentCount\":1,\"publisher\":{\"@id\":\"https:\\\/\\\/inclusivenews.com.br\\\/#organization\"},\"image\":{\"@id\":\"https:\\\/\\\/inclusivenews.com.br\\\/?p=22597#primaryimage\"},\"thumbnailUrl\":\"http:\\\/\\\/4.bp.blogspot.com\\\/-MslKGlvaooQ\\\/T7xnuI2xxFI\\\/AAAAAAAAAS8\\\/kHTJu4yke5M\\\/s320\\\/flor%2Bde%2Bmaio.png\",\"articleSection\":[\"DIREITOS HUMANOS\",\"OPINI\u00c3O\"],\"inLanguage\":\"pt-PT\",\"potentialAction\":[{\"@type\":\"CommentAction\",\"name\":\"Comment\",\"target\":[\"https:\\\/\\\/inclusivenews.com.br\\\/?p=22597#respond\"]}]},{\"@type\":\"WebPage\",\"@id\":\"https:\\\/\\\/inclusivenews.com.br\\\/?p=22597\",\"url\":\"https:\\\/\\\/inclusivenews.com.br\\\/?p=22597\",\"name\":\"Racismo, homofobia, loucura e nega\u00e7\u00e3o das diferen\u00e7as: as flores de maio -\",\"isPartOf\":{\"@id\":\"https:\\\/\\\/inclusivenews.com.br\\\/#website\"},\"primaryImageOfPage\":{\"@id\":\"https:\\\/\\\/inclusivenews.com.br\\\/?p=22597#primaryimage\"},\"image\":{\"@id\":\"https:\\\/\\\/inclusivenews.com.br\\\/?p=22597#primaryimage\"},\"thumbnailUrl\":\"http:\\\/\\\/4.bp.blogspot.com\\\/-MslKGlvaooQ\\\/T7xnuI2xxFI\\\/AAAAAAAAAS8\\\/kHTJu4yke5M\\\/s320\\\/flor%2Bde%2Bmaio.png\",\"datePublished\":\"2012-05-25T10:31:03+00:00\",\"breadcrumb\":{\"@id\":\"https:\\\/\\\/inclusivenews.com.br\\\/?p=22597#breadcrumb\"},\"inLanguage\":\"pt-PT\",\"potentialAction\":[{\"@type\":\"ReadAction\",\"target\":[\"https:\\\/\\\/inclusivenews.com.br\\\/?p=22597\"]}]},{\"@type\":\"ImageObject\",\"inLanguage\":\"pt-PT\",\"@id\":\"https:\\\/\\\/inclusivenews.com.br\\\/?p=22597#primaryimage\",\"url\":\"http:\\\/\\\/4.bp.blogspot.com\\\/-MslKGlvaooQ\\\/T7xnuI2xxFI\\\/AAAAAAAAAS8\\\/kHTJu4yke5M\\\/s320\\\/flor%2Bde%2Bmaio.png\",\"contentUrl\":\"http:\\\/\\\/4.bp.blogspot.com\\\/-MslKGlvaooQ\\\/T7xnuI2xxFI\\\/AAAAAAAAAS8\\\/kHTJu4yke5M\\\/s320\\\/flor%2Bde%2Bmaio.png\"},{\"@type\":\"BreadcrumbList\",\"@id\":\"https:\\\/\\\/inclusivenews.com.br\\\/?p=22597#breadcrumb\",\"itemListElement\":[{\"@type\":\"ListItem\",\"position\":1,\"name\":\"In\u00edcio\",\"item\":\"https:\\\/\\\/inclusivenews.com.br\\\/\"},{\"@type\":\"ListItem\",\"position\":2,\"name\":\"Racismo, homofobia, loucura e nega\u00e7\u00e3o das diferen\u00e7as: as flores de maio\"}]},{\"@type\":\"WebSite\",\"@id\":\"https:\\\/\\\/inclusivenews.com.br\\\/#website\",\"url\":\"https:\\\/\\\/inclusivenews.com.br\\\/\",\"name\":\"Inclusive News\",\"description\":\"Inclusive News\",\"publisher\":{\"@id\":\"https:\\\/\\\/inclusivenews.com.br\\\/#organization\"},\"potentialAction\":[{\"@type\":\"SearchAction\",\"target\":{\"@type\":\"EntryPoint\",\"urlTemplate\":\"https:\\\/\\\/inclusivenews.com.br\\\/?s={search_term_string}\"},\"query-input\":{\"@type\":\"PropertyValueSpecification\",\"valueRequired\":true,\"valueName\":\"search_term_string\"}}],\"inLanguage\":\"pt-PT\"},{\"@type\":\"Organization\",\"@id\":\"https:\\\/\\\/inclusivenews.com.br\\\/#organization\",\"name\":\"Inclusive - inclus\u00e3o e cidadania\",\"url\":\"https:\\\/\\\/inclusivenews.com.br\\\/\",\"logo\":{\"@type\":\"ImageObject\",\"inLanguage\":\"pt-PT\",\"@id\":\"https:\\\/\\\/inclusivenews.com.br\\\/#\\\/schema\\\/logo\\\/image\\\/\",\"url\":\"https:\\\/\\\/inclusivenews.com.br\\\/wp-content\\\/uploads\\\/2024\\\/03\\\/@grandesite.png\",\"contentUrl\":\"https:\\\/\\\/inclusivenews.com.br\\\/wp-content\\\/uploads\\\/2024\\\/03\\\/@grandesite.png\",\"width\":1080,\"height\":1080,\"caption\":\"Inclusive - inclus\u00e3o e cidadania\"},\"image\":{\"@id\":\"https:\\\/\\\/inclusivenews.com.br\\\/#\\\/schema\\\/logo\\\/image\\\/\"},\"sameAs\":[\"https:\\\/\\\/www.facebook.com\\\/agenciainclusive\\\/\",\"https:\\\/\\\/www.instagram.com\\\/newsinclusive\\\/\"]},{\"@type\":\"Person\",\"@id\":\"https:\\\/\\\/inclusivenews.com.br\\\/#\\\/schema\\\/person\\\/ae4ec7087559b8692fb33b6fffd2273b\",\"name\":\"inclusivenews2024\",\"image\":{\"@type\":\"ImageObject\",\"inLanguage\":\"pt-PT\",\"@id\":\"https:\\\/\\\/secure.gravatar.com\\\/avatar\\\/c5a7ef84c66fa914f55bc4f7ce26cfa275a3b9a1c5568b907bd184fb4dde7b40?s=96&d=mm&r=g\",\"url\":\"https:\\\/\\\/secure.gravatar.com\\\/avatar\\\/c5a7ef84c66fa914f55bc4f7ce26cfa275a3b9a1c5568b907bd184fb4dde7b40?s=96&d=mm&r=g\",\"contentUrl\":\"https:\\\/\\\/secure.gravatar.com\\\/avatar\\\/c5a7ef84c66fa914f55bc4f7ce26cfa275a3b9a1c5568b907bd184fb4dde7b40?s=96&d=mm&r=g\",\"caption\":\"inclusivenews2024\"},\"sameAs\":[\"https:\\\/\\\/inclusivenews.com.br\"],\"url\":\"https:\\\/\\\/inclusivenews.com.br\\\/?author=1\"}]}<\/script>\n<!-- \/ Yoast SEO plugin. -->","yoast_head_json":{"title":"Racismo, homofobia, loucura e nega\u00e7\u00e3o das diferen\u00e7as: as flores de maio -","robots":{"index":"index","follow":"follow","max-snippet":"max-snippet:-1","max-image-preview":"max-image-preview:large","max-video-preview":"max-video-preview:-1"},"canonical":"https:\/\/inclusivenews.com.br\/?p=22597","og_locale":"pt_PT","og_type":"article","og_title":"Racismo, homofobia, loucura e nega\u00e7\u00e3o das diferen\u00e7as: as flores de maio -","og_description":"Seja um negro, uma pessoa homossexual, ou ent\u00e3o um \u201cviciado\u201d e sua drogadi\u00e7\u00e3o ou algu\u00e9m com uma defici\u00eancia psicossocial, independentemente de seu g\u00eanero ou faixa et\u00e1ria, todos tem de enfrentar, nas suas diversidades e pluralidades, as duras penaliza\u00e7\u00f5es que os conservadorismos lhes imp\u00f5em. Por Jorge M\u00e1rcio Pereira Andrade.","og_url":"https:\/\/inclusivenews.com.br\/?p=22597","article_publisher":"https:\/\/www.facebook.com\/agenciainclusive\/","article_published_time":"2012-05-25T10:31:03+00:00","og_image":[{"url":"http:\/\/4.bp.blogspot.com\/-MslKGlvaooQ\/T7xnuI2xxFI\/AAAAAAAAAS8\/kHTJu4yke5M\/s320\/flor%2Bde%2Bmaio.png","type":"","width":"","height":""}],"author":"inclusivenews2024","twitter_card":"summary_large_image","twitter_misc":{"Escrito por":"inclusivenews2024","Tempo estimado de leitura":"7 minutos"},"schema":{"@context":"https:\/\/schema.org","@graph":[{"@type":"Article","@id":"https:\/\/inclusivenews.com.br\/?p=22597#article","isPartOf":{"@id":"https:\/\/inclusivenews.com.br\/?p=22597"},"author":{"name":"inclusivenews2024","@id":"https:\/\/inclusivenews.com.br\/#\/schema\/person\/ae4ec7087559b8692fb33b6fffd2273b"},"headline":"Racismo, homofobia, loucura e nega\u00e7\u00e3o das diferen\u00e7as: as flores de maio","datePublished":"2012-05-25T10:31:03+00:00","mainEntityOfPage":{"@id":"https:\/\/inclusivenews.com.br\/?p=22597"},"wordCount":1379,"commentCount":1,"publisher":{"@id":"https:\/\/inclusivenews.com.br\/#organization"},"image":{"@id":"https:\/\/inclusivenews.com.br\/?p=22597#primaryimage"},"thumbnailUrl":"http:\/\/4.bp.blogspot.com\/-MslKGlvaooQ\/T7xnuI2xxFI\/AAAAAAAAAS8\/kHTJu4yke5M\/s320\/flor%2Bde%2Bmaio.png","articleSection":["DIREITOS HUMANOS","OPINI\u00c3O"],"inLanguage":"pt-PT","potentialAction":[{"@type":"CommentAction","name":"Comment","target":["https:\/\/inclusivenews.com.br\/?p=22597#respond"]}]},{"@type":"WebPage","@id":"https:\/\/inclusivenews.com.br\/?p=22597","url":"https:\/\/inclusivenews.com.br\/?p=22597","name":"Racismo, homofobia, loucura e nega\u00e7\u00e3o das diferen\u00e7as: as flores de maio -","isPartOf":{"@id":"https:\/\/inclusivenews.com.br\/#website"},"primaryImageOfPage":{"@id":"https:\/\/inclusivenews.com.br\/?p=22597#primaryimage"},"image":{"@id":"https:\/\/inclusivenews.com.br\/?p=22597#primaryimage"},"thumbnailUrl":"http:\/\/4.bp.blogspot.com\/-MslKGlvaooQ\/T7xnuI2xxFI\/AAAAAAAAAS8\/kHTJu4yke5M\/s320\/flor%2Bde%2Bmaio.png","datePublished":"2012-05-25T10:31:03+00:00","breadcrumb":{"@id":"https:\/\/inclusivenews.com.br\/?p=22597#breadcrumb"},"inLanguage":"pt-PT","potentialAction":[{"@type":"ReadAction","target":["https:\/\/inclusivenews.com.br\/?p=22597"]}]},{"@type":"ImageObject","inLanguage":"pt-PT","@id":"https:\/\/inclusivenews.com.br\/?p=22597#primaryimage","url":"http:\/\/4.bp.blogspot.com\/-MslKGlvaooQ\/T7xnuI2xxFI\/AAAAAAAAAS8\/kHTJu4yke5M\/s320\/flor%2Bde%2Bmaio.png","contentUrl":"http:\/\/4.bp.blogspot.com\/-MslKGlvaooQ\/T7xnuI2xxFI\/AAAAAAAAAS8\/kHTJu4yke5M\/s320\/flor%2Bde%2Bmaio.png"},{"@type":"BreadcrumbList","@id":"https:\/\/inclusivenews.com.br\/?p=22597#breadcrumb","itemListElement":[{"@type":"ListItem","position":1,"name":"In\u00edcio","item":"https:\/\/inclusivenews.com.br\/"},{"@type":"ListItem","position":2,"name":"Racismo, homofobia, loucura e nega\u00e7\u00e3o das diferen\u00e7as: as flores de maio"}]},{"@type":"WebSite","@id":"https:\/\/inclusivenews.com.br\/#website","url":"https:\/\/inclusivenews.com.br\/","name":"Inclusive News","description":"Inclusive News","publisher":{"@id":"https:\/\/inclusivenews.com.br\/#organization"},"potentialAction":[{"@type":"SearchAction","target":{"@type":"EntryPoint","urlTemplate":"https:\/\/inclusivenews.com.br\/?s={search_term_string}"},"query-input":{"@type":"PropertyValueSpecification","valueRequired":true,"valueName":"search_term_string"}}],"inLanguage":"pt-PT"},{"@type":"Organization","@id":"https:\/\/inclusivenews.com.br\/#organization","name":"Inclusive - inclus\u00e3o e cidadania","url":"https:\/\/inclusivenews.com.br\/","logo":{"@type":"ImageObject","inLanguage":"pt-PT","@id":"https:\/\/inclusivenews.com.br\/#\/schema\/logo\/image\/","url":"https:\/\/inclusivenews.com.br\/wp-content\/uploads\/2024\/03\/@grandesite.png","contentUrl":"https:\/\/inclusivenews.com.br\/wp-content\/uploads\/2024\/03\/@grandesite.png","width":1080,"height":1080,"caption":"Inclusive - inclus\u00e3o e cidadania"},"image":{"@id":"https:\/\/inclusivenews.com.br\/#\/schema\/logo\/image\/"},"sameAs":["https:\/\/www.facebook.com\/agenciainclusive\/","https:\/\/www.instagram.com\/newsinclusive\/"]},{"@type":"Person","@id":"https:\/\/inclusivenews.com.br\/#\/schema\/person\/ae4ec7087559b8692fb33b6fffd2273b","name":"inclusivenews2024","image":{"@type":"ImageObject","inLanguage":"pt-PT","@id":"https:\/\/secure.gravatar.com\/avatar\/c5a7ef84c66fa914f55bc4f7ce26cfa275a3b9a1c5568b907bd184fb4dde7b40?s=96&d=mm&r=g","url":"https:\/\/secure.gravatar.com\/avatar\/c5a7ef84c66fa914f55bc4f7ce26cfa275a3b9a1c5568b907bd184fb4dde7b40?s=96&d=mm&r=g","contentUrl":"https:\/\/secure.gravatar.com\/avatar\/c5a7ef84c66fa914f55bc4f7ce26cfa275a3b9a1c5568b907bd184fb4dde7b40?s=96&d=mm&r=g","caption":"inclusivenews2024"},"sameAs":["https:\/\/inclusivenews.com.br"],"url":"https:\/\/inclusivenews.com.br\/?author=1"}]}},"_links":{"self":[{"href":"https:\/\/inclusivenews.com.br\/index.php?rest_route=\/wp\/v2\/posts\/22597","targetHints":{"allow":["GET"]}}],"collection":[{"href":"https:\/\/inclusivenews.com.br\/index.php?rest_route=\/wp\/v2\/posts"}],"about":[{"href":"https:\/\/inclusivenews.com.br\/index.php?rest_route=\/wp\/v2\/types\/post"}],"author":[{"embeddable":true,"href":"https:\/\/inclusivenews.com.br\/index.php?rest_route=\/wp\/v2\/users\/1"}],"replies":[{"embeddable":true,"href":"https:\/\/inclusivenews.com.br\/index.php?rest_route=%2Fwp%2Fv2%2Fcomments&post=22597"}],"version-history":[{"count":0,"href":"https:\/\/inclusivenews.com.br\/index.php?rest_route=\/wp\/v2\/posts\/22597\/revisions"}],"wp:attachment":[{"href":"https:\/\/inclusivenews.com.br\/index.php?rest_route=%2Fwp%2Fv2%2Fmedia&parent=22597"}],"wp:term":[{"taxonomy":"category","embeddable":true,"href":"https:\/\/inclusivenews.com.br\/index.php?rest_route=%2Fwp%2Fv2%2Fcategories&post=22597"},{"taxonomy":"post_tag","embeddable":true,"href":"https:\/\/inclusivenews.com.br\/index.php?rest_route=%2Fwp%2Fv2%2Ftags&post=22597"}],"curies":[{"name":"wp","href":"https:\/\/api.w.org\/{rel}","templated":true}]}}