{"id":22603,"date":"2012-05-29T07:25:48","date_gmt":"2012-05-29T10:25:48","guid":{"rendered":"http:\/\/www.inclusive.org.br\/?p=22603"},"modified":"2012-05-29T07:25:48","modified_gmt":"2012-05-29T10:25:48","slug":"a-escravidao-e-as-cotas","status":"publish","type":"post","link":"https:\/\/inclusivenews.com.br\/?p=22603","title":{"rendered":"O peso da Hist\u00f3ria: a escravid\u00e3o e as cotas"},"content":{"rendered":"<figure style=\"width: 260px\" class=\"wp-caption alignleft\"><a class=\"moz-txt-link-freetext\" href=\"http:\/\/www.geledes.org.br\/images\/plg_imagesized\/14274-contra-cotas.jpg\"><img loading=\"lazy\" decoding=\"async\" src=\"http:\/\/www.geledes.org.br\/images\/plg_imagesized\/14274-contra-cotas.jpg\" alt=\"Senhor de escravos carregado em rede diz que \u00e9 contra as cotas\" width=\"260\" height=\"184\" \/><\/a><figcaption class=\"wp-caption-text\"> <\/figcaption><\/figure>\n<p><strong>Por Alex Castro<br \/>\nno Portal Geled\u00e9s<\/strong><\/p>\n<p>A Hist\u00f3ria ainda \u00e9 uma bola de ferro que os descendentes dos escravos arrastam pelos tornozelos. Os efeitos nocivos da escravid\u00e3o continuam afetando os bisnetos de suas v\u00edtimas diretas.<\/p>\n<p>Eu (n.1974) cursei o ensino fundamental no Col\u00e9gio Santo Agostinho, o m\u00e9dio na Escola Americana do Rio de Janeiro e, depois, Hist\u00f3ria no IFCS\/UFRJ (&#8217;99) porque meu pai cresceu em Botafogo, fez o ensino m\u00e9dio no Col\u00e9gio Andrews e se formou bacharel em Economia (&#8217;70) pela mesma UFRJ.<\/p>\n<p>Meu pai (n.1946) estudou na UFRJ porque meu av\u00f4 estudou engenharia no Instituto Eletrot\u00e9cnico de Itajub\u00e1, atual Universidade Federal de Itajub\u00e1 (&#8217;38) e trabalhou durante muitos anos para a Chesf (Companhia Hidro-El\u00e9trica do S\u00e3o Francisco), inclusive nas obras do Complexo Hidrel\u00e9trico de Paulo Afonso.<\/p>\n<p>Meu av\u00f4 (n.1909) foi engenheiro porque meu bisav\u00f4 (n.1876) saiu do Mato Grosso (onde seu pai, veterano do Paraguai, estava servindo desde a guerra) pra estudar no Col\u00e9gio Militar do Rio de Janeiro, onde foi comandante-aluno de 1897, depois formando-se engenheiro militar, participando do epis\u00f3dio dos 18 de Forte e reformando-se coronel.<\/p>\n<p>Em 1888, com 12 anos de idade, meu bisav\u00f4 estudava na capital do Imp\u00e9rio, em um dos melhores col\u00e9gios p\u00fablicos do pa\u00eds, com bolsa integral, soldo e emprego garantido ap\u00f3s a formatura.<\/p>\n<p>Se, ao inv\u00e9s disso, nesse mesmo ano, ele tivesse sido libertado (leia-se posto pra fora de casa) com a roupa do corpo, analfabeto e despreparado, sem conhecer pai e m\u00e3e, desprovido de qualquer poupan\u00e7a ou bens*, teriam seus descendentes estudado nas melhores escolas e universidades do pa\u00eds e feito parte da elite brasileira?<\/p>\n<p>Sem esse capital socio-econ\u00f4mico e cultural acumulado pelo meu bisav\u00f4 em 1888 (para n\u00e3o irmos mais longe), onde teria ido parar a cadeia de acontecimentos que desembocou na minha vida? Estaria eu, nesse momento, sadio e medindo 1,80m, cursando um doutorado em Nova Orleans e escrevendo essas linhas? Dentre minhas realiza\u00e7\u00f5es, quantas s\u00e3o exclusivamente por m\u00e9rito meu e quantas s\u00e3o consequ\u00eancia direta da vida privilegiada que eu e meus antepassados levamos? Que tipo de d\u00edvida EU tenho com as pessoas que n\u00e3o tiveram tanta sorte? Ser\u00e1 \u00e9tico simplesmente dizer &#8220;sorte minha, azar deles, e foda-se, hoje j\u00e1 nivelou tudo e no vestibular todos t\u00eam chances iguais&#8221;?<\/p>\n<p>Dado que os efeitos nocivos da escravid\u00e3o ainda se fazem sentir na pele dos descendentes das v\u00edtimas, n\u00e3o \u00e9 tarde demais para serem indenizados pelo Estado.<\/p>\n<p>E as cotas s\u00e3o um bom come\u00e7o.<\/p>\n<p>*Riqueza [wealth] \u00e9 um indicador mais importante de desigualdade racial do que renda pois, ao ser transmitida de uma gera\u00e7\u00e3o a outra, acaba reproduzindo injusti\u00e7as hist\u00f3ricas ao longo do tempo. Por exemplo, nos Estados Unidos hoje, enquanto a renda dos negros \u00e9 75% da dos brancos, sua riqueza l\u00edquida \u00e9 de somente 18%. (Telles, 116, Mills, 37-38) Esse texto sobre cotas tem uma s\u00e9rie de adendos e respostas a coment\u00e1rios dos leitores que podem ser lidos aqui. Leia tamb\u00e9m: Brasil, Meritocracia de Todos. Ou melhor, leia meus melhores textos sobre ra\u00e7a no Brasil.<\/p>\n<p>Fonte: <a href=\"http:\/\/alexcastro.com.br\/\" target=\"_blank\" rel=\"noopener\">Alex Castro<\/a><\/p>\n","protected":false},"excerpt":{"rendered":"<p>A Hist\u00f3ria ainda \u00e9 uma bola de ferro que os descendentes dos escravos arrastam pelos tornozelos. Os efeitos nocivos da escravid\u00e3o continuam afetando os bisnetos de suas v\u00edtimas diretas. Por Alex Castro, via Portal Geled\u00e9s.<\/p>\n","protected":false},"author":1,"featured_media":0,"comment_status":"open","ping_status":"open","sticky":false,"template":"","format":"standard","meta":{"site-container-style":"default","site-container-layout":"default","site-sidebar-layout":"default","disable-article-header":"default","disable-site-header":"default","disable-site-footer":"default","disable-content-area-spacing":"default","footnotes":""},"categories":[8],"tags":[],"class_list":["post-22603","post","type-post","status-publish","format-standard","hentry","category-textos-e-artigos"],"yoast_head":"<!-- This site is optimized with the Yoast SEO plugin v27.5 - https:\/\/yoast.com\/product\/yoast-seo-wordpress\/ -->\n<title>O peso da Hist\u00f3ria: a escravid\u00e3o e as cotas -<\/title>\n<meta name=\"robots\" content=\"index, follow, max-snippet:-1, max-image-preview:large, max-video-preview:-1\" \/>\n<link rel=\"canonical\" href=\"https:\/\/inclusivenews.com.br\/?p=22603\" \/>\n<meta property=\"og:locale\" content=\"pt_PT\" \/>\n<meta property=\"og:type\" content=\"article\" \/>\n<meta property=\"og:title\" content=\"O peso da Hist\u00f3ria: a escravid\u00e3o e as cotas -\" \/>\n<meta property=\"og:description\" content=\"A Hist\u00f3ria ainda \u00e9 uma bola de ferro que os descendentes dos escravos arrastam pelos tornozelos. Os efeitos nocivos da escravid\u00e3o continuam afetando os bisnetos de suas v\u00edtimas diretas. Por Alex Castro, via Portal Geled\u00e9s.\" \/>\n<meta property=\"og:url\" content=\"https:\/\/inclusivenews.com.br\/?p=22603\" \/>\n<meta property=\"article:publisher\" content=\"https:\/\/www.facebook.com\/agenciainclusive\/\" \/>\n<meta property=\"article:published_time\" content=\"2012-05-29T10:25:48+00:00\" \/>\n<meta property=\"og:image\" content=\"http:\/\/www.geledes.org.br\/images\/plg_imagesized\/14274-contra-cotas.jpg\" \/>\n<meta name=\"author\" content=\"inclusivenews2024\" \/>\n<meta name=\"twitter:card\" content=\"summary_large_image\" \/>\n<meta name=\"twitter:label1\" content=\"Escrito por\" \/>\n\t<meta name=\"twitter:data1\" content=\"inclusivenews2024\" \/>\n\t<meta name=\"twitter:label2\" content=\"Tempo estimado de leitura\" \/>\n\t<meta name=\"twitter:data2\" content=\"3 minutos\" \/>\n<script type=\"application\/ld+json\" class=\"yoast-schema-graph\">{\"@context\":\"https:\\\/\\\/schema.org\",\"@graph\":[{\"@type\":\"Article\",\"@id\":\"https:\\\/\\\/inclusivenews.com.br\\\/?p=22603#article\",\"isPartOf\":{\"@id\":\"https:\\\/\\\/inclusivenews.com.br\\\/?p=22603\"},\"author\":{\"name\":\"inclusivenews2024\",\"@id\":\"https:\\\/\\\/inclusivenews.com.br\\\/#\\\/schema\\\/person\\\/ae4ec7087559b8692fb33b6fffd2273b\"},\"headline\":\"O peso da Hist\u00f3ria: a escravid\u00e3o e as cotas\",\"datePublished\":\"2012-05-29T10:25:48+00:00\",\"mainEntityOfPage\":{\"@id\":\"https:\\\/\\\/inclusivenews.com.br\\\/?p=22603\"},\"wordCount\":549,\"commentCount\":0,\"publisher\":{\"@id\":\"https:\\\/\\\/inclusivenews.com.br\\\/#organization\"},\"image\":{\"@id\":\"https:\\\/\\\/inclusivenews.com.br\\\/?p=22603#primaryimage\"},\"thumbnailUrl\":\"http:\\\/\\\/www.geledes.org.br\\\/images\\\/plg_imagesized\\\/14274-contra-cotas.jpg\",\"articleSection\":[\"OPINI\u00c3O\"],\"inLanguage\":\"pt-PT\",\"potentialAction\":[{\"@type\":\"CommentAction\",\"name\":\"Comment\",\"target\":[\"https:\\\/\\\/inclusivenews.com.br\\\/?p=22603#respond\"]}]},{\"@type\":\"WebPage\",\"@id\":\"https:\\\/\\\/inclusivenews.com.br\\\/?p=22603\",\"url\":\"https:\\\/\\\/inclusivenews.com.br\\\/?p=22603\",\"name\":\"O peso da Hist\u00f3ria: a escravid\u00e3o e as cotas -\",\"isPartOf\":{\"@id\":\"https:\\\/\\\/inclusivenews.com.br\\\/#website\"},\"primaryImageOfPage\":{\"@id\":\"https:\\\/\\\/inclusivenews.com.br\\\/?p=22603#primaryimage\"},\"image\":{\"@id\":\"https:\\\/\\\/inclusivenews.com.br\\\/?p=22603#primaryimage\"},\"thumbnailUrl\":\"http:\\\/\\\/www.geledes.org.br\\\/images\\\/plg_imagesized\\\/14274-contra-cotas.jpg\",\"datePublished\":\"2012-05-29T10:25:48+00:00\",\"breadcrumb\":{\"@id\":\"https:\\\/\\\/inclusivenews.com.br\\\/?p=22603#breadcrumb\"},\"inLanguage\":\"pt-PT\",\"potentialAction\":[{\"@type\":\"ReadAction\",\"target\":[\"https:\\\/\\\/inclusivenews.com.br\\\/?p=22603\"]}]},{\"@type\":\"ImageObject\",\"inLanguage\":\"pt-PT\",\"@id\":\"https:\\\/\\\/inclusivenews.com.br\\\/?p=22603#primaryimage\",\"url\":\"http:\\\/\\\/www.geledes.org.br\\\/images\\\/plg_imagesized\\\/14274-contra-cotas.jpg\",\"contentUrl\":\"http:\\\/\\\/www.geledes.org.br\\\/images\\\/plg_imagesized\\\/14274-contra-cotas.jpg\"},{\"@type\":\"BreadcrumbList\",\"@id\":\"https:\\\/\\\/inclusivenews.com.br\\\/?p=22603#breadcrumb\",\"itemListElement\":[{\"@type\":\"ListItem\",\"position\":1,\"name\":\"In\u00edcio\",\"item\":\"https:\\\/\\\/inclusivenews.com.br\\\/\"},{\"@type\":\"ListItem\",\"position\":2,\"name\":\"O peso da Hist\u00f3ria: a escravid\u00e3o e as cotas\"}]},{\"@type\":\"WebSite\",\"@id\":\"https:\\\/\\\/inclusivenews.com.br\\\/#website\",\"url\":\"https:\\\/\\\/inclusivenews.com.br\\\/\",\"name\":\"Inclusive News\",\"description\":\"Inclusive News\",\"publisher\":{\"@id\":\"https:\\\/\\\/inclusivenews.com.br\\\/#organization\"},\"potentialAction\":[{\"@type\":\"SearchAction\",\"target\":{\"@type\":\"EntryPoint\",\"urlTemplate\":\"https:\\\/\\\/inclusivenews.com.br\\\/?s={search_term_string}\"},\"query-input\":{\"@type\":\"PropertyValueSpecification\",\"valueRequired\":true,\"valueName\":\"search_term_string\"}}],\"inLanguage\":\"pt-PT\"},{\"@type\":\"Organization\",\"@id\":\"https:\\\/\\\/inclusivenews.com.br\\\/#organization\",\"name\":\"Inclusive - inclus\u00e3o e cidadania\",\"url\":\"https:\\\/\\\/inclusivenews.com.br\\\/\",\"logo\":{\"@type\":\"ImageObject\",\"inLanguage\":\"pt-PT\",\"@id\":\"https:\\\/\\\/inclusivenews.com.br\\\/#\\\/schema\\\/logo\\\/image\\\/\",\"url\":\"https:\\\/\\\/inclusivenews.com.br\\\/wp-content\\\/uploads\\\/2024\\\/03\\\/@grandesite.png\",\"contentUrl\":\"https:\\\/\\\/inclusivenews.com.br\\\/wp-content\\\/uploads\\\/2024\\\/03\\\/@grandesite.png\",\"width\":1080,\"height\":1080,\"caption\":\"Inclusive - inclus\u00e3o e cidadania\"},\"image\":{\"@id\":\"https:\\\/\\\/inclusivenews.com.br\\\/#\\\/schema\\\/logo\\\/image\\\/\"},\"sameAs\":[\"https:\\\/\\\/www.facebook.com\\\/agenciainclusive\\\/\",\"https:\\\/\\\/www.instagram.com\\\/newsinclusive\\\/\"]},{\"@type\":\"Person\",\"@id\":\"https:\\\/\\\/inclusivenews.com.br\\\/#\\\/schema\\\/person\\\/ae4ec7087559b8692fb33b6fffd2273b\",\"name\":\"inclusivenews2024\",\"image\":{\"@type\":\"ImageObject\",\"inLanguage\":\"pt-PT\",\"@id\":\"https:\\\/\\\/secure.gravatar.com\\\/avatar\\\/c5a7ef84c66fa914f55bc4f7ce26cfa275a3b9a1c5568b907bd184fb4dde7b40?s=96&d=mm&r=g\",\"url\":\"https:\\\/\\\/secure.gravatar.com\\\/avatar\\\/c5a7ef84c66fa914f55bc4f7ce26cfa275a3b9a1c5568b907bd184fb4dde7b40?s=96&d=mm&r=g\",\"contentUrl\":\"https:\\\/\\\/secure.gravatar.com\\\/avatar\\\/c5a7ef84c66fa914f55bc4f7ce26cfa275a3b9a1c5568b907bd184fb4dde7b40?s=96&d=mm&r=g\",\"caption\":\"inclusivenews2024\"},\"sameAs\":[\"https:\\\/\\\/inclusivenews.com.br\"],\"url\":\"https:\\\/\\\/inclusivenews.com.br\\\/?author=1\"}]}<\/script>\n<!-- \/ Yoast SEO plugin. -->","yoast_head_json":{"title":"O peso da Hist\u00f3ria: a escravid\u00e3o e as cotas -","robots":{"index":"index","follow":"follow","max-snippet":"max-snippet:-1","max-image-preview":"max-image-preview:large","max-video-preview":"max-video-preview:-1"},"canonical":"https:\/\/inclusivenews.com.br\/?p=22603","og_locale":"pt_PT","og_type":"article","og_title":"O peso da Hist\u00f3ria: a escravid\u00e3o e as cotas -","og_description":"A Hist\u00f3ria ainda \u00e9 uma bola de ferro que os descendentes dos escravos arrastam pelos tornozelos. Os efeitos nocivos da escravid\u00e3o continuam afetando os bisnetos de suas v\u00edtimas diretas. Por Alex Castro, via Portal Geled\u00e9s.","og_url":"https:\/\/inclusivenews.com.br\/?p=22603","article_publisher":"https:\/\/www.facebook.com\/agenciainclusive\/","article_published_time":"2012-05-29T10:25:48+00:00","og_image":[{"url":"http:\/\/www.geledes.org.br\/images\/plg_imagesized\/14274-contra-cotas.jpg","type":"","width":"","height":""}],"author":"inclusivenews2024","twitter_card":"summary_large_image","twitter_misc":{"Escrito por":"inclusivenews2024","Tempo estimado de leitura":"3 minutos"},"schema":{"@context":"https:\/\/schema.org","@graph":[{"@type":"Article","@id":"https:\/\/inclusivenews.com.br\/?p=22603#article","isPartOf":{"@id":"https:\/\/inclusivenews.com.br\/?p=22603"},"author":{"name":"inclusivenews2024","@id":"https:\/\/inclusivenews.com.br\/#\/schema\/person\/ae4ec7087559b8692fb33b6fffd2273b"},"headline":"O peso da Hist\u00f3ria: a escravid\u00e3o e as cotas","datePublished":"2012-05-29T10:25:48+00:00","mainEntityOfPage":{"@id":"https:\/\/inclusivenews.com.br\/?p=22603"},"wordCount":549,"commentCount":0,"publisher":{"@id":"https:\/\/inclusivenews.com.br\/#organization"},"image":{"@id":"https:\/\/inclusivenews.com.br\/?p=22603#primaryimage"},"thumbnailUrl":"http:\/\/www.geledes.org.br\/images\/plg_imagesized\/14274-contra-cotas.jpg","articleSection":["OPINI\u00c3O"],"inLanguage":"pt-PT","potentialAction":[{"@type":"CommentAction","name":"Comment","target":["https:\/\/inclusivenews.com.br\/?p=22603#respond"]}]},{"@type":"WebPage","@id":"https:\/\/inclusivenews.com.br\/?p=22603","url":"https:\/\/inclusivenews.com.br\/?p=22603","name":"O peso da Hist\u00f3ria: a escravid\u00e3o e as cotas -","isPartOf":{"@id":"https:\/\/inclusivenews.com.br\/#website"},"primaryImageOfPage":{"@id":"https:\/\/inclusivenews.com.br\/?p=22603#primaryimage"},"image":{"@id":"https:\/\/inclusivenews.com.br\/?p=22603#primaryimage"},"thumbnailUrl":"http:\/\/www.geledes.org.br\/images\/plg_imagesized\/14274-contra-cotas.jpg","datePublished":"2012-05-29T10:25:48+00:00","breadcrumb":{"@id":"https:\/\/inclusivenews.com.br\/?p=22603#breadcrumb"},"inLanguage":"pt-PT","potentialAction":[{"@type":"ReadAction","target":["https:\/\/inclusivenews.com.br\/?p=22603"]}]},{"@type":"ImageObject","inLanguage":"pt-PT","@id":"https:\/\/inclusivenews.com.br\/?p=22603#primaryimage","url":"http:\/\/www.geledes.org.br\/images\/plg_imagesized\/14274-contra-cotas.jpg","contentUrl":"http:\/\/www.geledes.org.br\/images\/plg_imagesized\/14274-contra-cotas.jpg"},{"@type":"BreadcrumbList","@id":"https:\/\/inclusivenews.com.br\/?p=22603#breadcrumb","itemListElement":[{"@type":"ListItem","position":1,"name":"In\u00edcio","item":"https:\/\/inclusivenews.com.br\/"},{"@type":"ListItem","position":2,"name":"O peso da Hist\u00f3ria: a escravid\u00e3o e as cotas"}]},{"@type":"WebSite","@id":"https:\/\/inclusivenews.com.br\/#website","url":"https:\/\/inclusivenews.com.br\/","name":"Inclusive News","description":"Inclusive News","publisher":{"@id":"https:\/\/inclusivenews.com.br\/#organization"},"potentialAction":[{"@type":"SearchAction","target":{"@type":"EntryPoint","urlTemplate":"https:\/\/inclusivenews.com.br\/?s={search_term_string}"},"query-input":{"@type":"PropertyValueSpecification","valueRequired":true,"valueName":"search_term_string"}}],"inLanguage":"pt-PT"},{"@type":"Organization","@id":"https:\/\/inclusivenews.com.br\/#organization","name":"Inclusive - inclus\u00e3o e cidadania","url":"https:\/\/inclusivenews.com.br\/","logo":{"@type":"ImageObject","inLanguage":"pt-PT","@id":"https:\/\/inclusivenews.com.br\/#\/schema\/logo\/image\/","url":"https:\/\/inclusivenews.com.br\/wp-content\/uploads\/2024\/03\/@grandesite.png","contentUrl":"https:\/\/inclusivenews.com.br\/wp-content\/uploads\/2024\/03\/@grandesite.png","width":1080,"height":1080,"caption":"Inclusive - inclus\u00e3o e cidadania"},"image":{"@id":"https:\/\/inclusivenews.com.br\/#\/schema\/logo\/image\/"},"sameAs":["https:\/\/www.facebook.com\/agenciainclusive\/","https:\/\/www.instagram.com\/newsinclusive\/"]},{"@type":"Person","@id":"https:\/\/inclusivenews.com.br\/#\/schema\/person\/ae4ec7087559b8692fb33b6fffd2273b","name":"inclusivenews2024","image":{"@type":"ImageObject","inLanguage":"pt-PT","@id":"https:\/\/secure.gravatar.com\/avatar\/c5a7ef84c66fa914f55bc4f7ce26cfa275a3b9a1c5568b907bd184fb4dde7b40?s=96&d=mm&r=g","url":"https:\/\/secure.gravatar.com\/avatar\/c5a7ef84c66fa914f55bc4f7ce26cfa275a3b9a1c5568b907bd184fb4dde7b40?s=96&d=mm&r=g","contentUrl":"https:\/\/secure.gravatar.com\/avatar\/c5a7ef84c66fa914f55bc4f7ce26cfa275a3b9a1c5568b907bd184fb4dde7b40?s=96&d=mm&r=g","caption":"inclusivenews2024"},"sameAs":["https:\/\/inclusivenews.com.br"],"url":"https:\/\/inclusivenews.com.br\/?author=1"}]}},"_links":{"self":[{"href":"https:\/\/inclusivenews.com.br\/index.php?rest_route=\/wp\/v2\/posts\/22603","targetHints":{"allow":["GET"]}}],"collection":[{"href":"https:\/\/inclusivenews.com.br\/index.php?rest_route=\/wp\/v2\/posts"}],"about":[{"href":"https:\/\/inclusivenews.com.br\/index.php?rest_route=\/wp\/v2\/types\/post"}],"author":[{"embeddable":true,"href":"https:\/\/inclusivenews.com.br\/index.php?rest_route=\/wp\/v2\/users\/1"}],"replies":[{"embeddable":true,"href":"https:\/\/inclusivenews.com.br\/index.php?rest_route=%2Fwp%2Fv2%2Fcomments&post=22603"}],"version-history":[{"count":0,"href":"https:\/\/inclusivenews.com.br\/index.php?rest_route=\/wp\/v2\/posts\/22603\/revisions"}],"wp:attachment":[{"href":"https:\/\/inclusivenews.com.br\/index.php?rest_route=%2Fwp%2Fv2%2Fmedia&parent=22603"}],"wp:term":[{"taxonomy":"category","embeddable":true,"href":"https:\/\/inclusivenews.com.br\/index.php?rest_route=%2Fwp%2Fv2%2Fcategories&post=22603"},{"taxonomy":"post_tag","embeddable":true,"href":"https:\/\/inclusivenews.com.br\/index.php?rest_route=%2Fwp%2Fv2%2Ftags&post=22603"}],"curies":[{"name":"wp","href":"https:\/\/api.w.org\/{rel}","templated":true}]}}