{"id":22636,"date":"2012-06-04T08:11:41","date_gmt":"2012-06-04T11:11:41","guid":{"rendered":"http:\/\/www.inclusive.org.br\/?p=22636"},"modified":"2012-06-04T08:11:41","modified_gmt":"2012-06-04T11:11:41","slug":"em-preparacao-a-cupula-dos-povos-organizacoes-promovem-tenda-contra-mercantilizacao-da-vida","status":"publish","type":"post","link":"https:\/\/inclusivenews.com.br\/?p=22636","title":{"rendered":"Em prepara\u00e7\u00e3o \u00e0 C\u00fapula dos Povos, organiza\u00e7\u00f5es promovem Tenda contra Mercantiliza\u00e7\u00e3o da Vida"},"content":{"rendered":"<p><img loading=\"lazy\" decoding=\"async\" class=\"alignnone\" title=\"C\u00fapula dos povos na Rio +20 por justi\u00e7a social e ambiental\" src=\"http:\/\/rio20.ebc.com.br\/wp-content\/uploads\/2012\/04\/cupula-dos-povos-300x153.jpg\" alt=\"\" width=\"300\" height=\"153\" \/><\/p>\n<p>O Dia Internacional do Meio Ambiente (5\/6) promete ser o ensaio-geral para a C\u00fapula dos Povos. Diversas mobiliza\u00e7\u00f5es em defesa dos bens comuns e contra a mercantiliza\u00e7\u00e3o da natureza est\u00e3o programadas para acontecer em diferentes partes do mundo. Em S\u00e3o Paulo, entidades realizam a Tenda contra a Mercantiliza\u00e7\u00e3o da Vida \u2013 N\u00e3o \u00e0 Economia Verde, pela justi\u00e7a ambiental, por uma economia solid\u00e1ria e pela sociedade do bem-viver, das 10h \u00e0s 16h, no Largo S\u00e3o Francisco, regi\u00e3o central da cidade.<\/p>\n<p>A atividade tem por objetivo promover, por meio de a\u00e7\u00f5es l\u00fadicas e visuais, uma cr\u00edtica \u00e0 \u201cEconomia Verde\u201d, proposta na Confer\u00eancia das Na\u00e7\u00f5es Unidas sobre Desenvolvimento Sustent\u00e1vel, a Rio + 20. O documento oficial da ONU, no primeiro cap\u00edtulo sobre economia verde, coloca que o principal aliado para a transi\u00e7\u00e3o ao modelo sustent\u00e1vel \u00e9 o setor privado, que est\u00e1 participando diretamente da elabora\u00e7\u00e3o do documento, inclusive no desenvolvimento das chamadas \u201cmetas de desenvolvimento sustent\u00e1vel\u201d.<\/p>\n<p>Diante disso, a tenda dar\u00e1 visibilidade e se posiciona contra a mercantiliza\u00e7\u00e3o da vida no planeta e as falsas solu\u00e7\u00f5es, presentes na acelera\u00e7\u00e3o do processo de privatiza\u00e7\u00e3o dos bens da natureza, pela desobriga\u00e7\u00e3o dos Estados nacionais na defesa da natureza em favor das grandes corpora\u00e7\u00f5es, que v\u00e3o se tornando as respons\u00e1veis pela suposta \u201cprote\u00e7\u00e3o\u201d ao meio ambiente por meio de sua precifica\u00e7\u00e3o e pela desvaloriza\u00e7\u00e3o dos direitos humanos, desconsiderados na discuss\u00e3o da Rio+20.<\/p>\n<p>A ato do dia 5 de junho quer dizer n\u00e3o ao capitalismo que se mascara de verde e que visa somente o lucro em detrimento dos direitos ecol\u00f3gicos e humanos.  A Tenda, assim como a C\u00fapula dos Povos, defende modelos que t\u00eam por princ\u00edpio uma cr\u00edtica frontal a mercantiliza\u00e7\u00e3o e financeiriza\u00e7\u00e3o da vida, pela defesa da ideia de bens comuns. Ou seja, \u00e1gua e ar, por exemplo, devem continuar sendo bens comuns, preservados, e n\u00e3o podem ser privatizados e mercantilizados. Estas s\u00e3o as alternativas concretas \u00e0 Economia Verde que a tenda apresentar\u00e1, pela exposi\u00e7\u00e3o das lutas que existem por todo o mundo em defesa de uma Justi\u00e7a Ambiental e Social.<\/p>\n<p>Junto \u00e0 tenda, ser\u00e3o promovidas interven\u00e7\u00f5es art\u00edsticas (teatrais, com m\u00fasica e dan\u00e7a), panfletagem e oficinas de produ\u00e7\u00e3o de cartazes com frases contra a mercantiliza\u00e7\u00e3o da vida como parte da Campanha N\u00e3o \u00e0 Economia Verde. Veja abaixo o convite do evento.<\/p>\n<p>Para saber mais sobre a Campanha N\u00e3o \u00e0 Economia Verde acesse:<a href=\"http:\/\/nogreeneconomy.org\/en\/\"> http:\/\/nogreeneconomy.org\/en\/<\/a><\/p>\n<p>Servi\u00e7o<\/p>\n<p>Tenda Contra a Mercantiliza\u00e7\u00e3o da Vida \u2013 rumo \u00e0 C\u00fapula dos Povos<br \/>\nQuando: Dia 5 de junho de 2012<br \/>\nOnde: Largo S\u00e3o Francisco \u2013 Centro de S\u00e3o Paulo, SP.<\/p>\n<p>Informa\u00e7\u00f5es para a imprensa<br \/>\nHugo Fanton \u2013 comunicacao@abong.org.br<br \/>\nTelefone:             (11) 3237-2122<br \/>\nFabiano Viana \u2013 comunicacao@sefras.org.br<br \/>\nTelefone: (11) 3291-4433\/83368400<\/p>\n","protected":false},"excerpt":{"rendered":"<p>O Dia Internacional do Meio Ambiente (5\/6) promete ser o ensaio-geral para a C\u00fapula dos Povos. Diversas mobiliza\u00e7\u00f5es em defesa dos bens comuns e contra a mercantiliza\u00e7\u00e3o da natureza est\u00e3o programadas para acontecer em diferentes partes do mundo. <\/p>\n","protected":false},"author":1,"featured_media":0,"comment_status":"open","ping_status":"open","sticky":false,"template":"","format":"standard","meta":{"site-container-style":"default","site-container-layout":"default","site-sidebar-layout":"default","disable-article-header":"default","disable-site-header":"default","disable-site-footer":"default","disable-content-area-spacing":"default","footnotes":""},"categories":[11],"tags":[],"class_list":["post-22636","post","type-post","status-publish","format-standard","hentry","category-direitos-humanos"],"yoast_head":"<!-- This site is optimized with the Yoast SEO plugin v27.4 - https:\/\/yoast.com\/product\/yoast-seo-wordpress\/ -->\n<title>Em prepara\u00e7\u00e3o \u00e0 C\u00fapula dos Povos, organiza\u00e7\u00f5es promovem Tenda contra Mercantiliza\u00e7\u00e3o da Vida -<\/title>\n<meta name=\"robots\" content=\"index, follow, max-snippet:-1, max-image-preview:large, max-video-preview:-1\" \/>\n<link rel=\"canonical\" href=\"https:\/\/inclusivenews.com.br\/?p=22636\" \/>\n<meta property=\"og:locale\" content=\"pt_PT\" \/>\n<meta property=\"og:type\" content=\"article\" \/>\n<meta property=\"og:title\" content=\"Em prepara\u00e7\u00e3o \u00e0 C\u00fapula dos Povos, organiza\u00e7\u00f5es promovem Tenda contra Mercantiliza\u00e7\u00e3o da Vida -\" \/>\n<meta property=\"og:description\" content=\"O Dia Internacional do Meio Ambiente (5\/6) promete ser o ensaio-geral para a C\u00fapula dos Povos. Diversas mobiliza\u00e7\u00f5es em defesa dos bens comuns e contra a mercantiliza\u00e7\u00e3o da natureza est\u00e3o programadas para acontecer em diferentes partes do mundo.\" \/>\n<meta property=\"og:url\" content=\"https:\/\/inclusivenews.com.br\/?p=22636\" \/>\n<meta property=\"article:publisher\" content=\"https:\/\/www.facebook.com\/agenciainclusive\/\" \/>\n<meta property=\"article:published_time\" content=\"2012-06-04T11:11:41+00:00\" \/>\n<meta property=\"og:image\" content=\"http:\/\/rio20.ebc.com.br\/wp-content\/uploads\/2012\/04\/cupula-dos-povos-300x153.jpg\" \/>\n<meta name=\"author\" content=\"inclusivenews2024\" \/>\n<meta name=\"twitter:card\" content=\"summary_large_image\" \/>\n<meta name=\"twitter:label1\" content=\"Escrito por\" \/>\n\t<meta name=\"twitter:data1\" content=\"inclusivenews2024\" \/>\n\t<meta name=\"twitter:label2\" content=\"Tempo estimado de leitura\" \/>\n\t<meta name=\"twitter:data2\" content=\"2 minutos\" \/>\n<script type=\"application\/ld+json\" class=\"yoast-schema-graph\">{\"@context\":\"https:\\\/\\\/schema.org\",\"@graph\":[{\"@type\":\"Article\",\"@id\":\"https:\\\/\\\/inclusivenews.com.br\\\/?p=22636#article\",\"isPartOf\":{\"@id\":\"https:\\\/\\\/inclusivenews.com.br\\\/?p=22636\"},\"author\":{\"name\":\"inclusivenews2024\",\"@id\":\"https:\\\/\\\/inclusivenews.com.br\\\/#\\\/schema\\\/person\\\/ae4ec7087559b8692fb33b6fffd2273b\"},\"headline\":\"Em prepara\u00e7\u00e3o \u00e0 C\u00fapula dos Povos, organiza\u00e7\u00f5es promovem Tenda contra Mercantiliza\u00e7\u00e3o da Vida\",\"datePublished\":\"2012-06-04T11:11:41+00:00\",\"mainEntityOfPage\":{\"@id\":\"https:\\\/\\\/inclusivenews.com.br\\\/?p=22636\"},\"wordCount\":501,\"commentCount\":0,\"publisher\":{\"@id\":\"https:\\\/\\\/inclusivenews.com.br\\\/#organization\"},\"image\":{\"@id\":\"https:\\\/\\\/inclusivenews.com.br\\\/?p=22636#primaryimage\"},\"thumbnailUrl\":\"http:\\\/\\\/rio20.ebc.com.br\\\/wp-content\\\/uploads\\\/2012\\\/04\\\/cupula-dos-povos-300x153.jpg\",\"articleSection\":[\"DIREITOS HUMANOS\"],\"inLanguage\":\"pt-PT\",\"potentialAction\":[{\"@type\":\"CommentAction\",\"name\":\"Comment\",\"target\":[\"https:\\\/\\\/inclusivenews.com.br\\\/?p=22636#respond\"]}]},{\"@type\":\"WebPage\",\"@id\":\"https:\\\/\\\/inclusivenews.com.br\\\/?p=22636\",\"url\":\"https:\\\/\\\/inclusivenews.com.br\\\/?p=22636\",\"name\":\"Em prepara\u00e7\u00e3o \u00e0 C\u00fapula dos Povos, organiza\u00e7\u00f5es promovem Tenda contra Mercantiliza\u00e7\u00e3o da Vida -\",\"isPartOf\":{\"@id\":\"https:\\\/\\\/inclusivenews.com.br\\\/#website\"},\"primaryImageOfPage\":{\"@id\":\"https:\\\/\\\/inclusivenews.com.br\\\/?p=22636#primaryimage\"},\"image\":{\"@id\":\"https:\\\/\\\/inclusivenews.com.br\\\/?p=22636#primaryimage\"},\"thumbnailUrl\":\"http:\\\/\\\/rio20.ebc.com.br\\\/wp-content\\\/uploads\\\/2012\\\/04\\\/cupula-dos-povos-300x153.jpg\",\"datePublished\":\"2012-06-04T11:11:41+00:00\",\"breadcrumb\":{\"@id\":\"https:\\\/\\\/inclusivenews.com.br\\\/?p=22636#breadcrumb\"},\"inLanguage\":\"pt-PT\",\"potentialAction\":[{\"@type\":\"ReadAction\",\"target\":[\"https:\\\/\\\/inclusivenews.com.br\\\/?p=22636\"]}]},{\"@type\":\"ImageObject\",\"inLanguage\":\"pt-PT\",\"@id\":\"https:\\\/\\\/inclusivenews.com.br\\\/?p=22636#primaryimage\",\"url\":\"http:\\\/\\\/rio20.ebc.com.br\\\/wp-content\\\/uploads\\\/2012\\\/04\\\/cupula-dos-povos-300x153.jpg\",\"contentUrl\":\"http:\\\/\\\/rio20.ebc.com.br\\\/wp-content\\\/uploads\\\/2012\\\/04\\\/cupula-dos-povos-300x153.jpg\"},{\"@type\":\"BreadcrumbList\",\"@id\":\"https:\\\/\\\/inclusivenews.com.br\\\/?p=22636#breadcrumb\",\"itemListElement\":[{\"@type\":\"ListItem\",\"position\":1,\"name\":\"In\u00edcio\",\"item\":\"https:\\\/\\\/inclusivenews.com.br\\\/\"},{\"@type\":\"ListItem\",\"position\":2,\"name\":\"Em prepara\u00e7\u00e3o \u00e0 C\u00fapula dos Povos, organiza\u00e7\u00f5es promovem Tenda contra Mercantiliza\u00e7\u00e3o da Vida\"}]},{\"@type\":\"WebSite\",\"@id\":\"https:\\\/\\\/inclusivenews.com.br\\\/#website\",\"url\":\"https:\\\/\\\/inclusivenews.com.br\\\/\",\"name\":\"Inclusive News\",\"description\":\"Inclusive News\",\"publisher\":{\"@id\":\"https:\\\/\\\/inclusivenews.com.br\\\/#organization\"},\"potentialAction\":[{\"@type\":\"SearchAction\",\"target\":{\"@type\":\"EntryPoint\",\"urlTemplate\":\"https:\\\/\\\/inclusivenews.com.br\\\/?s={search_term_string}\"},\"query-input\":{\"@type\":\"PropertyValueSpecification\",\"valueRequired\":true,\"valueName\":\"search_term_string\"}}],\"inLanguage\":\"pt-PT\"},{\"@type\":\"Organization\",\"@id\":\"https:\\\/\\\/inclusivenews.com.br\\\/#organization\",\"name\":\"Inclusive - inclus\u00e3o e cidadania\",\"url\":\"https:\\\/\\\/inclusivenews.com.br\\\/\",\"logo\":{\"@type\":\"ImageObject\",\"inLanguage\":\"pt-PT\",\"@id\":\"https:\\\/\\\/inclusivenews.com.br\\\/#\\\/schema\\\/logo\\\/image\\\/\",\"url\":\"https:\\\/\\\/inclusivenews.com.br\\\/wp-content\\\/uploads\\\/2024\\\/03\\\/@grandesite.png\",\"contentUrl\":\"https:\\\/\\\/inclusivenews.com.br\\\/wp-content\\\/uploads\\\/2024\\\/03\\\/@grandesite.png\",\"width\":1080,\"height\":1080,\"caption\":\"Inclusive - inclus\u00e3o e cidadania\"},\"image\":{\"@id\":\"https:\\\/\\\/inclusivenews.com.br\\\/#\\\/schema\\\/logo\\\/image\\\/\"},\"sameAs\":[\"https:\\\/\\\/www.facebook.com\\\/agenciainclusive\\\/\",\"https:\\\/\\\/www.instagram.com\\\/newsinclusive\\\/\"]},{\"@type\":\"Person\",\"@id\":\"https:\\\/\\\/inclusivenews.com.br\\\/#\\\/schema\\\/person\\\/ae4ec7087559b8692fb33b6fffd2273b\",\"name\":\"inclusivenews2024\",\"image\":{\"@type\":\"ImageObject\",\"inLanguage\":\"pt-PT\",\"@id\":\"https:\\\/\\\/secure.gravatar.com\\\/avatar\\\/c5a7ef84c66fa914f55bc4f7ce26cfa275a3b9a1c5568b907bd184fb4dde7b40?s=96&d=mm&r=g\",\"url\":\"https:\\\/\\\/secure.gravatar.com\\\/avatar\\\/c5a7ef84c66fa914f55bc4f7ce26cfa275a3b9a1c5568b907bd184fb4dde7b40?s=96&d=mm&r=g\",\"contentUrl\":\"https:\\\/\\\/secure.gravatar.com\\\/avatar\\\/c5a7ef84c66fa914f55bc4f7ce26cfa275a3b9a1c5568b907bd184fb4dde7b40?s=96&d=mm&r=g\",\"caption\":\"inclusivenews2024\"},\"sameAs\":[\"https:\\\/\\\/inclusivenews.com.br\"],\"url\":\"https:\\\/\\\/inclusivenews.com.br\\\/?author=1\"}]}<\/script>\n<!-- \/ Yoast SEO plugin. -->","yoast_head_json":{"title":"Em prepara\u00e7\u00e3o \u00e0 C\u00fapula dos Povos, organiza\u00e7\u00f5es promovem Tenda contra Mercantiliza\u00e7\u00e3o da Vida -","robots":{"index":"index","follow":"follow","max-snippet":"max-snippet:-1","max-image-preview":"max-image-preview:large","max-video-preview":"max-video-preview:-1"},"canonical":"https:\/\/inclusivenews.com.br\/?p=22636","og_locale":"pt_PT","og_type":"article","og_title":"Em prepara\u00e7\u00e3o \u00e0 C\u00fapula dos Povos, organiza\u00e7\u00f5es promovem Tenda contra Mercantiliza\u00e7\u00e3o da Vida -","og_description":"O Dia Internacional do Meio Ambiente (5\/6) promete ser o ensaio-geral para a C\u00fapula dos Povos. Diversas mobiliza\u00e7\u00f5es em defesa dos bens comuns e contra a mercantiliza\u00e7\u00e3o da natureza est\u00e3o programadas para acontecer em diferentes partes do mundo.","og_url":"https:\/\/inclusivenews.com.br\/?p=22636","article_publisher":"https:\/\/www.facebook.com\/agenciainclusive\/","article_published_time":"2012-06-04T11:11:41+00:00","og_image":[{"url":"http:\/\/rio20.ebc.com.br\/wp-content\/uploads\/2012\/04\/cupula-dos-povos-300x153.jpg","type":"","width":"","height":""}],"author":"inclusivenews2024","twitter_card":"summary_large_image","twitter_misc":{"Escrito por":"inclusivenews2024","Tempo estimado de leitura":"2 minutos"},"schema":{"@context":"https:\/\/schema.org","@graph":[{"@type":"Article","@id":"https:\/\/inclusivenews.com.br\/?p=22636#article","isPartOf":{"@id":"https:\/\/inclusivenews.com.br\/?p=22636"},"author":{"name":"inclusivenews2024","@id":"https:\/\/inclusivenews.com.br\/#\/schema\/person\/ae4ec7087559b8692fb33b6fffd2273b"},"headline":"Em prepara\u00e7\u00e3o \u00e0 C\u00fapula dos Povos, organiza\u00e7\u00f5es promovem Tenda contra Mercantiliza\u00e7\u00e3o da Vida","datePublished":"2012-06-04T11:11:41+00:00","mainEntityOfPage":{"@id":"https:\/\/inclusivenews.com.br\/?p=22636"},"wordCount":501,"commentCount":0,"publisher":{"@id":"https:\/\/inclusivenews.com.br\/#organization"},"image":{"@id":"https:\/\/inclusivenews.com.br\/?p=22636#primaryimage"},"thumbnailUrl":"http:\/\/rio20.ebc.com.br\/wp-content\/uploads\/2012\/04\/cupula-dos-povos-300x153.jpg","articleSection":["DIREITOS HUMANOS"],"inLanguage":"pt-PT","potentialAction":[{"@type":"CommentAction","name":"Comment","target":["https:\/\/inclusivenews.com.br\/?p=22636#respond"]}]},{"@type":"WebPage","@id":"https:\/\/inclusivenews.com.br\/?p=22636","url":"https:\/\/inclusivenews.com.br\/?p=22636","name":"Em prepara\u00e7\u00e3o \u00e0 C\u00fapula dos Povos, organiza\u00e7\u00f5es promovem Tenda contra Mercantiliza\u00e7\u00e3o da Vida -","isPartOf":{"@id":"https:\/\/inclusivenews.com.br\/#website"},"primaryImageOfPage":{"@id":"https:\/\/inclusivenews.com.br\/?p=22636#primaryimage"},"image":{"@id":"https:\/\/inclusivenews.com.br\/?p=22636#primaryimage"},"thumbnailUrl":"http:\/\/rio20.ebc.com.br\/wp-content\/uploads\/2012\/04\/cupula-dos-povos-300x153.jpg","datePublished":"2012-06-04T11:11:41+00:00","breadcrumb":{"@id":"https:\/\/inclusivenews.com.br\/?p=22636#breadcrumb"},"inLanguage":"pt-PT","potentialAction":[{"@type":"ReadAction","target":["https:\/\/inclusivenews.com.br\/?p=22636"]}]},{"@type":"ImageObject","inLanguage":"pt-PT","@id":"https:\/\/inclusivenews.com.br\/?p=22636#primaryimage","url":"http:\/\/rio20.ebc.com.br\/wp-content\/uploads\/2012\/04\/cupula-dos-povos-300x153.jpg","contentUrl":"http:\/\/rio20.ebc.com.br\/wp-content\/uploads\/2012\/04\/cupula-dos-povos-300x153.jpg"},{"@type":"BreadcrumbList","@id":"https:\/\/inclusivenews.com.br\/?p=22636#breadcrumb","itemListElement":[{"@type":"ListItem","position":1,"name":"In\u00edcio","item":"https:\/\/inclusivenews.com.br\/"},{"@type":"ListItem","position":2,"name":"Em prepara\u00e7\u00e3o \u00e0 C\u00fapula dos Povos, organiza\u00e7\u00f5es promovem Tenda contra Mercantiliza\u00e7\u00e3o da Vida"}]},{"@type":"WebSite","@id":"https:\/\/inclusivenews.com.br\/#website","url":"https:\/\/inclusivenews.com.br\/","name":"Inclusive News","description":"Inclusive News","publisher":{"@id":"https:\/\/inclusivenews.com.br\/#organization"},"potentialAction":[{"@type":"SearchAction","target":{"@type":"EntryPoint","urlTemplate":"https:\/\/inclusivenews.com.br\/?s={search_term_string}"},"query-input":{"@type":"PropertyValueSpecification","valueRequired":true,"valueName":"search_term_string"}}],"inLanguage":"pt-PT"},{"@type":"Organization","@id":"https:\/\/inclusivenews.com.br\/#organization","name":"Inclusive - inclus\u00e3o e cidadania","url":"https:\/\/inclusivenews.com.br\/","logo":{"@type":"ImageObject","inLanguage":"pt-PT","@id":"https:\/\/inclusivenews.com.br\/#\/schema\/logo\/image\/","url":"https:\/\/inclusivenews.com.br\/wp-content\/uploads\/2024\/03\/@grandesite.png","contentUrl":"https:\/\/inclusivenews.com.br\/wp-content\/uploads\/2024\/03\/@grandesite.png","width":1080,"height":1080,"caption":"Inclusive - inclus\u00e3o e cidadania"},"image":{"@id":"https:\/\/inclusivenews.com.br\/#\/schema\/logo\/image\/"},"sameAs":["https:\/\/www.facebook.com\/agenciainclusive\/","https:\/\/www.instagram.com\/newsinclusive\/"]},{"@type":"Person","@id":"https:\/\/inclusivenews.com.br\/#\/schema\/person\/ae4ec7087559b8692fb33b6fffd2273b","name":"inclusivenews2024","image":{"@type":"ImageObject","inLanguage":"pt-PT","@id":"https:\/\/secure.gravatar.com\/avatar\/c5a7ef84c66fa914f55bc4f7ce26cfa275a3b9a1c5568b907bd184fb4dde7b40?s=96&d=mm&r=g","url":"https:\/\/secure.gravatar.com\/avatar\/c5a7ef84c66fa914f55bc4f7ce26cfa275a3b9a1c5568b907bd184fb4dde7b40?s=96&d=mm&r=g","contentUrl":"https:\/\/secure.gravatar.com\/avatar\/c5a7ef84c66fa914f55bc4f7ce26cfa275a3b9a1c5568b907bd184fb4dde7b40?s=96&d=mm&r=g","caption":"inclusivenews2024"},"sameAs":["https:\/\/inclusivenews.com.br"],"url":"https:\/\/inclusivenews.com.br\/?author=1"}]}},"_links":{"self":[{"href":"https:\/\/inclusivenews.com.br\/index.php?rest_route=\/wp\/v2\/posts\/22636","targetHints":{"allow":["GET"]}}],"collection":[{"href":"https:\/\/inclusivenews.com.br\/index.php?rest_route=\/wp\/v2\/posts"}],"about":[{"href":"https:\/\/inclusivenews.com.br\/index.php?rest_route=\/wp\/v2\/types\/post"}],"author":[{"embeddable":true,"href":"https:\/\/inclusivenews.com.br\/index.php?rest_route=\/wp\/v2\/users\/1"}],"replies":[{"embeddable":true,"href":"https:\/\/inclusivenews.com.br\/index.php?rest_route=%2Fwp%2Fv2%2Fcomments&post=22636"}],"version-history":[{"count":0,"href":"https:\/\/inclusivenews.com.br\/index.php?rest_route=\/wp\/v2\/posts\/22636\/revisions"}],"wp:attachment":[{"href":"https:\/\/inclusivenews.com.br\/index.php?rest_route=%2Fwp%2Fv2%2Fmedia&parent=22636"}],"wp:term":[{"taxonomy":"category","embeddable":true,"href":"https:\/\/inclusivenews.com.br\/index.php?rest_route=%2Fwp%2Fv2%2Fcategories&post=22636"},{"taxonomy":"post_tag","embeddable":true,"href":"https:\/\/inclusivenews.com.br\/index.php?rest_route=%2Fwp%2Fv2%2Ftags&post=22636"}],"curies":[{"name":"wp","href":"https:\/\/api.w.org\/{rel}","templated":true}]}}