{"id":22652,"date":"2012-06-06T15:27:56","date_gmt":"2012-06-06T18:27:56","guid":{"rendered":"http:\/\/www.inclusive.org.br\/?p=22652"},"modified":"2012-06-06T15:27:56","modified_gmt":"2012-06-06T18:27:56","slug":"de-paciente-objeto-para-sujeito-cidadao","status":"publish","type":"post","link":"https:\/\/inclusivenews.com.br\/?p=22652","title":{"rendered":"De paciente-objeto para sujeito-cidad\u00e3o"},"content":{"rendered":"<p><a href=\"http:\/\/www.inclusivenews.com.br\/wp-content\/uploads\/2010\/03\/Inclusive_tijolo_muro.jpg\"><img loading=\"lazy\" decoding=\"async\" class=\"alignleft size-full wp-image-14597\" title=\"Inclusive_tijolo_muro\" src=\"http:\/\/inclusivenews.com.br\/wp-content\/uploads\/2010\/03\/Inclusive_tijolo_muro.jpg\" alt=\"\" width=\"252\" height=\"233\" \/><\/a><\/p>\n<p><strong>Por Mariana Soares da Paz *<\/strong><\/p>\n<p>Quanto mais os diversos campos do saber dedicam-se a explicar o fen\u00f4meno da loucura, mais discursos s\u00e3o enunciados para tornar intelig\u00edvel o sofrimento ps\u00edquico. A compreens\u00e3o da loucura, sob o vi\u00e9s de pr\u00e1ticas de aprisionamento e medicamentosas, resultou em transformar os sujeitos em objetos mortificados subjetivamente por tais procedimentos.<\/p>\n<p>A pol\u00edtica p\u00fablica de sa\u00fade para a \u00e1rea da psiquiatria, enquanto projeto pol\u00edtico &#8212; isto porque para sua viabiliza\u00e7\u00e3o mobilizam-se leis e institui\u00e7\u00f5es para legitimar e justificar sua pr\u00e1tica &#8212; revela um discurso que toma a loucura como seu objeto de tratamento, justificando toda sua l\u00f3gica iatrog\u00eanica &#8212; que gera doen\u00e7as ou altera\u00e7\u00f5es patol\u00f3gicas, criadas por efeitos colaterais dos medicamentos.<\/p>\n<p>No atual contexto, \u00e9 preciso questionar o discurso que defende a liga\u00e7\u00e3o da loucura com o manic\u00f4mio como \u00fanico destino do sujeito em sofrimento, refletindo sobre os modelos que ainda s\u00e3o tomados como refer\u00eancia para um ideal de sa\u00fade, tendo a normalidade da inst\u00e2ncia mental. Modelos esses balizados por operar frente ao sofrimento do sujeito como patol\u00f3gico, referendando uma ci\u00eancia positivista e tendo na patologia um aspecto presente, pass\u00edvel a ser tratado pela segrega\u00e7\u00e3o e pelo controle psicof\u00e1rmaco, como promessa de cura.<\/p>\n<p>Com o advento da Pol\u00edtica Nacional de Sa\u00fade Mental, investiu-se em uma nova forma de abordar o problema da loucura, de forma a comportar uma mudan\u00e7a radical no modelo de assist\u00eancia \u00e0 sa\u00fade mental. Com novos espa\u00e7os para o cuidado, o louco passa de paciente (objeto de um tratamento) para sujeito-cidad\u00e3o, usu\u00e1rio dos servi\u00e7os de sa\u00fade.<\/p>\n<p>Quando o Estado brasileiro se disp\u00f5e a instituir sua pol\u00edtica de aten\u00e7\u00e3o \u00e0 sa\u00fade mental, sob o esteio da Reforma Psiqui\u00e1trica, n\u00e3o se restringe \u00e0 Reforma, mas a uma re-estrutura\u00e7\u00e3o de todo o sistema, ou seja, a estrutura at\u00e9 ent\u00e3o vigente dever\u00e1 ser substitu\u00edda integralmente. Questiona-se, ent\u00e3o, se o que se intitula de Reforma Psiqui\u00e1trica poderia ser um movimento de captura da loucura com novos instrumentos e que ainda reproduz o conservadorismo tradicional da antiga pol\u00edtica p\u00fablica de psiquiatria. Esse discurso tamb\u00e9m pode ter seus reflexos na pr\u00e1tica cl\u00ednica, j\u00e1 que pensar a loucura como doen\u00e7a, levaria a condu\u00e7\u00e3o do &#8220;tratamento&#8221; sob os moldes da psiquiatria cl\u00e1ssica, como uma forma de controle e conten\u00e7\u00e3o da loucura.<\/p>\n<p>A Lei Federal 10.216 de 06 de abril de 2001 disp\u00f5e sobre a prote\u00e7\u00e3o dos direitos das pessoas portadoras de sofrimento ps\u00edquico e o redirecionamento dos modelos de aten\u00e7\u00e3o a quem necessita do servi\u00e7o. A reflex\u00e3o proposta, neste artigo, visa iniciar um di\u00e1logo sobre o perfil das pol\u00edticas de sa\u00fade mental que o Estado disponibiliza para os sujeitos em sofrimento. Afinal, s\u00e3o pol\u00edticas para sujeitos apagados pelo excesso de medica\u00e7\u00e3o ou para sujeitos de direitos?<\/p>\n<p>\/*Mariana Soares da Paz \u00e9 psic\u00f3loga do Gabinete de Assessoria Jur\u00eddica \u00e0s Organiza\u00e7\u00f5es Populares &#8212; GAJOP. Graduada em Psicologia pela Faculdade do Vale do Ipojuca (FAVIP) e aluna do curso de P\u00f3s Gradua\u00e7\u00e3o em Psicologia e Direitos Humanos da Faculdade Frassinet do Recife (FAFIRE).\/<\/p>\n<p>Fonte: <a href=\"De paciente-objeto para Sujeito-cidad\u00e3o\">GAJOP<\/a><\/p>\n","protected":false},"excerpt":{"rendered":"<p>Por Mariana Soares da Paz, do GAJOP. No atual contexto, \u00e9 preciso questionar o discurso que defende a liga\u00e7\u00e3o da loucura com o manic\u00f4mio como \u00fanico destino do sujeito em sofrimento, refletindo sobre os modelos que ainda s\u00e3o tomados como refer\u00eancia para um ideal de sa\u00fade, tendo a normalidade da inst\u00e2ncia mental.<\/p>\n","protected":false},"author":1,"featured_media":0,"comment_status":"open","ping_status":"open","sticky":false,"template":"","format":"standard","meta":{"site-container-style":"default","site-container-layout":"default","site-sidebar-layout":"default","disable-article-header":"default","disable-site-header":"default","disable-site-footer":"default","disable-content-area-spacing":"default","footnotes":""},"categories":[8],"tags":[],"class_list":["post-22652","post","type-post","status-publish","format-standard","hentry","category-textos-e-artigos"],"yoast_head":"<!-- This site is optimized with the Yoast SEO plugin v27.4 - https:\/\/yoast.com\/product\/yoast-seo-wordpress\/ -->\n<title>De paciente-objeto para sujeito-cidad\u00e3o -<\/title>\n<meta name=\"robots\" content=\"index, follow, max-snippet:-1, max-image-preview:large, max-video-preview:-1\" \/>\n<link rel=\"canonical\" href=\"https:\/\/inclusivenews.com.br\/?p=22652\" \/>\n<meta property=\"og:locale\" content=\"pt_PT\" \/>\n<meta property=\"og:type\" content=\"article\" \/>\n<meta property=\"og:title\" content=\"De paciente-objeto para sujeito-cidad\u00e3o -\" \/>\n<meta property=\"og:description\" content=\"Por Mariana Soares da Paz, do GAJOP. No atual contexto, \u00e9 preciso questionar o discurso que defende a liga\u00e7\u00e3o da loucura com o manic\u00f4mio como \u00fanico destino do sujeito em sofrimento, refletindo sobre os modelos que ainda s\u00e3o tomados como refer\u00eancia para um ideal de sa\u00fade, tendo a normalidade da inst\u00e2ncia mental.\" \/>\n<meta property=\"og:url\" content=\"https:\/\/inclusivenews.com.br\/?p=22652\" \/>\n<meta property=\"article:publisher\" content=\"https:\/\/www.facebook.com\/agenciainclusive\/\" \/>\n<meta property=\"article:published_time\" content=\"2012-06-06T18:27:56+00:00\" \/>\n<meta property=\"og:image\" content=\"http:\/\/inclusivenews.com.br\/wp-content\/uploads\/2010\/03\/Inclusive_tijolo_muro.jpg\" \/>\n<meta name=\"author\" content=\"inclusivenews2024\" \/>\n<meta name=\"twitter:card\" content=\"summary_large_image\" \/>\n<meta name=\"twitter:label1\" content=\"Escrito por\" \/>\n\t<meta name=\"twitter:data1\" content=\"inclusivenews2024\" \/>\n\t<meta name=\"twitter:label2\" content=\"Tempo estimado de leitura\" \/>\n\t<meta name=\"twitter:data2\" content=\"3 minutos\" \/>\n<script type=\"application\/ld+json\" class=\"yoast-schema-graph\">{\"@context\":\"https:\\\/\\\/schema.org\",\"@graph\":[{\"@type\":\"Article\",\"@id\":\"https:\\\/\\\/inclusivenews.com.br\\\/?p=22652#article\",\"isPartOf\":{\"@id\":\"https:\\\/\\\/inclusivenews.com.br\\\/?p=22652\"},\"author\":{\"name\":\"inclusivenews2024\",\"@id\":\"https:\\\/\\\/inclusivenews.com.br\\\/#\\\/schema\\\/person\\\/ae4ec7087559b8692fb33b6fffd2273b\"},\"headline\":\"De paciente-objeto para sujeito-cidad\u00e3o\",\"datePublished\":\"2012-06-06T18:27:56+00:00\",\"mainEntityOfPage\":{\"@id\":\"https:\\\/\\\/inclusivenews.com.br\\\/?p=22652\"},\"wordCount\":563,\"commentCount\":0,\"publisher\":{\"@id\":\"https:\\\/\\\/inclusivenews.com.br\\\/#organization\"},\"image\":{\"@id\":\"https:\\\/\\\/inclusivenews.com.br\\\/?p=22652#primaryimage\"},\"thumbnailUrl\":\"http:\\\/\\\/inclusivenews.com.br\\\/wp-content\\\/uploads\\\/2010\\\/03\\\/Inclusive_tijolo_muro.jpg\",\"articleSection\":[\"OPINI\u00c3O\"],\"inLanguage\":\"pt-PT\",\"potentialAction\":[{\"@type\":\"CommentAction\",\"name\":\"Comment\",\"target\":[\"https:\\\/\\\/inclusivenews.com.br\\\/?p=22652#respond\"]}]},{\"@type\":\"WebPage\",\"@id\":\"https:\\\/\\\/inclusivenews.com.br\\\/?p=22652\",\"url\":\"https:\\\/\\\/inclusivenews.com.br\\\/?p=22652\",\"name\":\"De paciente-objeto para sujeito-cidad\u00e3o -\",\"isPartOf\":{\"@id\":\"https:\\\/\\\/inclusivenews.com.br\\\/#website\"},\"primaryImageOfPage\":{\"@id\":\"https:\\\/\\\/inclusivenews.com.br\\\/?p=22652#primaryimage\"},\"image\":{\"@id\":\"https:\\\/\\\/inclusivenews.com.br\\\/?p=22652#primaryimage\"},\"thumbnailUrl\":\"http:\\\/\\\/inclusivenews.com.br\\\/wp-content\\\/uploads\\\/2010\\\/03\\\/Inclusive_tijolo_muro.jpg\",\"datePublished\":\"2012-06-06T18:27:56+00:00\",\"breadcrumb\":{\"@id\":\"https:\\\/\\\/inclusivenews.com.br\\\/?p=22652#breadcrumb\"},\"inLanguage\":\"pt-PT\",\"potentialAction\":[{\"@type\":\"ReadAction\",\"target\":[\"https:\\\/\\\/inclusivenews.com.br\\\/?p=22652\"]}]},{\"@type\":\"ImageObject\",\"inLanguage\":\"pt-PT\",\"@id\":\"https:\\\/\\\/inclusivenews.com.br\\\/?p=22652#primaryimage\",\"url\":\"\",\"contentUrl\":\"\"},{\"@type\":\"BreadcrumbList\",\"@id\":\"https:\\\/\\\/inclusivenews.com.br\\\/?p=22652#breadcrumb\",\"itemListElement\":[{\"@type\":\"ListItem\",\"position\":1,\"name\":\"In\u00edcio\",\"item\":\"https:\\\/\\\/inclusivenews.com.br\\\/\"},{\"@type\":\"ListItem\",\"position\":2,\"name\":\"De paciente-objeto para sujeito-cidad\u00e3o\"}]},{\"@type\":\"WebSite\",\"@id\":\"https:\\\/\\\/inclusivenews.com.br\\\/#website\",\"url\":\"https:\\\/\\\/inclusivenews.com.br\\\/\",\"name\":\"Inclusive News\",\"description\":\"Inclusive News\",\"publisher\":{\"@id\":\"https:\\\/\\\/inclusivenews.com.br\\\/#organization\"},\"potentialAction\":[{\"@type\":\"SearchAction\",\"target\":{\"@type\":\"EntryPoint\",\"urlTemplate\":\"https:\\\/\\\/inclusivenews.com.br\\\/?s={search_term_string}\"},\"query-input\":{\"@type\":\"PropertyValueSpecification\",\"valueRequired\":true,\"valueName\":\"search_term_string\"}}],\"inLanguage\":\"pt-PT\"},{\"@type\":\"Organization\",\"@id\":\"https:\\\/\\\/inclusivenews.com.br\\\/#organization\",\"name\":\"Inclusive - inclus\u00e3o e cidadania\",\"url\":\"https:\\\/\\\/inclusivenews.com.br\\\/\",\"logo\":{\"@type\":\"ImageObject\",\"inLanguage\":\"pt-PT\",\"@id\":\"https:\\\/\\\/inclusivenews.com.br\\\/#\\\/schema\\\/logo\\\/image\\\/\",\"url\":\"https:\\\/\\\/inclusivenews.com.br\\\/wp-content\\\/uploads\\\/2024\\\/03\\\/@grandesite.png\",\"contentUrl\":\"https:\\\/\\\/inclusivenews.com.br\\\/wp-content\\\/uploads\\\/2024\\\/03\\\/@grandesite.png\",\"width\":1080,\"height\":1080,\"caption\":\"Inclusive - inclus\u00e3o e cidadania\"},\"image\":{\"@id\":\"https:\\\/\\\/inclusivenews.com.br\\\/#\\\/schema\\\/logo\\\/image\\\/\"},\"sameAs\":[\"https:\\\/\\\/www.facebook.com\\\/agenciainclusive\\\/\",\"https:\\\/\\\/www.instagram.com\\\/newsinclusive\\\/\"]},{\"@type\":\"Person\",\"@id\":\"https:\\\/\\\/inclusivenews.com.br\\\/#\\\/schema\\\/person\\\/ae4ec7087559b8692fb33b6fffd2273b\",\"name\":\"inclusivenews2024\",\"image\":{\"@type\":\"ImageObject\",\"inLanguage\":\"pt-PT\",\"@id\":\"https:\\\/\\\/secure.gravatar.com\\\/avatar\\\/c5a7ef84c66fa914f55bc4f7ce26cfa275a3b9a1c5568b907bd184fb4dde7b40?s=96&d=mm&r=g\",\"url\":\"https:\\\/\\\/secure.gravatar.com\\\/avatar\\\/c5a7ef84c66fa914f55bc4f7ce26cfa275a3b9a1c5568b907bd184fb4dde7b40?s=96&d=mm&r=g\",\"contentUrl\":\"https:\\\/\\\/secure.gravatar.com\\\/avatar\\\/c5a7ef84c66fa914f55bc4f7ce26cfa275a3b9a1c5568b907bd184fb4dde7b40?s=96&d=mm&r=g\",\"caption\":\"inclusivenews2024\"},\"sameAs\":[\"https:\\\/\\\/inclusivenews.com.br\"],\"url\":\"https:\\\/\\\/inclusivenews.com.br\\\/?author=1\"}]}<\/script>\n<!-- \/ Yoast SEO plugin. -->","yoast_head_json":{"title":"De paciente-objeto para sujeito-cidad\u00e3o -","robots":{"index":"index","follow":"follow","max-snippet":"max-snippet:-1","max-image-preview":"max-image-preview:large","max-video-preview":"max-video-preview:-1"},"canonical":"https:\/\/inclusivenews.com.br\/?p=22652","og_locale":"pt_PT","og_type":"article","og_title":"De paciente-objeto para sujeito-cidad\u00e3o -","og_description":"Por Mariana Soares da Paz, do GAJOP. No atual contexto, \u00e9 preciso questionar o discurso que defende a liga\u00e7\u00e3o da loucura com o manic\u00f4mio como \u00fanico destino do sujeito em sofrimento, refletindo sobre os modelos que ainda s\u00e3o tomados como refer\u00eancia para um ideal de sa\u00fade, tendo a normalidade da inst\u00e2ncia mental.","og_url":"https:\/\/inclusivenews.com.br\/?p=22652","article_publisher":"https:\/\/www.facebook.com\/agenciainclusive\/","article_published_time":"2012-06-06T18:27:56+00:00","og_image":[{"url":"http:\/\/inclusivenews.com.br\/wp-content\/uploads\/2010\/03\/Inclusive_tijolo_muro.jpg","type":"","width":"","height":""}],"author":"inclusivenews2024","twitter_card":"summary_large_image","twitter_misc":{"Escrito por":"inclusivenews2024","Tempo estimado de leitura":"3 minutos"},"schema":{"@context":"https:\/\/schema.org","@graph":[{"@type":"Article","@id":"https:\/\/inclusivenews.com.br\/?p=22652#article","isPartOf":{"@id":"https:\/\/inclusivenews.com.br\/?p=22652"},"author":{"name":"inclusivenews2024","@id":"https:\/\/inclusivenews.com.br\/#\/schema\/person\/ae4ec7087559b8692fb33b6fffd2273b"},"headline":"De paciente-objeto para sujeito-cidad\u00e3o","datePublished":"2012-06-06T18:27:56+00:00","mainEntityOfPage":{"@id":"https:\/\/inclusivenews.com.br\/?p=22652"},"wordCount":563,"commentCount":0,"publisher":{"@id":"https:\/\/inclusivenews.com.br\/#organization"},"image":{"@id":"https:\/\/inclusivenews.com.br\/?p=22652#primaryimage"},"thumbnailUrl":"http:\/\/inclusivenews.com.br\/wp-content\/uploads\/2010\/03\/Inclusive_tijolo_muro.jpg","articleSection":["OPINI\u00c3O"],"inLanguage":"pt-PT","potentialAction":[{"@type":"CommentAction","name":"Comment","target":["https:\/\/inclusivenews.com.br\/?p=22652#respond"]}]},{"@type":"WebPage","@id":"https:\/\/inclusivenews.com.br\/?p=22652","url":"https:\/\/inclusivenews.com.br\/?p=22652","name":"De paciente-objeto para sujeito-cidad\u00e3o -","isPartOf":{"@id":"https:\/\/inclusivenews.com.br\/#website"},"primaryImageOfPage":{"@id":"https:\/\/inclusivenews.com.br\/?p=22652#primaryimage"},"image":{"@id":"https:\/\/inclusivenews.com.br\/?p=22652#primaryimage"},"thumbnailUrl":"http:\/\/inclusivenews.com.br\/wp-content\/uploads\/2010\/03\/Inclusive_tijolo_muro.jpg","datePublished":"2012-06-06T18:27:56+00:00","breadcrumb":{"@id":"https:\/\/inclusivenews.com.br\/?p=22652#breadcrumb"},"inLanguage":"pt-PT","potentialAction":[{"@type":"ReadAction","target":["https:\/\/inclusivenews.com.br\/?p=22652"]}]},{"@type":"ImageObject","inLanguage":"pt-PT","@id":"https:\/\/inclusivenews.com.br\/?p=22652#primaryimage","url":"","contentUrl":""},{"@type":"BreadcrumbList","@id":"https:\/\/inclusivenews.com.br\/?p=22652#breadcrumb","itemListElement":[{"@type":"ListItem","position":1,"name":"In\u00edcio","item":"https:\/\/inclusivenews.com.br\/"},{"@type":"ListItem","position":2,"name":"De paciente-objeto para sujeito-cidad\u00e3o"}]},{"@type":"WebSite","@id":"https:\/\/inclusivenews.com.br\/#website","url":"https:\/\/inclusivenews.com.br\/","name":"Inclusive News","description":"Inclusive News","publisher":{"@id":"https:\/\/inclusivenews.com.br\/#organization"},"potentialAction":[{"@type":"SearchAction","target":{"@type":"EntryPoint","urlTemplate":"https:\/\/inclusivenews.com.br\/?s={search_term_string}"},"query-input":{"@type":"PropertyValueSpecification","valueRequired":true,"valueName":"search_term_string"}}],"inLanguage":"pt-PT"},{"@type":"Organization","@id":"https:\/\/inclusivenews.com.br\/#organization","name":"Inclusive - inclus\u00e3o e cidadania","url":"https:\/\/inclusivenews.com.br\/","logo":{"@type":"ImageObject","inLanguage":"pt-PT","@id":"https:\/\/inclusivenews.com.br\/#\/schema\/logo\/image\/","url":"https:\/\/inclusivenews.com.br\/wp-content\/uploads\/2024\/03\/@grandesite.png","contentUrl":"https:\/\/inclusivenews.com.br\/wp-content\/uploads\/2024\/03\/@grandesite.png","width":1080,"height":1080,"caption":"Inclusive - inclus\u00e3o e cidadania"},"image":{"@id":"https:\/\/inclusivenews.com.br\/#\/schema\/logo\/image\/"},"sameAs":["https:\/\/www.facebook.com\/agenciainclusive\/","https:\/\/www.instagram.com\/newsinclusive\/"]},{"@type":"Person","@id":"https:\/\/inclusivenews.com.br\/#\/schema\/person\/ae4ec7087559b8692fb33b6fffd2273b","name":"inclusivenews2024","image":{"@type":"ImageObject","inLanguage":"pt-PT","@id":"https:\/\/secure.gravatar.com\/avatar\/c5a7ef84c66fa914f55bc4f7ce26cfa275a3b9a1c5568b907bd184fb4dde7b40?s=96&d=mm&r=g","url":"https:\/\/secure.gravatar.com\/avatar\/c5a7ef84c66fa914f55bc4f7ce26cfa275a3b9a1c5568b907bd184fb4dde7b40?s=96&d=mm&r=g","contentUrl":"https:\/\/secure.gravatar.com\/avatar\/c5a7ef84c66fa914f55bc4f7ce26cfa275a3b9a1c5568b907bd184fb4dde7b40?s=96&d=mm&r=g","caption":"inclusivenews2024"},"sameAs":["https:\/\/inclusivenews.com.br"],"url":"https:\/\/inclusivenews.com.br\/?author=1"}]}},"_links":{"self":[{"href":"https:\/\/inclusivenews.com.br\/index.php?rest_route=\/wp\/v2\/posts\/22652","targetHints":{"allow":["GET"]}}],"collection":[{"href":"https:\/\/inclusivenews.com.br\/index.php?rest_route=\/wp\/v2\/posts"}],"about":[{"href":"https:\/\/inclusivenews.com.br\/index.php?rest_route=\/wp\/v2\/types\/post"}],"author":[{"embeddable":true,"href":"https:\/\/inclusivenews.com.br\/index.php?rest_route=\/wp\/v2\/users\/1"}],"replies":[{"embeddable":true,"href":"https:\/\/inclusivenews.com.br\/index.php?rest_route=%2Fwp%2Fv2%2Fcomments&post=22652"}],"version-history":[{"count":0,"href":"https:\/\/inclusivenews.com.br\/index.php?rest_route=\/wp\/v2\/posts\/22652\/revisions"}],"wp:attachment":[{"href":"https:\/\/inclusivenews.com.br\/index.php?rest_route=%2Fwp%2Fv2%2Fmedia&parent=22652"}],"wp:term":[{"taxonomy":"category","embeddable":true,"href":"https:\/\/inclusivenews.com.br\/index.php?rest_route=%2Fwp%2Fv2%2Fcategories&post=22652"},{"taxonomy":"post_tag","embeddable":true,"href":"https:\/\/inclusivenews.com.br\/index.php?rest_route=%2Fwp%2Fv2%2Ftags&post=22652"}],"curies":[{"name":"wp","href":"https:\/\/api.w.org\/{rel}","templated":true}]}}