{"id":22656,"date":"2012-06-06T15:28:22","date_gmt":"2012-06-06T18:28:22","guid":{"rendered":"http:\/\/www.inclusive.org.br\/?p=22656"},"modified":"2012-06-06T15:28:22","modified_gmt":"2012-06-06T18:28:22","slug":"apoio-a-criancas-com-direitos-violados-tem-execucao-zero-em-2012","status":"publish","type":"post","link":"https:\/\/inclusivenews.com.br\/?p=22656","title":{"rendered":"Apoio a crian\u00e7as com direitos violados tem execu\u00e7\u00e3o zero em 2012"},"content":{"rendered":"<figure id=\"attachment_19960\" aria-describedby=\"caption-attachment-19960\" style=\"width: 300px\" class=\"wp-caption alignleft\"><a href=\"http:\/\/www.inclusivenews.com.br\/wp-content\/uploads\/prote\u00e7\u00e3o-Crian\u00e7a.jpg\"><img loading=\"lazy\" decoding=\"async\" class=\"size-medium wp-image-19960 \" title=\"Desenho infantil mostrando paisagem com 5 crian\u00e7as brincando e ao fundo casa, \u00e1rvore e avi\u00e3o.\" src=\"http:\/\/inclusivenews.com.br\/wp-content\/uploads\/prote\u00e7\u00e3o-Crian\u00e7a-300x200.jpg\" alt=\"Desenho infantil mostrando paisagem com 5 crian\u00e7as brincando e ao fundo casa, \u00e1rvore e avi\u00e3o.\" width=\"300\" height=\"200\" \/><\/a><figcaption id=\"caption-attachment-19960\" class=\"wp-caption-text\"> <\/figcaption><\/figure>\n<p>O abuso sexual \u00e9 a segunda maior viol\u00eancia contra crian\u00e7as e adolescentes no Brasil, atr\u00e1s apenas de casos de neglig\u00eancia e abandono, segundo levantamento feito pelo Minist\u00e9rio da Sa\u00fade. No entanto, nenhum centavo dos R$ 4,9 milh\u00f5es previstos para a a\u00e7\u00e3o de &#8220;Apoio a servi\u00e7os de atendimento e prote\u00e7\u00e3o jur\u00eddico-social de crian\u00e7as e adolescentes com direitos violados, amea\u00e7ados ou restritos&#8221; foi desembolsado em 2012 (sem considerar compromissos assumidos em gest\u00f5es anteriores, ou seja, restos a pagar).<\/p>\n<p>A rubrica visa apoiar, de forma integrada e articulada, a implanta\u00e7\u00e3o, qualifica\u00e7\u00e3o e amplia\u00e7\u00e3o de pol\u00edticas e servi\u00e7os de atendimento e prote\u00e7\u00e3o jur\u00eddico-social de crian\u00e7as e adolescentes, com \u00eanfase na aten\u00e7\u00e3o \u00e0queles com defici\u00eancia e v\u00edtimas de viol\u00eancia sexual.<\/p>\n<p>Entre as iniciativas, a a\u00e7\u00e3o prev\u00ea a implanta\u00e7\u00e3o de n\u00facleos de atendimento integrado e inicial a crian\u00e7as e adolescentes v\u00edtimas de viol\u00eancia e, de modo particular, para o fortalecimento t\u00e9cnico e financeiro a projetos que visem o enfrentamento ao abuso e explora\u00e7\u00e3o sexual, atrav\u00e9s de a\u00e7\u00f5es integradas e referenciais, programas preventivos e de sensibiliza\u00e7\u00e3o, incluindo a promo\u00e7\u00e3o da responsabilidade social das empresas e trabalhadores, especialmente na cadeia produtiva do turismo.<\/p>\n<p>O or\u00e7amento inclui tamb\u00e9m o fomento a a\u00e7\u00f5es de responsabiliza\u00e7\u00e3o dos agressores e programas de atendimento aos autores de viol\u00eancia a fim de evitar a reincid\u00eancia.<\/p>\n<p>A a\u00e7\u00e3o integra o novo programa do Plano-Plurianual 2012-2015, denominado Promo\u00e7\u00e3o dos Direitos de Crian\u00e7as e Adolescentes e que deve desembolsar R$ 1,7 bilh\u00e3o at\u00e9 2015. Do total, R$ 477,4 milh\u00f5es est\u00e3o previstos no or\u00e7amento deste ano. As iniciativas s\u00e3o coordenadas pela Secretaria de Direitos Humanos, vinculada \u00e0 Presid\u00eancia da Rep\u00fablica.<\/p>\n<p>At\u00e9 o exerc\u00edcio passado, as iniciativas de combate \u00e0 viol\u00eancia sexual de crian\u00e7as e adolescentes estavam alocadas no programa &#8220;Enfrentamento da Viol\u00eancia Sexual contra Crian\u00e7as e Adolescentes&#8221;, que aplicou entre 2003 e 2011 cerca de R$ 515,4 milh\u00f5es, entre valores pagos e restos a pagar de exerc\u00edcios anteriores. Durante os nove anos da rubrica, foram executados 82,54% dos R$ 624,5 milh\u00f5es previstos.<\/p>\n<p>Desde 2003 o total investido aumentou a cada ano, exceto em 2010. No ano de 2003, R$ 11,1 milh\u00f5es foram gastos, o que equivale a 50,76% do total de recursos autorizados (R$ 22 milh\u00f5es). Em 2004, o percentual aplicado foi relativamente superior, 83,41% (R$ 31,5 milh\u00f5es) dos R$ 37,8 milh\u00f5es foram usados. Em 2005, o investimento tamb\u00e9m foi alto, R$ 38,6 milh\u00f5es foram desembolsados, cerca de 94% (R$ 40,9 milh\u00f5es) da previs\u00e3o.<\/p>\n<p>O ano de 2006 foi o melhor da rubrica, pois a SDH\/PR gastou R$ 60,8 milh\u00f5es, quantia acima do previsto, de R$ 60,1 milh\u00f5es. Em 2007, 91,45% (R$ 75,1 milh\u00f5es) do total previsto foram desembolsados, isto \u00e9, R$ 68,6 milh\u00f5es, ano em que a maioria dos recursos foram empregados. J\u00e1 em 2008, o montante aplicado foi de 78,86% (R$ 69,6 milh\u00f5es) dos R$ 88,3 milh\u00f5es. Em 2009 a despesa chegou a cifra de R$ 76,8 milh\u00f5es, 77,79% da dota\u00e7\u00e3o autorizada, de R$ 98,8 milh\u00f5es.<\/p>\n<p>Em 2010, o montante gasto n\u00e3o seguiu a linha crescente como nos anos anteriores do programa. Nesse ano foram investidos R$ 74,7 milh\u00f5es, isto \u00e9, 73,11% da previs\u00e3o de R$ 101,4 milh\u00f5es. Em 2011, \u00faltimo ano da rubrica, 83,3% dos R$ 99,8 milh\u00f5es da dota\u00e7\u00e3o autorizada foram empregados, ou seja, R$ 83,1 milh\u00f5es. Apesar de n\u00e3o estar mais em vigor, o programa j\u00e1 desembolsou R$ 6,6 milh\u00f5es em restos a pagar este ano.<\/p>\n<p>*Pol\u00eamica*<\/p>\n<p>O tema ganhou destaque nas \u00faltimas semanas, depois que a apresentadora Xuxa Meneghel revelou que sofreu abuso sexual durante a inf\u00e2ncia. A ministra da Secretaria de Direitos Humanos (SDH), Maria do Ros\u00e1rio, destacou a atitude como um exemplo. Em nota, a ministra disse que a revela\u00e7\u00e3o foi uma &#8220;atitude de coragem&#8221; e ter\u00e1 a for\u00e7a de dar apoio \u00e0s pessoas que sofreram viol\u00eancia na inf\u00e2ncia. Maria do Ros\u00e1rio fez quest\u00e3o de lembrar que Xuxa \u00e9 importante parceira na divulga\u00e7\u00e3o do Disque Direitos Humanos &#8211; Disque 100, em que v\u00edtimas ou testemunhas podem fazer den\u00fancias de forma an\u00f4nima e gratuita.<\/p>\n<p>Fonte: Contas Abertas <a href=\"http:\/\/www.contasabertas.com.br\/WebSite\/\">http:\/\/www.contasabertas.com.br\/WebSite\/<\/a><\/p>\n","protected":false},"excerpt":{"rendered":"<p>O abuso sexual \u00e9 a segunda maior viol\u00eancia contra crian\u00e7as e adolescentes no Brasil, atr\u00e1s apenas de casos de neglig\u00eancia e abandono, segundo levantamento feito pelo Minist\u00e9rio da Sa\u00fade. No entanto, nenhum centavo dos R$ 4,9 milh\u00f5es previstos para a a\u00e7\u00e3o de &#8220;Apoio a servi\u00e7os de atendimento e prote\u00e7\u00e3o jur\u00eddico-social de crian\u00e7as e adolescentes com direitos violados, amea\u00e7ados ou restritos&#8221; foi desembolsado em 2012 (sem considerar compromissos assumidos em gest\u00f5es anteriores, ou seja, restos a pagar).<\/p>\n","protected":false},"author":1,"featured_media":0,"comment_status":"open","ping_status":"open","sticky":false,"template":"","format":"standard","meta":{"site-container-style":"default","site-container-layout":"default","site-sidebar-layout":"default","disable-article-header":"default","disable-site-header":"default","disable-site-footer":"default","disable-content-area-spacing":"default","footnotes":""},"categories":[11,4],"tags":[60,94],"class_list":["post-22656","post","type-post","status-publish","format-standard","hentry","category-direitos-humanos","category-noticias","tag-infancia","tag-violencia"],"yoast_head":"<!-- This site is optimized with the Yoast SEO plugin v27.4 - https:\/\/yoast.com\/product\/yoast-seo-wordpress\/ -->\n<title>Apoio a crian\u00e7as com direitos violados tem execu\u00e7\u00e3o zero em 2012 -<\/title>\n<meta name=\"robots\" content=\"index, follow, max-snippet:-1, max-image-preview:large, max-video-preview:-1\" \/>\n<link rel=\"canonical\" href=\"https:\/\/inclusivenews.com.br\/?p=22656\" \/>\n<meta property=\"og:locale\" content=\"pt_PT\" \/>\n<meta property=\"og:type\" content=\"article\" \/>\n<meta property=\"og:title\" content=\"Apoio a crian\u00e7as com direitos violados tem execu\u00e7\u00e3o zero em 2012 -\" \/>\n<meta property=\"og:description\" content=\"O abuso sexual \u00e9 a segunda maior viol\u00eancia contra crian\u00e7as e adolescentes no Brasil, atr\u00e1s apenas de casos de neglig\u00eancia e abandono, segundo levantamento feito pelo Minist\u00e9rio da Sa\u00fade. No entanto, nenhum centavo dos R$ 4,9 milh\u00f5es previstos para a a\u00e7\u00e3o de &quot;Apoio a servi\u00e7os de atendimento e prote\u00e7\u00e3o jur\u00eddico-social de crian\u00e7as e adolescentes com direitos violados, amea\u00e7ados ou restritos&quot; foi desembolsado em 2012 (sem considerar compromissos assumidos em gest\u00f5es anteriores, ou seja, restos a pagar).\" \/>\n<meta property=\"og:url\" content=\"https:\/\/inclusivenews.com.br\/?p=22656\" \/>\n<meta property=\"article:publisher\" content=\"https:\/\/www.facebook.com\/agenciainclusive\/\" \/>\n<meta property=\"article:published_time\" content=\"2012-06-06T18:28:22+00:00\" \/>\n<meta name=\"author\" content=\"inclusivenews2024\" \/>\n<meta name=\"twitter:card\" content=\"summary_large_image\" \/>\n<meta name=\"twitter:label1\" content=\"Escrito por\" \/>\n\t<meta name=\"twitter:data1\" content=\"inclusivenews2024\" \/>\n\t<meta name=\"twitter:label2\" content=\"Tempo estimado de leitura\" \/>\n\t<meta name=\"twitter:data2\" content=\"4 minutos\" \/>\n<script type=\"application\/ld+json\" class=\"yoast-schema-graph\">{\"@context\":\"https:\\\/\\\/schema.org\",\"@graph\":[{\"@type\":\"Article\",\"@id\":\"https:\\\/\\\/inclusivenews.com.br\\\/?p=22656#article\",\"isPartOf\":{\"@id\":\"https:\\\/\\\/inclusivenews.com.br\\\/?p=22656\"},\"author\":{\"name\":\"inclusivenews2024\",\"@id\":\"https:\\\/\\\/inclusivenews.com.br\\\/#\\\/schema\\\/person\\\/ae4ec7087559b8692fb33b6fffd2273b\"},\"headline\":\"Apoio a crian\u00e7as com direitos violados tem execu\u00e7\u00e3o zero em 2012\",\"datePublished\":\"2012-06-06T18:28:22+00:00\",\"mainEntityOfPage\":{\"@id\":\"https:\\\/\\\/inclusivenews.com.br\\\/?p=22656\"},\"wordCount\":729,\"commentCount\":0,\"publisher\":{\"@id\":\"https:\\\/\\\/inclusivenews.com.br\\\/#organization\"},\"keywords\":[\"Inf\u00e2ncia\",\"Viol\u00eancia\"],\"articleSection\":[\"DIREITOS HUMANOS\",\"NOT\u00cdCIAS\"],\"inLanguage\":\"pt-PT\",\"potentialAction\":[{\"@type\":\"CommentAction\",\"name\":\"Comment\",\"target\":[\"https:\\\/\\\/inclusivenews.com.br\\\/?p=22656#respond\"]}]},{\"@type\":\"WebPage\",\"@id\":\"https:\\\/\\\/inclusivenews.com.br\\\/?p=22656\",\"url\":\"https:\\\/\\\/inclusivenews.com.br\\\/?p=22656\",\"name\":\"Apoio a crian\u00e7as com direitos violados tem execu\u00e7\u00e3o zero em 2012 -\",\"isPartOf\":{\"@id\":\"https:\\\/\\\/inclusivenews.com.br\\\/#website\"},\"datePublished\":\"2012-06-06T18:28:22+00:00\",\"breadcrumb\":{\"@id\":\"https:\\\/\\\/inclusivenews.com.br\\\/?p=22656#breadcrumb\"},\"inLanguage\":\"pt-PT\",\"potentialAction\":[{\"@type\":\"ReadAction\",\"target\":[\"https:\\\/\\\/inclusivenews.com.br\\\/?p=22656\"]}]},{\"@type\":\"BreadcrumbList\",\"@id\":\"https:\\\/\\\/inclusivenews.com.br\\\/?p=22656#breadcrumb\",\"itemListElement\":[{\"@type\":\"ListItem\",\"position\":1,\"name\":\"In\u00edcio\",\"item\":\"https:\\\/\\\/inclusivenews.com.br\\\/\"},{\"@type\":\"ListItem\",\"position\":2,\"name\":\"Apoio a crian\u00e7as com direitos violados tem execu\u00e7\u00e3o zero em 2012\"}]},{\"@type\":\"WebSite\",\"@id\":\"https:\\\/\\\/inclusivenews.com.br\\\/#website\",\"url\":\"https:\\\/\\\/inclusivenews.com.br\\\/\",\"name\":\"Inclusive News\",\"description\":\"Inclusive News\",\"publisher\":{\"@id\":\"https:\\\/\\\/inclusivenews.com.br\\\/#organization\"},\"potentialAction\":[{\"@type\":\"SearchAction\",\"target\":{\"@type\":\"EntryPoint\",\"urlTemplate\":\"https:\\\/\\\/inclusivenews.com.br\\\/?s={search_term_string}\"},\"query-input\":{\"@type\":\"PropertyValueSpecification\",\"valueRequired\":true,\"valueName\":\"search_term_string\"}}],\"inLanguage\":\"pt-PT\"},{\"@type\":\"Organization\",\"@id\":\"https:\\\/\\\/inclusivenews.com.br\\\/#organization\",\"name\":\"Inclusive - inclus\u00e3o e cidadania\",\"url\":\"https:\\\/\\\/inclusivenews.com.br\\\/\",\"logo\":{\"@type\":\"ImageObject\",\"inLanguage\":\"pt-PT\",\"@id\":\"https:\\\/\\\/inclusivenews.com.br\\\/#\\\/schema\\\/logo\\\/image\\\/\",\"url\":\"https:\\\/\\\/inclusivenews.com.br\\\/wp-content\\\/uploads\\\/2024\\\/03\\\/@grandesite.png\",\"contentUrl\":\"https:\\\/\\\/inclusivenews.com.br\\\/wp-content\\\/uploads\\\/2024\\\/03\\\/@grandesite.png\",\"width\":1080,\"height\":1080,\"caption\":\"Inclusive - inclus\u00e3o e cidadania\"},\"image\":{\"@id\":\"https:\\\/\\\/inclusivenews.com.br\\\/#\\\/schema\\\/logo\\\/image\\\/\"},\"sameAs\":[\"https:\\\/\\\/www.facebook.com\\\/agenciainclusive\\\/\",\"https:\\\/\\\/www.instagram.com\\\/newsinclusive\\\/\"]},{\"@type\":\"Person\",\"@id\":\"https:\\\/\\\/inclusivenews.com.br\\\/#\\\/schema\\\/person\\\/ae4ec7087559b8692fb33b6fffd2273b\",\"name\":\"inclusivenews2024\",\"image\":{\"@type\":\"ImageObject\",\"inLanguage\":\"pt-PT\",\"@id\":\"https:\\\/\\\/secure.gravatar.com\\\/avatar\\\/c5a7ef84c66fa914f55bc4f7ce26cfa275a3b9a1c5568b907bd184fb4dde7b40?s=96&d=mm&r=g\",\"url\":\"https:\\\/\\\/secure.gravatar.com\\\/avatar\\\/c5a7ef84c66fa914f55bc4f7ce26cfa275a3b9a1c5568b907bd184fb4dde7b40?s=96&d=mm&r=g\",\"contentUrl\":\"https:\\\/\\\/secure.gravatar.com\\\/avatar\\\/c5a7ef84c66fa914f55bc4f7ce26cfa275a3b9a1c5568b907bd184fb4dde7b40?s=96&d=mm&r=g\",\"caption\":\"inclusivenews2024\"},\"sameAs\":[\"https:\\\/\\\/inclusivenews.com.br\"],\"url\":\"https:\\\/\\\/inclusivenews.com.br\\\/?author=1\"}]}<\/script>\n<!-- \/ Yoast SEO plugin. -->","yoast_head_json":{"title":"Apoio a crian\u00e7as com direitos violados tem execu\u00e7\u00e3o zero em 2012 -","robots":{"index":"index","follow":"follow","max-snippet":"max-snippet:-1","max-image-preview":"max-image-preview:large","max-video-preview":"max-video-preview:-1"},"canonical":"https:\/\/inclusivenews.com.br\/?p=22656","og_locale":"pt_PT","og_type":"article","og_title":"Apoio a crian\u00e7as com direitos violados tem execu\u00e7\u00e3o zero em 2012 -","og_description":"O abuso sexual \u00e9 a segunda maior viol\u00eancia contra crian\u00e7as e adolescentes no Brasil, atr\u00e1s apenas de casos de neglig\u00eancia e abandono, segundo levantamento feito pelo Minist\u00e9rio da Sa\u00fade. No entanto, nenhum centavo dos R$ 4,9 milh\u00f5es previstos para a a\u00e7\u00e3o de \"Apoio a servi\u00e7os de atendimento e prote\u00e7\u00e3o jur\u00eddico-social de crian\u00e7as e adolescentes com direitos violados, amea\u00e7ados ou restritos\" foi desembolsado em 2012 (sem considerar compromissos assumidos em gest\u00f5es anteriores, ou seja, restos a pagar).","og_url":"https:\/\/inclusivenews.com.br\/?p=22656","article_publisher":"https:\/\/www.facebook.com\/agenciainclusive\/","article_published_time":"2012-06-06T18:28:22+00:00","author":"inclusivenews2024","twitter_card":"summary_large_image","twitter_misc":{"Escrito por":"inclusivenews2024","Tempo estimado de leitura":"4 minutos"},"schema":{"@context":"https:\/\/schema.org","@graph":[{"@type":"Article","@id":"https:\/\/inclusivenews.com.br\/?p=22656#article","isPartOf":{"@id":"https:\/\/inclusivenews.com.br\/?p=22656"},"author":{"name":"inclusivenews2024","@id":"https:\/\/inclusivenews.com.br\/#\/schema\/person\/ae4ec7087559b8692fb33b6fffd2273b"},"headline":"Apoio a crian\u00e7as com direitos violados tem execu\u00e7\u00e3o zero em 2012","datePublished":"2012-06-06T18:28:22+00:00","mainEntityOfPage":{"@id":"https:\/\/inclusivenews.com.br\/?p=22656"},"wordCount":729,"commentCount":0,"publisher":{"@id":"https:\/\/inclusivenews.com.br\/#organization"},"keywords":["Inf\u00e2ncia","Viol\u00eancia"],"articleSection":["DIREITOS HUMANOS","NOT\u00cdCIAS"],"inLanguage":"pt-PT","potentialAction":[{"@type":"CommentAction","name":"Comment","target":["https:\/\/inclusivenews.com.br\/?p=22656#respond"]}]},{"@type":"WebPage","@id":"https:\/\/inclusivenews.com.br\/?p=22656","url":"https:\/\/inclusivenews.com.br\/?p=22656","name":"Apoio a crian\u00e7as com direitos violados tem execu\u00e7\u00e3o zero em 2012 -","isPartOf":{"@id":"https:\/\/inclusivenews.com.br\/#website"},"datePublished":"2012-06-06T18:28:22+00:00","breadcrumb":{"@id":"https:\/\/inclusivenews.com.br\/?p=22656#breadcrumb"},"inLanguage":"pt-PT","potentialAction":[{"@type":"ReadAction","target":["https:\/\/inclusivenews.com.br\/?p=22656"]}]},{"@type":"BreadcrumbList","@id":"https:\/\/inclusivenews.com.br\/?p=22656#breadcrumb","itemListElement":[{"@type":"ListItem","position":1,"name":"In\u00edcio","item":"https:\/\/inclusivenews.com.br\/"},{"@type":"ListItem","position":2,"name":"Apoio a crian\u00e7as com direitos violados tem execu\u00e7\u00e3o zero em 2012"}]},{"@type":"WebSite","@id":"https:\/\/inclusivenews.com.br\/#website","url":"https:\/\/inclusivenews.com.br\/","name":"Inclusive News","description":"Inclusive News","publisher":{"@id":"https:\/\/inclusivenews.com.br\/#organization"},"potentialAction":[{"@type":"SearchAction","target":{"@type":"EntryPoint","urlTemplate":"https:\/\/inclusivenews.com.br\/?s={search_term_string}"},"query-input":{"@type":"PropertyValueSpecification","valueRequired":true,"valueName":"search_term_string"}}],"inLanguage":"pt-PT"},{"@type":"Organization","@id":"https:\/\/inclusivenews.com.br\/#organization","name":"Inclusive - inclus\u00e3o e cidadania","url":"https:\/\/inclusivenews.com.br\/","logo":{"@type":"ImageObject","inLanguage":"pt-PT","@id":"https:\/\/inclusivenews.com.br\/#\/schema\/logo\/image\/","url":"https:\/\/inclusivenews.com.br\/wp-content\/uploads\/2024\/03\/@grandesite.png","contentUrl":"https:\/\/inclusivenews.com.br\/wp-content\/uploads\/2024\/03\/@grandesite.png","width":1080,"height":1080,"caption":"Inclusive - inclus\u00e3o e cidadania"},"image":{"@id":"https:\/\/inclusivenews.com.br\/#\/schema\/logo\/image\/"},"sameAs":["https:\/\/www.facebook.com\/agenciainclusive\/","https:\/\/www.instagram.com\/newsinclusive\/"]},{"@type":"Person","@id":"https:\/\/inclusivenews.com.br\/#\/schema\/person\/ae4ec7087559b8692fb33b6fffd2273b","name":"inclusivenews2024","image":{"@type":"ImageObject","inLanguage":"pt-PT","@id":"https:\/\/secure.gravatar.com\/avatar\/c5a7ef84c66fa914f55bc4f7ce26cfa275a3b9a1c5568b907bd184fb4dde7b40?s=96&d=mm&r=g","url":"https:\/\/secure.gravatar.com\/avatar\/c5a7ef84c66fa914f55bc4f7ce26cfa275a3b9a1c5568b907bd184fb4dde7b40?s=96&d=mm&r=g","contentUrl":"https:\/\/secure.gravatar.com\/avatar\/c5a7ef84c66fa914f55bc4f7ce26cfa275a3b9a1c5568b907bd184fb4dde7b40?s=96&d=mm&r=g","caption":"inclusivenews2024"},"sameAs":["https:\/\/inclusivenews.com.br"],"url":"https:\/\/inclusivenews.com.br\/?author=1"}]}},"_links":{"self":[{"href":"https:\/\/inclusivenews.com.br\/index.php?rest_route=\/wp\/v2\/posts\/22656","targetHints":{"allow":["GET"]}}],"collection":[{"href":"https:\/\/inclusivenews.com.br\/index.php?rest_route=\/wp\/v2\/posts"}],"about":[{"href":"https:\/\/inclusivenews.com.br\/index.php?rest_route=\/wp\/v2\/types\/post"}],"author":[{"embeddable":true,"href":"https:\/\/inclusivenews.com.br\/index.php?rest_route=\/wp\/v2\/users\/1"}],"replies":[{"embeddable":true,"href":"https:\/\/inclusivenews.com.br\/index.php?rest_route=%2Fwp%2Fv2%2Fcomments&post=22656"}],"version-history":[{"count":0,"href":"https:\/\/inclusivenews.com.br\/index.php?rest_route=\/wp\/v2\/posts\/22656\/revisions"}],"wp:attachment":[{"href":"https:\/\/inclusivenews.com.br\/index.php?rest_route=%2Fwp%2Fv2%2Fmedia&parent=22656"}],"wp:term":[{"taxonomy":"category","embeddable":true,"href":"https:\/\/inclusivenews.com.br\/index.php?rest_route=%2Fwp%2Fv2%2Fcategories&post=22656"},{"taxonomy":"post_tag","embeddable":true,"href":"https:\/\/inclusivenews.com.br\/index.php?rest_route=%2Fwp%2Fv2%2Ftags&post=22656"}],"curies":[{"name":"wp","href":"https:\/\/api.w.org\/{rel}","templated":true}]}}