{"id":22663,"date":"2012-06-06T15:28:11","date_gmt":"2012-06-06T18:28:11","guid":{"rendered":"http:\/\/www.inclusive.org.br\/?p=22663"},"modified":"2012-06-06T15:28:11","modified_gmt":"2012-06-06T18:28:11","slug":"v-seminario-internacional-direitos-humanos-violencia-e-pobreza-a-situacao-de-criancas-e-adolescentes-na-america-latina","status":"publish","type":"post","link":"https:\/\/inclusivenews.com.br\/?p=22663","title":{"rendered":"V Semin\u00e1rio Internacional, Direitos Humanos, Viol\u00eancia E Pobreza: a situa\u00e7\u00e3o de crian\u00e7as e adolescentes na Am\u00e9rica Latina"},"content":{"rendered":"<p><a href=\"http:\/\/www.proealc.uerj.br\/ivseminario2012\/banner_logo.jpg\"><img loading=\"lazy\" decoding=\"async\" class=\"alignnone\" src=\"http:\/\/www.proealc.uerj.br\/ivseminario2012\/banner_logo.jpg\" alt=\"\" width=\"600\" height=\"137\" \/><br \/>\n<\/a><\/p>\n<p>V Semin\u00e1rio Internacional, Direitos Humanos, Viol\u00eancia E Pobreza: a situa\u00e7\u00e3o de crian\u00e7as e adolescentes na Am\u00e9rica Latina<\/p>\n<p>CHAMADA PARA ENVIO DE TRABALHOS IV SEMIN\u00c1RIO INTERNACIONAL, DIREITOS HUMANOS, VIOL\u00caNCIA E POBREZA: A SITUA\u00c7\u00c3O DE CRIAN\u00c7AS E ADOLESCENTES NA AM\u00c9RICA LATINA<\/p>\n<p>REALIZA\u00c7\u00c3O: Programa de Estudos de Am\u00e9rica Latina e Caribe\/CCS\/UERJ LOCAL: Universidade do Estado do Rio de Janeiro \u2013 Campus Maracan\u00e3 \u2013 Rio de Janeiro \u2013 Brasil DATA: 21, 22 e 23 de novembro de 2012<\/p>\n<p>GRUPOS DE TRABALHO:<\/p>\n<p>GT I: Direitos Humanos e Criminaliza\u00e7\u00e3o da quest\u00e3o social na Am\u00e9rica Latina<\/p>\n<p>E-mail:proealc.gt01@gmail.com;<\/p>\n<p>GT II: Cidadania e Direitos Humanos no Mercosul E-mail:proealc.gt02@gmail.com;<\/p>\n<p>GT III: Pol\u00edticas Sociais de Prote\u00e7\u00e3o as Crian\u00e7as e Adolescentes na Am\u00e9rica Latina E-mail:proealc.gt03@gmail.com;<\/p>\n<p>GT IV: O Papel do Estado e da Sociedade Civil na Garantia de Direitos E-mail:proealc.gt04@gmail.com;<\/p>\n<p>GT V: Direitos Humanos e a quest\u00e3o da Viol\u00eancia Contra Crian\u00e7as e Adolescentes na Am\u00e9rica Latina E-mail:proealc.gt05@gmail.com;<\/p>\n<p>GT VI: Direitos Humanos e Educa\u00e7\u00e3o na Am\u00e9rica Latina E-mail:proealc.gt06@gmail.com;<\/p>\n<p>GT VII: Direito \u00e0 Cidade e Direitos Humanos E-mail:proealc.gt07@gmail.com.<\/p>\n<p>WORKSHOP: Experi\u00eancias no Campo da Garantia de Direitos de Crian\u00e7as e Adolescentes na Am\u00e9rica Latina Hoje E-mail:proealc.workshop@gmail.com<\/p>\n<p>ENVIO E APRESENTA\u00c7\u00c3O DE TRABALHOS E WORKSHOPS: Data limite para envio de trabalhos completos: 30 de junho de 2012, diretamente aos e-mails dos grupos. Data limite para envio de proposta de workshop: 31 de maio de 2012, diretamente ao e-mail supracitado.<\/p>\n<p>Programa de Estudos de Am\u00e9rica Latina e Caribe (PROEALC) Tel.: (+5521) 2334-0276 \u2013 Fax.: (+5521) 2334-2490 <a href=\"http:\/\/www.proealc.uerj.br\/ivseminario2012\">www.proealc.uerj.br\/ivseminario2012<\/a> E-mail:proealc@gmail.com<\/p>\n<p>Comiss\u00e3o Organizadora<\/p>\n","protected":false},"excerpt":{"rendered":"<p>Chamada para envio de trabalhos (at\u00e9 31\/06) para o V Semin\u00e1rio Internacional, Direitos Humanos, Viol\u00eancia E Pobreza: a situa\u00e7\u00e3o de crian\u00e7as e adolescentes na Am\u00e9rica Latina.<\/p>\n","protected":false},"author":1,"featured_media":0,"comment_status":"open","ping_status":"open","sticky":false,"template":"","format":"standard","meta":{"site-container-style":"default","site-container-layout":"default","site-sidebar-layout":"default","disable-article-header":"default","disable-site-header":"default","disable-site-footer":"default","disable-content-area-spacing":"default","footnotes":""},"categories":[12,11,4],"tags":[60],"class_list":["post-22663","post","type-post","status-publish","format-standard","hentry","category-cursos-e-eventos","category-direitos-humanos","category-noticias","tag-infancia"],"yoast_head":"<!-- This site is optimized with the Yoast SEO plugin v27.4 - https:\/\/yoast.com\/product\/yoast-seo-wordpress\/ -->\n<title>V Semin\u00e1rio Internacional, Direitos Humanos, Viol\u00eancia E Pobreza: a situa\u00e7\u00e3o de crian\u00e7as e adolescentes na Am\u00e9rica Latina -<\/title>\n<meta name=\"robots\" content=\"index, follow, max-snippet:-1, max-image-preview:large, max-video-preview:-1\" \/>\n<link rel=\"canonical\" href=\"https:\/\/inclusivenews.com.br\/?p=22663\" \/>\n<meta property=\"og:locale\" content=\"pt_PT\" \/>\n<meta property=\"og:type\" content=\"article\" \/>\n<meta property=\"og:title\" content=\"V Semin\u00e1rio Internacional, Direitos Humanos, Viol\u00eancia E Pobreza: a situa\u00e7\u00e3o de crian\u00e7as e adolescentes na Am\u00e9rica Latina -\" \/>\n<meta property=\"og:description\" content=\"Chamada para envio de trabalhos (at\u00e9 31\/06) para o V Semin\u00e1rio Internacional, Direitos Humanos, Viol\u00eancia E Pobreza: a situa\u00e7\u00e3o de crian\u00e7as e adolescentes na Am\u00e9rica Latina.\" \/>\n<meta property=\"og:url\" content=\"https:\/\/inclusivenews.com.br\/?p=22663\" \/>\n<meta property=\"article:publisher\" content=\"https:\/\/www.facebook.com\/agenciainclusive\/\" \/>\n<meta property=\"article:published_time\" content=\"2012-06-06T18:28:11+00:00\" \/>\n<meta property=\"og:image\" content=\"http:\/\/www.proealc.uerj.br\/ivseminario2012\/banner_logo.jpg\" \/>\n<meta name=\"author\" content=\"inclusivenews2024\" \/>\n<meta name=\"twitter:card\" content=\"summary_large_image\" \/>\n<meta name=\"twitter:label1\" content=\"Escrito por\" \/>\n\t<meta name=\"twitter:data1\" content=\"inclusivenews2024\" \/>\n\t<meta name=\"twitter:label2\" content=\"Tempo estimado de leitura\" \/>\n\t<meta name=\"twitter:data2\" content=\"1 minuto\" \/>\n<script type=\"application\/ld+json\" class=\"yoast-schema-graph\">{\"@context\":\"https:\\\/\\\/schema.org\",\"@graph\":[{\"@type\":\"Article\",\"@id\":\"https:\\\/\\\/inclusivenews.com.br\\\/?p=22663#article\",\"isPartOf\":{\"@id\":\"https:\\\/\\\/inclusivenews.com.br\\\/?p=22663\"},\"author\":{\"name\":\"inclusivenews2024\",\"@id\":\"https:\\\/\\\/inclusivenews.com.br\\\/#\\\/schema\\\/person\\\/ae4ec7087559b8692fb33b6fffd2273b\"},\"headline\":\"V Semin\u00e1rio Internacional, Direitos Humanos, Viol\u00eancia E Pobreza: a situa\u00e7\u00e3o de crian\u00e7as e adolescentes na Am\u00e9rica Latina\",\"datePublished\":\"2012-06-06T18:28:11+00:00\",\"mainEntityOfPage\":{\"@id\":\"https:\\\/\\\/inclusivenews.com.br\\\/?p=22663\"},\"wordCount\":321,\"commentCount\":0,\"publisher\":{\"@id\":\"https:\\\/\\\/inclusivenews.com.br\\\/#organization\"},\"image\":{\"@id\":\"https:\\\/\\\/inclusivenews.com.br\\\/?p=22663#primaryimage\"},\"thumbnailUrl\":\"http:\\\/\\\/www.proealc.uerj.br\\\/ivseminario2012\\\/banner_logo.jpg\",\"keywords\":[\"Inf\u00e2ncia\"],\"articleSection\":[\"Cursos e eventos\",\"DIREITOS HUMANOS\",\"NOT\u00cdCIAS\"],\"inLanguage\":\"pt-PT\",\"potentialAction\":[{\"@type\":\"CommentAction\",\"name\":\"Comment\",\"target\":[\"https:\\\/\\\/inclusivenews.com.br\\\/?p=22663#respond\"]}]},{\"@type\":\"WebPage\",\"@id\":\"https:\\\/\\\/inclusivenews.com.br\\\/?p=22663\",\"url\":\"https:\\\/\\\/inclusivenews.com.br\\\/?p=22663\",\"name\":\"V Semin\u00e1rio Internacional, Direitos Humanos, Viol\u00eancia E Pobreza: a situa\u00e7\u00e3o de crian\u00e7as e adolescentes na Am\u00e9rica Latina -\",\"isPartOf\":{\"@id\":\"https:\\\/\\\/inclusivenews.com.br\\\/#website\"},\"primaryImageOfPage\":{\"@id\":\"https:\\\/\\\/inclusivenews.com.br\\\/?p=22663#primaryimage\"},\"image\":{\"@id\":\"https:\\\/\\\/inclusivenews.com.br\\\/?p=22663#primaryimage\"},\"thumbnailUrl\":\"http:\\\/\\\/www.proealc.uerj.br\\\/ivseminario2012\\\/banner_logo.jpg\",\"datePublished\":\"2012-06-06T18:28:11+00:00\",\"breadcrumb\":{\"@id\":\"https:\\\/\\\/inclusivenews.com.br\\\/?p=22663#breadcrumb\"},\"inLanguage\":\"pt-PT\",\"potentialAction\":[{\"@type\":\"ReadAction\",\"target\":[\"https:\\\/\\\/inclusivenews.com.br\\\/?p=22663\"]}]},{\"@type\":\"ImageObject\",\"inLanguage\":\"pt-PT\",\"@id\":\"https:\\\/\\\/inclusivenews.com.br\\\/?p=22663#primaryimage\",\"url\":\"http:\\\/\\\/www.proealc.uerj.br\\\/ivseminario2012\\\/banner_logo.jpg\",\"contentUrl\":\"http:\\\/\\\/www.proealc.uerj.br\\\/ivseminario2012\\\/banner_logo.jpg\"},{\"@type\":\"BreadcrumbList\",\"@id\":\"https:\\\/\\\/inclusivenews.com.br\\\/?p=22663#breadcrumb\",\"itemListElement\":[{\"@type\":\"ListItem\",\"position\":1,\"name\":\"In\u00edcio\",\"item\":\"https:\\\/\\\/inclusivenews.com.br\\\/\"},{\"@type\":\"ListItem\",\"position\":2,\"name\":\"V Semin\u00e1rio Internacional, Direitos Humanos, Viol\u00eancia E Pobreza: a situa\u00e7\u00e3o de crian\u00e7as e adolescentes na Am\u00e9rica Latina\"}]},{\"@type\":\"WebSite\",\"@id\":\"https:\\\/\\\/inclusivenews.com.br\\\/#website\",\"url\":\"https:\\\/\\\/inclusivenews.com.br\\\/\",\"name\":\"Inclusive News\",\"description\":\"Inclusive News\",\"publisher\":{\"@id\":\"https:\\\/\\\/inclusivenews.com.br\\\/#organization\"},\"potentialAction\":[{\"@type\":\"SearchAction\",\"target\":{\"@type\":\"EntryPoint\",\"urlTemplate\":\"https:\\\/\\\/inclusivenews.com.br\\\/?s={search_term_string}\"},\"query-input\":{\"@type\":\"PropertyValueSpecification\",\"valueRequired\":true,\"valueName\":\"search_term_string\"}}],\"inLanguage\":\"pt-PT\"},{\"@type\":\"Organization\",\"@id\":\"https:\\\/\\\/inclusivenews.com.br\\\/#organization\",\"name\":\"Inclusive - inclus\u00e3o e cidadania\",\"url\":\"https:\\\/\\\/inclusivenews.com.br\\\/\",\"logo\":{\"@type\":\"ImageObject\",\"inLanguage\":\"pt-PT\",\"@id\":\"https:\\\/\\\/inclusivenews.com.br\\\/#\\\/schema\\\/logo\\\/image\\\/\",\"url\":\"https:\\\/\\\/inclusivenews.com.br\\\/wp-content\\\/uploads\\\/2024\\\/03\\\/@grandesite.png\",\"contentUrl\":\"https:\\\/\\\/inclusivenews.com.br\\\/wp-content\\\/uploads\\\/2024\\\/03\\\/@grandesite.png\",\"width\":1080,\"height\":1080,\"caption\":\"Inclusive - inclus\u00e3o e cidadania\"},\"image\":{\"@id\":\"https:\\\/\\\/inclusivenews.com.br\\\/#\\\/schema\\\/logo\\\/image\\\/\"},\"sameAs\":[\"https:\\\/\\\/www.facebook.com\\\/agenciainclusive\\\/\",\"https:\\\/\\\/www.instagram.com\\\/newsinclusive\\\/\"]},{\"@type\":\"Person\",\"@id\":\"https:\\\/\\\/inclusivenews.com.br\\\/#\\\/schema\\\/person\\\/ae4ec7087559b8692fb33b6fffd2273b\",\"name\":\"inclusivenews2024\",\"image\":{\"@type\":\"ImageObject\",\"inLanguage\":\"pt-PT\",\"@id\":\"https:\\\/\\\/secure.gravatar.com\\\/avatar\\\/c5a7ef84c66fa914f55bc4f7ce26cfa275a3b9a1c5568b907bd184fb4dde7b40?s=96&d=mm&r=g\",\"url\":\"https:\\\/\\\/secure.gravatar.com\\\/avatar\\\/c5a7ef84c66fa914f55bc4f7ce26cfa275a3b9a1c5568b907bd184fb4dde7b40?s=96&d=mm&r=g\",\"contentUrl\":\"https:\\\/\\\/secure.gravatar.com\\\/avatar\\\/c5a7ef84c66fa914f55bc4f7ce26cfa275a3b9a1c5568b907bd184fb4dde7b40?s=96&d=mm&r=g\",\"caption\":\"inclusivenews2024\"},\"sameAs\":[\"https:\\\/\\\/inclusivenews.com.br\"],\"url\":\"https:\\\/\\\/inclusivenews.com.br\\\/?author=1\"}]}<\/script>\n<!-- \/ Yoast SEO plugin. -->","yoast_head_json":{"title":"V Semin\u00e1rio Internacional, Direitos Humanos, Viol\u00eancia E Pobreza: a situa\u00e7\u00e3o de crian\u00e7as e adolescentes na Am\u00e9rica Latina -","robots":{"index":"index","follow":"follow","max-snippet":"max-snippet:-1","max-image-preview":"max-image-preview:large","max-video-preview":"max-video-preview:-1"},"canonical":"https:\/\/inclusivenews.com.br\/?p=22663","og_locale":"pt_PT","og_type":"article","og_title":"V Semin\u00e1rio Internacional, Direitos Humanos, Viol\u00eancia E Pobreza: a situa\u00e7\u00e3o de crian\u00e7as e adolescentes na Am\u00e9rica Latina -","og_description":"Chamada para envio de trabalhos (at\u00e9 31\/06) para o V Semin\u00e1rio Internacional, Direitos Humanos, Viol\u00eancia E Pobreza: a situa\u00e7\u00e3o de crian\u00e7as e adolescentes na Am\u00e9rica Latina.","og_url":"https:\/\/inclusivenews.com.br\/?p=22663","article_publisher":"https:\/\/www.facebook.com\/agenciainclusive\/","article_published_time":"2012-06-06T18:28:11+00:00","og_image":[{"url":"http:\/\/www.proealc.uerj.br\/ivseminario2012\/banner_logo.jpg","type":"","width":"","height":""}],"author":"inclusivenews2024","twitter_card":"summary_large_image","twitter_misc":{"Escrito por":"inclusivenews2024","Tempo estimado de leitura":"1 minuto"},"schema":{"@context":"https:\/\/schema.org","@graph":[{"@type":"Article","@id":"https:\/\/inclusivenews.com.br\/?p=22663#article","isPartOf":{"@id":"https:\/\/inclusivenews.com.br\/?p=22663"},"author":{"name":"inclusivenews2024","@id":"https:\/\/inclusivenews.com.br\/#\/schema\/person\/ae4ec7087559b8692fb33b6fffd2273b"},"headline":"V Semin\u00e1rio Internacional, Direitos Humanos, Viol\u00eancia E Pobreza: a situa\u00e7\u00e3o de crian\u00e7as e adolescentes na Am\u00e9rica Latina","datePublished":"2012-06-06T18:28:11+00:00","mainEntityOfPage":{"@id":"https:\/\/inclusivenews.com.br\/?p=22663"},"wordCount":321,"commentCount":0,"publisher":{"@id":"https:\/\/inclusivenews.com.br\/#organization"},"image":{"@id":"https:\/\/inclusivenews.com.br\/?p=22663#primaryimage"},"thumbnailUrl":"http:\/\/www.proealc.uerj.br\/ivseminario2012\/banner_logo.jpg","keywords":["Inf\u00e2ncia"],"articleSection":["Cursos e eventos","DIREITOS HUMANOS","NOT\u00cdCIAS"],"inLanguage":"pt-PT","potentialAction":[{"@type":"CommentAction","name":"Comment","target":["https:\/\/inclusivenews.com.br\/?p=22663#respond"]}]},{"@type":"WebPage","@id":"https:\/\/inclusivenews.com.br\/?p=22663","url":"https:\/\/inclusivenews.com.br\/?p=22663","name":"V Semin\u00e1rio Internacional, Direitos Humanos, Viol\u00eancia E Pobreza: a situa\u00e7\u00e3o de crian\u00e7as e adolescentes na Am\u00e9rica Latina -","isPartOf":{"@id":"https:\/\/inclusivenews.com.br\/#website"},"primaryImageOfPage":{"@id":"https:\/\/inclusivenews.com.br\/?p=22663#primaryimage"},"image":{"@id":"https:\/\/inclusivenews.com.br\/?p=22663#primaryimage"},"thumbnailUrl":"http:\/\/www.proealc.uerj.br\/ivseminario2012\/banner_logo.jpg","datePublished":"2012-06-06T18:28:11+00:00","breadcrumb":{"@id":"https:\/\/inclusivenews.com.br\/?p=22663#breadcrumb"},"inLanguage":"pt-PT","potentialAction":[{"@type":"ReadAction","target":["https:\/\/inclusivenews.com.br\/?p=22663"]}]},{"@type":"ImageObject","inLanguage":"pt-PT","@id":"https:\/\/inclusivenews.com.br\/?p=22663#primaryimage","url":"http:\/\/www.proealc.uerj.br\/ivseminario2012\/banner_logo.jpg","contentUrl":"http:\/\/www.proealc.uerj.br\/ivseminario2012\/banner_logo.jpg"},{"@type":"BreadcrumbList","@id":"https:\/\/inclusivenews.com.br\/?p=22663#breadcrumb","itemListElement":[{"@type":"ListItem","position":1,"name":"In\u00edcio","item":"https:\/\/inclusivenews.com.br\/"},{"@type":"ListItem","position":2,"name":"V Semin\u00e1rio Internacional, Direitos Humanos, Viol\u00eancia E Pobreza: a situa\u00e7\u00e3o de crian\u00e7as e adolescentes na Am\u00e9rica Latina"}]},{"@type":"WebSite","@id":"https:\/\/inclusivenews.com.br\/#website","url":"https:\/\/inclusivenews.com.br\/","name":"Inclusive News","description":"Inclusive News","publisher":{"@id":"https:\/\/inclusivenews.com.br\/#organization"},"potentialAction":[{"@type":"SearchAction","target":{"@type":"EntryPoint","urlTemplate":"https:\/\/inclusivenews.com.br\/?s={search_term_string}"},"query-input":{"@type":"PropertyValueSpecification","valueRequired":true,"valueName":"search_term_string"}}],"inLanguage":"pt-PT"},{"@type":"Organization","@id":"https:\/\/inclusivenews.com.br\/#organization","name":"Inclusive - inclus\u00e3o e cidadania","url":"https:\/\/inclusivenews.com.br\/","logo":{"@type":"ImageObject","inLanguage":"pt-PT","@id":"https:\/\/inclusivenews.com.br\/#\/schema\/logo\/image\/","url":"https:\/\/inclusivenews.com.br\/wp-content\/uploads\/2024\/03\/@grandesite.png","contentUrl":"https:\/\/inclusivenews.com.br\/wp-content\/uploads\/2024\/03\/@grandesite.png","width":1080,"height":1080,"caption":"Inclusive - inclus\u00e3o e cidadania"},"image":{"@id":"https:\/\/inclusivenews.com.br\/#\/schema\/logo\/image\/"},"sameAs":["https:\/\/www.facebook.com\/agenciainclusive\/","https:\/\/www.instagram.com\/newsinclusive\/"]},{"@type":"Person","@id":"https:\/\/inclusivenews.com.br\/#\/schema\/person\/ae4ec7087559b8692fb33b6fffd2273b","name":"inclusivenews2024","image":{"@type":"ImageObject","inLanguage":"pt-PT","@id":"https:\/\/secure.gravatar.com\/avatar\/c5a7ef84c66fa914f55bc4f7ce26cfa275a3b9a1c5568b907bd184fb4dde7b40?s=96&d=mm&r=g","url":"https:\/\/secure.gravatar.com\/avatar\/c5a7ef84c66fa914f55bc4f7ce26cfa275a3b9a1c5568b907bd184fb4dde7b40?s=96&d=mm&r=g","contentUrl":"https:\/\/secure.gravatar.com\/avatar\/c5a7ef84c66fa914f55bc4f7ce26cfa275a3b9a1c5568b907bd184fb4dde7b40?s=96&d=mm&r=g","caption":"inclusivenews2024"},"sameAs":["https:\/\/inclusivenews.com.br"],"url":"https:\/\/inclusivenews.com.br\/?author=1"}]}},"_links":{"self":[{"href":"https:\/\/inclusivenews.com.br\/index.php?rest_route=\/wp\/v2\/posts\/22663","targetHints":{"allow":["GET"]}}],"collection":[{"href":"https:\/\/inclusivenews.com.br\/index.php?rest_route=\/wp\/v2\/posts"}],"about":[{"href":"https:\/\/inclusivenews.com.br\/index.php?rest_route=\/wp\/v2\/types\/post"}],"author":[{"embeddable":true,"href":"https:\/\/inclusivenews.com.br\/index.php?rest_route=\/wp\/v2\/users\/1"}],"replies":[{"embeddable":true,"href":"https:\/\/inclusivenews.com.br\/index.php?rest_route=%2Fwp%2Fv2%2Fcomments&post=22663"}],"version-history":[{"count":0,"href":"https:\/\/inclusivenews.com.br\/index.php?rest_route=\/wp\/v2\/posts\/22663\/revisions"}],"wp:attachment":[{"href":"https:\/\/inclusivenews.com.br\/index.php?rest_route=%2Fwp%2Fv2%2Fmedia&parent=22663"}],"wp:term":[{"taxonomy":"category","embeddable":true,"href":"https:\/\/inclusivenews.com.br\/index.php?rest_route=%2Fwp%2Fv2%2Fcategories&post=22663"},{"taxonomy":"post_tag","embeddable":true,"href":"https:\/\/inclusivenews.com.br\/index.php?rest_route=%2Fwp%2Fv2%2Ftags&post=22663"}],"curies":[{"name":"wp","href":"https:\/\/api.w.org\/{rel}","templated":true}]}}