{"id":22906,"date":"2012-07-11T15:16:15","date_gmt":"2012-07-11T18:16:15","guid":{"rendered":"http:\/\/www.inclusive.org.br\/?p=22906"},"modified":"2012-07-11T15:16:15","modified_gmt":"2012-07-11T18:16:15","slug":"saude-e-inclusao-da-pessoa-com-deficiencia-pos-graduacao","status":"publish","type":"post","link":"https:\/\/inclusivenews.com.br\/?p=22906","title":{"rendered":"Sa\u00fade e inclus\u00e3o da pessoa com defici\u00eancia (p\u00f3s-gradua\u00e7\u00e3o)"},"content":{"rendered":"<p><a href=\"http:\/\/www.inclusivenews.com.br\/wp-content\/uploads\/agenda_big.jpg\"><img loading=\"lazy\" decoding=\"async\" class=\"alignleft size-full wp-image-20348\" title=\"Agenda de mesa\" src=\"http:\/\/inclusivenews.com.br\/wp-content\/uploads\/agenda_big.jpg\" alt=\"Agenda de mesa\" width=\"221\" height=\"167\" \/><\/a><\/p>\n<p>CURSO DE P\u00d3S-GRADUA\u00c7\u00c3O LATO SENSU INTERDISCIPLINAR EM CUIDADOS DE SA\u00daDE E INCLUS\u00c3O DA PESSOA COM DEFICI\u00caNCIA<\/p>\n<p><strong>Coordena\u00e7\u00e3o: <\/strong>Maria Aparecida Ferreira de Mello, <a href=\"http:\/\/lattes.cnpq.br\/0191038377240881\">http:\/\/lattes.cnpq.br\/0191038377240881<\/a><\/p>\n<p><strong>Carga hor\u00e1ria e modalidade do curso:<\/strong> 460 (quatrocentos e sessenta) horas, presencial<\/p>\n<p><strong>Per\u00edodo e Periodicidade:<\/strong> O curso ter\u00e1 a dura\u00e7\u00e3o de 11 meses, com encontros quinzenais. Hor\u00e1rio das aulas: sextas-feiras das 18:00 \u00e0s 22:00 horas e s\u00e1bados das 08:30\u00e0s 17:30 horas.<\/p>\n<p><strong>Por qu\u00ea vale a pena fazer o curso:<\/strong><\/p>\n<p>Em novembro de 2011, o governo brasileiro lan\u00e7ou o Programa Viver Sem Limite que visa atender intersetorialmente aos cidad\u00e3os brasileiros com defici\u00eancias. As pol\u00edticas envolvidas no programa s\u00e3o intersetoriais e envolvem sa\u00fade, educa\u00e7\u00e3o, direitos humanos, desenvolvimento social e econ\u00f4mico, acessibilidade e inser\u00e7\u00e3o no mercado de trabalho em a\u00e7\u00f5es com or\u00e7amento de R$ 7,6 milh\u00f5es. De acordo com a Secretaria Nacional de Promo\u00e7\u00e3o dos Direitos da Pessoa com Defici\u00eancia, o programa prev\u00ea a disponibiliza\u00e7\u00e3o de 2.609 ve\u00edculos acess\u00edveis para transporte escolar; cria\u00e7\u00e3o de pelo menos 150 mil vagas de qualifica\u00e7\u00e3o profissional; busca ativa de crian\u00e7as e adolescente com defici\u00eancia que est\u00e3o fora da escola, por meio do BPC na Escola; implementa\u00e7\u00e3o de 200 resid\u00eancias inclusivas; constru\u00e7\u00e3o de um Centro-Dia de Refer\u00eancia em cada Estado; contrata\u00e7\u00e3o de 1,2 milh\u00e3o de casas adapt\u00e1veis no Minha Casa, Minha Vida 2; introdu\u00e7\u00e3o de novos exames para identifica\u00e7\u00e3o precoce de defici\u00eancias; defini\u00e7\u00e3o de diretrizes terap\u00eauticas; implanta\u00e7\u00e3o de 45 novos Centros Especializados de Reabilita\u00e7\u00e3o em todo o pa\u00eds; entre outras.<\/p>\n<p>Recorrendo aos princ\u00edpios vigentes fundamentais do Minist\u00e9rio da Sa\u00fade,&#8221;\u00e9 atrav\u00e9s da intersetorialidade, ou seja, da rela\u00e7\u00e3o propositiva entre os setores respons\u00e1veis pelas a\u00e7\u00f5es que se referem \u00e0 qualidade de vida do homem, como sa\u00fade, educa\u00e7\u00e3o, habita\u00e7\u00e3o, trabalho, cultura, entre outras&#8221; que \u00e9 poss\u00edvel a promo\u00e7\u00e3o, recupera\u00e7\u00e3o e manuten\u00e7\u00e3o da sa\u00fade de formar a otimizar as habilidades funcionais do indiv\u00edduo. A intersetorialidade acontece, quando esses setores trabalham em conjunto, construindo parcerias, unindo esfor\u00e7os e somando recursos financeiros e humanos para alcan\u00e7ar um objetivo comum.&#8221;<\/p>\n<p>Dessa forma, torna-se fundamental capacitar os t\u00e9cnicos de n\u00edvel superior e m\u00e9dio dos principais setores que devem trabalhar interdisciplinariamente e intersetorialmente na implementa\u00e7\u00e3o da Rede de Cuidados \u00e0 Pessoa com Defici\u00eancia no \u00e2mbito do Sistema \u00danico de Sa\u00fade, e promover a inclus\u00e3o das pessoas com defici\u00eancia no estado .<\/p>\n<p>OBJETIVOS<\/p>\n<p>Geral:<\/p>\n<p>Criar especialistas interdisciplinares em cuidados de sa\u00fade e inclus\u00e3o da pessoa com defici\u00eancia de acordo com a Portaria 793 do Minist\u00e9rio da Sa\u00fade , de 24 de abril de 2012.<\/p>\n<p>Objetivos Espec\u00edficos:<\/p>\n<p>Atualizar o conhecimento dos alunos participantes quanto aos direitos das pessoas com defici\u00eancia em todas as suas inst\u00e2ncias. * Discutir a epidemiologia e demografia das defici\u00eancias no Brasil, suas etiologias, meios diagn\u00f3sticos e progn\u00f3sticos. * Compreender e discutir as pol\u00edticas intersetoriais de garantia e promo\u00e7\u00e3o dos direitos das pessoas com defici\u00eancia, principalmente \u00e0s da sa\u00fade e educa\u00e7\u00e3o. * Conhecer, discutir e atualizar os fundamentos e aplica\u00e7\u00f5es da reabilita\u00e7\u00e3o baseada em evid\u00eancias. * Aprimorar e atualizar as habilidades dos profissionais na promo\u00e7\u00e3o dos processos de reabilita\u00e7\u00e3o auditiva, f\u00edsica, intelectual, visual, ostomia e m\u00faltiplas defici\u00eancias; * Orientar aos alunos acerca do desenvolvimento e aplica\u00e7\u00e3o de t\u00e9cnicas e a\u00e7\u00f5es de preven\u00e7\u00e3o e de identifica\u00e7\u00e3o precoce de defici\u00eancias na fase pr\u00e9, peri e p\u00f3s-natal, inf\u00e2ncia, adolesc\u00eancia, vida adulta e envelhecimento; * Ensinar aos profissionais de sa\u00fade, educa\u00e7\u00e3o, direitos humanos e\/ou desenvolvimento social os fundamentos da oferta de \u00d3rtese, Pr\u00f3tese e Meios Auxiliares de Locomo\u00e7\u00e3o (OPM), e produtos assistivos por meio do SUS; * Aprimorar e atualizar as habilidades dos profissionais de sa\u00fade, educa\u00e7\u00e3o, direitos humanos e\/ou desenvolvimento social na reabilita\u00e7\u00e3o e a reinser\u00e7\u00e3o das pessoas com defici\u00eancia, por meio do acesso ao trabalho, \u00e0 renda e \u00e0 moradia solid\u00e1ria, em articula\u00e7\u00e3o com os \u00f3rg\u00e3os de assist\u00eancia social; * Discutir, conhecer e desenvolver mecanismos de forma\u00e7\u00e3o permanente para profissionais de sa\u00fade de todas as categorias e n\u00edveis profissionais; *Ensinar como desenvolver estrat\u00e9gias para a realiza\u00e7\u00e3o de a\u00e7\u00f5es intersetoriais de promo\u00e7\u00e3o e preven\u00e7\u00e3o \u00e0 sa\u00fade em parceria com organiza\u00e7\u00f5es governamentais e da sociedade civil; * Ensinar e divulgar junto aos profissionais a estes profissionais, t\u00e9cnicas de produ\u00e7\u00e3o e oferta de informa\u00e7\u00f5es acerca dos direitos humanos; principalmente sobre as das pessoas com defici\u00eancia; medidas de preven\u00e7\u00e3o e cuidado e os servi\u00e7os dispon\u00edveis na rede, por meio de cadernos, cartilhas, manuais, a\u00e7\u00f5es art\u00edsticas e culturais, entre outras possibilidades; * Desenvolver as habilidades dos alunos de forma ao desenvolvimento de a\u00e7\u00f5es de regula\u00e7\u00e3o e organiza\u00e7\u00e3o das demandas e dos fluxos assistenciais da Rede de Cuidados \u00e0 Pessoa com Defici\u00eancia; * Aprimorar m\u00e9todos e t\u00e9cnicas para a constru\u00e7\u00e3o, produ\u00e7\u00e3o e an\u00e1lise de indicadores capazes de monitorar e avaliar a qualidade dos servi\u00e7os e a resolutividade da aten\u00e7\u00e3o \u00e0 sa\u00fade, principalmente da sa\u00fade das pessoas com defici\u00eancia. * Criar condi\u00e7\u00f5es para que os alunos, individualmente, realizem um projeto de pesquisa (desde a ideia inicial, at\u00e9 a publica\u00e7\u00e3o dos resultados) acerca do tema &#8220;Cuidados de Sa\u00fade da Pessoa com Defici\u00eancia e Inclus\u00e3o&#8221;. *<\/p>\n<p>P\u00daBLICO ALVO<\/p>\n<p>Profissionais de n\u00edvel superior que atuam na sa\u00fade, educa\u00e7\u00e3o, direitos humanos e\/ou desenvolvimento social. (todas as categorias profissionais, desde que comprovem atua\u00e7\u00e3o em uma dessas \u00e1reas)<\/p>\n<p>Crit\u00e9rio de sele\u00e7\u00e3o: Compatibilidade do curr\u00edculo profissional do candidato aos objetivos do curso proposto; Habilidade e conhecimento para leitura e compreens\u00e3o de bibliografia aplicada durante o curso em l\u00edngua ingl\u00eas e\/ou espanhol, quando determinado pelo docente respons\u00e1vel, quando ocorrer como \u00fanica fonte dispon\u00edvel da informa\u00e7\u00e3o<\/p>\n<p>Vagas por turma: 30<\/p>\n<p>Disciplinas:<\/p>\n<p>Estudo da defici\u00eancia no Brasil<\/p>\n<p>Reabilita\u00e7\u00e3o Interdisciplinar das defici\u00eancias auditiva, f\u00edsica, intelectual, visual, ostomia e m\u00faltiplas<\/p>\n<p>Preven\u00e7\u00e3o e Defici\u00eancias nos diversos ciclos da vida<\/p>\n<p>Tecnologia Assistiva<\/p>\n<p>T\u00e9cnicas de Pesquisa aplicadas \u00e0 qualidade da gest\u00e3o de servi\u00e7os de sa\u00fade da pessoa com defici\u00eancia<\/p>\n<p>Educa\u00e7\u00e3o de Usu\u00e1rios e Servidores do SUS<\/p>\n<p>Desenvolvimento da Intersetorialidade na Aten\u00e7\u00e3o \u00e0 Pessoa com Defici\u00eancia<\/p>\n<p>Regula\u00e7\u00e3o e Gest\u00e3o de Cuidados \u00e0 Pessoa com Defici\u00eancia<\/p>\n<p>Semin\u00e1rio de Conclus\u00e3o do Curso<\/p>\n<p>Inscri\u00e7\u00f5es e informa\u00e7\u00f5es : <a href=\"mailto:cursos@ciape.org.br\">cursos@ciape.org.br<\/a> ; 31 3443 2200<\/p>\n<p>Data prevista de in\u00edcio:28\/09\/2012<\/p>\n","protected":false},"excerpt":{"rendered":"<p>O curso ter\u00e1 a dura\u00e7\u00e3o de 11 meses, com encontros quinzenais. Hor\u00e1rio das aulas: sextas-feiras das 18:00 \u00e0s 22:00 horas e s\u00e1bados das 08:30\u00e0s 17:30 horas.<\/p>\n","protected":false},"author":1,"featured_media":0,"comment_status":"open","ping_status":"open","sticky":false,"template":"","format":"standard","meta":{"site-container-style":"default","site-container-layout":"default","site-sidebar-layout":"default","disable-article-header":"default","disable-site-header":"default","disable-site-footer":"default","disable-content-area-spacing":"default","footnotes":""},"categories":[38,48,4],"tags":[],"class_list":["post-22906","post","type-post","status-publish","format-standard","hentry","category-deficiencia","category-inclusao","category-noticias"],"yoast_head":"<!-- This site is optimized with the Yoast SEO plugin v27.4 - https:\/\/yoast.com\/product\/yoast-seo-wordpress\/ -->\n<title>Sa\u00fade e inclus\u00e3o da pessoa com defici\u00eancia (p\u00f3s-gradua\u00e7\u00e3o) -<\/title>\n<meta name=\"robots\" content=\"index, follow, max-snippet:-1, max-image-preview:large, max-video-preview:-1\" \/>\n<link rel=\"canonical\" href=\"https:\/\/inclusivenews.com.br\/?p=22906\" \/>\n<meta property=\"og:locale\" content=\"pt_PT\" \/>\n<meta property=\"og:type\" content=\"article\" \/>\n<meta property=\"og:title\" content=\"Sa\u00fade e inclus\u00e3o da pessoa com defici\u00eancia (p\u00f3s-gradua\u00e7\u00e3o) -\" \/>\n<meta property=\"og:description\" content=\"O curso ter\u00e1 a dura\u00e7\u00e3o de 11 meses, com encontros quinzenais. Hor\u00e1rio das aulas: sextas-feiras das 18:00 \u00e0s 22:00 horas e s\u00e1bados das 08:30\u00e0s 17:30 horas.\" \/>\n<meta property=\"og:url\" content=\"https:\/\/inclusivenews.com.br\/?p=22906\" \/>\n<meta property=\"article:publisher\" content=\"https:\/\/www.facebook.com\/agenciainclusive\/\" \/>\n<meta property=\"article:published_time\" content=\"2012-07-11T18:16:15+00:00\" \/>\n<meta property=\"og:image\" content=\"http:\/\/inclusivenews.com.br\/wp-content\/uploads\/agenda_big.jpg\" \/>\n<meta name=\"author\" content=\"inclusivenews2024\" \/>\n<meta name=\"twitter:card\" content=\"summary_large_image\" \/>\n<meta name=\"twitter:label1\" content=\"Escrito por\" \/>\n\t<meta name=\"twitter:data1\" content=\"inclusivenews2024\" \/>\n\t<meta name=\"twitter:label2\" content=\"Tempo estimado de leitura\" \/>\n\t<meta name=\"twitter:data2\" content=\"6 minutos\" \/>\n<script type=\"application\/ld+json\" class=\"yoast-schema-graph\">{\"@context\":\"https:\\\/\\\/schema.org\",\"@graph\":[{\"@type\":\"Article\",\"@id\":\"https:\\\/\\\/inclusivenews.com.br\\\/?p=22906#article\",\"isPartOf\":{\"@id\":\"https:\\\/\\\/inclusivenews.com.br\\\/?p=22906\"},\"author\":{\"name\":\"inclusivenews2024\",\"@id\":\"https:\\\/\\\/inclusivenews.com.br\\\/#\\\/schema\\\/person\\\/ae4ec7087559b8692fb33b6fffd2273b\"},\"headline\":\"Sa\u00fade e inclus\u00e3o da pessoa com defici\u00eancia (p\u00f3s-gradua\u00e7\u00e3o)\",\"datePublished\":\"2012-07-11T18:16:15+00:00\",\"mainEntityOfPage\":{\"@id\":\"https:\\\/\\\/inclusivenews.com.br\\\/?p=22906\"},\"wordCount\":1136,\"commentCount\":4,\"publisher\":{\"@id\":\"https:\\\/\\\/inclusivenews.com.br\\\/#organization\"},\"image\":{\"@id\":\"https:\\\/\\\/inclusivenews.com.br\\\/?p=22906#primaryimage\"},\"thumbnailUrl\":\"http:\\\/\\\/inclusivenews.com.br\\\/wp-content\\\/uploads\\\/agenda_big.jpg\",\"articleSection\":[\"Defici\u00eancia\",\"INCLUS\u00c3O SOCIAL\",\"NOT\u00cdCIAS\"],\"inLanguage\":\"pt-PT\",\"potentialAction\":[{\"@type\":\"CommentAction\",\"name\":\"Comment\",\"target\":[\"https:\\\/\\\/inclusivenews.com.br\\\/?p=22906#respond\"]}]},{\"@type\":\"WebPage\",\"@id\":\"https:\\\/\\\/inclusivenews.com.br\\\/?p=22906\",\"url\":\"https:\\\/\\\/inclusivenews.com.br\\\/?p=22906\",\"name\":\"Sa\u00fade e inclus\u00e3o da pessoa com defici\u00eancia (p\u00f3s-gradua\u00e7\u00e3o) -\",\"isPartOf\":{\"@id\":\"https:\\\/\\\/inclusivenews.com.br\\\/#website\"},\"primaryImageOfPage\":{\"@id\":\"https:\\\/\\\/inclusivenews.com.br\\\/?p=22906#primaryimage\"},\"image\":{\"@id\":\"https:\\\/\\\/inclusivenews.com.br\\\/?p=22906#primaryimage\"},\"thumbnailUrl\":\"http:\\\/\\\/inclusivenews.com.br\\\/wp-content\\\/uploads\\\/agenda_big.jpg\",\"datePublished\":\"2012-07-11T18:16:15+00:00\",\"breadcrumb\":{\"@id\":\"https:\\\/\\\/inclusivenews.com.br\\\/?p=22906#breadcrumb\"},\"inLanguage\":\"pt-PT\",\"potentialAction\":[{\"@type\":\"ReadAction\",\"target\":[\"https:\\\/\\\/inclusivenews.com.br\\\/?p=22906\"]}]},{\"@type\":\"ImageObject\",\"inLanguage\":\"pt-PT\",\"@id\":\"https:\\\/\\\/inclusivenews.com.br\\\/?p=22906#primaryimage\",\"url\":\"\",\"contentUrl\":\"\"},{\"@type\":\"BreadcrumbList\",\"@id\":\"https:\\\/\\\/inclusivenews.com.br\\\/?p=22906#breadcrumb\",\"itemListElement\":[{\"@type\":\"ListItem\",\"position\":1,\"name\":\"In\u00edcio\",\"item\":\"https:\\\/\\\/inclusivenews.com.br\\\/\"},{\"@type\":\"ListItem\",\"position\":2,\"name\":\"Sa\u00fade e inclus\u00e3o da pessoa com defici\u00eancia (p\u00f3s-gradua\u00e7\u00e3o)\"}]},{\"@type\":\"WebSite\",\"@id\":\"https:\\\/\\\/inclusivenews.com.br\\\/#website\",\"url\":\"https:\\\/\\\/inclusivenews.com.br\\\/\",\"name\":\"Inclusive News\",\"description\":\"Inclusive News\",\"publisher\":{\"@id\":\"https:\\\/\\\/inclusivenews.com.br\\\/#organization\"},\"potentialAction\":[{\"@type\":\"SearchAction\",\"target\":{\"@type\":\"EntryPoint\",\"urlTemplate\":\"https:\\\/\\\/inclusivenews.com.br\\\/?s={search_term_string}\"},\"query-input\":{\"@type\":\"PropertyValueSpecification\",\"valueRequired\":true,\"valueName\":\"search_term_string\"}}],\"inLanguage\":\"pt-PT\"},{\"@type\":\"Organization\",\"@id\":\"https:\\\/\\\/inclusivenews.com.br\\\/#organization\",\"name\":\"Inclusive - inclus\u00e3o e cidadania\",\"url\":\"https:\\\/\\\/inclusivenews.com.br\\\/\",\"logo\":{\"@type\":\"ImageObject\",\"inLanguage\":\"pt-PT\",\"@id\":\"https:\\\/\\\/inclusivenews.com.br\\\/#\\\/schema\\\/logo\\\/image\\\/\",\"url\":\"https:\\\/\\\/inclusivenews.com.br\\\/wp-content\\\/uploads\\\/2024\\\/03\\\/@grandesite.png\",\"contentUrl\":\"https:\\\/\\\/inclusivenews.com.br\\\/wp-content\\\/uploads\\\/2024\\\/03\\\/@grandesite.png\",\"width\":1080,\"height\":1080,\"caption\":\"Inclusive - inclus\u00e3o e cidadania\"},\"image\":{\"@id\":\"https:\\\/\\\/inclusivenews.com.br\\\/#\\\/schema\\\/logo\\\/image\\\/\"},\"sameAs\":[\"https:\\\/\\\/www.facebook.com\\\/agenciainclusive\\\/\",\"https:\\\/\\\/www.instagram.com\\\/newsinclusive\\\/\"]},{\"@type\":\"Person\",\"@id\":\"https:\\\/\\\/inclusivenews.com.br\\\/#\\\/schema\\\/person\\\/ae4ec7087559b8692fb33b6fffd2273b\",\"name\":\"inclusivenews2024\",\"image\":{\"@type\":\"ImageObject\",\"inLanguage\":\"pt-PT\",\"@id\":\"https:\\\/\\\/secure.gravatar.com\\\/avatar\\\/c5a7ef84c66fa914f55bc4f7ce26cfa275a3b9a1c5568b907bd184fb4dde7b40?s=96&d=mm&r=g\",\"url\":\"https:\\\/\\\/secure.gravatar.com\\\/avatar\\\/c5a7ef84c66fa914f55bc4f7ce26cfa275a3b9a1c5568b907bd184fb4dde7b40?s=96&d=mm&r=g\",\"contentUrl\":\"https:\\\/\\\/secure.gravatar.com\\\/avatar\\\/c5a7ef84c66fa914f55bc4f7ce26cfa275a3b9a1c5568b907bd184fb4dde7b40?s=96&d=mm&r=g\",\"caption\":\"inclusivenews2024\"},\"sameAs\":[\"https:\\\/\\\/inclusivenews.com.br\"],\"url\":\"https:\\\/\\\/inclusivenews.com.br\\\/?author=1\"}]}<\/script>\n<!-- \/ Yoast SEO plugin. -->","yoast_head_json":{"title":"Sa\u00fade e inclus\u00e3o da pessoa com defici\u00eancia (p\u00f3s-gradua\u00e7\u00e3o) -","robots":{"index":"index","follow":"follow","max-snippet":"max-snippet:-1","max-image-preview":"max-image-preview:large","max-video-preview":"max-video-preview:-1"},"canonical":"https:\/\/inclusivenews.com.br\/?p=22906","og_locale":"pt_PT","og_type":"article","og_title":"Sa\u00fade e inclus\u00e3o da pessoa com defici\u00eancia (p\u00f3s-gradua\u00e7\u00e3o) -","og_description":"O curso ter\u00e1 a dura\u00e7\u00e3o de 11 meses, com encontros quinzenais. Hor\u00e1rio das aulas: sextas-feiras das 18:00 \u00e0s 22:00 horas e s\u00e1bados das 08:30\u00e0s 17:30 horas.","og_url":"https:\/\/inclusivenews.com.br\/?p=22906","article_publisher":"https:\/\/www.facebook.com\/agenciainclusive\/","article_published_time":"2012-07-11T18:16:15+00:00","og_image":[{"url":"http:\/\/inclusivenews.com.br\/wp-content\/uploads\/agenda_big.jpg","type":"","width":"","height":""}],"author":"inclusivenews2024","twitter_card":"summary_large_image","twitter_misc":{"Escrito por":"inclusivenews2024","Tempo estimado de leitura":"6 minutos"},"schema":{"@context":"https:\/\/schema.org","@graph":[{"@type":"Article","@id":"https:\/\/inclusivenews.com.br\/?p=22906#article","isPartOf":{"@id":"https:\/\/inclusivenews.com.br\/?p=22906"},"author":{"name":"inclusivenews2024","@id":"https:\/\/inclusivenews.com.br\/#\/schema\/person\/ae4ec7087559b8692fb33b6fffd2273b"},"headline":"Sa\u00fade e inclus\u00e3o da pessoa com defici\u00eancia (p\u00f3s-gradua\u00e7\u00e3o)","datePublished":"2012-07-11T18:16:15+00:00","mainEntityOfPage":{"@id":"https:\/\/inclusivenews.com.br\/?p=22906"},"wordCount":1136,"commentCount":4,"publisher":{"@id":"https:\/\/inclusivenews.com.br\/#organization"},"image":{"@id":"https:\/\/inclusivenews.com.br\/?p=22906#primaryimage"},"thumbnailUrl":"http:\/\/inclusivenews.com.br\/wp-content\/uploads\/agenda_big.jpg","articleSection":["Defici\u00eancia","INCLUS\u00c3O SOCIAL","NOT\u00cdCIAS"],"inLanguage":"pt-PT","potentialAction":[{"@type":"CommentAction","name":"Comment","target":["https:\/\/inclusivenews.com.br\/?p=22906#respond"]}]},{"@type":"WebPage","@id":"https:\/\/inclusivenews.com.br\/?p=22906","url":"https:\/\/inclusivenews.com.br\/?p=22906","name":"Sa\u00fade e inclus\u00e3o da pessoa com defici\u00eancia (p\u00f3s-gradua\u00e7\u00e3o) -","isPartOf":{"@id":"https:\/\/inclusivenews.com.br\/#website"},"primaryImageOfPage":{"@id":"https:\/\/inclusivenews.com.br\/?p=22906#primaryimage"},"image":{"@id":"https:\/\/inclusivenews.com.br\/?p=22906#primaryimage"},"thumbnailUrl":"http:\/\/inclusivenews.com.br\/wp-content\/uploads\/agenda_big.jpg","datePublished":"2012-07-11T18:16:15+00:00","breadcrumb":{"@id":"https:\/\/inclusivenews.com.br\/?p=22906#breadcrumb"},"inLanguage":"pt-PT","potentialAction":[{"@type":"ReadAction","target":["https:\/\/inclusivenews.com.br\/?p=22906"]}]},{"@type":"ImageObject","inLanguage":"pt-PT","@id":"https:\/\/inclusivenews.com.br\/?p=22906#primaryimage","url":"","contentUrl":""},{"@type":"BreadcrumbList","@id":"https:\/\/inclusivenews.com.br\/?p=22906#breadcrumb","itemListElement":[{"@type":"ListItem","position":1,"name":"In\u00edcio","item":"https:\/\/inclusivenews.com.br\/"},{"@type":"ListItem","position":2,"name":"Sa\u00fade e inclus\u00e3o da pessoa com defici\u00eancia (p\u00f3s-gradua\u00e7\u00e3o)"}]},{"@type":"WebSite","@id":"https:\/\/inclusivenews.com.br\/#website","url":"https:\/\/inclusivenews.com.br\/","name":"Inclusive News","description":"Inclusive News","publisher":{"@id":"https:\/\/inclusivenews.com.br\/#organization"},"potentialAction":[{"@type":"SearchAction","target":{"@type":"EntryPoint","urlTemplate":"https:\/\/inclusivenews.com.br\/?s={search_term_string}"},"query-input":{"@type":"PropertyValueSpecification","valueRequired":true,"valueName":"search_term_string"}}],"inLanguage":"pt-PT"},{"@type":"Organization","@id":"https:\/\/inclusivenews.com.br\/#organization","name":"Inclusive - inclus\u00e3o e cidadania","url":"https:\/\/inclusivenews.com.br\/","logo":{"@type":"ImageObject","inLanguage":"pt-PT","@id":"https:\/\/inclusivenews.com.br\/#\/schema\/logo\/image\/","url":"https:\/\/inclusivenews.com.br\/wp-content\/uploads\/2024\/03\/@grandesite.png","contentUrl":"https:\/\/inclusivenews.com.br\/wp-content\/uploads\/2024\/03\/@grandesite.png","width":1080,"height":1080,"caption":"Inclusive - inclus\u00e3o e cidadania"},"image":{"@id":"https:\/\/inclusivenews.com.br\/#\/schema\/logo\/image\/"},"sameAs":["https:\/\/www.facebook.com\/agenciainclusive\/","https:\/\/www.instagram.com\/newsinclusive\/"]},{"@type":"Person","@id":"https:\/\/inclusivenews.com.br\/#\/schema\/person\/ae4ec7087559b8692fb33b6fffd2273b","name":"inclusivenews2024","image":{"@type":"ImageObject","inLanguage":"pt-PT","@id":"https:\/\/secure.gravatar.com\/avatar\/c5a7ef84c66fa914f55bc4f7ce26cfa275a3b9a1c5568b907bd184fb4dde7b40?s=96&d=mm&r=g","url":"https:\/\/secure.gravatar.com\/avatar\/c5a7ef84c66fa914f55bc4f7ce26cfa275a3b9a1c5568b907bd184fb4dde7b40?s=96&d=mm&r=g","contentUrl":"https:\/\/secure.gravatar.com\/avatar\/c5a7ef84c66fa914f55bc4f7ce26cfa275a3b9a1c5568b907bd184fb4dde7b40?s=96&d=mm&r=g","caption":"inclusivenews2024"},"sameAs":["https:\/\/inclusivenews.com.br"],"url":"https:\/\/inclusivenews.com.br\/?author=1"}]}},"_links":{"self":[{"href":"https:\/\/inclusivenews.com.br\/index.php?rest_route=\/wp\/v2\/posts\/22906","targetHints":{"allow":["GET"]}}],"collection":[{"href":"https:\/\/inclusivenews.com.br\/index.php?rest_route=\/wp\/v2\/posts"}],"about":[{"href":"https:\/\/inclusivenews.com.br\/index.php?rest_route=\/wp\/v2\/types\/post"}],"author":[{"embeddable":true,"href":"https:\/\/inclusivenews.com.br\/index.php?rest_route=\/wp\/v2\/users\/1"}],"replies":[{"embeddable":true,"href":"https:\/\/inclusivenews.com.br\/index.php?rest_route=%2Fwp%2Fv2%2Fcomments&post=22906"}],"version-history":[{"count":0,"href":"https:\/\/inclusivenews.com.br\/index.php?rest_route=\/wp\/v2\/posts\/22906\/revisions"}],"wp:attachment":[{"href":"https:\/\/inclusivenews.com.br\/index.php?rest_route=%2Fwp%2Fv2%2Fmedia&parent=22906"}],"wp:term":[{"taxonomy":"category","embeddable":true,"href":"https:\/\/inclusivenews.com.br\/index.php?rest_route=%2Fwp%2Fv2%2Fcategories&post=22906"},{"taxonomy":"post_tag","embeddable":true,"href":"https:\/\/inclusivenews.com.br\/index.php?rest_route=%2Fwp%2Fv2%2Ftags&post=22906"}],"curies":[{"name":"wp","href":"https:\/\/api.w.org\/{rel}","templated":true}]}}