{"id":22908,"date":"2012-07-11T15:18:47","date_gmt":"2012-07-11T18:18:47","guid":{"rendered":"http:\/\/www.inclusive.org.br\/?p=22908"},"modified":"2012-07-11T15:18:47","modified_gmt":"2012-07-11T18:18:47","slug":"7%c2%aa-mostra-cinema-e-direitos-humanos-na-america-do-sul","status":"publish","type":"post","link":"https:\/\/inclusivenews.com.br\/?p=22908","title":{"rendered":"7\u00aa Mostra Cinema e Direitos Humanos na Am\u00e9rica do Sul"},"content":{"rendered":"<figure style=\"width: 280px\" class=\"wp-caption alignleft\"><img loading=\"lazy\" decoding=\"async\" src=\"http:\/\/www.curtasantos.com.br\/Sistema\/Fotos\/780_Int_B.jpg\" alt=\"Uma planta brotando um olho humano\" width=\"280\" height=\"184\" \/><figcaption class=\"wp-caption-text\"> <\/figcaption><\/figure>\n<p>Evento que celebra o anivers\u00e1rio da Declara\u00e7\u00e3o Universal dos Direitos Humanos, proclamada pela Assembleia Geral das Na\u00e7\u00f5es Unidas, em 10 de dezembro de 1948, a Mostra Cinema e Direitos Humanos na Am\u00e9rica do Sul dedica-se a apresentar filmes sul-americanos que discutem temas atuais de Direitos Humanos no nosso continente.<\/p>\n<p>Realiza\u00e7\u00e3o da Secretaria de Direitos Humanos da Presid\u00eancia da Rep\u00fablica, com produ\u00e7\u00e3o da Cinemateca Brasileira \/ Minist\u00e9rio da Cultura e patroc\u00ednio da Petrobras, desde 2011, a Mostra \u00e9 apresentada em 26 capitais e no Distrito Federal: Aracaju, Bel\u00e9m, Belo Horizonte, Boa Vista, Bras\u00edlia, Campo Grande, Cuiab\u00e1, Curitiba, Florian\u00f3polis, Fortaleza, Goi\u00e2nia, Jo\u00e3o Pessoa, Macap\u00e1, Macei\u00f3, Manaus, Natal, Palmas, Porto Alegre, Porto Velho, Recife, Rio Branco, Rio de Janeiro, Salvador, S\u00e3o Lu\u00eds, S\u00e3o Paulo, Teresina e Vit\u00f3ria.<\/p>\n<p>Com curadoria de Francisco Cesar Filho, a programa\u00e7\u00e3o compreende uma sele\u00e7\u00e3o de filmes contempor\u00e2neos que desde 2008 s\u00e3o tamb\u00e9m selecionados por meio de chamada p\u00fablica, al\u00e9m de uma retrospectiva hist\u00f3rica, homenagens e programas especiais. A Mostra Cinema e Direitos Humanos na Am\u00e9rica do Sul promoveu homenagens ao projeto brasileiro V\u00eddeo nas Aldeias e aos argentinos Cine Ojo (produtora) e Ricardo Dar\u00edn (ator) e suas recentes retrospectivas hist\u00f3ricas tiveram por tema &#8220;inf\u00e2ncia e juventude&#8221;, &#8220;iguais na diferen\u00e7a&#8221; e &#8220;direito \u00e0 mem\u00f3ria e \u00e0 verdade&#8221;.<\/p>\n<p><strong>Convocat\u00f3ria<\/strong><\/p>\n<p>Prevista para os meses de outubro a dezembro de 2012, a 7\u00aa Mostra Cinema e Direitos Humanos na Am\u00e9rica do Sul abre chamada para receber trabalhos audiovisuais para an\u00e1lise de sua curadoria. O evento \u00e9 voltado a obras realizadas em pa\u00edses da Am\u00e9rica do Sul finalizadas a partir de 2010 cujo conte\u00fado contemple aspectos relacionados aos Direitos Humanos, tais como: direitos das pessoas com defici\u00eancia; popula\u00e7\u00e3o LGBT\/enfrentamento da homofobia; mem\u00f3ria e verdade; crian\u00e7as e adolescentes; pessoas idosas; popula\u00e7\u00e3o negra; popula\u00e7\u00e3o em situa\u00e7\u00e3o de rua; mulheres; Direitos Humanos e seguran\u00e7a p\u00fablica; prote\u00e7\u00e3o aos defensores de Direitos Humanos; combate \u00e0 tortura; democracia e Direitos Humanos; situa\u00e7\u00e3o prisional.<\/p>\n<p>N\u00e3o h\u00e1 restri\u00e7\u00e3o quanto \u00e0 dura\u00e7\u00e3o, g\u00eanero ou suporte de capta\u00e7\u00e3o\/finaliza\u00e7\u00e3o. As exibi\u00e7\u00f5es ser\u00e3o em suporte digital. A Mostra n\u00e3o \u00e9 competitiva, no entanto as obras mais votadas pelo p\u00fablico ser\u00e3o contempladas com o Pr\u00eamio Exibi\u00e7\u00e3o TV Brasil nas categorias curta, m\u00e9dia e longa-metragem.<\/p>\n<p>A ficha de inscri\u00e7\u00e3o deve ser baixada no site da Mostra, preenchida, assinada e enviada por e-mail para: *contato@cinedireitoshumanos.org.br <a href=\"https:\/\/mail.google.com\/mail\/u\/0\/h\/50w8nsg0bhmr\/?&amp;v=b&amp;cs=wh&amp;to=contato@cinedireitoshumanos.org.br\">contato@cinedireitoshumanos.org.br<\/a>*. O DVD dever\u00e1 ser enviado at\u00e9 27 de julho de 2012 para:<\/p>\n<p>*7\u00aa Mostra Cinema e Direitos Humanos na Am\u00e9rica do Sul* Cinemateca Brasileira Largo Senador Raul Cardoso n\u00ba 207 S\u00e3o Paulo &#8211; S.P. &#8211; Brasil C.E.P. 04021-070<\/p>\n<p>*Mais informa\u00e7\u00f5es podem ser obtidas pelo telefone* +55 11 3512.6111 , ramais 211 e 235<\/p>\n","protected":false},"excerpt":{"rendered":"<p>A Mostra Cinema e Direitos Humanos na Am\u00e9rica do Sul dedica-se a apresentar filmes sul-americanos que discutem temas atuais de Direitos Humanos no nosso continente.<\/p>\n","protected":false},"author":1,"featured_media":0,"comment_status":"open","ping_status":"open","sticky":false,"template":"","format":"standard","meta":{"site-container-style":"default","site-container-layout":"default","site-sidebar-layout":"default","disable-article-header":"default","disable-site-header":"default","disable-site-footer":"default","disable-content-area-spacing":"default","footnotes":""},"categories":[11,4],"tags":[],"class_list":["post-22908","post","type-post","status-publish","format-standard","hentry","category-direitos-humanos","category-noticias"],"yoast_head":"<!-- This site is optimized with the Yoast SEO plugin v27.4 - https:\/\/yoast.com\/product\/yoast-seo-wordpress\/ -->\n<title>7\u00aa Mostra Cinema e Direitos Humanos na Am\u00e9rica do Sul -<\/title>\n<meta name=\"robots\" content=\"index, follow, max-snippet:-1, max-image-preview:large, max-video-preview:-1\" \/>\n<link rel=\"canonical\" href=\"https:\/\/inclusivenews.com.br\/?p=22908\" \/>\n<meta property=\"og:locale\" content=\"pt_PT\" \/>\n<meta property=\"og:type\" content=\"article\" \/>\n<meta property=\"og:title\" content=\"7\u00aa Mostra Cinema e Direitos Humanos na Am\u00e9rica do Sul -\" \/>\n<meta property=\"og:description\" content=\"A Mostra Cinema e Direitos Humanos na Am\u00e9rica do Sul dedica-se a apresentar filmes sul-americanos que discutem temas atuais de Direitos Humanos no nosso continente.\" \/>\n<meta property=\"og:url\" content=\"https:\/\/inclusivenews.com.br\/?p=22908\" \/>\n<meta property=\"article:publisher\" content=\"https:\/\/www.facebook.com\/agenciainclusive\/\" \/>\n<meta property=\"article:published_time\" content=\"2012-07-11T18:18:47+00:00\" \/>\n<meta property=\"og:image\" content=\"http:\/\/www.curtasantos.com.br\/Sistema\/Fotos\/780_Int_B.jpg\" \/>\n<meta name=\"author\" content=\"inclusivenews2024\" \/>\n<meta name=\"twitter:card\" content=\"summary_large_image\" \/>\n<meta name=\"twitter:label1\" content=\"Escrito por\" \/>\n\t<meta name=\"twitter:data1\" content=\"inclusivenews2024\" \/>\n\t<meta name=\"twitter:label2\" content=\"Tempo estimado de leitura\" \/>\n\t<meta name=\"twitter:data2\" content=\"2 minutos\" \/>\n<script type=\"application\/ld+json\" class=\"yoast-schema-graph\">{\"@context\":\"https:\\\/\\\/schema.org\",\"@graph\":[{\"@type\":\"Article\",\"@id\":\"https:\\\/\\\/inclusivenews.com.br\\\/?p=22908#article\",\"isPartOf\":{\"@id\":\"https:\\\/\\\/inclusivenews.com.br\\\/?p=22908\"},\"author\":{\"name\":\"inclusivenews2024\",\"@id\":\"https:\\\/\\\/inclusivenews.com.br\\\/#\\\/schema\\\/person\\\/ae4ec7087559b8692fb33b6fffd2273b\"},\"headline\":\"7\u00aa Mostra Cinema e Direitos Humanos na Am\u00e9rica do Sul\",\"datePublished\":\"2012-07-11T18:18:47+00:00\",\"mainEntityOfPage\":{\"@id\":\"https:\\\/\\\/inclusivenews.com.br\\\/?p=22908\"},\"wordCount\":501,\"commentCount\":0,\"publisher\":{\"@id\":\"https:\\\/\\\/inclusivenews.com.br\\\/#organization\"},\"image\":{\"@id\":\"https:\\\/\\\/inclusivenews.com.br\\\/?p=22908#primaryimage\"},\"thumbnailUrl\":\"http:\\\/\\\/www.curtasantos.com.br\\\/Sistema\\\/Fotos\\\/780_Int_B.jpg\",\"articleSection\":[\"DIREITOS HUMANOS\",\"NOT\u00cdCIAS\"],\"inLanguage\":\"pt-PT\",\"potentialAction\":[{\"@type\":\"CommentAction\",\"name\":\"Comment\",\"target\":[\"https:\\\/\\\/inclusivenews.com.br\\\/?p=22908#respond\"]}]},{\"@type\":\"WebPage\",\"@id\":\"https:\\\/\\\/inclusivenews.com.br\\\/?p=22908\",\"url\":\"https:\\\/\\\/inclusivenews.com.br\\\/?p=22908\",\"name\":\"7\u00aa Mostra Cinema e Direitos Humanos na Am\u00e9rica do Sul -\",\"isPartOf\":{\"@id\":\"https:\\\/\\\/inclusivenews.com.br\\\/#website\"},\"primaryImageOfPage\":{\"@id\":\"https:\\\/\\\/inclusivenews.com.br\\\/?p=22908#primaryimage\"},\"image\":{\"@id\":\"https:\\\/\\\/inclusivenews.com.br\\\/?p=22908#primaryimage\"},\"thumbnailUrl\":\"http:\\\/\\\/www.curtasantos.com.br\\\/Sistema\\\/Fotos\\\/780_Int_B.jpg\",\"datePublished\":\"2012-07-11T18:18:47+00:00\",\"breadcrumb\":{\"@id\":\"https:\\\/\\\/inclusivenews.com.br\\\/?p=22908#breadcrumb\"},\"inLanguage\":\"pt-PT\",\"potentialAction\":[{\"@type\":\"ReadAction\",\"target\":[\"https:\\\/\\\/inclusivenews.com.br\\\/?p=22908\"]}]},{\"@type\":\"ImageObject\",\"inLanguage\":\"pt-PT\",\"@id\":\"https:\\\/\\\/inclusivenews.com.br\\\/?p=22908#primaryimage\",\"url\":\"http:\\\/\\\/www.curtasantos.com.br\\\/Sistema\\\/Fotos\\\/780_Int_B.jpg\",\"contentUrl\":\"http:\\\/\\\/www.curtasantos.com.br\\\/Sistema\\\/Fotos\\\/780_Int_B.jpg\"},{\"@type\":\"BreadcrumbList\",\"@id\":\"https:\\\/\\\/inclusivenews.com.br\\\/?p=22908#breadcrumb\",\"itemListElement\":[{\"@type\":\"ListItem\",\"position\":1,\"name\":\"In\u00edcio\",\"item\":\"https:\\\/\\\/inclusivenews.com.br\\\/\"},{\"@type\":\"ListItem\",\"position\":2,\"name\":\"7\u00aa Mostra Cinema e Direitos Humanos na Am\u00e9rica do Sul\"}]},{\"@type\":\"WebSite\",\"@id\":\"https:\\\/\\\/inclusivenews.com.br\\\/#website\",\"url\":\"https:\\\/\\\/inclusivenews.com.br\\\/\",\"name\":\"Inclusive News\",\"description\":\"Inclusive News\",\"publisher\":{\"@id\":\"https:\\\/\\\/inclusivenews.com.br\\\/#organization\"},\"potentialAction\":[{\"@type\":\"SearchAction\",\"target\":{\"@type\":\"EntryPoint\",\"urlTemplate\":\"https:\\\/\\\/inclusivenews.com.br\\\/?s={search_term_string}\"},\"query-input\":{\"@type\":\"PropertyValueSpecification\",\"valueRequired\":true,\"valueName\":\"search_term_string\"}}],\"inLanguage\":\"pt-PT\"},{\"@type\":\"Organization\",\"@id\":\"https:\\\/\\\/inclusivenews.com.br\\\/#organization\",\"name\":\"Inclusive - inclus\u00e3o e cidadania\",\"url\":\"https:\\\/\\\/inclusivenews.com.br\\\/\",\"logo\":{\"@type\":\"ImageObject\",\"inLanguage\":\"pt-PT\",\"@id\":\"https:\\\/\\\/inclusivenews.com.br\\\/#\\\/schema\\\/logo\\\/image\\\/\",\"url\":\"https:\\\/\\\/inclusivenews.com.br\\\/wp-content\\\/uploads\\\/2024\\\/03\\\/@grandesite.png\",\"contentUrl\":\"https:\\\/\\\/inclusivenews.com.br\\\/wp-content\\\/uploads\\\/2024\\\/03\\\/@grandesite.png\",\"width\":1080,\"height\":1080,\"caption\":\"Inclusive - inclus\u00e3o e cidadania\"},\"image\":{\"@id\":\"https:\\\/\\\/inclusivenews.com.br\\\/#\\\/schema\\\/logo\\\/image\\\/\"},\"sameAs\":[\"https:\\\/\\\/www.facebook.com\\\/agenciainclusive\\\/\",\"https:\\\/\\\/www.instagram.com\\\/newsinclusive\\\/\"]},{\"@type\":\"Person\",\"@id\":\"https:\\\/\\\/inclusivenews.com.br\\\/#\\\/schema\\\/person\\\/ae4ec7087559b8692fb33b6fffd2273b\",\"name\":\"inclusivenews2024\",\"image\":{\"@type\":\"ImageObject\",\"inLanguage\":\"pt-PT\",\"@id\":\"https:\\\/\\\/secure.gravatar.com\\\/avatar\\\/c5a7ef84c66fa914f55bc4f7ce26cfa275a3b9a1c5568b907bd184fb4dde7b40?s=96&d=mm&r=g\",\"url\":\"https:\\\/\\\/secure.gravatar.com\\\/avatar\\\/c5a7ef84c66fa914f55bc4f7ce26cfa275a3b9a1c5568b907bd184fb4dde7b40?s=96&d=mm&r=g\",\"contentUrl\":\"https:\\\/\\\/secure.gravatar.com\\\/avatar\\\/c5a7ef84c66fa914f55bc4f7ce26cfa275a3b9a1c5568b907bd184fb4dde7b40?s=96&d=mm&r=g\",\"caption\":\"inclusivenews2024\"},\"sameAs\":[\"https:\\\/\\\/inclusivenews.com.br\"],\"url\":\"https:\\\/\\\/inclusivenews.com.br\\\/?author=1\"}]}<\/script>\n<!-- \/ Yoast SEO plugin. -->","yoast_head_json":{"title":"7\u00aa Mostra Cinema e Direitos Humanos na Am\u00e9rica do Sul -","robots":{"index":"index","follow":"follow","max-snippet":"max-snippet:-1","max-image-preview":"max-image-preview:large","max-video-preview":"max-video-preview:-1"},"canonical":"https:\/\/inclusivenews.com.br\/?p=22908","og_locale":"pt_PT","og_type":"article","og_title":"7\u00aa Mostra Cinema e Direitos Humanos na Am\u00e9rica do Sul -","og_description":"A Mostra Cinema e Direitos Humanos na Am\u00e9rica do Sul dedica-se a apresentar filmes sul-americanos que discutem temas atuais de Direitos Humanos no nosso continente.","og_url":"https:\/\/inclusivenews.com.br\/?p=22908","article_publisher":"https:\/\/www.facebook.com\/agenciainclusive\/","article_published_time":"2012-07-11T18:18:47+00:00","og_image":[{"url":"http:\/\/www.curtasantos.com.br\/Sistema\/Fotos\/780_Int_B.jpg","type":"","width":"","height":""}],"author":"inclusivenews2024","twitter_card":"summary_large_image","twitter_misc":{"Escrito por":"inclusivenews2024","Tempo estimado de leitura":"2 minutos"},"schema":{"@context":"https:\/\/schema.org","@graph":[{"@type":"Article","@id":"https:\/\/inclusivenews.com.br\/?p=22908#article","isPartOf":{"@id":"https:\/\/inclusivenews.com.br\/?p=22908"},"author":{"name":"inclusivenews2024","@id":"https:\/\/inclusivenews.com.br\/#\/schema\/person\/ae4ec7087559b8692fb33b6fffd2273b"},"headline":"7\u00aa Mostra Cinema e Direitos Humanos na Am\u00e9rica do Sul","datePublished":"2012-07-11T18:18:47+00:00","mainEntityOfPage":{"@id":"https:\/\/inclusivenews.com.br\/?p=22908"},"wordCount":501,"commentCount":0,"publisher":{"@id":"https:\/\/inclusivenews.com.br\/#organization"},"image":{"@id":"https:\/\/inclusivenews.com.br\/?p=22908#primaryimage"},"thumbnailUrl":"http:\/\/www.curtasantos.com.br\/Sistema\/Fotos\/780_Int_B.jpg","articleSection":["DIREITOS HUMANOS","NOT\u00cdCIAS"],"inLanguage":"pt-PT","potentialAction":[{"@type":"CommentAction","name":"Comment","target":["https:\/\/inclusivenews.com.br\/?p=22908#respond"]}]},{"@type":"WebPage","@id":"https:\/\/inclusivenews.com.br\/?p=22908","url":"https:\/\/inclusivenews.com.br\/?p=22908","name":"7\u00aa Mostra Cinema e Direitos Humanos na Am\u00e9rica do Sul -","isPartOf":{"@id":"https:\/\/inclusivenews.com.br\/#website"},"primaryImageOfPage":{"@id":"https:\/\/inclusivenews.com.br\/?p=22908#primaryimage"},"image":{"@id":"https:\/\/inclusivenews.com.br\/?p=22908#primaryimage"},"thumbnailUrl":"http:\/\/www.curtasantos.com.br\/Sistema\/Fotos\/780_Int_B.jpg","datePublished":"2012-07-11T18:18:47+00:00","breadcrumb":{"@id":"https:\/\/inclusivenews.com.br\/?p=22908#breadcrumb"},"inLanguage":"pt-PT","potentialAction":[{"@type":"ReadAction","target":["https:\/\/inclusivenews.com.br\/?p=22908"]}]},{"@type":"ImageObject","inLanguage":"pt-PT","@id":"https:\/\/inclusivenews.com.br\/?p=22908#primaryimage","url":"http:\/\/www.curtasantos.com.br\/Sistema\/Fotos\/780_Int_B.jpg","contentUrl":"http:\/\/www.curtasantos.com.br\/Sistema\/Fotos\/780_Int_B.jpg"},{"@type":"BreadcrumbList","@id":"https:\/\/inclusivenews.com.br\/?p=22908#breadcrumb","itemListElement":[{"@type":"ListItem","position":1,"name":"In\u00edcio","item":"https:\/\/inclusivenews.com.br\/"},{"@type":"ListItem","position":2,"name":"7\u00aa Mostra Cinema e Direitos Humanos na Am\u00e9rica do Sul"}]},{"@type":"WebSite","@id":"https:\/\/inclusivenews.com.br\/#website","url":"https:\/\/inclusivenews.com.br\/","name":"Inclusive News","description":"Inclusive News","publisher":{"@id":"https:\/\/inclusivenews.com.br\/#organization"},"potentialAction":[{"@type":"SearchAction","target":{"@type":"EntryPoint","urlTemplate":"https:\/\/inclusivenews.com.br\/?s={search_term_string}"},"query-input":{"@type":"PropertyValueSpecification","valueRequired":true,"valueName":"search_term_string"}}],"inLanguage":"pt-PT"},{"@type":"Organization","@id":"https:\/\/inclusivenews.com.br\/#organization","name":"Inclusive - inclus\u00e3o e cidadania","url":"https:\/\/inclusivenews.com.br\/","logo":{"@type":"ImageObject","inLanguage":"pt-PT","@id":"https:\/\/inclusivenews.com.br\/#\/schema\/logo\/image\/","url":"https:\/\/inclusivenews.com.br\/wp-content\/uploads\/2024\/03\/@grandesite.png","contentUrl":"https:\/\/inclusivenews.com.br\/wp-content\/uploads\/2024\/03\/@grandesite.png","width":1080,"height":1080,"caption":"Inclusive - inclus\u00e3o e cidadania"},"image":{"@id":"https:\/\/inclusivenews.com.br\/#\/schema\/logo\/image\/"},"sameAs":["https:\/\/www.facebook.com\/agenciainclusive\/","https:\/\/www.instagram.com\/newsinclusive\/"]},{"@type":"Person","@id":"https:\/\/inclusivenews.com.br\/#\/schema\/person\/ae4ec7087559b8692fb33b6fffd2273b","name":"inclusivenews2024","image":{"@type":"ImageObject","inLanguage":"pt-PT","@id":"https:\/\/secure.gravatar.com\/avatar\/c5a7ef84c66fa914f55bc4f7ce26cfa275a3b9a1c5568b907bd184fb4dde7b40?s=96&d=mm&r=g","url":"https:\/\/secure.gravatar.com\/avatar\/c5a7ef84c66fa914f55bc4f7ce26cfa275a3b9a1c5568b907bd184fb4dde7b40?s=96&d=mm&r=g","contentUrl":"https:\/\/secure.gravatar.com\/avatar\/c5a7ef84c66fa914f55bc4f7ce26cfa275a3b9a1c5568b907bd184fb4dde7b40?s=96&d=mm&r=g","caption":"inclusivenews2024"},"sameAs":["https:\/\/inclusivenews.com.br"],"url":"https:\/\/inclusivenews.com.br\/?author=1"}]}},"_links":{"self":[{"href":"https:\/\/inclusivenews.com.br\/index.php?rest_route=\/wp\/v2\/posts\/22908","targetHints":{"allow":["GET"]}}],"collection":[{"href":"https:\/\/inclusivenews.com.br\/index.php?rest_route=\/wp\/v2\/posts"}],"about":[{"href":"https:\/\/inclusivenews.com.br\/index.php?rest_route=\/wp\/v2\/types\/post"}],"author":[{"embeddable":true,"href":"https:\/\/inclusivenews.com.br\/index.php?rest_route=\/wp\/v2\/users\/1"}],"replies":[{"embeddable":true,"href":"https:\/\/inclusivenews.com.br\/index.php?rest_route=%2Fwp%2Fv2%2Fcomments&post=22908"}],"version-history":[{"count":0,"href":"https:\/\/inclusivenews.com.br\/index.php?rest_route=\/wp\/v2\/posts\/22908\/revisions"}],"wp:attachment":[{"href":"https:\/\/inclusivenews.com.br\/index.php?rest_route=%2Fwp%2Fv2%2Fmedia&parent=22908"}],"wp:term":[{"taxonomy":"category","embeddable":true,"href":"https:\/\/inclusivenews.com.br\/index.php?rest_route=%2Fwp%2Fv2%2Fcategories&post=22908"},{"taxonomy":"post_tag","embeddable":true,"href":"https:\/\/inclusivenews.com.br\/index.php?rest_route=%2Fwp%2Fv2%2Ftags&post=22908"}],"curies":[{"name":"wp","href":"https:\/\/api.w.org\/{rel}","templated":true}]}}