{"id":22915,"date":"2012-07-11T15:21:48","date_gmt":"2012-07-11T18:21:48","guid":{"rendered":"http:\/\/www.inclusive.org.br\/?p=22915"},"modified":"2012-07-11T15:21:48","modified_gmt":"2012-07-11T18:21:48","slug":"longe-de-erradicar-o-trabalho-infantil","status":"publish","type":"post","link":"https:\/\/inclusivenews.com.br\/?p=22915","title":{"rendered":"Longe de erradicar o trabalho infantil"},"content":{"rendered":"<p><em>Redu\u00e7\u00e3o t\u00edmida nos \u00edndices de trabalho infantil no pa\u00eds revela falhas no combate \u00e0 pr\u00e1tica<\/em><\/p>\n<p><a href=\"http:\/\/www.brasildefato.com.br\/sites\/default\/files\/trabalhoinfantil.1jpg\"><img loading=\"lazy\" decoding=\"async\" class=\"alignnone\" src=\"http:\/\/www.brasildefato.com.br\/sites\/default\/files\/trabalhoinfantil.1jpg\" alt=\"Gr\u00e1fico - descri\u00e7\u00e3o n\u00e3o fornecida\" width=\"460\" height=\"640\" \/><br \/>\n<\/a><\/p>\n<p><em>Por Patr\u00edcia Benvenuti<br \/>\nno Brasil de Fato<\/em><\/p>\n<p>Em farois, carvoarias, casas de prostitui\u00e7\u00e3o ou mesmo nos lares. Nesses e em muitos outros locais, milh\u00f5es de crian\u00e7as e adolescentes brasileiros continuam trabalhando, \u00e0 merc\u00ea das leis de prote\u00e7\u00e3o, sem direito a brincar ou dedicar-se aos estudos. Segundo a \u00faltima Pesquisa Nacional por Amostra de Domic\u00edlios (Pnad), de 2009, 4,3 milh\u00f5es de crian\u00e7as entre 5 e 17 anos exercem algum tipo de trabalho.<\/p>\n<p>Dados do Censo 2010 divulgados em 12 de junho, Dia Mundial de Combate ao Trabalho Infantil, apontam que, na \u00faltima d\u00e9cada, o n\u00famero de trabalhadores na faixa et\u00e1ria de 10 a 17 anos caiu 13,44%, o que corresponde a cerca de 530 mil pessoas.<\/p>\n<p>Os n\u00fameros s\u00e3o positivos, mas a situa\u00e7\u00e3o atual est\u00e1 longe de merecer comemora\u00e7\u00e3o, como explica a secret\u00e1ria-executiva do F\u00f3rum Nacional de Preven\u00e7\u00e3o e Erradica\u00e7\u00e3o do Trabalho Infantil (FNPeti), Isa Oliveira. &#8220;Se voc\u00ea considera o tempo da pesquisa, dez anos, \u00e9 uma redu\u00e7\u00e3o pouco expressiva&#8221;, avalia.<\/p>\n<p>&#8220;Houve uma redu\u00e7\u00e3o do trabalho infantil, mas de fato o que se pretende n\u00e3o \u00e9 que se reduza, \u00e9 que seja eliminado&#8221;, enfatiza o juiz do trabalho e professor de Direito da Universidade de S\u00e3o Paulo (USP) Jorge Lu\u00eds Souto Maior.<\/p>\n<p>At\u00e9 os 14 anos, toda forma de trabalho \u00e9 proibida no Brasil. De 14 a 16 anos, \u00e9 permitida a aprendizagem, quando o jovem recebe uma forma\u00e7\u00e3o espec\u00edfica, acompanhada por garantias trabalhistas e previdenci\u00e1rias, como carteira assinada e sal\u00e1rio-hora. J\u00e1 entre 16 e 18, o adolescente pode trabalhar, desde que em local formal e protegido.<\/p>\n<p>Se o Brasil mantiver o atual ritmo, a tend\u00eancia \u00e9 de que o pa\u00eds n\u00e3o alcance a meta da ONU para eliminar as Piores Formas de Trabalho Infantil at\u00e9 2016. Definidas pela Conven\u00e7\u00e3o 182 da Organiza\u00e7\u00e3o Internacional do Trabalho (OIT), as Piores Formas s\u00e3o caracterizadas por atividades il\u00edcitas como conflitos armados, tr\u00e1fico de drogas, explora\u00e7\u00e3o sexual, ou ainda of\u00edcios que podem colocar em risco a vida da crian\u00e7a, como carvoarias, lix\u00f5es, pesca de mariscos e at\u00e9 tarefas dom\u00e9sticas.<\/p>\n<p>Apesar da redu\u00e7\u00e3o nos \u00edndices de trabalho infantil entre 10 e 17 anos, Isa chama a aten\u00e7\u00e3o para o aumento de 1,56% entre 10 e 13 anos &#8212; faixa em que n\u00e3o \u00e9 permitido trabalhar de forma alguma. &#8220;Crescer nessa faixa ou mesmo se estabilizar indica, de forma contundente, que as pol\u00edticas p\u00fablicas e os programas no Brasil n\u00e3o est\u00e3o tendo a efic\u00e1cia que deveriam ter&#8221;, afirma.<\/p>\n<p>*Bolsa Fam\u00edlia*<\/p>\n<p>O Programa Bolsa Fam\u00edlia \u00e9 apontado como o principal exemplo dessa inefic\u00e1cia. Em 2005, o programa federal foi integrado ao Plano Nacional de Erradica\u00e7\u00e3o do Trabalho Infantil, sob argumento de que, juntas, as pol\u00edticas refor\u00e7ariam o combate ao trabalho infantil.<\/p>\n<p>Dentre as exig\u00eancias para a concess\u00e3o da ajuda financeira est\u00e1 que os jovens estejam matriculados na escola e tenham uma frequ\u00eancia escolar m\u00ednima. Entretanto, para receber o aux\u00edlio, n\u00e3o \u00e9 preciso comprovar que as crian\u00e7as n\u00e3o trabalham. Com isso, muitos continuam com alguma ocupa\u00e7\u00e3o ao mesmo tempo em que estudam &#8212; acumulando atividades e prejudicando seu desempenho escolar.<\/p>\n<p>&#8220;Uma crian\u00e7a sem sucesso escolar \u00e9 um candidato a ser o pr\u00f3ximo desempregado, uma pessoa com trabalho prec\u00e1rio ou v\u00edtima do trabalho for\u00e7ado&#8221;, afirma o coordenador do Programa Internacional para Elimina\u00e7\u00e3o do Trabalho Infantil da Organiza\u00e7\u00e3o Internacional do Trabalho (OIT) Renato Mendes.<\/p>\n<p>Para assegurar a efetividade do Bolsa Fam\u00edlia, as organiza\u00e7\u00f5es que lutam pelo combate ao trabalho infantil defendem que a concess\u00e3o do aux\u00edlio financeiro esteja vinculada \u00e0 garantia de que as crian\u00e7as parem de trabalhar. Junto com isso, as institui\u00e7\u00f5es de ensino devem oferecer atividades de esporte, cultura e lazer no contraturno escolar.<\/p>\n<p>Em rela\u00e7\u00e3o \u00e0s fam\u00edlias, \u00e9 preciso investir em conscientiza\u00e7\u00e3o, mostrando a elas o preju\u00edzo do trabalho infantil para seus filhos. Entretanto, alerta Isa Oliveira, medidas como essa n\u00e3o ter\u00e3o impacto se n\u00e3o forem acompanhadas por programas de gera\u00e7\u00e3o de renda e qualifica\u00e7\u00e3o profissional.<\/p>\n<p>&#8220;\u00c9 preciso que essa renda que a crian\u00e7a traz seja substitu\u00edda por uma renda auferida pelos adultos da fam\u00edlia&#8221;, diz.<\/p>\n<p>*Responsabiliza\u00e7\u00e3o*<\/p>\n<p>Na avalia\u00e7\u00e3o de Renato Mendes, al\u00e9m da implementa\u00e7\u00e3o das pol\u00edticas nacionais, os governos estaduais e, principalmente, municipais, precisam envolver-se mais no combate ao trabalho infantil. Para ele, cabe \u00e0s prefeituras identificarem as crian\u00e7as e adolescentes que trabalham em seus munic\u00edpios. &#8220;Isso significa n\u00e3o esperar a den\u00fancia. N\u00e3o existe motivo ou desculpa para n\u00e3o ir atr\u00e1s dessas crian\u00e7as&#8221;, defende.<\/p>\n<p>Souto Maior, por sua vez, n\u00e3o exime o Poder Judici\u00e1rio de responsabilidade. Em caso de trabalho infantil, segundo ele, a Justi\u00e7a do Trabalho costuma agir de duas formas. A primeira, determinar \u00e0 crian\u00e7a o pagamento dos direitos trabalhistas, reconhecendo a exist\u00eancia do v\u00ednculo empregat\u00edcio. A segunda, negar o pagamento de qualquer direito, reconhecendo que houve uma atividade proibida por lei.<\/p>\n<p>&#8220;Acaba que o il\u00edcito em si, da explora\u00e7\u00e3o do trabalho infantil, n\u00e3o tem uma repercuss\u00e3o espec\u00edfica. Economicamente, n\u00e3o representa nenhum risco para o explorador e, consequentemente, a situa\u00e7\u00e3o persiste&#8221;, analisa.<\/p>\n<p>O mais indicado nesses casos, de acordo com o juiz, seria a aplica\u00e7\u00e3o de multas de alto valor, que poderiam inibir a reprodu\u00e7\u00e3o da pr\u00e1tica.<\/p>\n","protected":false},"excerpt":{"rendered":"<p>Redu\u00e7\u00e3o t\u00edmida nos \u00edndices de trabalho infantil no pa\u00eds revela falhas no combate \u00e0 pr\u00e1tica. Reportagem \u00e9 de Patr\u00edcia Benvenuti,<br \/>\nno Brasil de Fato.<\/p>\n","protected":false},"author":1,"featured_media":0,"comment_status":"open","ping_status":"open","sticky":false,"template":"","format":"standard","meta":{"site-container-style":"default","site-container-layout":"default","site-sidebar-layout":"default","disable-article-header":"default","disable-site-header":"default","disable-site-footer":"default","disable-content-area-spacing":"default","footnotes":""},"categories":[11,33],"tags":[60],"class_list":["post-22915","post","type-post","status-publish","format-standard","hentry","category-direitos-humanos","category-reportagem","tag-infancia"],"yoast_head":"<!-- This site is optimized with the Yoast SEO plugin v27.4 - https:\/\/yoast.com\/product\/yoast-seo-wordpress\/ -->\n<title>Longe de erradicar o trabalho infantil -<\/title>\n<meta name=\"robots\" content=\"index, follow, max-snippet:-1, max-image-preview:large, max-video-preview:-1\" \/>\n<link rel=\"canonical\" href=\"https:\/\/inclusivenews.com.br\/?p=22915\" \/>\n<meta property=\"og:locale\" content=\"pt_PT\" \/>\n<meta property=\"og:type\" content=\"article\" \/>\n<meta property=\"og:title\" content=\"Longe de erradicar o trabalho infantil -\" \/>\n<meta property=\"og:description\" content=\"Redu\u00e7\u00e3o t\u00edmida nos \u00edndices de trabalho infantil no pa\u00eds revela falhas no combate \u00e0 pr\u00e1tica. Reportagem \u00e9 de Patr\u00edcia Benvenuti, no Brasil de Fato.\" \/>\n<meta property=\"og:url\" content=\"https:\/\/inclusivenews.com.br\/?p=22915\" \/>\n<meta property=\"article:publisher\" content=\"https:\/\/www.facebook.com\/agenciainclusive\/\" \/>\n<meta property=\"article:published_time\" content=\"2012-07-11T18:21:48+00:00\" \/>\n<meta property=\"og:image\" content=\"http:\/\/www.brasildefato.com.br\/sites\/default\/files\/trabalhoinfantil.1jpg\" \/>\n<meta name=\"author\" content=\"inclusivenews2024\" \/>\n<meta name=\"twitter:card\" content=\"summary_large_image\" \/>\n<meta name=\"twitter:label1\" content=\"Escrito por\" \/>\n\t<meta name=\"twitter:data1\" content=\"inclusivenews2024\" \/>\n\t<meta name=\"twitter:label2\" content=\"Tempo estimado de leitura\" \/>\n\t<meta name=\"twitter:data2\" content=\"5 minutos\" \/>\n<script type=\"application\/ld+json\" class=\"yoast-schema-graph\">{\"@context\":\"https:\\\/\\\/schema.org\",\"@graph\":[{\"@type\":\"Article\",\"@id\":\"https:\\\/\\\/inclusivenews.com.br\\\/?p=22915#article\",\"isPartOf\":{\"@id\":\"https:\\\/\\\/inclusivenews.com.br\\\/?p=22915\"},\"author\":{\"name\":\"inclusivenews2024\",\"@id\":\"https:\\\/\\\/inclusivenews.com.br\\\/#\\\/schema\\\/person\\\/ae4ec7087559b8692fb33b6fffd2273b\"},\"headline\":\"Longe de erradicar o trabalho infantil\",\"datePublished\":\"2012-07-11T18:21:48+00:00\",\"mainEntityOfPage\":{\"@id\":\"https:\\\/\\\/inclusivenews.com.br\\\/?p=22915\"},\"wordCount\":937,\"commentCount\":0,\"publisher\":{\"@id\":\"https:\\\/\\\/inclusivenews.com.br\\\/#organization\"},\"image\":{\"@id\":\"https:\\\/\\\/inclusivenews.com.br\\\/?p=22915#primaryimage\"},\"thumbnailUrl\":\"http:\\\/\\\/www.brasildefato.com.br\\\/sites\\\/default\\\/files\\\/trabalhoinfantil.1jpg\",\"keywords\":[\"Inf\u00e2ncia\"],\"articleSection\":[\"DIREITOS HUMANOS\",\"Reportagem\"],\"inLanguage\":\"pt-PT\",\"potentialAction\":[{\"@type\":\"CommentAction\",\"name\":\"Comment\",\"target\":[\"https:\\\/\\\/inclusivenews.com.br\\\/?p=22915#respond\"]}]},{\"@type\":\"WebPage\",\"@id\":\"https:\\\/\\\/inclusivenews.com.br\\\/?p=22915\",\"url\":\"https:\\\/\\\/inclusivenews.com.br\\\/?p=22915\",\"name\":\"Longe de erradicar o trabalho infantil -\",\"isPartOf\":{\"@id\":\"https:\\\/\\\/inclusivenews.com.br\\\/#website\"},\"primaryImageOfPage\":{\"@id\":\"https:\\\/\\\/inclusivenews.com.br\\\/?p=22915#primaryimage\"},\"image\":{\"@id\":\"https:\\\/\\\/inclusivenews.com.br\\\/?p=22915#primaryimage\"},\"thumbnailUrl\":\"http:\\\/\\\/www.brasildefato.com.br\\\/sites\\\/default\\\/files\\\/trabalhoinfantil.1jpg\",\"datePublished\":\"2012-07-11T18:21:48+00:00\",\"breadcrumb\":{\"@id\":\"https:\\\/\\\/inclusivenews.com.br\\\/?p=22915#breadcrumb\"},\"inLanguage\":\"pt-PT\",\"potentialAction\":[{\"@type\":\"ReadAction\",\"target\":[\"https:\\\/\\\/inclusivenews.com.br\\\/?p=22915\"]}]},{\"@type\":\"ImageObject\",\"inLanguage\":\"pt-PT\",\"@id\":\"https:\\\/\\\/inclusivenews.com.br\\\/?p=22915#primaryimage\",\"url\":\"http:\\\/\\\/www.brasildefato.com.br\\\/sites\\\/default\\\/files\\\/trabalhoinfantil.1jpg\",\"contentUrl\":\"http:\\\/\\\/www.brasildefato.com.br\\\/sites\\\/default\\\/files\\\/trabalhoinfantil.1jpg\"},{\"@type\":\"BreadcrumbList\",\"@id\":\"https:\\\/\\\/inclusivenews.com.br\\\/?p=22915#breadcrumb\",\"itemListElement\":[{\"@type\":\"ListItem\",\"position\":1,\"name\":\"In\u00edcio\",\"item\":\"https:\\\/\\\/inclusivenews.com.br\\\/\"},{\"@type\":\"ListItem\",\"position\":2,\"name\":\"Longe de erradicar o trabalho infantil\"}]},{\"@type\":\"WebSite\",\"@id\":\"https:\\\/\\\/inclusivenews.com.br\\\/#website\",\"url\":\"https:\\\/\\\/inclusivenews.com.br\\\/\",\"name\":\"Inclusive News\",\"description\":\"Inclusive News\",\"publisher\":{\"@id\":\"https:\\\/\\\/inclusivenews.com.br\\\/#organization\"},\"potentialAction\":[{\"@type\":\"SearchAction\",\"target\":{\"@type\":\"EntryPoint\",\"urlTemplate\":\"https:\\\/\\\/inclusivenews.com.br\\\/?s={search_term_string}\"},\"query-input\":{\"@type\":\"PropertyValueSpecification\",\"valueRequired\":true,\"valueName\":\"search_term_string\"}}],\"inLanguage\":\"pt-PT\"},{\"@type\":\"Organization\",\"@id\":\"https:\\\/\\\/inclusivenews.com.br\\\/#organization\",\"name\":\"Inclusive - inclus\u00e3o e cidadania\",\"url\":\"https:\\\/\\\/inclusivenews.com.br\\\/\",\"logo\":{\"@type\":\"ImageObject\",\"inLanguage\":\"pt-PT\",\"@id\":\"https:\\\/\\\/inclusivenews.com.br\\\/#\\\/schema\\\/logo\\\/image\\\/\",\"url\":\"https:\\\/\\\/inclusivenews.com.br\\\/wp-content\\\/uploads\\\/2024\\\/03\\\/@grandesite.png\",\"contentUrl\":\"https:\\\/\\\/inclusivenews.com.br\\\/wp-content\\\/uploads\\\/2024\\\/03\\\/@grandesite.png\",\"width\":1080,\"height\":1080,\"caption\":\"Inclusive - inclus\u00e3o e cidadania\"},\"image\":{\"@id\":\"https:\\\/\\\/inclusivenews.com.br\\\/#\\\/schema\\\/logo\\\/image\\\/\"},\"sameAs\":[\"https:\\\/\\\/www.facebook.com\\\/agenciainclusive\\\/\",\"https:\\\/\\\/www.instagram.com\\\/newsinclusive\\\/\"]},{\"@type\":\"Person\",\"@id\":\"https:\\\/\\\/inclusivenews.com.br\\\/#\\\/schema\\\/person\\\/ae4ec7087559b8692fb33b6fffd2273b\",\"name\":\"inclusivenews2024\",\"image\":{\"@type\":\"ImageObject\",\"inLanguage\":\"pt-PT\",\"@id\":\"https:\\\/\\\/secure.gravatar.com\\\/avatar\\\/c5a7ef84c66fa914f55bc4f7ce26cfa275a3b9a1c5568b907bd184fb4dde7b40?s=96&d=mm&r=g\",\"url\":\"https:\\\/\\\/secure.gravatar.com\\\/avatar\\\/c5a7ef84c66fa914f55bc4f7ce26cfa275a3b9a1c5568b907bd184fb4dde7b40?s=96&d=mm&r=g\",\"contentUrl\":\"https:\\\/\\\/secure.gravatar.com\\\/avatar\\\/c5a7ef84c66fa914f55bc4f7ce26cfa275a3b9a1c5568b907bd184fb4dde7b40?s=96&d=mm&r=g\",\"caption\":\"inclusivenews2024\"},\"sameAs\":[\"https:\\\/\\\/inclusivenews.com.br\"],\"url\":\"https:\\\/\\\/inclusivenews.com.br\\\/?author=1\"}]}<\/script>\n<!-- \/ Yoast SEO plugin. -->","yoast_head_json":{"title":"Longe de erradicar o trabalho infantil -","robots":{"index":"index","follow":"follow","max-snippet":"max-snippet:-1","max-image-preview":"max-image-preview:large","max-video-preview":"max-video-preview:-1"},"canonical":"https:\/\/inclusivenews.com.br\/?p=22915","og_locale":"pt_PT","og_type":"article","og_title":"Longe de erradicar o trabalho infantil -","og_description":"Redu\u00e7\u00e3o t\u00edmida nos \u00edndices de trabalho infantil no pa\u00eds revela falhas no combate \u00e0 pr\u00e1tica. Reportagem \u00e9 de Patr\u00edcia Benvenuti, no Brasil de Fato.","og_url":"https:\/\/inclusivenews.com.br\/?p=22915","article_publisher":"https:\/\/www.facebook.com\/agenciainclusive\/","article_published_time":"2012-07-11T18:21:48+00:00","og_image":[{"url":"http:\/\/www.brasildefato.com.br\/sites\/default\/files\/trabalhoinfantil.1jpg","type":"","width":"","height":""}],"author":"inclusivenews2024","twitter_card":"summary_large_image","twitter_misc":{"Escrito por":"inclusivenews2024","Tempo estimado de leitura":"5 minutos"},"schema":{"@context":"https:\/\/schema.org","@graph":[{"@type":"Article","@id":"https:\/\/inclusivenews.com.br\/?p=22915#article","isPartOf":{"@id":"https:\/\/inclusivenews.com.br\/?p=22915"},"author":{"name":"inclusivenews2024","@id":"https:\/\/inclusivenews.com.br\/#\/schema\/person\/ae4ec7087559b8692fb33b6fffd2273b"},"headline":"Longe de erradicar o trabalho infantil","datePublished":"2012-07-11T18:21:48+00:00","mainEntityOfPage":{"@id":"https:\/\/inclusivenews.com.br\/?p=22915"},"wordCount":937,"commentCount":0,"publisher":{"@id":"https:\/\/inclusivenews.com.br\/#organization"},"image":{"@id":"https:\/\/inclusivenews.com.br\/?p=22915#primaryimage"},"thumbnailUrl":"http:\/\/www.brasildefato.com.br\/sites\/default\/files\/trabalhoinfantil.1jpg","keywords":["Inf\u00e2ncia"],"articleSection":["DIREITOS HUMANOS","Reportagem"],"inLanguage":"pt-PT","potentialAction":[{"@type":"CommentAction","name":"Comment","target":["https:\/\/inclusivenews.com.br\/?p=22915#respond"]}]},{"@type":"WebPage","@id":"https:\/\/inclusivenews.com.br\/?p=22915","url":"https:\/\/inclusivenews.com.br\/?p=22915","name":"Longe de erradicar o trabalho infantil -","isPartOf":{"@id":"https:\/\/inclusivenews.com.br\/#website"},"primaryImageOfPage":{"@id":"https:\/\/inclusivenews.com.br\/?p=22915#primaryimage"},"image":{"@id":"https:\/\/inclusivenews.com.br\/?p=22915#primaryimage"},"thumbnailUrl":"http:\/\/www.brasildefato.com.br\/sites\/default\/files\/trabalhoinfantil.1jpg","datePublished":"2012-07-11T18:21:48+00:00","breadcrumb":{"@id":"https:\/\/inclusivenews.com.br\/?p=22915#breadcrumb"},"inLanguage":"pt-PT","potentialAction":[{"@type":"ReadAction","target":["https:\/\/inclusivenews.com.br\/?p=22915"]}]},{"@type":"ImageObject","inLanguage":"pt-PT","@id":"https:\/\/inclusivenews.com.br\/?p=22915#primaryimage","url":"http:\/\/www.brasildefato.com.br\/sites\/default\/files\/trabalhoinfantil.1jpg","contentUrl":"http:\/\/www.brasildefato.com.br\/sites\/default\/files\/trabalhoinfantil.1jpg"},{"@type":"BreadcrumbList","@id":"https:\/\/inclusivenews.com.br\/?p=22915#breadcrumb","itemListElement":[{"@type":"ListItem","position":1,"name":"In\u00edcio","item":"https:\/\/inclusivenews.com.br\/"},{"@type":"ListItem","position":2,"name":"Longe de erradicar o trabalho infantil"}]},{"@type":"WebSite","@id":"https:\/\/inclusivenews.com.br\/#website","url":"https:\/\/inclusivenews.com.br\/","name":"Inclusive News","description":"Inclusive News","publisher":{"@id":"https:\/\/inclusivenews.com.br\/#organization"},"potentialAction":[{"@type":"SearchAction","target":{"@type":"EntryPoint","urlTemplate":"https:\/\/inclusivenews.com.br\/?s={search_term_string}"},"query-input":{"@type":"PropertyValueSpecification","valueRequired":true,"valueName":"search_term_string"}}],"inLanguage":"pt-PT"},{"@type":"Organization","@id":"https:\/\/inclusivenews.com.br\/#organization","name":"Inclusive - inclus\u00e3o e cidadania","url":"https:\/\/inclusivenews.com.br\/","logo":{"@type":"ImageObject","inLanguage":"pt-PT","@id":"https:\/\/inclusivenews.com.br\/#\/schema\/logo\/image\/","url":"https:\/\/inclusivenews.com.br\/wp-content\/uploads\/2024\/03\/@grandesite.png","contentUrl":"https:\/\/inclusivenews.com.br\/wp-content\/uploads\/2024\/03\/@grandesite.png","width":1080,"height":1080,"caption":"Inclusive - inclus\u00e3o e cidadania"},"image":{"@id":"https:\/\/inclusivenews.com.br\/#\/schema\/logo\/image\/"},"sameAs":["https:\/\/www.facebook.com\/agenciainclusive\/","https:\/\/www.instagram.com\/newsinclusive\/"]},{"@type":"Person","@id":"https:\/\/inclusivenews.com.br\/#\/schema\/person\/ae4ec7087559b8692fb33b6fffd2273b","name":"inclusivenews2024","image":{"@type":"ImageObject","inLanguage":"pt-PT","@id":"https:\/\/secure.gravatar.com\/avatar\/c5a7ef84c66fa914f55bc4f7ce26cfa275a3b9a1c5568b907bd184fb4dde7b40?s=96&d=mm&r=g","url":"https:\/\/secure.gravatar.com\/avatar\/c5a7ef84c66fa914f55bc4f7ce26cfa275a3b9a1c5568b907bd184fb4dde7b40?s=96&d=mm&r=g","contentUrl":"https:\/\/secure.gravatar.com\/avatar\/c5a7ef84c66fa914f55bc4f7ce26cfa275a3b9a1c5568b907bd184fb4dde7b40?s=96&d=mm&r=g","caption":"inclusivenews2024"},"sameAs":["https:\/\/inclusivenews.com.br"],"url":"https:\/\/inclusivenews.com.br\/?author=1"}]}},"_links":{"self":[{"href":"https:\/\/inclusivenews.com.br\/index.php?rest_route=\/wp\/v2\/posts\/22915","targetHints":{"allow":["GET"]}}],"collection":[{"href":"https:\/\/inclusivenews.com.br\/index.php?rest_route=\/wp\/v2\/posts"}],"about":[{"href":"https:\/\/inclusivenews.com.br\/index.php?rest_route=\/wp\/v2\/types\/post"}],"author":[{"embeddable":true,"href":"https:\/\/inclusivenews.com.br\/index.php?rest_route=\/wp\/v2\/users\/1"}],"replies":[{"embeddable":true,"href":"https:\/\/inclusivenews.com.br\/index.php?rest_route=%2Fwp%2Fv2%2Fcomments&post=22915"}],"version-history":[{"count":0,"href":"https:\/\/inclusivenews.com.br\/index.php?rest_route=\/wp\/v2\/posts\/22915\/revisions"}],"wp:attachment":[{"href":"https:\/\/inclusivenews.com.br\/index.php?rest_route=%2Fwp%2Fv2%2Fmedia&parent=22915"}],"wp:term":[{"taxonomy":"category","embeddable":true,"href":"https:\/\/inclusivenews.com.br\/index.php?rest_route=%2Fwp%2Fv2%2Fcategories&post=22915"},{"taxonomy":"post_tag","embeddable":true,"href":"https:\/\/inclusivenews.com.br\/index.php?rest_route=%2Fwp%2Fv2%2Ftags&post=22915"}],"curies":[{"name":"wp","href":"https:\/\/api.w.org\/{rel}","templated":true}]}}