{"id":22921,"date":"2012-07-11T15:29:07","date_gmt":"2012-07-11T18:29:07","guid":{"rendered":"http:\/\/www.inclusive.org.br\/?p=22921"},"modified":"2012-07-11T15:29:07","modified_gmt":"2012-07-11T18:29:07","slug":"publicidade-infantil-proibir-ou-nao-proibir","status":"publish","type":"post","link":"https:\/\/inclusivenews.com.br\/?p=22921","title":{"rendered":"Publicidade infantil: proibir ou n\u00e3o proibir?"},"content":{"rendered":"<p><img loading=\"lazy\" decoding=\"async\" class=\"alignleft\" src=\"http:\/\/www.hipersuper.pt\/wp-content\/uploads\/2010\/07\/retalho_consumidor.jpg\" alt=\"Beb\u00ea dentro de sacola de compras onde l\u00ea-se &quot;born to buy&quot;\" width=\"280\" height=\"276\" \/><\/p>\n<p>Entre um bloco e outro de um programa de tev\u00ea, ex\u00e9rcitos de bonecos, ursinhos e super-her\u00f3is n\u00e3o medem esfor\u00e7os para vender para as crian\u00e7as o mais novo brinquedo do mercado. Na internet, aquele que conseguir fazer o personagem comer uma maior quantidade de sandu\u00edches \u00e9 o vencedor do jogo criado especialmente para uma rede de \/fast food\/. Pequenas reprodu\u00e7\u00f5es de logomarcas de empresas deixam os jogos de tabuleiro com uma cara mais pr\u00f3xima \u00e0 realidade.<\/p>\n<p>N\u00e3o existe ainda no Brasil uma legisla\u00e7\u00e3o espec\u00edfica para a publicidade de produtos infantis, de modo que atualmente cabe apenas \u00e0s normas do Conselho Nacional de Autorregulamenta\u00e7\u00e3o Publicit\u00e1ria (Conar) e aos pais moderar a grande quantidade de informa\u00e7\u00e3o que chega aos pequenos. Tramita na C\u00e2mara dos Deputados, h\u00e1 mais de dez anos, o Projeto de Lei 5921, do deputado Luiz Carlos Hauly (PSDB-PR), que pretende proibir a publicidade destinada a vender produtos infantis. O texto j\u00e1 sofreu modifica\u00e7\u00f5es na Comiss\u00e3o de Defesa do Consumidor e na Comiss\u00e3o de Desenvolvimento Econ\u00f4mico, Ind\u00fastria e Com\u00e9rcio e chegou \u00e0 Comiss\u00e3o de Ci\u00eancia e Tecnologia na ter\u00e7a-feira 3, para ser consultado em audi\u00eancia p\u00fablica.<\/p>\n<p>Durante a reuni\u00e3o, o deputado Salvador Zimbaldi (PDT-SP), relator do PL na Comiss\u00e3o, concluiu que o Conar tem sido ineficaz na fiscaliza\u00e7\u00e3o das ag\u00eancias publicit\u00e1rias e que o pa\u00eds n\u00e3o deve continuar sem regulamenta\u00e7\u00e3o para publicidade infantil. &#8220;N\u00f3s vamos tentar buscar o melhor para a popula\u00e7\u00e3o e particularmente para as crian\u00e7as. Hoje, estamos convivendo com a popula\u00e7\u00e3o infantil obesa, por conta do consumismo, do sedentarismo. O que queremos, na verdade, \u00e9 buscar um meio termo para que a propaganda n\u00e3o venha a ser restrita, mas, por outro lado, tamb\u00e9m n\u00e3o haja um incentivo, um est\u00edmulo absurdo ao consumo, conforme estamos vivenciando hoje&#8221;, afirmou.<\/p>\n<p>&#8220;N\u00f3s entendemos que esse projeto de lei \u00e9 uma iniciativa muito importante para a prote\u00e7\u00e3o da inf\u00e2ncia brasileira&#8221;, considera Ekaterine Karageorgiadis, advogada do Instituto Alana, entidade l\u00edder na campanha em favor da veda\u00e7\u00e3o de qualquer tipo de publicidade dirigida a menores de 12 anos. Para ela, crian\u00e7as ainda n\u00e3o t\u00eam capacidade psicol\u00f3gica suficiente para compreender a mensagem publicit\u00e1ria. &#8220;A crian\u00e7a n\u00e3o consegue entender o que \u00e9 publicidade e o que \u00e9 programa\u00e7\u00e3o ou conte\u00fado. Por exemplo, ela acha que a boneca que aparece no desenho \u00e9 a mesma que aparece na propaganda. As empresas est\u00e3o vendendo para ela sem ela saber&#8221;, explica, em entrevista \u00e0 CartaCapital.<\/p>\n<p>Ekaterine lembra que a proibi\u00e7\u00e3o apenas de propagandas de produtos infantis n\u00e3o \u00e9 suficiente, uma vez que as crian\u00e7as ainda estariam expostas ao comercial destinado aos adultos. &#8220;O posicionamento do Instituto Alana n\u00e3o \u00e9 apenas a proibi\u00e7\u00e3o de publicidades infantis, mas o fim da publicidade direcionada ao p\u00fablico infantil, independentemente do produto. Porque muitas vezes algumas mensagens de vendas de produtos adultos, como carros, celulares, tamb\u00e9m usam de artif\u00edcios para que a crian\u00e7a haja como promotora de vendas&#8221;, afirma.<\/p>\n<p>Recentemente a Fiat passou a veicular seu logotipo em brinquedos como carrinhos e jogos de tabuleiro. No in\u00edcio de junho, em entrevista ao jornal Valor Econ\u00f4mico, Jo\u00e3o Batista Ciaco, diretor de publicidade e marketing de relacionamento da empresa e presidente da Associa\u00e7\u00e3o Brasileira de Anunciantes (ABA), revelou que a estrat\u00e9gia visa a criar uma rela\u00e7\u00e3o afetiva do p\u00fablico infantil com a Fiat para influenciar as compras da fam\u00edlia.<\/p>\n<p>Uma pesquisa realizada pelo Instituto Alana j\u00e1 mostrou que a crian\u00e7a tem influ\u00eancia sobre as compras gerais da casa em cerca de 80%. &#8220;O p\u00fablico infantil vai interferir na compra do ve\u00edculo, na compra do alimento, na compra do material de limpeza, do plano de sa\u00fade. Por isto, a publicidade \u00e9 destinada para ela&#8221;, explica Ekaterine. E completa: &#8220;Dadas as condi\u00e7\u00f5es socioecon\u00f4micas da nossa sociedade, que tem a televis\u00e3o como uma bab\u00e1 virtual, as empresas sabem que as crian\u00e7as t\u00eam mais acesso \u00e0 m\u00eddia porque os respons\u00e1veis est\u00e3o trabalhando. Quando os pais chegam em casa, elas reproduzem esse conte\u00fado, os jingles, as can\u00e7\u00f5es&#8221;.<\/p>\n<p>O substitutivo proposto em 2008 pela ent\u00e3o deputada Maria do Carmo Lara (PT-MG), na Comiss\u00e3o de Defesa do Consumidor, analisava a quest\u00e3o, afirmando que n\u00e3o haveria motivos para restringir a publicidade se o produto infantil fosse anunciado aos pais. O texto, aprovado pela Comiss\u00e3o, foi considerado radical pelos agentes de mercado, mas bastante completo pelos demais envolvidos na quest\u00e3o, definindo o que \u00e9 uma mensagem dirigida \u00e0s crian\u00e7as, propondo uma regulamenta\u00e7\u00e3o para as mensagens destinadas aos adolescentes e incluindo puni\u00e7\u00f5es. De acordo com o projeto, a comunica\u00e7\u00e3o mercadol\u00f3gica abrange, dentre outros, a pr\u00f3pria publicidade, an\u00fancios impressos, comerciais televisivos, spots de r\u00e1dio, banners e sites na internet, embalagens, promo\u00e7\u00f5es, merchandising e disposi\u00e7\u00e3o dos produtos nos pontos de vendas.<\/p>\n<p>&#8220;N\u00f3s, do Instituto Alana, n\u00e3o somos contra a publicidade. Contra esse tipo de estrat\u00e9gia que \u00e9 deliberadamente feita para que a crian\u00e7a aja como um promotor de vendas \u00e9 que lutamos. N\u00e3o queremos restringir a liberdade de express\u00e3o de ningu\u00e9m, apenas que o comercial exista para quem pode decidir se quer ou pode comprar determinado produto&#8221;, conclui Ekaterine.<\/p>\n<p>*Outro lado*<\/p>\n<p>Rafael Sampaio, vice-presidente executivo da ABA, defende que a autorregulamenta\u00e7\u00e3o \u00e9 o principal modo para lidar com a publicidade infantil. &#8220;Nossa posi\u00e7\u00e3o oficial \u00e9 a favor da publicidade infantil com as restri\u00e7\u00f5es que j\u00e1 existem hoje, com as normas do Conar&#8221;, diz.<\/p>\n<p>A argumenta\u00e7\u00e3o de Sampaio parte do exemplo de outros pa\u00edses. Ele afirma que, das 192 na\u00e7\u00f5es ligados \u00e0 ONU, s\u00f3 se encontram restri\u00e7\u00f5es legais sobre o assunto, na dimens\u00e3o, em apenas dois pa\u00edses e em alguns Estados da Su\u00e9cia e da Noruega e na prov\u00edncia de Quebec, no Canad\u00e1. Durante entrevista \u00e0 CartaCapital, ele afirmou: &#8220;O caso de Quebec \u00e9 simb\u00f3lico. Foi o primeiro lugar do mundo a banir a propaganda infantil e tr\u00eas meses depois n\u00e3o aconteceu nenhuma mudan\u00e7a relevante no \u00edndice de obesidade infantil. Inclusive, em rela\u00e7\u00e3o \u00e0s demais \u00e1reas do Canad\u00e1, a diferen\u00e7a era de apenas 1%&#8221;.<\/p>\n<p>A campanha &#8220;Somos Todos Respons\u00e1veis&#8221;, promovida pela Associa\u00e7\u00e3o Brasileira de Ag\u00eancias de Publicidade, trata a proibi\u00e7\u00e3o como ineficaz. &#8220;Basta proibir sumariamente a propaganda dirigida para crian\u00e7as de at\u00e9 12 anos para proteg\u00ea-las das tenta\u00e7\u00f5es do consumo e de outros supostos riscos. Mas ser\u00e1 que \u00e9 mesmo simples assim? As crian\u00e7as tamb\u00e9m dever\u00e3o ser proibidas de ver as vitrines nos shoppings? Ser\u00e3o impedidas de mostrar o t\u00eanis e a mochila novos aos colegas de classe para evitar desejos consumistas?&#8221;, escreve a entidade na p\u00e1gina oficial da campanha.<\/p>\n<p>Durante a audi\u00eancia, o presidente da Associa\u00e7\u00e3o Brasileira dos Fabricantes de Brinquedos (Abrinq), Syn\u00e9sio Batista da Costa, criticou a interfer\u00eancia do Estado nesse tema. &#8220;Esse projeto de lei n\u00e3o tem consenso. O Estado n\u00e3o pode desligar a internet ou proibir a viagem de crian\u00e7as ao exterior. Vai acabar criando um sistema de castas, onde h\u00e1 aqueles com informa\u00e7\u00e3o e aqueles sem&#8221;, disse. Costa afirmou ainda que s\u00e3o as m\u00e3es que compram 70% dos brinquedos no Brasil. &#8220;A m\u00e3e sabe muito bem o que est\u00e1 fazendo. Eu prefiro confiar na m\u00e3e do que na a\u00e7\u00e3o do Estado para regular o que a fam\u00edlia deve fazer. Eu prefiro o respeito \u00e0 fam\u00edlia brasileira&#8221;, destacou.<\/p>\n<p>O deputado Salvador Zimbaldi afirmou que deve apresentar seu relat\u00f3rio na primeira quinzena de agosto. Depois o texto ainda ter\u00e1 de passar pela Comiss\u00e3o de Constitui\u00e7\u00e3o e Justi\u00e7a antes de seguir para o Senado.<\/p>\n<p>Fonte: Carta Capital\/<a href=\"http:\/\/mercadoetico.terra.com.br\/arquivo\/publicidade-infantil-proibir-ou-nao-proibir\/?utm_source=newsletter&amp;utm_medium=email&amp;utm_campaign=mercado-etico-hoje\">Mercado \u00c9tico<\/a><\/p>\n","protected":false},"excerpt":{"rendered":"<p>Entre um bloco e outro de um programa de tev\u00ea, ex\u00e9rcitos de bonecos, ursinhos e super-her\u00f3is n\u00e3o medem esfor\u00e7os para vender para as crian\u00e7as o mais novo brinquedo do mercado. Reportagem \u00e9 da Carta Capital<\/p>\n","protected":false},"author":1,"featured_media":0,"comment_status":"open","ping_status":"open","sticky":false,"template":"","format":"standard","meta":{"site-container-style":"default","site-container-layout":"default","site-sidebar-layout":"default","disable-article-header":"default","disable-site-header":"default","disable-site-footer":"default","disable-content-area-spacing":"default","footnotes":""},"categories":[11,4],"tags":[60],"class_list":["post-22921","post","type-post","status-publish","format-standard","hentry","category-direitos-humanos","category-noticias","tag-infancia"],"yoast_head":"<!-- This site is optimized with the Yoast SEO plugin v27.4 - https:\/\/yoast.com\/product\/yoast-seo-wordpress\/ -->\n<title>Publicidade infantil: proibir ou n\u00e3o proibir? -<\/title>\n<meta name=\"robots\" content=\"index, follow, max-snippet:-1, max-image-preview:large, max-video-preview:-1\" \/>\n<link rel=\"canonical\" href=\"https:\/\/inclusivenews.com.br\/?p=22921\" \/>\n<meta property=\"og:locale\" content=\"pt_PT\" \/>\n<meta property=\"og:type\" content=\"article\" \/>\n<meta property=\"og:title\" content=\"Publicidade infantil: proibir ou n\u00e3o proibir? -\" \/>\n<meta property=\"og:description\" content=\"Entre um bloco e outro de um programa de tev\u00ea, ex\u00e9rcitos de bonecos, ursinhos e super-her\u00f3is n\u00e3o medem esfor\u00e7os para vender para as crian\u00e7as o mais novo brinquedo do mercado. Reportagem \u00e9 da Carta Capital\" \/>\n<meta property=\"og:url\" content=\"https:\/\/inclusivenews.com.br\/?p=22921\" \/>\n<meta property=\"article:publisher\" content=\"https:\/\/www.facebook.com\/agenciainclusive\/\" \/>\n<meta property=\"article:published_time\" content=\"2012-07-11T18:29:07+00:00\" \/>\n<meta property=\"og:image\" content=\"http:\/\/www.hipersuper.pt\/wp-content\/uploads\/2010\/07\/retalho_consumidor.jpg\" \/>\n<meta name=\"author\" content=\"inclusivenews2024\" \/>\n<meta name=\"twitter:card\" content=\"summary_large_image\" \/>\n<meta name=\"twitter:label1\" content=\"Escrito por\" \/>\n\t<meta name=\"twitter:data1\" content=\"inclusivenews2024\" \/>\n\t<meta name=\"twitter:label2\" content=\"Tempo estimado de leitura\" \/>\n\t<meta name=\"twitter:data2\" content=\"7 minutos\" \/>\n<script type=\"application\/ld+json\" class=\"yoast-schema-graph\">{\"@context\":\"https:\\\/\\\/schema.org\",\"@graph\":[{\"@type\":\"Article\",\"@id\":\"https:\\\/\\\/inclusivenews.com.br\\\/?p=22921#article\",\"isPartOf\":{\"@id\":\"https:\\\/\\\/inclusivenews.com.br\\\/?p=22921\"},\"author\":{\"name\":\"inclusivenews2024\",\"@id\":\"https:\\\/\\\/inclusivenews.com.br\\\/#\\\/schema\\\/person\\\/ae4ec7087559b8692fb33b6fffd2273b\"},\"headline\":\"Publicidade infantil: proibir ou n\u00e3o proibir?\",\"datePublished\":\"2012-07-11T18:29:07+00:00\",\"mainEntityOfPage\":{\"@id\":\"https:\\\/\\\/inclusivenews.com.br\\\/?p=22921\"},\"wordCount\":1336,\"commentCount\":0,\"publisher\":{\"@id\":\"https:\\\/\\\/inclusivenews.com.br\\\/#organization\"},\"image\":{\"@id\":\"https:\\\/\\\/inclusivenews.com.br\\\/?p=22921#primaryimage\"},\"thumbnailUrl\":\"http:\\\/\\\/www.hipersuper.pt\\\/wp-content\\\/uploads\\\/2010\\\/07\\\/retalho_consumidor.jpg\",\"keywords\":[\"Inf\u00e2ncia\"],\"articleSection\":[\"DIREITOS HUMANOS\",\"NOT\u00cdCIAS\"],\"inLanguage\":\"pt-PT\",\"potentialAction\":[{\"@type\":\"CommentAction\",\"name\":\"Comment\",\"target\":[\"https:\\\/\\\/inclusivenews.com.br\\\/?p=22921#respond\"]}]},{\"@type\":\"WebPage\",\"@id\":\"https:\\\/\\\/inclusivenews.com.br\\\/?p=22921\",\"url\":\"https:\\\/\\\/inclusivenews.com.br\\\/?p=22921\",\"name\":\"Publicidade infantil: proibir ou n\u00e3o proibir? -\",\"isPartOf\":{\"@id\":\"https:\\\/\\\/inclusivenews.com.br\\\/#website\"},\"primaryImageOfPage\":{\"@id\":\"https:\\\/\\\/inclusivenews.com.br\\\/?p=22921#primaryimage\"},\"image\":{\"@id\":\"https:\\\/\\\/inclusivenews.com.br\\\/?p=22921#primaryimage\"},\"thumbnailUrl\":\"http:\\\/\\\/www.hipersuper.pt\\\/wp-content\\\/uploads\\\/2010\\\/07\\\/retalho_consumidor.jpg\",\"datePublished\":\"2012-07-11T18:29:07+00:00\",\"breadcrumb\":{\"@id\":\"https:\\\/\\\/inclusivenews.com.br\\\/?p=22921#breadcrumb\"},\"inLanguage\":\"pt-PT\",\"potentialAction\":[{\"@type\":\"ReadAction\",\"target\":[\"https:\\\/\\\/inclusivenews.com.br\\\/?p=22921\"]}]},{\"@type\":\"ImageObject\",\"inLanguage\":\"pt-PT\",\"@id\":\"https:\\\/\\\/inclusivenews.com.br\\\/?p=22921#primaryimage\",\"url\":\"http:\\\/\\\/www.hipersuper.pt\\\/wp-content\\\/uploads\\\/2010\\\/07\\\/retalho_consumidor.jpg\",\"contentUrl\":\"http:\\\/\\\/www.hipersuper.pt\\\/wp-content\\\/uploads\\\/2010\\\/07\\\/retalho_consumidor.jpg\"},{\"@type\":\"BreadcrumbList\",\"@id\":\"https:\\\/\\\/inclusivenews.com.br\\\/?p=22921#breadcrumb\",\"itemListElement\":[{\"@type\":\"ListItem\",\"position\":1,\"name\":\"In\u00edcio\",\"item\":\"https:\\\/\\\/inclusivenews.com.br\\\/\"},{\"@type\":\"ListItem\",\"position\":2,\"name\":\"Publicidade infantil: proibir ou n\u00e3o proibir?\"}]},{\"@type\":\"WebSite\",\"@id\":\"https:\\\/\\\/inclusivenews.com.br\\\/#website\",\"url\":\"https:\\\/\\\/inclusivenews.com.br\\\/\",\"name\":\"Inclusive News\",\"description\":\"Inclusive News\",\"publisher\":{\"@id\":\"https:\\\/\\\/inclusivenews.com.br\\\/#organization\"},\"potentialAction\":[{\"@type\":\"SearchAction\",\"target\":{\"@type\":\"EntryPoint\",\"urlTemplate\":\"https:\\\/\\\/inclusivenews.com.br\\\/?s={search_term_string}\"},\"query-input\":{\"@type\":\"PropertyValueSpecification\",\"valueRequired\":true,\"valueName\":\"search_term_string\"}}],\"inLanguage\":\"pt-PT\"},{\"@type\":\"Organization\",\"@id\":\"https:\\\/\\\/inclusivenews.com.br\\\/#organization\",\"name\":\"Inclusive - inclus\u00e3o e cidadania\",\"url\":\"https:\\\/\\\/inclusivenews.com.br\\\/\",\"logo\":{\"@type\":\"ImageObject\",\"inLanguage\":\"pt-PT\",\"@id\":\"https:\\\/\\\/inclusivenews.com.br\\\/#\\\/schema\\\/logo\\\/image\\\/\",\"url\":\"https:\\\/\\\/inclusivenews.com.br\\\/wp-content\\\/uploads\\\/2024\\\/03\\\/@grandesite.png\",\"contentUrl\":\"https:\\\/\\\/inclusivenews.com.br\\\/wp-content\\\/uploads\\\/2024\\\/03\\\/@grandesite.png\",\"width\":1080,\"height\":1080,\"caption\":\"Inclusive - inclus\u00e3o e cidadania\"},\"image\":{\"@id\":\"https:\\\/\\\/inclusivenews.com.br\\\/#\\\/schema\\\/logo\\\/image\\\/\"},\"sameAs\":[\"https:\\\/\\\/www.facebook.com\\\/agenciainclusive\\\/\",\"https:\\\/\\\/www.instagram.com\\\/newsinclusive\\\/\"]},{\"@type\":\"Person\",\"@id\":\"https:\\\/\\\/inclusivenews.com.br\\\/#\\\/schema\\\/person\\\/ae4ec7087559b8692fb33b6fffd2273b\",\"name\":\"inclusivenews2024\",\"image\":{\"@type\":\"ImageObject\",\"inLanguage\":\"pt-PT\",\"@id\":\"https:\\\/\\\/secure.gravatar.com\\\/avatar\\\/c5a7ef84c66fa914f55bc4f7ce26cfa275a3b9a1c5568b907bd184fb4dde7b40?s=96&d=mm&r=g\",\"url\":\"https:\\\/\\\/secure.gravatar.com\\\/avatar\\\/c5a7ef84c66fa914f55bc4f7ce26cfa275a3b9a1c5568b907bd184fb4dde7b40?s=96&d=mm&r=g\",\"contentUrl\":\"https:\\\/\\\/secure.gravatar.com\\\/avatar\\\/c5a7ef84c66fa914f55bc4f7ce26cfa275a3b9a1c5568b907bd184fb4dde7b40?s=96&d=mm&r=g\",\"caption\":\"inclusivenews2024\"},\"sameAs\":[\"https:\\\/\\\/inclusivenews.com.br\"],\"url\":\"https:\\\/\\\/inclusivenews.com.br\\\/?author=1\"}]}<\/script>\n<!-- \/ Yoast SEO plugin. -->","yoast_head_json":{"title":"Publicidade infantil: proibir ou n\u00e3o proibir? -","robots":{"index":"index","follow":"follow","max-snippet":"max-snippet:-1","max-image-preview":"max-image-preview:large","max-video-preview":"max-video-preview:-1"},"canonical":"https:\/\/inclusivenews.com.br\/?p=22921","og_locale":"pt_PT","og_type":"article","og_title":"Publicidade infantil: proibir ou n\u00e3o proibir? -","og_description":"Entre um bloco e outro de um programa de tev\u00ea, ex\u00e9rcitos de bonecos, ursinhos e super-her\u00f3is n\u00e3o medem esfor\u00e7os para vender para as crian\u00e7as o mais novo brinquedo do mercado. Reportagem \u00e9 da Carta Capital","og_url":"https:\/\/inclusivenews.com.br\/?p=22921","article_publisher":"https:\/\/www.facebook.com\/agenciainclusive\/","article_published_time":"2012-07-11T18:29:07+00:00","og_image":[{"url":"http:\/\/www.hipersuper.pt\/wp-content\/uploads\/2010\/07\/retalho_consumidor.jpg","type":"","width":"","height":""}],"author":"inclusivenews2024","twitter_card":"summary_large_image","twitter_misc":{"Escrito por":"inclusivenews2024","Tempo estimado de leitura":"7 minutos"},"schema":{"@context":"https:\/\/schema.org","@graph":[{"@type":"Article","@id":"https:\/\/inclusivenews.com.br\/?p=22921#article","isPartOf":{"@id":"https:\/\/inclusivenews.com.br\/?p=22921"},"author":{"name":"inclusivenews2024","@id":"https:\/\/inclusivenews.com.br\/#\/schema\/person\/ae4ec7087559b8692fb33b6fffd2273b"},"headline":"Publicidade infantil: proibir ou n\u00e3o proibir?","datePublished":"2012-07-11T18:29:07+00:00","mainEntityOfPage":{"@id":"https:\/\/inclusivenews.com.br\/?p=22921"},"wordCount":1336,"commentCount":0,"publisher":{"@id":"https:\/\/inclusivenews.com.br\/#organization"},"image":{"@id":"https:\/\/inclusivenews.com.br\/?p=22921#primaryimage"},"thumbnailUrl":"http:\/\/www.hipersuper.pt\/wp-content\/uploads\/2010\/07\/retalho_consumidor.jpg","keywords":["Inf\u00e2ncia"],"articleSection":["DIREITOS HUMANOS","NOT\u00cdCIAS"],"inLanguage":"pt-PT","potentialAction":[{"@type":"CommentAction","name":"Comment","target":["https:\/\/inclusivenews.com.br\/?p=22921#respond"]}]},{"@type":"WebPage","@id":"https:\/\/inclusivenews.com.br\/?p=22921","url":"https:\/\/inclusivenews.com.br\/?p=22921","name":"Publicidade infantil: proibir ou n\u00e3o proibir? -","isPartOf":{"@id":"https:\/\/inclusivenews.com.br\/#website"},"primaryImageOfPage":{"@id":"https:\/\/inclusivenews.com.br\/?p=22921#primaryimage"},"image":{"@id":"https:\/\/inclusivenews.com.br\/?p=22921#primaryimage"},"thumbnailUrl":"http:\/\/www.hipersuper.pt\/wp-content\/uploads\/2010\/07\/retalho_consumidor.jpg","datePublished":"2012-07-11T18:29:07+00:00","breadcrumb":{"@id":"https:\/\/inclusivenews.com.br\/?p=22921#breadcrumb"},"inLanguage":"pt-PT","potentialAction":[{"@type":"ReadAction","target":["https:\/\/inclusivenews.com.br\/?p=22921"]}]},{"@type":"ImageObject","inLanguage":"pt-PT","@id":"https:\/\/inclusivenews.com.br\/?p=22921#primaryimage","url":"http:\/\/www.hipersuper.pt\/wp-content\/uploads\/2010\/07\/retalho_consumidor.jpg","contentUrl":"http:\/\/www.hipersuper.pt\/wp-content\/uploads\/2010\/07\/retalho_consumidor.jpg"},{"@type":"BreadcrumbList","@id":"https:\/\/inclusivenews.com.br\/?p=22921#breadcrumb","itemListElement":[{"@type":"ListItem","position":1,"name":"In\u00edcio","item":"https:\/\/inclusivenews.com.br\/"},{"@type":"ListItem","position":2,"name":"Publicidade infantil: proibir ou n\u00e3o proibir?"}]},{"@type":"WebSite","@id":"https:\/\/inclusivenews.com.br\/#website","url":"https:\/\/inclusivenews.com.br\/","name":"Inclusive News","description":"Inclusive News","publisher":{"@id":"https:\/\/inclusivenews.com.br\/#organization"},"potentialAction":[{"@type":"SearchAction","target":{"@type":"EntryPoint","urlTemplate":"https:\/\/inclusivenews.com.br\/?s={search_term_string}"},"query-input":{"@type":"PropertyValueSpecification","valueRequired":true,"valueName":"search_term_string"}}],"inLanguage":"pt-PT"},{"@type":"Organization","@id":"https:\/\/inclusivenews.com.br\/#organization","name":"Inclusive - inclus\u00e3o e cidadania","url":"https:\/\/inclusivenews.com.br\/","logo":{"@type":"ImageObject","inLanguage":"pt-PT","@id":"https:\/\/inclusivenews.com.br\/#\/schema\/logo\/image\/","url":"https:\/\/inclusivenews.com.br\/wp-content\/uploads\/2024\/03\/@grandesite.png","contentUrl":"https:\/\/inclusivenews.com.br\/wp-content\/uploads\/2024\/03\/@grandesite.png","width":1080,"height":1080,"caption":"Inclusive - inclus\u00e3o e cidadania"},"image":{"@id":"https:\/\/inclusivenews.com.br\/#\/schema\/logo\/image\/"},"sameAs":["https:\/\/www.facebook.com\/agenciainclusive\/","https:\/\/www.instagram.com\/newsinclusive\/"]},{"@type":"Person","@id":"https:\/\/inclusivenews.com.br\/#\/schema\/person\/ae4ec7087559b8692fb33b6fffd2273b","name":"inclusivenews2024","image":{"@type":"ImageObject","inLanguage":"pt-PT","@id":"https:\/\/secure.gravatar.com\/avatar\/c5a7ef84c66fa914f55bc4f7ce26cfa275a3b9a1c5568b907bd184fb4dde7b40?s=96&d=mm&r=g","url":"https:\/\/secure.gravatar.com\/avatar\/c5a7ef84c66fa914f55bc4f7ce26cfa275a3b9a1c5568b907bd184fb4dde7b40?s=96&d=mm&r=g","contentUrl":"https:\/\/secure.gravatar.com\/avatar\/c5a7ef84c66fa914f55bc4f7ce26cfa275a3b9a1c5568b907bd184fb4dde7b40?s=96&d=mm&r=g","caption":"inclusivenews2024"},"sameAs":["https:\/\/inclusivenews.com.br"],"url":"https:\/\/inclusivenews.com.br\/?author=1"}]}},"_links":{"self":[{"href":"https:\/\/inclusivenews.com.br\/index.php?rest_route=\/wp\/v2\/posts\/22921","targetHints":{"allow":["GET"]}}],"collection":[{"href":"https:\/\/inclusivenews.com.br\/index.php?rest_route=\/wp\/v2\/posts"}],"about":[{"href":"https:\/\/inclusivenews.com.br\/index.php?rest_route=\/wp\/v2\/types\/post"}],"author":[{"embeddable":true,"href":"https:\/\/inclusivenews.com.br\/index.php?rest_route=\/wp\/v2\/users\/1"}],"replies":[{"embeddable":true,"href":"https:\/\/inclusivenews.com.br\/index.php?rest_route=%2Fwp%2Fv2%2Fcomments&post=22921"}],"version-history":[{"count":0,"href":"https:\/\/inclusivenews.com.br\/index.php?rest_route=\/wp\/v2\/posts\/22921\/revisions"}],"wp:attachment":[{"href":"https:\/\/inclusivenews.com.br\/index.php?rest_route=%2Fwp%2Fv2%2Fmedia&parent=22921"}],"wp:term":[{"taxonomy":"category","embeddable":true,"href":"https:\/\/inclusivenews.com.br\/index.php?rest_route=%2Fwp%2Fv2%2Fcategories&post=22921"},{"taxonomy":"post_tag","embeddable":true,"href":"https:\/\/inclusivenews.com.br\/index.php?rest_route=%2Fwp%2Fv2%2Ftags&post=22921"}],"curies":[{"name":"wp","href":"https:\/\/api.w.org\/{rel}","templated":true}]}}