{"id":22931,"date":"2012-07-11T15:35:09","date_gmt":"2012-07-11T18:35:09","guid":{"rendered":"http:\/\/www.inclusive.org.br\/?p=22931"},"modified":"2012-07-11T15:35:09","modified_gmt":"2012-07-11T18:35:09","slug":"edgar-morin-e-os-problemas-vitais-da-humanidade","status":"publish","type":"post","link":"https:\/\/inclusivenews.com.br\/?p=22931","title":{"rendered":"Edgar Morin e os problemas vitais da humanidade"},"content":{"rendered":"<p><em>Em palestra realizada em S\u00e3o Paulo, soci\u00f3logo destaca que o sistema atual \u00e9 incapaz de lidar com os problemas vitais da humanidade<\/em><\/p>\n<p><a href=\"http:\/\/revistaforum.com.br\/wp-content\/uploads\/2012\/07\/morin-300x199.jpg\"><img loading=\"lazy\" decoding=\"async\" class=\"alignnone\" title=\"Edgar Morin\" src=\"http:\/\/revistaforum.com.br\/wp-content\/uploads\/2012\/07\/morin-300x199.jpg\" alt=\"Edgar Morin\" width=\"300\" height=\"199\" \/><br \/>\n<\/a><\/p>\n<p>No \u00faltimo dia 3, o soci\u00f3logo e fil\u00f3sofo franc\u00eas Edgard Morin ministrou uma palestra no Sesc Consola\u00e7\u00e3o com o tema &#8220;Consci\u00eancia Mundial: por um conceito de desenvolvimento para o s\u00e9culo XXI&#8221;. Morin, pai da teoria da complexidade <a href=\"http:\/\/pt.wikipedia.org\/wiki\/Complexidade\">http:\/\/pt.wikipedia.org\/wiki\/Complexidade<\/a>, defende a interliga\u00e7\u00e3o de todos os conhecimentos, combate o reducionismo instalado em nossa sociedade e valoriza o complexo.<\/p>\n<p>Morin iniciou sua palestra abordando quatro quest\u00f5es fundamentais: o que eu posso saber; o que eu posso esperar; em que posso acreditar e o que posso fazer. A partir destes questionamentos, o soci\u00f3logo abordou os problemas fundamentais da humanidade. Para ele, \u00e9 preciso unir os in\u00fameros saberes dispersos a que temos acesso em prol dos problemas vitais da humanidade.<\/p>\n<p>Todas as tentativas de mudan\u00e7a da humanidade somente a partir de sistemas pol\u00edtico-econ\u00f4micos como o socialismo, comunismo e o liberalismo foram fracassadas. &#8220;N\u00e3o se pode mudar apenas a estrutura econ\u00f4mico-social. \u00c9 preciso mudar tamb\u00e9m as nossas vidas&#8221;, afirmou. Havia uma f\u00e9 de que o progresso era um movimento irrevers\u00edvel para um mundo melhor, mas hoje essa cren\u00e7a desintegrou-se e o que o futuro nos reserva \u00e9 ang\u00fastia e incertezas.<\/p>\n<p>Segundo Morin, se n\u00e3o mudarmos o caminho da humanidade, estamos fadados \u00e0 trag\u00e9dia. &#8220;O sistema atual \u00e9 ineficaz para lidar com problemas b\u00e1sicos&#8221;, frisou. Para ele, a &#8220;nave humanidade&#8221; caminha para o desenvolvimento econ\u00f4mico descontrolado e para o ego\u00edsmo, por\u00e9m, lembra que nunca antes a humanidade teve uma causa \u00fanica, traduzida na pr\u00f3pria causa humana, na solidariedade. Ao falar sobre a globaliza\u00e7\u00e3o, Morin citou aspectos positivos e negativos. Os positivos s\u00e3o expressos na capacidade do indiv\u00edduo de ser aut\u00f4nomo e na cria\u00e7\u00e3o de ilhas de prosperidade em pa\u00edses em desenvolvimento, como o Brasil, onde popula\u00e7\u00f5es antes miser\u00e1veis formam hoje uma nova classe m\u00e9dia. Por outro lado, a globaliza\u00e7\u00e3o tamb\u00e9m gerou explora\u00e7\u00e3o comercial de povos por multinacionais e por outros povos, e expulsou os camponeses de suas terras, criando uma popula\u00e7\u00e3o de 1 bilh\u00e3o de pessoas morando em favelas.<\/p>\n<p>*Desenvolvimento e hegemoniza\u00e7\u00e3o*<\/p>\n<p>**Segundo o pensador, a no\u00e7\u00e3o de desenvolvimento aplicada de forma igual em diferentes culturas est\u00e1 equivocada, uma vez que n\u00e3o respeita suas individualidades. Morin afirma que em vez de destruir as culturas por meio da hegemoniza\u00e7\u00e3o, dever\u00edamos fazer um processo de simbiose, de uni\u00e3o entre o melhor da civiliza\u00e7\u00e3o ocidental com o melhor de povos de culturas diferentes.<\/p>\n<p>Ao falar sobre a Rio+20, o soci\u00f3logo aponta para o que considera um fracasso esperado, uma vez que os l\u00edderes de Estado recusam-se a tirar os olhos do pr\u00f3prio umbigo. Para ele, \u00e9 imposs\u00edvel dissociar os problemas ambientais das outras quest\u00f5es vitais da humanidade e o passo a frente dado pela Rio+20 foi a participa\u00e7\u00e3o da sociedade civil.<\/p>\n<p>Por fim, Morin deixou uma mensagem de esperan\u00e7a. Lembrou que mesmo diante de um presente que parecia s\u00f3lido e imut\u00e1vel, a sociedade humana sempre se transformou. &#8220;Se n\u00e3o procurarmos o inesperado, n\u00e3o vamos encontr\u00e1-lo&#8221;, disse. Para ele, o in\u00edcio de grandes mudan\u00e7as sempre ocorreu de forma modesta. Lembrou do in\u00edcio de tr\u00eas grandes religi\u00f5es (budismo, cristianismo e mu\u00e7ulmana), que come\u00e7aram pela a\u00e7\u00e3o de indiv\u00edduos. &#8220;Quando achamos que o presente \u00e9 eterno, nos enganamos&#8221;, afirmou. Para uma transforma\u00e7\u00e3o da humanidade que evite o seu colapso, o intelectual sugere um consci\u00eancia global fundamentada na solidariedade e no sentimento de que fazemos parte de uma &#8220;Terra P\u00e1tria&#8221;, e, a partir desta nova consci\u00eancia, surgir\u00e1 um modelo totalmente novo de sociedade. &#8220;Voc\u00eas tem uma causa justa, que \u00e9 a solidariedade, e devem levant\u00e1-la&#8221;.<\/p>\n<p>Fonte: <a href=\"http:\/\/revistaforum.com.br\/blog\/2012\/07\/edgar-morin-se-nao-procurarmos-o-inesperado-nao-vamos-encontra-lo\/\">Revista F\u00f3rum<\/a><\/p>\n","protected":false},"excerpt":{"rendered":"<p>Em palestra realizada em S\u00e3o Paulo, Edgar Morin destaca que o sistema atual \u00e9 incapaz de lidar com os problemas vitais da humanidade. Da Revista F\u00f3rum.<\/p>\n","protected":false},"author":1,"featured_media":0,"comment_status":"open","ping_status":"open","sticky":false,"template":"","format":"standard","meta":{"site-container-style":"default","site-container-layout":"default","site-sidebar-layout":"default","disable-article-header":"default","disable-site-header":"default","disable-site-footer":"default","disable-content-area-spacing":"default","footnotes":""},"categories":[33],"tags":[197],"class_list":["post-22931","post","type-post","status-publish","format-standard","hentry","category-reportagem","tag-edgar-morin"],"yoast_head":"<!-- This site is optimized with the Yoast SEO plugin v27.4 - https:\/\/yoast.com\/product\/yoast-seo-wordpress\/ -->\n<title>Edgar Morin e os problemas vitais da humanidade -<\/title>\n<meta name=\"robots\" content=\"index, follow, max-snippet:-1, max-image-preview:large, max-video-preview:-1\" \/>\n<link rel=\"canonical\" href=\"https:\/\/inclusivenews.com.br\/?p=22931\" \/>\n<meta property=\"og:locale\" content=\"pt_PT\" \/>\n<meta property=\"og:type\" content=\"article\" \/>\n<meta property=\"og:title\" content=\"Edgar Morin e os problemas vitais da humanidade -\" \/>\n<meta property=\"og:description\" content=\"Em palestra realizada em S\u00e3o Paulo, Edgar Morin destaca que o sistema atual \u00e9 incapaz de lidar com os problemas vitais da humanidade. Da Revista F\u00f3rum.\" \/>\n<meta property=\"og:url\" content=\"https:\/\/inclusivenews.com.br\/?p=22931\" \/>\n<meta property=\"article:publisher\" content=\"https:\/\/www.facebook.com\/agenciainclusive\/\" \/>\n<meta property=\"article:published_time\" content=\"2012-07-11T18:35:09+00:00\" \/>\n<meta property=\"og:image\" content=\"http:\/\/revistaforum.com.br\/wp-content\/uploads\/2012\/07\/morin-300x199.jpg\" \/>\n<meta name=\"author\" content=\"inclusivenews2024\" \/>\n<meta name=\"twitter:card\" content=\"summary_large_image\" \/>\n<meta name=\"twitter:label1\" content=\"Escrito por\" \/>\n\t<meta name=\"twitter:data1\" content=\"inclusivenews2024\" \/>\n\t<meta name=\"twitter:label2\" content=\"Tempo estimado de leitura\" \/>\n\t<meta name=\"twitter:data2\" content=\"3 minutos\" \/>\n<script type=\"application\/ld+json\" class=\"yoast-schema-graph\">{\"@context\":\"https:\\\/\\\/schema.org\",\"@graph\":[{\"@type\":\"Article\",\"@id\":\"https:\\\/\\\/inclusivenews.com.br\\\/?p=22931#article\",\"isPartOf\":{\"@id\":\"https:\\\/\\\/inclusivenews.com.br\\\/?p=22931\"},\"author\":{\"name\":\"inclusivenews2024\",\"@id\":\"https:\\\/\\\/inclusivenews.com.br\\\/#\\\/schema\\\/person\\\/ae4ec7087559b8692fb33b6fffd2273b\"},\"headline\":\"Edgar Morin e os problemas vitais da humanidade\",\"datePublished\":\"2012-07-11T18:35:09+00:00\",\"mainEntityOfPage\":{\"@id\":\"https:\\\/\\\/inclusivenews.com.br\\\/?p=22931\"},\"wordCount\":674,\"commentCount\":0,\"publisher\":{\"@id\":\"https:\\\/\\\/inclusivenews.com.br\\\/#organization\"},\"image\":{\"@id\":\"https:\\\/\\\/inclusivenews.com.br\\\/?p=22931#primaryimage\"},\"thumbnailUrl\":\"http:\\\/\\\/revistaforum.com.br\\\/wp-content\\\/uploads\\\/2012\\\/07\\\/morin-300x199.jpg\",\"keywords\":[\"Edgar Morin\"],\"articleSection\":[\"Reportagem\"],\"inLanguage\":\"pt-PT\",\"potentialAction\":[{\"@type\":\"CommentAction\",\"name\":\"Comment\",\"target\":[\"https:\\\/\\\/inclusivenews.com.br\\\/?p=22931#respond\"]}]},{\"@type\":\"WebPage\",\"@id\":\"https:\\\/\\\/inclusivenews.com.br\\\/?p=22931\",\"url\":\"https:\\\/\\\/inclusivenews.com.br\\\/?p=22931\",\"name\":\"Edgar Morin e os problemas vitais da humanidade -\",\"isPartOf\":{\"@id\":\"https:\\\/\\\/inclusivenews.com.br\\\/#website\"},\"primaryImageOfPage\":{\"@id\":\"https:\\\/\\\/inclusivenews.com.br\\\/?p=22931#primaryimage\"},\"image\":{\"@id\":\"https:\\\/\\\/inclusivenews.com.br\\\/?p=22931#primaryimage\"},\"thumbnailUrl\":\"http:\\\/\\\/revistaforum.com.br\\\/wp-content\\\/uploads\\\/2012\\\/07\\\/morin-300x199.jpg\",\"datePublished\":\"2012-07-11T18:35:09+00:00\",\"breadcrumb\":{\"@id\":\"https:\\\/\\\/inclusivenews.com.br\\\/?p=22931#breadcrumb\"},\"inLanguage\":\"pt-PT\",\"potentialAction\":[{\"@type\":\"ReadAction\",\"target\":[\"https:\\\/\\\/inclusivenews.com.br\\\/?p=22931\"]}]},{\"@type\":\"ImageObject\",\"inLanguage\":\"pt-PT\",\"@id\":\"https:\\\/\\\/inclusivenews.com.br\\\/?p=22931#primaryimage\",\"url\":\"http:\\\/\\\/revistaforum.com.br\\\/wp-content\\\/uploads\\\/2012\\\/07\\\/morin-300x199.jpg\",\"contentUrl\":\"http:\\\/\\\/revistaforum.com.br\\\/wp-content\\\/uploads\\\/2012\\\/07\\\/morin-300x199.jpg\"},{\"@type\":\"BreadcrumbList\",\"@id\":\"https:\\\/\\\/inclusivenews.com.br\\\/?p=22931#breadcrumb\",\"itemListElement\":[{\"@type\":\"ListItem\",\"position\":1,\"name\":\"In\u00edcio\",\"item\":\"https:\\\/\\\/inclusivenews.com.br\\\/\"},{\"@type\":\"ListItem\",\"position\":2,\"name\":\"Edgar Morin e os problemas vitais da humanidade\"}]},{\"@type\":\"WebSite\",\"@id\":\"https:\\\/\\\/inclusivenews.com.br\\\/#website\",\"url\":\"https:\\\/\\\/inclusivenews.com.br\\\/\",\"name\":\"Inclusive News\",\"description\":\"Inclusive News\",\"publisher\":{\"@id\":\"https:\\\/\\\/inclusivenews.com.br\\\/#organization\"},\"potentialAction\":[{\"@type\":\"SearchAction\",\"target\":{\"@type\":\"EntryPoint\",\"urlTemplate\":\"https:\\\/\\\/inclusivenews.com.br\\\/?s={search_term_string}\"},\"query-input\":{\"@type\":\"PropertyValueSpecification\",\"valueRequired\":true,\"valueName\":\"search_term_string\"}}],\"inLanguage\":\"pt-PT\"},{\"@type\":\"Organization\",\"@id\":\"https:\\\/\\\/inclusivenews.com.br\\\/#organization\",\"name\":\"Inclusive - inclus\u00e3o e cidadania\",\"url\":\"https:\\\/\\\/inclusivenews.com.br\\\/\",\"logo\":{\"@type\":\"ImageObject\",\"inLanguage\":\"pt-PT\",\"@id\":\"https:\\\/\\\/inclusivenews.com.br\\\/#\\\/schema\\\/logo\\\/image\\\/\",\"url\":\"https:\\\/\\\/inclusivenews.com.br\\\/wp-content\\\/uploads\\\/2024\\\/03\\\/@grandesite.png\",\"contentUrl\":\"https:\\\/\\\/inclusivenews.com.br\\\/wp-content\\\/uploads\\\/2024\\\/03\\\/@grandesite.png\",\"width\":1080,\"height\":1080,\"caption\":\"Inclusive - inclus\u00e3o e cidadania\"},\"image\":{\"@id\":\"https:\\\/\\\/inclusivenews.com.br\\\/#\\\/schema\\\/logo\\\/image\\\/\"},\"sameAs\":[\"https:\\\/\\\/www.facebook.com\\\/agenciainclusive\\\/\",\"https:\\\/\\\/www.instagram.com\\\/newsinclusive\\\/\"]},{\"@type\":\"Person\",\"@id\":\"https:\\\/\\\/inclusivenews.com.br\\\/#\\\/schema\\\/person\\\/ae4ec7087559b8692fb33b6fffd2273b\",\"name\":\"inclusivenews2024\",\"image\":{\"@type\":\"ImageObject\",\"inLanguage\":\"pt-PT\",\"@id\":\"https:\\\/\\\/secure.gravatar.com\\\/avatar\\\/c5a7ef84c66fa914f55bc4f7ce26cfa275a3b9a1c5568b907bd184fb4dde7b40?s=96&d=mm&r=g\",\"url\":\"https:\\\/\\\/secure.gravatar.com\\\/avatar\\\/c5a7ef84c66fa914f55bc4f7ce26cfa275a3b9a1c5568b907bd184fb4dde7b40?s=96&d=mm&r=g\",\"contentUrl\":\"https:\\\/\\\/secure.gravatar.com\\\/avatar\\\/c5a7ef84c66fa914f55bc4f7ce26cfa275a3b9a1c5568b907bd184fb4dde7b40?s=96&d=mm&r=g\",\"caption\":\"inclusivenews2024\"},\"sameAs\":[\"https:\\\/\\\/inclusivenews.com.br\"],\"url\":\"https:\\\/\\\/inclusivenews.com.br\\\/?author=1\"}]}<\/script>\n<!-- \/ Yoast SEO plugin. -->","yoast_head_json":{"title":"Edgar Morin e os problemas vitais da humanidade -","robots":{"index":"index","follow":"follow","max-snippet":"max-snippet:-1","max-image-preview":"max-image-preview:large","max-video-preview":"max-video-preview:-1"},"canonical":"https:\/\/inclusivenews.com.br\/?p=22931","og_locale":"pt_PT","og_type":"article","og_title":"Edgar Morin e os problemas vitais da humanidade -","og_description":"Em palestra realizada em S\u00e3o Paulo, Edgar Morin destaca que o sistema atual \u00e9 incapaz de lidar com os problemas vitais da humanidade. Da Revista F\u00f3rum.","og_url":"https:\/\/inclusivenews.com.br\/?p=22931","article_publisher":"https:\/\/www.facebook.com\/agenciainclusive\/","article_published_time":"2012-07-11T18:35:09+00:00","og_image":[{"url":"http:\/\/revistaforum.com.br\/wp-content\/uploads\/2012\/07\/morin-300x199.jpg","type":"","width":"","height":""}],"author":"inclusivenews2024","twitter_card":"summary_large_image","twitter_misc":{"Escrito por":"inclusivenews2024","Tempo estimado de leitura":"3 minutos"},"schema":{"@context":"https:\/\/schema.org","@graph":[{"@type":"Article","@id":"https:\/\/inclusivenews.com.br\/?p=22931#article","isPartOf":{"@id":"https:\/\/inclusivenews.com.br\/?p=22931"},"author":{"name":"inclusivenews2024","@id":"https:\/\/inclusivenews.com.br\/#\/schema\/person\/ae4ec7087559b8692fb33b6fffd2273b"},"headline":"Edgar Morin e os problemas vitais da humanidade","datePublished":"2012-07-11T18:35:09+00:00","mainEntityOfPage":{"@id":"https:\/\/inclusivenews.com.br\/?p=22931"},"wordCount":674,"commentCount":0,"publisher":{"@id":"https:\/\/inclusivenews.com.br\/#organization"},"image":{"@id":"https:\/\/inclusivenews.com.br\/?p=22931#primaryimage"},"thumbnailUrl":"http:\/\/revistaforum.com.br\/wp-content\/uploads\/2012\/07\/morin-300x199.jpg","keywords":["Edgar Morin"],"articleSection":["Reportagem"],"inLanguage":"pt-PT","potentialAction":[{"@type":"CommentAction","name":"Comment","target":["https:\/\/inclusivenews.com.br\/?p=22931#respond"]}]},{"@type":"WebPage","@id":"https:\/\/inclusivenews.com.br\/?p=22931","url":"https:\/\/inclusivenews.com.br\/?p=22931","name":"Edgar Morin e os problemas vitais da humanidade -","isPartOf":{"@id":"https:\/\/inclusivenews.com.br\/#website"},"primaryImageOfPage":{"@id":"https:\/\/inclusivenews.com.br\/?p=22931#primaryimage"},"image":{"@id":"https:\/\/inclusivenews.com.br\/?p=22931#primaryimage"},"thumbnailUrl":"http:\/\/revistaforum.com.br\/wp-content\/uploads\/2012\/07\/morin-300x199.jpg","datePublished":"2012-07-11T18:35:09+00:00","breadcrumb":{"@id":"https:\/\/inclusivenews.com.br\/?p=22931#breadcrumb"},"inLanguage":"pt-PT","potentialAction":[{"@type":"ReadAction","target":["https:\/\/inclusivenews.com.br\/?p=22931"]}]},{"@type":"ImageObject","inLanguage":"pt-PT","@id":"https:\/\/inclusivenews.com.br\/?p=22931#primaryimage","url":"http:\/\/revistaforum.com.br\/wp-content\/uploads\/2012\/07\/morin-300x199.jpg","contentUrl":"http:\/\/revistaforum.com.br\/wp-content\/uploads\/2012\/07\/morin-300x199.jpg"},{"@type":"BreadcrumbList","@id":"https:\/\/inclusivenews.com.br\/?p=22931#breadcrumb","itemListElement":[{"@type":"ListItem","position":1,"name":"In\u00edcio","item":"https:\/\/inclusivenews.com.br\/"},{"@type":"ListItem","position":2,"name":"Edgar Morin e os problemas vitais da humanidade"}]},{"@type":"WebSite","@id":"https:\/\/inclusivenews.com.br\/#website","url":"https:\/\/inclusivenews.com.br\/","name":"Inclusive News","description":"Inclusive News","publisher":{"@id":"https:\/\/inclusivenews.com.br\/#organization"},"potentialAction":[{"@type":"SearchAction","target":{"@type":"EntryPoint","urlTemplate":"https:\/\/inclusivenews.com.br\/?s={search_term_string}"},"query-input":{"@type":"PropertyValueSpecification","valueRequired":true,"valueName":"search_term_string"}}],"inLanguage":"pt-PT"},{"@type":"Organization","@id":"https:\/\/inclusivenews.com.br\/#organization","name":"Inclusive - inclus\u00e3o e cidadania","url":"https:\/\/inclusivenews.com.br\/","logo":{"@type":"ImageObject","inLanguage":"pt-PT","@id":"https:\/\/inclusivenews.com.br\/#\/schema\/logo\/image\/","url":"https:\/\/inclusivenews.com.br\/wp-content\/uploads\/2024\/03\/@grandesite.png","contentUrl":"https:\/\/inclusivenews.com.br\/wp-content\/uploads\/2024\/03\/@grandesite.png","width":1080,"height":1080,"caption":"Inclusive - inclus\u00e3o e cidadania"},"image":{"@id":"https:\/\/inclusivenews.com.br\/#\/schema\/logo\/image\/"},"sameAs":["https:\/\/www.facebook.com\/agenciainclusive\/","https:\/\/www.instagram.com\/newsinclusive\/"]},{"@type":"Person","@id":"https:\/\/inclusivenews.com.br\/#\/schema\/person\/ae4ec7087559b8692fb33b6fffd2273b","name":"inclusivenews2024","image":{"@type":"ImageObject","inLanguage":"pt-PT","@id":"https:\/\/secure.gravatar.com\/avatar\/c5a7ef84c66fa914f55bc4f7ce26cfa275a3b9a1c5568b907bd184fb4dde7b40?s=96&d=mm&r=g","url":"https:\/\/secure.gravatar.com\/avatar\/c5a7ef84c66fa914f55bc4f7ce26cfa275a3b9a1c5568b907bd184fb4dde7b40?s=96&d=mm&r=g","contentUrl":"https:\/\/secure.gravatar.com\/avatar\/c5a7ef84c66fa914f55bc4f7ce26cfa275a3b9a1c5568b907bd184fb4dde7b40?s=96&d=mm&r=g","caption":"inclusivenews2024"},"sameAs":["https:\/\/inclusivenews.com.br"],"url":"https:\/\/inclusivenews.com.br\/?author=1"}]}},"_links":{"self":[{"href":"https:\/\/inclusivenews.com.br\/index.php?rest_route=\/wp\/v2\/posts\/22931","targetHints":{"allow":["GET"]}}],"collection":[{"href":"https:\/\/inclusivenews.com.br\/index.php?rest_route=\/wp\/v2\/posts"}],"about":[{"href":"https:\/\/inclusivenews.com.br\/index.php?rest_route=\/wp\/v2\/types\/post"}],"author":[{"embeddable":true,"href":"https:\/\/inclusivenews.com.br\/index.php?rest_route=\/wp\/v2\/users\/1"}],"replies":[{"embeddable":true,"href":"https:\/\/inclusivenews.com.br\/index.php?rest_route=%2Fwp%2Fv2%2Fcomments&post=22931"}],"version-history":[{"count":0,"href":"https:\/\/inclusivenews.com.br\/index.php?rest_route=\/wp\/v2\/posts\/22931\/revisions"}],"wp:attachment":[{"href":"https:\/\/inclusivenews.com.br\/index.php?rest_route=%2Fwp%2Fv2%2Fmedia&parent=22931"}],"wp:term":[{"taxonomy":"category","embeddable":true,"href":"https:\/\/inclusivenews.com.br\/index.php?rest_route=%2Fwp%2Fv2%2Fcategories&post=22931"},{"taxonomy":"post_tag","embeddable":true,"href":"https:\/\/inclusivenews.com.br\/index.php?rest_route=%2Fwp%2Fv2%2Ftags&post=22931"}],"curies":[{"name":"wp","href":"https:\/\/api.w.org\/{rel}","templated":true}]}}