{"id":22946,"date":"2012-07-18T17:53:10","date_gmt":"2012-07-18T20:53:10","guid":{"rendered":"http:\/\/www.inclusive.org.br\/?p=22946"},"modified":"2012-07-18T17:53:10","modified_gmt":"2012-07-18T20:53:10","slug":"v-conferencia-internacional-de-direitos-humanos-2","status":"publish","type":"post","link":"https:\/\/inclusivenews.com.br\/?p=22946","title":{"rendered":"V Confer\u00eancia Internacional de Direitos Humanos"},"content":{"rendered":"<p><a href=\"http:\/\/www.gajop.org.br\/adm\/noticias\/imagens\/201207021210090.jpg\"><img loading=\"lazy\" decoding=\"async\" class=\"alignnone\" title=\"Uma m\u00e3o fechada sobre a bandeira do Brasil\" src=\"http:\/\/www.gajop.org.br\/adm\/noticias\/imagens\/201207021210090.jpg\" alt=\"\" width=\"400\" height=\"132\" \/><br \/>\n<\/a><\/p>\n<p>A Ordem dos Advogados do Brasil (OAB), entidade que congrega cerca de 700.000 profissionais do Direito em todo o Pa\u00eds, realizar\u00e1, no per\u00edodo de 15 a 17 de agosto de 2012, em Vit\u00f3ria, Esp\u00edrito Santo, a *V Confer\u00eancia Internacional de Direitos Humanos*.<\/p>\n<p>Ser\u00e1 uma Confer\u00eancia hist\u00f3rica, em que estar\u00e3o reunidos grupos formados por especialistas e militantes do Brasil e do mundo, que ter\u00e3o oportunidade de partilhar suas vis\u00f5es e reflex\u00f5es com centenas de interessados em torno de ideias e propostas destinadas a propiciar um amplo debate.<\/p>\n<p>Est\u00e1 confirmada a participa\u00e7\u00e3o de mais de 40 palestrantes nacionais e estrangeiros, das mais variadas vertentes dos Direitos Humanos e estima-se a participa\u00e7\u00e3o de cerca de 2.000 pessoas.<\/p>\n<p>Todos e todas est\u00e3o convidados\/as a participarem deste grandioso evento da advocacia brasileira.<\/p>\n<p>Confira a programa\u00e7\u00e3o:<\/p>\n<p>V CONFER\u00caNCIA INTERNACIONAL DE DIREITOS HUMANOS<br \/>\nVit\u00f3ria\/ES \u2013 15 a 17 de agosto de 2012<br \/>\nPROGRAMA\u00c7\u00c3O<\/p>\n<p>15\/08       Quarta-feira<br \/>\n18:00 &#8211; Sess\u00e3o Solene de Abertura<br \/>\nHomenagem ao Professor Jo\u00e3o Baptista Herkenhoff<br \/>\nConfer\u00eancia Magna de Abertura<br \/>\nH\u00e9lio Bicudo (Presidente da Funda\u00e7\u00e3o Interamericana de Defesa dos Direitos Humanos)<br \/>\nTema: A Efetividade dos Direitos Humanos no Brasil<\/p>\n<p>16\/08       Quinta-feira<br \/>\n1\u00ba painel: Pol\u00edticas P\u00fablicas para os Direitos Humanos<br \/>\nPresidente de mesa: Ver\u00f4nica Cunha Bezerra<br \/>\nRelator de mesa: Henrique Neves Mariano<br \/>\n09:00 \u2013 O Impacto da Conven\u00e7\u00e3o Internacional da ONU sobre os Direitos das Pessoas com<br \/>\nDefici\u00eancia no Cen\u00e1rio Nacional e Regional \u2013 La\u00eds Vanessa Carvalho de Figueir\u00eado Lopes<br \/>\n(Assessora Especial do Ministro da Secretaria Geral da Presid\u00eancia da Rep\u00fablica)<br \/>\n09:30 \u2013 \u00c1gua, Saneamento e Sa\u00fade \u2013 Sueli Dallari (Pesquisadora do Centro de Estudos e<br \/>\nPesquisas de Direito sanit\u00e1rio da USP)<br \/>\n10:00 \u2013 Educa\u00e7\u00e3o Ambiental para os Direitos Humanos \u2013 Maria Artem\u00edsia Arraes Hermans<br \/>\n(Advogada, membro da Comiss\u00e3o Nacional de Direito Ambiental da OAB)<br \/>\n10:30 \u2013 Lei de Acesso \u00e0 Informa\u00e7\u00e3o \u2013 Jorge H\u00e9lio Chaves de Oliveira (Conselheiro do<br \/>\nConselho Nacional de Justi\u00e7a)<\/p>\n<p>2\u00ba painel \u2013 Dignidade e Direitos Econ\u00f4micos, Sociais e Culturais<br \/>\nPresidente de mesa: Nelson Camatta Moreira<br \/>\nRelator de mesa: Dalio Zippin Filho<br \/>\n11:00 \u2013 A Exclus\u00e3o Social e as Pol\u00edticas Compensat\u00f3rias &#8211; Patrus Ananias (Advogado,<br \/>\nprofessor da PUC\/MG)<br \/>\n11:25 \u2013 Desigualdade Social e Direito de Resist\u00eancia \u2013 Henri Clay (Advogado, Conselheiro<br \/>\nFederal da OAB)<br \/>\n11:50 \u2013 Bio\u00e9tica e Dignidade da Pessoa \u2013 Roberto Dias (Advogado, Professor da PUC\/SP)<br \/>\n12:15 \u2013 M\u00eddia e Democracia \u2013 Marcello Laven\u00e8re (Advogado, ex-presidente nacional da OAB)<br \/>\n12:40 \u2013 Meios de Comunica\u00e7\u00e3o e Direitos Humanos \u2013 Marcos Pereira (Professor da PUC\/SP)V<\/p>\n<p>3\u00ba Painel \u2013 Dignidade e Acesso \u00e0 Justi\u00e7a<br \/>\nPresidente de mesa: Cassio Rebou\u00e7as de Moraes<br \/>\nRelator de mesa: Domingo Arjones Abril Neto<br \/>\n14:00 \u2013 Acesso \u00e0 Justi\u00e7a como Garantia Fundamental da Dignidade Humana &#8211; Cezar Britto<br \/>\n(Advogado, ex-presidente nacional da OAB)<br \/>\n14:30 \u2013 A Lei Maria da Penha e os Entraves Socioculturais e Processuais \u2013 Ela Wiecko V. de<br \/>\nCastilho (Subprocuradora-Geral da Rep\u00fablica, professora da Universidade de Bras\u00edlia)<br \/>\n15:00 \u2013 Prote\u00e7\u00e3o Multin\u00edvel na Jurisdi\u00e7\u00e3o Interna e Internacional \u2013 Paula Arruda (Advogada,<br \/>\nprofessora da Universidade Federal do Par\u00e1)<br \/>\n15:30 \u2013 O Sistema Processual e a Defesa dos Direitos Humanos \u2013 Aury Lopes Junior<br \/>\n(Advogado, professor da PUC\/RS)<\/p>\n<p>4\u00ba Painel \u2013 Dignidade e Prote\u00e7\u00e3o dos Direitos da Crian\u00e7a e do Adolescente<br \/>\nPresidente de mesa: Jos\u00e9 Roberto de Andrade<br \/>\nRelator de mesa: Ednaldo Gomes Vidal<br \/>\n16:00 \u2013 MERCOSUL Unido contra o Trabalho Infantil \u2013 Renato Mendes (Coordenador<br \/>\nNacional do Programa Internacional para Elimina\u00e7\u00e3o do Trabalho Infantil)<br \/>\n16:30 \u2013 A Efetiva\u00e7\u00e3o dos Direitos Sociais na Prote\u00e7\u00e3o das Crian\u00e7as e Adolescentes \u2013 Rog\u00e9rio<br \/>\nFavreto (Desembargador do Tribunal Regional Federal da 4\u00aa Regi\u00e3o)<br \/>\n17:00 \u2013 A Instrumentaliza\u00e7\u00e3o para o Combate \u00e0 Explora\u00e7\u00e3o Sexual \u2013 Margarita Mateos<br \/>\n(Coordenadora do Programa de Atendimento \u00e0s V\u00edtimas de Viol\u00eancia Sexual \u2013 PAVIVIS)<br \/>\n17:30 \u2013 Classifica\u00e7\u00e3o Indicativa e Prote\u00e7\u00e3o da Crian\u00e7a \u2013 Saverio Paolilo (Padre Xavier da<br \/>\nPastoral do Menor da Arquidiocese de Vit\u00f3ria\/ES)<br \/>\n18:00 \u2013 Lan\u00e7amentos de livros<\/p>\n<p>Mais informa\u00e7\u00f5es: Acesse o site <a href=\"www.oab.org.br\/confdirhumanos\">www.oab.org.br\/confdirhumanos<\/a><\/p>\n","protected":false},"excerpt":{"rendered":"<p>A Ordem dos Advogados do Brasil (OAB), entidade que congrega cerca de 700.000 profissionais do Direito em todo o Pa\u00eds, realizar\u00e1, no per\u00edodo de 15 a 17 de agosto de 2012, em Vit\u00f3ria, Esp\u00edrito Santo, a *V Confer\u00eancia Internacional de Direitos Humanos*.<\/p>\n","protected":false},"author":1,"featured_media":0,"comment_status":"open","ping_status":"open","sticky":false,"template":"","format":"standard","meta":{"site-container-style":"default","site-container-layout":"default","site-sidebar-layout":"default","disable-article-header":"default","disable-site-header":"default","disable-site-footer":"default","disable-content-area-spacing":"default","footnotes":""},"categories":[11,4],"tags":[],"class_list":["post-22946","post","type-post","status-publish","format-standard","hentry","category-direitos-humanos","category-noticias"],"yoast_head":"<!-- This site is optimized with the Yoast SEO plugin v27.4 - https:\/\/yoast.com\/product\/yoast-seo-wordpress\/ -->\n<title>V Confer\u00eancia Internacional de Direitos Humanos -<\/title>\n<meta name=\"robots\" content=\"index, follow, max-snippet:-1, max-image-preview:large, max-video-preview:-1\" \/>\n<link rel=\"canonical\" href=\"https:\/\/inclusivenews.com.br\/?p=22946\" \/>\n<meta property=\"og:locale\" content=\"pt_PT\" \/>\n<meta property=\"og:type\" content=\"article\" \/>\n<meta property=\"og:title\" content=\"V Confer\u00eancia Internacional de Direitos Humanos -\" \/>\n<meta property=\"og:description\" content=\"A Ordem dos Advogados do Brasil (OAB), entidade que congrega cerca de 700.000 profissionais do Direito em todo o Pa\u00eds, realizar\u00e1, no per\u00edodo de 15 a 17 de agosto de 2012, em Vit\u00f3ria, Esp\u00edrito Santo, a *V Confer\u00eancia Internacional de Direitos Humanos*.\" \/>\n<meta property=\"og:url\" content=\"https:\/\/inclusivenews.com.br\/?p=22946\" \/>\n<meta property=\"article:publisher\" content=\"https:\/\/www.facebook.com\/agenciainclusive\/\" \/>\n<meta property=\"article:published_time\" content=\"2012-07-18T20:53:10+00:00\" \/>\n<meta property=\"og:image\" content=\"http:\/\/www.gajop.org.br\/adm\/noticias\/imagens\/201207021210090.jpg\" \/>\n<meta name=\"author\" content=\"inclusivenews2024\" \/>\n<meta name=\"twitter:card\" content=\"summary_large_image\" \/>\n<meta name=\"twitter:label1\" content=\"Escrito por\" \/>\n\t<meta name=\"twitter:data1\" content=\"inclusivenews2024\" \/>\n\t<meta name=\"twitter:label2\" content=\"Tempo estimado de leitura\" \/>\n\t<meta name=\"twitter:data2\" content=\"3 minutos\" \/>\n<script type=\"application\/ld+json\" class=\"yoast-schema-graph\">{\"@context\":\"https:\\\/\\\/schema.org\",\"@graph\":[{\"@type\":\"Article\",\"@id\":\"https:\\\/\\\/inclusivenews.com.br\\\/?p=22946#article\",\"isPartOf\":{\"@id\":\"https:\\\/\\\/inclusivenews.com.br\\\/?p=22946\"},\"author\":{\"name\":\"inclusivenews2024\",\"@id\":\"https:\\\/\\\/inclusivenews.com.br\\\/#\\\/schema\\\/person\\\/ae4ec7087559b8692fb33b6fffd2273b\"},\"headline\":\"V Confer\u00eancia Internacional de Direitos Humanos\",\"datePublished\":\"2012-07-18T20:53:10+00:00\",\"mainEntityOfPage\":{\"@id\":\"https:\\\/\\\/inclusivenews.com.br\\\/?p=22946\"},\"wordCount\":654,\"commentCount\":0,\"publisher\":{\"@id\":\"https:\\\/\\\/inclusivenews.com.br\\\/#organization\"},\"image\":{\"@id\":\"https:\\\/\\\/inclusivenews.com.br\\\/?p=22946#primaryimage\"},\"thumbnailUrl\":\"http:\\\/\\\/www.gajop.org.br\\\/adm\\\/noticias\\\/imagens\\\/201207021210090.jpg\",\"articleSection\":[\"DIREITOS HUMANOS\",\"NOT\u00cdCIAS\"],\"inLanguage\":\"pt-PT\",\"potentialAction\":[{\"@type\":\"CommentAction\",\"name\":\"Comment\",\"target\":[\"https:\\\/\\\/inclusivenews.com.br\\\/?p=22946#respond\"]}]},{\"@type\":\"WebPage\",\"@id\":\"https:\\\/\\\/inclusivenews.com.br\\\/?p=22946\",\"url\":\"https:\\\/\\\/inclusivenews.com.br\\\/?p=22946\",\"name\":\"V Confer\u00eancia Internacional de Direitos Humanos -\",\"isPartOf\":{\"@id\":\"https:\\\/\\\/inclusivenews.com.br\\\/#website\"},\"primaryImageOfPage\":{\"@id\":\"https:\\\/\\\/inclusivenews.com.br\\\/?p=22946#primaryimage\"},\"image\":{\"@id\":\"https:\\\/\\\/inclusivenews.com.br\\\/?p=22946#primaryimage\"},\"thumbnailUrl\":\"http:\\\/\\\/www.gajop.org.br\\\/adm\\\/noticias\\\/imagens\\\/201207021210090.jpg\",\"datePublished\":\"2012-07-18T20:53:10+00:00\",\"breadcrumb\":{\"@id\":\"https:\\\/\\\/inclusivenews.com.br\\\/?p=22946#breadcrumb\"},\"inLanguage\":\"pt-PT\",\"potentialAction\":[{\"@type\":\"ReadAction\",\"target\":[\"https:\\\/\\\/inclusivenews.com.br\\\/?p=22946\"]}]},{\"@type\":\"ImageObject\",\"inLanguage\":\"pt-PT\",\"@id\":\"https:\\\/\\\/inclusivenews.com.br\\\/?p=22946#primaryimage\",\"url\":\"http:\\\/\\\/www.gajop.org.br\\\/adm\\\/noticias\\\/imagens\\\/201207021210090.jpg\",\"contentUrl\":\"http:\\\/\\\/www.gajop.org.br\\\/adm\\\/noticias\\\/imagens\\\/201207021210090.jpg\"},{\"@type\":\"BreadcrumbList\",\"@id\":\"https:\\\/\\\/inclusivenews.com.br\\\/?p=22946#breadcrumb\",\"itemListElement\":[{\"@type\":\"ListItem\",\"position\":1,\"name\":\"In\u00edcio\",\"item\":\"https:\\\/\\\/inclusivenews.com.br\\\/\"},{\"@type\":\"ListItem\",\"position\":2,\"name\":\"V Confer\u00eancia Internacional de Direitos Humanos\"}]},{\"@type\":\"WebSite\",\"@id\":\"https:\\\/\\\/inclusivenews.com.br\\\/#website\",\"url\":\"https:\\\/\\\/inclusivenews.com.br\\\/\",\"name\":\"Inclusive News\",\"description\":\"Inclusive News\",\"publisher\":{\"@id\":\"https:\\\/\\\/inclusivenews.com.br\\\/#organization\"},\"potentialAction\":[{\"@type\":\"SearchAction\",\"target\":{\"@type\":\"EntryPoint\",\"urlTemplate\":\"https:\\\/\\\/inclusivenews.com.br\\\/?s={search_term_string}\"},\"query-input\":{\"@type\":\"PropertyValueSpecification\",\"valueRequired\":true,\"valueName\":\"search_term_string\"}}],\"inLanguage\":\"pt-PT\"},{\"@type\":\"Organization\",\"@id\":\"https:\\\/\\\/inclusivenews.com.br\\\/#organization\",\"name\":\"Inclusive - inclus\u00e3o e cidadania\",\"url\":\"https:\\\/\\\/inclusivenews.com.br\\\/\",\"logo\":{\"@type\":\"ImageObject\",\"inLanguage\":\"pt-PT\",\"@id\":\"https:\\\/\\\/inclusivenews.com.br\\\/#\\\/schema\\\/logo\\\/image\\\/\",\"url\":\"https:\\\/\\\/inclusivenews.com.br\\\/wp-content\\\/uploads\\\/2024\\\/03\\\/@grandesite.png\",\"contentUrl\":\"https:\\\/\\\/inclusivenews.com.br\\\/wp-content\\\/uploads\\\/2024\\\/03\\\/@grandesite.png\",\"width\":1080,\"height\":1080,\"caption\":\"Inclusive - inclus\u00e3o e cidadania\"},\"image\":{\"@id\":\"https:\\\/\\\/inclusivenews.com.br\\\/#\\\/schema\\\/logo\\\/image\\\/\"},\"sameAs\":[\"https:\\\/\\\/www.facebook.com\\\/agenciainclusive\\\/\",\"https:\\\/\\\/www.instagram.com\\\/newsinclusive\\\/\"]},{\"@type\":\"Person\",\"@id\":\"https:\\\/\\\/inclusivenews.com.br\\\/#\\\/schema\\\/person\\\/ae4ec7087559b8692fb33b6fffd2273b\",\"name\":\"inclusivenews2024\",\"image\":{\"@type\":\"ImageObject\",\"inLanguage\":\"pt-PT\",\"@id\":\"https:\\\/\\\/secure.gravatar.com\\\/avatar\\\/c5a7ef84c66fa914f55bc4f7ce26cfa275a3b9a1c5568b907bd184fb4dde7b40?s=96&d=mm&r=g\",\"url\":\"https:\\\/\\\/secure.gravatar.com\\\/avatar\\\/c5a7ef84c66fa914f55bc4f7ce26cfa275a3b9a1c5568b907bd184fb4dde7b40?s=96&d=mm&r=g\",\"contentUrl\":\"https:\\\/\\\/secure.gravatar.com\\\/avatar\\\/c5a7ef84c66fa914f55bc4f7ce26cfa275a3b9a1c5568b907bd184fb4dde7b40?s=96&d=mm&r=g\",\"caption\":\"inclusivenews2024\"},\"sameAs\":[\"https:\\\/\\\/inclusivenews.com.br\"],\"url\":\"https:\\\/\\\/inclusivenews.com.br\\\/?author=1\"}]}<\/script>\n<!-- \/ Yoast SEO plugin. -->","yoast_head_json":{"title":"V Confer\u00eancia Internacional de Direitos Humanos -","robots":{"index":"index","follow":"follow","max-snippet":"max-snippet:-1","max-image-preview":"max-image-preview:large","max-video-preview":"max-video-preview:-1"},"canonical":"https:\/\/inclusivenews.com.br\/?p=22946","og_locale":"pt_PT","og_type":"article","og_title":"V Confer\u00eancia Internacional de Direitos Humanos -","og_description":"A Ordem dos Advogados do Brasil (OAB), entidade que congrega cerca de 700.000 profissionais do Direito em todo o Pa\u00eds, realizar\u00e1, no per\u00edodo de 15 a 17 de agosto de 2012, em Vit\u00f3ria, Esp\u00edrito Santo, a *V Confer\u00eancia Internacional de Direitos Humanos*.","og_url":"https:\/\/inclusivenews.com.br\/?p=22946","article_publisher":"https:\/\/www.facebook.com\/agenciainclusive\/","article_published_time":"2012-07-18T20:53:10+00:00","og_image":[{"url":"http:\/\/www.gajop.org.br\/adm\/noticias\/imagens\/201207021210090.jpg","type":"","width":"","height":""}],"author":"inclusivenews2024","twitter_card":"summary_large_image","twitter_misc":{"Escrito por":"inclusivenews2024","Tempo estimado de leitura":"3 minutos"},"schema":{"@context":"https:\/\/schema.org","@graph":[{"@type":"Article","@id":"https:\/\/inclusivenews.com.br\/?p=22946#article","isPartOf":{"@id":"https:\/\/inclusivenews.com.br\/?p=22946"},"author":{"name":"inclusivenews2024","@id":"https:\/\/inclusivenews.com.br\/#\/schema\/person\/ae4ec7087559b8692fb33b6fffd2273b"},"headline":"V Confer\u00eancia Internacional de Direitos Humanos","datePublished":"2012-07-18T20:53:10+00:00","mainEntityOfPage":{"@id":"https:\/\/inclusivenews.com.br\/?p=22946"},"wordCount":654,"commentCount":0,"publisher":{"@id":"https:\/\/inclusivenews.com.br\/#organization"},"image":{"@id":"https:\/\/inclusivenews.com.br\/?p=22946#primaryimage"},"thumbnailUrl":"http:\/\/www.gajop.org.br\/adm\/noticias\/imagens\/201207021210090.jpg","articleSection":["DIREITOS HUMANOS","NOT\u00cdCIAS"],"inLanguage":"pt-PT","potentialAction":[{"@type":"CommentAction","name":"Comment","target":["https:\/\/inclusivenews.com.br\/?p=22946#respond"]}]},{"@type":"WebPage","@id":"https:\/\/inclusivenews.com.br\/?p=22946","url":"https:\/\/inclusivenews.com.br\/?p=22946","name":"V Confer\u00eancia Internacional de Direitos Humanos -","isPartOf":{"@id":"https:\/\/inclusivenews.com.br\/#website"},"primaryImageOfPage":{"@id":"https:\/\/inclusivenews.com.br\/?p=22946#primaryimage"},"image":{"@id":"https:\/\/inclusivenews.com.br\/?p=22946#primaryimage"},"thumbnailUrl":"http:\/\/www.gajop.org.br\/adm\/noticias\/imagens\/201207021210090.jpg","datePublished":"2012-07-18T20:53:10+00:00","breadcrumb":{"@id":"https:\/\/inclusivenews.com.br\/?p=22946#breadcrumb"},"inLanguage":"pt-PT","potentialAction":[{"@type":"ReadAction","target":["https:\/\/inclusivenews.com.br\/?p=22946"]}]},{"@type":"ImageObject","inLanguage":"pt-PT","@id":"https:\/\/inclusivenews.com.br\/?p=22946#primaryimage","url":"http:\/\/www.gajop.org.br\/adm\/noticias\/imagens\/201207021210090.jpg","contentUrl":"http:\/\/www.gajop.org.br\/adm\/noticias\/imagens\/201207021210090.jpg"},{"@type":"BreadcrumbList","@id":"https:\/\/inclusivenews.com.br\/?p=22946#breadcrumb","itemListElement":[{"@type":"ListItem","position":1,"name":"In\u00edcio","item":"https:\/\/inclusivenews.com.br\/"},{"@type":"ListItem","position":2,"name":"V Confer\u00eancia Internacional de Direitos Humanos"}]},{"@type":"WebSite","@id":"https:\/\/inclusivenews.com.br\/#website","url":"https:\/\/inclusivenews.com.br\/","name":"Inclusive News","description":"Inclusive News","publisher":{"@id":"https:\/\/inclusivenews.com.br\/#organization"},"potentialAction":[{"@type":"SearchAction","target":{"@type":"EntryPoint","urlTemplate":"https:\/\/inclusivenews.com.br\/?s={search_term_string}"},"query-input":{"@type":"PropertyValueSpecification","valueRequired":true,"valueName":"search_term_string"}}],"inLanguage":"pt-PT"},{"@type":"Organization","@id":"https:\/\/inclusivenews.com.br\/#organization","name":"Inclusive - inclus\u00e3o e cidadania","url":"https:\/\/inclusivenews.com.br\/","logo":{"@type":"ImageObject","inLanguage":"pt-PT","@id":"https:\/\/inclusivenews.com.br\/#\/schema\/logo\/image\/","url":"https:\/\/inclusivenews.com.br\/wp-content\/uploads\/2024\/03\/@grandesite.png","contentUrl":"https:\/\/inclusivenews.com.br\/wp-content\/uploads\/2024\/03\/@grandesite.png","width":1080,"height":1080,"caption":"Inclusive - inclus\u00e3o e cidadania"},"image":{"@id":"https:\/\/inclusivenews.com.br\/#\/schema\/logo\/image\/"},"sameAs":["https:\/\/www.facebook.com\/agenciainclusive\/","https:\/\/www.instagram.com\/newsinclusive\/"]},{"@type":"Person","@id":"https:\/\/inclusivenews.com.br\/#\/schema\/person\/ae4ec7087559b8692fb33b6fffd2273b","name":"inclusivenews2024","image":{"@type":"ImageObject","inLanguage":"pt-PT","@id":"https:\/\/secure.gravatar.com\/avatar\/c5a7ef84c66fa914f55bc4f7ce26cfa275a3b9a1c5568b907bd184fb4dde7b40?s=96&d=mm&r=g","url":"https:\/\/secure.gravatar.com\/avatar\/c5a7ef84c66fa914f55bc4f7ce26cfa275a3b9a1c5568b907bd184fb4dde7b40?s=96&d=mm&r=g","contentUrl":"https:\/\/secure.gravatar.com\/avatar\/c5a7ef84c66fa914f55bc4f7ce26cfa275a3b9a1c5568b907bd184fb4dde7b40?s=96&d=mm&r=g","caption":"inclusivenews2024"},"sameAs":["https:\/\/inclusivenews.com.br"],"url":"https:\/\/inclusivenews.com.br\/?author=1"}]}},"_links":{"self":[{"href":"https:\/\/inclusivenews.com.br\/index.php?rest_route=\/wp\/v2\/posts\/22946","targetHints":{"allow":["GET"]}}],"collection":[{"href":"https:\/\/inclusivenews.com.br\/index.php?rest_route=\/wp\/v2\/posts"}],"about":[{"href":"https:\/\/inclusivenews.com.br\/index.php?rest_route=\/wp\/v2\/types\/post"}],"author":[{"embeddable":true,"href":"https:\/\/inclusivenews.com.br\/index.php?rest_route=\/wp\/v2\/users\/1"}],"replies":[{"embeddable":true,"href":"https:\/\/inclusivenews.com.br\/index.php?rest_route=%2Fwp%2Fv2%2Fcomments&post=22946"}],"version-history":[{"count":0,"href":"https:\/\/inclusivenews.com.br\/index.php?rest_route=\/wp\/v2\/posts\/22946\/revisions"}],"wp:attachment":[{"href":"https:\/\/inclusivenews.com.br\/index.php?rest_route=%2Fwp%2Fv2%2Fmedia&parent=22946"}],"wp:term":[{"taxonomy":"category","embeddable":true,"href":"https:\/\/inclusivenews.com.br\/index.php?rest_route=%2Fwp%2Fv2%2Fcategories&post=22946"},{"taxonomy":"post_tag","embeddable":true,"href":"https:\/\/inclusivenews.com.br\/index.php?rest_route=%2Fwp%2Fv2%2Ftags&post=22946"}],"curies":[{"name":"wp","href":"https:\/\/api.w.org\/{rel}","templated":true}]}}