{"id":22950,"date":"2012-07-18T17:52:30","date_gmt":"2012-07-18T20:52:30","guid":{"rendered":"http:\/\/www.inclusive.org.br\/?p=22950"},"modified":"2012-07-18T17:52:30","modified_gmt":"2012-07-18T20:52:30","slug":"estatuto-da-crianca-e-do-adolescente-faz-22-anos-2","status":"publish","type":"post","link":"https:\/\/inclusivenews.com.br\/?p=22950","title":{"rendered":"Estatuto da Crian\u00e7a e do Adolescente faz 22 anos"},"content":{"rendered":"<figure id=\"attachment_20099\" aria-describedby=\"caption-attachment-20099\" style=\"width: 240px\" class=\"wp-caption alignleft\"><a href=\"http:\/\/www.inclusivenews.com.br\/wp-content\/uploads\/Confer\u00eancia-Municipal-dos-Direitos-da-Crian\u00e7a-e-do-Adolescente-CMDCA.jpg\"><img loading=\"lazy\" decoding=\"async\" class=\"size-full wp-image-20099 \" title=\"Confer\u00eancia-Municipal-dos-Direitos-da-Crian\u00e7a-e-do-Adolescente-CMDCA\" src=\"http:\/\/inclusivenews.com.br\/wp-content\/uploads\/Confer\u00eancia-Municipal-dos-Direitos-da-Crian\u00e7a-e-do-Adolescente-CMDCA.jpg\" alt=\"Desenho de menina e de menino.\" width=\"240\" height=\"190\" \/><\/a><figcaption id=\"caption-attachment-20099\" class=\"wp-caption-text\"> <\/figcaption><\/figure>\n<p><em>Daniella Jinkings<br \/>\nda Ag\u00eancia Brasil<\/em><\/p>\n<p>O Estatuto da Crian\u00e7a e do Adolescente (ECA) completou 22 anos. A lei prev\u00ea uma s\u00e9rie de direitos e deveres de crian\u00e7as e adolescentes, pais, conselheiros tutelares, ju\u00edzes, m\u00e9dicos, entre outros. Estabelece, por exemplo, o direito \u00e0 sa\u00fade, \u00e0 educa\u00e7\u00e3o, \u00e0 conviv\u00eancia familiar, al\u00e9m de quest\u00f5es relacionadas \u00e0s pol\u00edticas de atendimento, \u00e0s medidas de prote\u00e7\u00e3o e socioeducativas.<\/p>\n<p>B\u00e1rbara Ant\u00f4nia Arcoverde, 9 anos, aprendeu sobre o ECA em uma cartilha do Menino Maluquinho, que trata de direitos humanos para o p\u00fablico infantojuvenil. \u201cEu achei [a cartilha] l\u00e1 em casa e resolvi ler. O ECA inclui as leis que protegem as crian\u00e7as e os adolescentes. Eu sei que [os adultos] n\u00e3o podem bater, a gente n\u00e3o pode trabalhar e tem de estudar\u201d.<\/p>\n<p>\u00c0 pergunta sobre o que deveria ocorrer com quem maltrata as crian\u00e7as e os adolescentes no pa\u00eds, a menina respondeu que deve haver puni\u00e7\u00e3o severa. \u201cDeviam prender quem faz isso. Os adultos deviam ter melhor cora\u00e7\u00e3o. H\u00e1 muito caso ruim que aparece na TV\u201d. De acordo com B\u00e1rbara, a escola tamb\u00e9m estimula o debate sobre o estatuto com textos em sala de aula.<\/p>\n<p>Em 2007, foi sancionado o projeto de lei que determina a inclus\u00e3o do ECA nos curr\u00edculos escolares do ensino fundamental. Pelo projeto, n\u00e3o \u00e9 necess\u00e1rio criar uma disciplina, mas os professores precisam desenvolver os conte\u00fados do estatuto em sala de aula. No entanto, essa lei n\u00e3o \u00e9 respeitada por todas as escolas.<\/p>\n<p>De acordo com Gabriel Geovani de Melo Silva, 14 anos, o ECA n\u00e3o \u00e9 muito discutido em sala de aula, pois a escola na qual estuda n\u00e3o d\u00e1 muita aten\u00e7\u00e3o \u00e0 lei. \u201cEu n\u00e3o conhe\u00e7o muito o estatuto. O que sei, aprendi sozinho. Sei que d\u00e1 o direito de viver, de ter alimenta\u00e7\u00e3o adequada, ter os pais para cuidar e tamb\u00e9m impede o trabalho infantil\u201d.<\/p>\n<p>Para a educadora Teresa Santana, \u00e9 importante que as crian\u00e7as e os adolescentes saibam seus direitos e suas responsabilidades, uma vez que a sociedade ainda est\u00e1 muito desinformada e as crian\u00e7as s\u00e3o v\u00edtimas de viol\u00eancia cotidianamente. \u201cA TV ajuda a informar, mas tudo que \u00e9 feito com abuso acaba atrapalhando. \u00c9 preciso ter campanhas veiculadas, j\u00e1 que \u00e9 o meio mais visto\u201d.<\/p>\n<p>Ela acredita que n\u00e3o \u00e9 necess\u00e1rio ter uma mat\u00e9ria espec\u00edfica sobre o ECA, mas as coordena\u00e7\u00f5es pedag\u00f3gicas poderiam tratar do assunto por meio de palestras e outras atividades. \u201cAs disciplinas tamb\u00e9m deveriam tratar disso, seja por meio de trabalhos, pesquisas, reda\u00e7\u00f5es, pois o assunto \u00e9 interdisciplinar\u201d.<\/p>\n<p>Fonte: Ag\u00eancia Brasil<\/p>\n","protected":false},"excerpt":{"rendered":"<p>O Estatuto da Crian\u00e7a e do Adolescente (ECA) completou 22 anos. A lei prev\u00ea uma s\u00e9rie de direitos e deveres de crian\u00e7as e adolescentes, pais, conselheiros tutelares, ju\u00edzes, m\u00e9dicos, entre outros. Estabelece, por exemplo, o direito \u00e0 sa\u00fade, \u00e0 educa\u00e7\u00e3o, \u00e0 conviv\u00eancia familiar, al\u00e9m de quest\u00f5es relacionadas \u00e0s pol\u00edticas de atendimento, \u00e0s medidas de prote\u00e7\u00e3o e socioeducativas.<\/p>\n","protected":false},"author":1,"featured_media":0,"comment_status":"open","ping_status":"open","sticky":false,"template":"","format":"standard","meta":{"site-container-style":"default","site-container-layout":"default","site-sidebar-layout":"default","disable-article-header":"default","disable-site-header":"default","disable-site-footer":"default","disable-content-area-spacing":"default","footnotes":""},"categories":[4],"tags":[60],"class_list":["post-22950","post","type-post","status-publish","format-standard","hentry","category-noticias","tag-infancia"],"yoast_head":"<!-- This site is optimized with the Yoast SEO plugin v27.4 - https:\/\/yoast.com\/product\/yoast-seo-wordpress\/ -->\n<title>Estatuto da Crian\u00e7a e do Adolescente faz 22 anos -<\/title>\n<meta name=\"robots\" content=\"index, follow, max-snippet:-1, max-image-preview:large, max-video-preview:-1\" \/>\n<link rel=\"canonical\" href=\"https:\/\/inclusivenews.com.br\/?p=22950\" \/>\n<meta property=\"og:locale\" content=\"pt_PT\" \/>\n<meta property=\"og:type\" content=\"article\" \/>\n<meta property=\"og:title\" content=\"Estatuto da Crian\u00e7a e do Adolescente faz 22 anos -\" \/>\n<meta property=\"og:description\" content=\"O Estatuto da Crian\u00e7a e do Adolescente (ECA) completou 22 anos. A lei prev\u00ea uma s\u00e9rie de direitos e deveres de crian\u00e7as e adolescentes, pais, conselheiros tutelares, ju\u00edzes, m\u00e9dicos, entre outros. Estabelece, por exemplo, o direito \u00e0 sa\u00fade, \u00e0 educa\u00e7\u00e3o, \u00e0 conviv\u00eancia familiar, al\u00e9m de quest\u00f5es relacionadas \u00e0s pol\u00edticas de atendimento, \u00e0s medidas de prote\u00e7\u00e3o e socioeducativas.\" \/>\n<meta property=\"og:url\" content=\"https:\/\/inclusivenews.com.br\/?p=22950\" \/>\n<meta property=\"article:publisher\" content=\"https:\/\/www.facebook.com\/agenciainclusive\/\" \/>\n<meta property=\"article:published_time\" content=\"2012-07-18T20:52:30+00:00\" \/>\n<meta name=\"author\" content=\"inclusivenews2024\" \/>\n<meta name=\"twitter:card\" content=\"summary_large_image\" \/>\n<meta name=\"twitter:label1\" content=\"Escrito por\" \/>\n\t<meta name=\"twitter:data1\" content=\"inclusivenews2024\" \/>\n\t<meta name=\"twitter:label2\" content=\"Tempo estimado de leitura\" \/>\n\t<meta name=\"twitter:data2\" content=\"2 minutos\" \/>\n<script type=\"application\/ld+json\" class=\"yoast-schema-graph\">{\"@context\":\"https:\\\/\\\/schema.org\",\"@graph\":[{\"@type\":\"Article\",\"@id\":\"https:\\\/\\\/inclusivenews.com.br\\\/?p=22950#article\",\"isPartOf\":{\"@id\":\"https:\\\/\\\/inclusivenews.com.br\\\/?p=22950\"},\"author\":{\"name\":\"inclusivenews2024\",\"@id\":\"https:\\\/\\\/inclusivenews.com.br\\\/#\\\/schema\\\/person\\\/ae4ec7087559b8692fb33b6fffd2273b\"},\"headline\":\"Estatuto da Crian\u00e7a e do Adolescente faz 22 anos\",\"datePublished\":\"2012-07-18T20:52:30+00:00\",\"mainEntityOfPage\":{\"@id\":\"https:\\\/\\\/inclusivenews.com.br\\\/?p=22950\"},\"wordCount\":467,\"commentCount\":0,\"publisher\":{\"@id\":\"https:\\\/\\\/inclusivenews.com.br\\\/#organization\"},\"keywords\":[\"Inf\u00e2ncia\"],\"articleSection\":[\"NOT\u00cdCIAS\"],\"inLanguage\":\"pt-PT\",\"potentialAction\":[{\"@type\":\"CommentAction\",\"name\":\"Comment\",\"target\":[\"https:\\\/\\\/inclusivenews.com.br\\\/?p=22950#respond\"]}]},{\"@type\":\"WebPage\",\"@id\":\"https:\\\/\\\/inclusivenews.com.br\\\/?p=22950\",\"url\":\"https:\\\/\\\/inclusivenews.com.br\\\/?p=22950\",\"name\":\"Estatuto da Crian\u00e7a e do Adolescente faz 22 anos -\",\"isPartOf\":{\"@id\":\"https:\\\/\\\/inclusivenews.com.br\\\/#website\"},\"datePublished\":\"2012-07-18T20:52:30+00:00\",\"breadcrumb\":{\"@id\":\"https:\\\/\\\/inclusivenews.com.br\\\/?p=22950#breadcrumb\"},\"inLanguage\":\"pt-PT\",\"potentialAction\":[{\"@type\":\"ReadAction\",\"target\":[\"https:\\\/\\\/inclusivenews.com.br\\\/?p=22950\"]}]},{\"@type\":\"BreadcrumbList\",\"@id\":\"https:\\\/\\\/inclusivenews.com.br\\\/?p=22950#breadcrumb\",\"itemListElement\":[{\"@type\":\"ListItem\",\"position\":1,\"name\":\"In\u00edcio\",\"item\":\"https:\\\/\\\/inclusivenews.com.br\\\/\"},{\"@type\":\"ListItem\",\"position\":2,\"name\":\"Estatuto da Crian\u00e7a e do Adolescente faz 22 anos\"}]},{\"@type\":\"WebSite\",\"@id\":\"https:\\\/\\\/inclusivenews.com.br\\\/#website\",\"url\":\"https:\\\/\\\/inclusivenews.com.br\\\/\",\"name\":\"Inclusive News\",\"description\":\"Inclusive News\",\"publisher\":{\"@id\":\"https:\\\/\\\/inclusivenews.com.br\\\/#organization\"},\"potentialAction\":[{\"@type\":\"SearchAction\",\"target\":{\"@type\":\"EntryPoint\",\"urlTemplate\":\"https:\\\/\\\/inclusivenews.com.br\\\/?s={search_term_string}\"},\"query-input\":{\"@type\":\"PropertyValueSpecification\",\"valueRequired\":true,\"valueName\":\"search_term_string\"}}],\"inLanguage\":\"pt-PT\"},{\"@type\":\"Organization\",\"@id\":\"https:\\\/\\\/inclusivenews.com.br\\\/#organization\",\"name\":\"Inclusive - inclus\u00e3o e cidadania\",\"url\":\"https:\\\/\\\/inclusivenews.com.br\\\/\",\"logo\":{\"@type\":\"ImageObject\",\"inLanguage\":\"pt-PT\",\"@id\":\"https:\\\/\\\/inclusivenews.com.br\\\/#\\\/schema\\\/logo\\\/image\\\/\",\"url\":\"https:\\\/\\\/inclusivenews.com.br\\\/wp-content\\\/uploads\\\/2024\\\/03\\\/@grandesite.png\",\"contentUrl\":\"https:\\\/\\\/inclusivenews.com.br\\\/wp-content\\\/uploads\\\/2024\\\/03\\\/@grandesite.png\",\"width\":1080,\"height\":1080,\"caption\":\"Inclusive - inclus\u00e3o e cidadania\"},\"image\":{\"@id\":\"https:\\\/\\\/inclusivenews.com.br\\\/#\\\/schema\\\/logo\\\/image\\\/\"},\"sameAs\":[\"https:\\\/\\\/www.facebook.com\\\/agenciainclusive\\\/\",\"https:\\\/\\\/www.instagram.com\\\/newsinclusive\\\/\"]},{\"@type\":\"Person\",\"@id\":\"https:\\\/\\\/inclusivenews.com.br\\\/#\\\/schema\\\/person\\\/ae4ec7087559b8692fb33b6fffd2273b\",\"name\":\"inclusivenews2024\",\"image\":{\"@type\":\"ImageObject\",\"inLanguage\":\"pt-PT\",\"@id\":\"https:\\\/\\\/secure.gravatar.com\\\/avatar\\\/c5a7ef84c66fa914f55bc4f7ce26cfa275a3b9a1c5568b907bd184fb4dde7b40?s=96&d=mm&r=g\",\"url\":\"https:\\\/\\\/secure.gravatar.com\\\/avatar\\\/c5a7ef84c66fa914f55bc4f7ce26cfa275a3b9a1c5568b907bd184fb4dde7b40?s=96&d=mm&r=g\",\"contentUrl\":\"https:\\\/\\\/secure.gravatar.com\\\/avatar\\\/c5a7ef84c66fa914f55bc4f7ce26cfa275a3b9a1c5568b907bd184fb4dde7b40?s=96&d=mm&r=g\",\"caption\":\"inclusivenews2024\"},\"sameAs\":[\"https:\\\/\\\/inclusivenews.com.br\"],\"url\":\"https:\\\/\\\/inclusivenews.com.br\\\/?author=1\"}]}<\/script>\n<!-- \/ Yoast SEO plugin. -->","yoast_head_json":{"title":"Estatuto da Crian\u00e7a e do Adolescente faz 22 anos -","robots":{"index":"index","follow":"follow","max-snippet":"max-snippet:-1","max-image-preview":"max-image-preview:large","max-video-preview":"max-video-preview:-1"},"canonical":"https:\/\/inclusivenews.com.br\/?p=22950","og_locale":"pt_PT","og_type":"article","og_title":"Estatuto da Crian\u00e7a e do Adolescente faz 22 anos -","og_description":"O Estatuto da Crian\u00e7a e do Adolescente (ECA) completou 22 anos. A lei prev\u00ea uma s\u00e9rie de direitos e deveres de crian\u00e7as e adolescentes, pais, conselheiros tutelares, ju\u00edzes, m\u00e9dicos, entre outros. Estabelece, por exemplo, o direito \u00e0 sa\u00fade, \u00e0 educa\u00e7\u00e3o, \u00e0 conviv\u00eancia familiar, al\u00e9m de quest\u00f5es relacionadas \u00e0s pol\u00edticas de atendimento, \u00e0s medidas de prote\u00e7\u00e3o e socioeducativas.","og_url":"https:\/\/inclusivenews.com.br\/?p=22950","article_publisher":"https:\/\/www.facebook.com\/agenciainclusive\/","article_published_time":"2012-07-18T20:52:30+00:00","author":"inclusivenews2024","twitter_card":"summary_large_image","twitter_misc":{"Escrito por":"inclusivenews2024","Tempo estimado de leitura":"2 minutos"},"schema":{"@context":"https:\/\/schema.org","@graph":[{"@type":"Article","@id":"https:\/\/inclusivenews.com.br\/?p=22950#article","isPartOf":{"@id":"https:\/\/inclusivenews.com.br\/?p=22950"},"author":{"name":"inclusivenews2024","@id":"https:\/\/inclusivenews.com.br\/#\/schema\/person\/ae4ec7087559b8692fb33b6fffd2273b"},"headline":"Estatuto da Crian\u00e7a e do Adolescente faz 22 anos","datePublished":"2012-07-18T20:52:30+00:00","mainEntityOfPage":{"@id":"https:\/\/inclusivenews.com.br\/?p=22950"},"wordCount":467,"commentCount":0,"publisher":{"@id":"https:\/\/inclusivenews.com.br\/#organization"},"keywords":["Inf\u00e2ncia"],"articleSection":["NOT\u00cdCIAS"],"inLanguage":"pt-PT","potentialAction":[{"@type":"CommentAction","name":"Comment","target":["https:\/\/inclusivenews.com.br\/?p=22950#respond"]}]},{"@type":"WebPage","@id":"https:\/\/inclusivenews.com.br\/?p=22950","url":"https:\/\/inclusivenews.com.br\/?p=22950","name":"Estatuto da Crian\u00e7a e do Adolescente faz 22 anos -","isPartOf":{"@id":"https:\/\/inclusivenews.com.br\/#website"},"datePublished":"2012-07-18T20:52:30+00:00","breadcrumb":{"@id":"https:\/\/inclusivenews.com.br\/?p=22950#breadcrumb"},"inLanguage":"pt-PT","potentialAction":[{"@type":"ReadAction","target":["https:\/\/inclusivenews.com.br\/?p=22950"]}]},{"@type":"BreadcrumbList","@id":"https:\/\/inclusivenews.com.br\/?p=22950#breadcrumb","itemListElement":[{"@type":"ListItem","position":1,"name":"In\u00edcio","item":"https:\/\/inclusivenews.com.br\/"},{"@type":"ListItem","position":2,"name":"Estatuto da Crian\u00e7a e do Adolescente faz 22 anos"}]},{"@type":"WebSite","@id":"https:\/\/inclusivenews.com.br\/#website","url":"https:\/\/inclusivenews.com.br\/","name":"Inclusive News","description":"Inclusive News","publisher":{"@id":"https:\/\/inclusivenews.com.br\/#organization"},"potentialAction":[{"@type":"SearchAction","target":{"@type":"EntryPoint","urlTemplate":"https:\/\/inclusivenews.com.br\/?s={search_term_string}"},"query-input":{"@type":"PropertyValueSpecification","valueRequired":true,"valueName":"search_term_string"}}],"inLanguage":"pt-PT"},{"@type":"Organization","@id":"https:\/\/inclusivenews.com.br\/#organization","name":"Inclusive - inclus\u00e3o e cidadania","url":"https:\/\/inclusivenews.com.br\/","logo":{"@type":"ImageObject","inLanguage":"pt-PT","@id":"https:\/\/inclusivenews.com.br\/#\/schema\/logo\/image\/","url":"https:\/\/inclusivenews.com.br\/wp-content\/uploads\/2024\/03\/@grandesite.png","contentUrl":"https:\/\/inclusivenews.com.br\/wp-content\/uploads\/2024\/03\/@grandesite.png","width":1080,"height":1080,"caption":"Inclusive - inclus\u00e3o e cidadania"},"image":{"@id":"https:\/\/inclusivenews.com.br\/#\/schema\/logo\/image\/"},"sameAs":["https:\/\/www.facebook.com\/agenciainclusive\/","https:\/\/www.instagram.com\/newsinclusive\/"]},{"@type":"Person","@id":"https:\/\/inclusivenews.com.br\/#\/schema\/person\/ae4ec7087559b8692fb33b6fffd2273b","name":"inclusivenews2024","image":{"@type":"ImageObject","inLanguage":"pt-PT","@id":"https:\/\/secure.gravatar.com\/avatar\/c5a7ef84c66fa914f55bc4f7ce26cfa275a3b9a1c5568b907bd184fb4dde7b40?s=96&d=mm&r=g","url":"https:\/\/secure.gravatar.com\/avatar\/c5a7ef84c66fa914f55bc4f7ce26cfa275a3b9a1c5568b907bd184fb4dde7b40?s=96&d=mm&r=g","contentUrl":"https:\/\/secure.gravatar.com\/avatar\/c5a7ef84c66fa914f55bc4f7ce26cfa275a3b9a1c5568b907bd184fb4dde7b40?s=96&d=mm&r=g","caption":"inclusivenews2024"},"sameAs":["https:\/\/inclusivenews.com.br"],"url":"https:\/\/inclusivenews.com.br\/?author=1"}]}},"_links":{"self":[{"href":"https:\/\/inclusivenews.com.br\/index.php?rest_route=\/wp\/v2\/posts\/22950","targetHints":{"allow":["GET"]}}],"collection":[{"href":"https:\/\/inclusivenews.com.br\/index.php?rest_route=\/wp\/v2\/posts"}],"about":[{"href":"https:\/\/inclusivenews.com.br\/index.php?rest_route=\/wp\/v2\/types\/post"}],"author":[{"embeddable":true,"href":"https:\/\/inclusivenews.com.br\/index.php?rest_route=\/wp\/v2\/users\/1"}],"replies":[{"embeddable":true,"href":"https:\/\/inclusivenews.com.br\/index.php?rest_route=%2Fwp%2Fv2%2Fcomments&post=22950"}],"version-history":[{"count":0,"href":"https:\/\/inclusivenews.com.br\/index.php?rest_route=\/wp\/v2\/posts\/22950\/revisions"}],"wp:attachment":[{"href":"https:\/\/inclusivenews.com.br\/index.php?rest_route=%2Fwp%2Fv2%2Fmedia&parent=22950"}],"wp:term":[{"taxonomy":"category","embeddable":true,"href":"https:\/\/inclusivenews.com.br\/index.php?rest_route=%2Fwp%2Fv2%2Fcategories&post=22950"},{"taxonomy":"post_tag","embeddable":true,"href":"https:\/\/inclusivenews.com.br\/index.php?rest_route=%2Fwp%2Fv2%2Ftags&post=22950"}],"curies":[{"name":"wp","href":"https:\/\/api.w.org\/{rel}","templated":true}]}}