{"id":22957,"date":"2012-07-18T17:53:57","date_gmt":"2012-07-18T20:53:57","guid":{"rendered":"http:\/\/www.inclusive.org.br\/?p=22957"},"modified":"2012-07-18T17:53:57","modified_gmt":"2012-07-18T20:53:57","slug":"ciclo-da-violencia-pode-ter-raiz-nos-castigos-fisicos-na-infancia","status":"publish","type":"post","link":"https:\/\/inclusivenews.com.br\/?p=22957","title":{"rendered":"Ciclo da viol\u00eancia pode ter raiz nos castigos f\u00edsicos na inf\u00e2ncia"},"content":{"rendered":"<figure id=\"attachment_13698\" aria-describedby=\"caption-attachment-13698\" style=\"width: 240px\" class=\"wp-caption alignleft\"><a href=\"http:\/\/www.inclusivenews.com.br\/wp-content\/uploads\/2010\/02\/violencia-infantil.jpg\"><img loading=\"lazy\" decoding=\"async\" class=\"size-full wp-image-13698 \" title=\"violencia-infantil\" src=\"http:\/\/inclusivenews.com.br\/wp-content\/uploads\/2010\/02\/violencia-infantil.jpg\" alt=\"Ilustra\u00e7\u00e3o de menino sentado no ch\u00e3o abra\u00e7ando o joelho e sobre ele a sombra de um adulto com um cinto na m\u00e3o\" width=\"240\" height=\"262\" \/><\/a><figcaption id=\"caption-attachment-13698\" class=\"wp-caption-text\"> <\/figcaption><\/figure>\n<p><em>Por Fl\u00e1via Falc\u00e3o<br \/>\nda Ag\u00eancia Fapesp<\/em><\/p>\n<p>Pesquisa realizada pela FAPESP em 11 capitais brasileiras revelou que mais de 70% dos 4.025 entrevistados apanharam quando crian\u00e7as. Para 20% deles, a puni\u00e7\u00e3o f\u00edsica ocorreu de forma frequente &#8212; uma vez por semana ou mais. A palmada, entretanto, n\u00e3o foi o castigo f\u00edsico entre os que apanharam todos os dias. A agress\u00e3o, segundo os relatos, variava entre castigos com vara, cinto, peda\u00e7o de pau e outros objetos capazes de provocar danos graves.<\/p>\n<p>Segundo Nancy Cardia, vice-coordenadora do N\u00facleo de Estudos da Viol\u00eancia (NEV) da Universidade de S\u00e3o Paulo (USP), o objetivo da pesquisa foi examinar como a exposi\u00e7\u00e3o \u00e0 viol\u00eancia afeta as atitudes, normas e valores dos cidad\u00e3os. &#8220;A pergunta sobre a puni\u00e7\u00e3o corporal na inf\u00e2ncia se mostrou absolutamente vital para a pesquisa. Ao cruzar esses resultados com diversas outras quest\u00f5es, podemos notar que as v\u00edtimas de viol\u00eancia grave na inf\u00e2ncia est\u00e3o mais sujeitas a serem v\u00edtimas de viol\u00eancia ao longo de toda a vida&#8221;, disse Cardia.<\/p>\n<p>Os entrevistados que relataram ter apanhado muito quando crian\u00e7a foram os que mais escolheram a op\u00e7\u00e3o &#8220;bater muito&#8221; em seus filhos caso esses apresentassem mau comportamento. Tamb\u00e9m foram os que mais esperariam que os filhos respondessem com viol\u00eancia caso fossem v\u00edtimas de agress\u00e3o f\u00edsica na escola. Segundo os pesquisadores, os dados sugerem um ciclo perverso de uso de for\u00e7a f\u00edsica que precisa ser combatido.<\/p>\n<p>A pesquisa mostrou tamb\u00e9m que a percep\u00e7\u00e3o da popula\u00e7\u00e3o sobre crescimento da viol\u00eancia diminuiu, passando de 93,4% em 1999 para 72,8% em 2010. No \u00faltimo levantamento, por\u00e9m, foi maior a quantidade de entrevistados que disse ter presenciado em seus bairros uso de drogas, pris\u00e3o, assalto e agress\u00e3o.<\/p>\n<p>O levantamento foi feito em 2010 e divulgado no m\u00eas de junho pelo N\u00facleo de Estudos da Viol\u00eancia da USP, um Centro de Pesquisa, Inova\u00e7\u00e3o e Difus\u00e3o (CEPID) apoiado pela FAPESP. Os resultados foram comparados com dados semelhantes de 1999, tamb\u00e9m coletados pela institui\u00e7\u00e3o. Embora o percentual dos que afirmam ter sofrido puni\u00e7\u00e3o f\u00edsica regular tenha diminu\u00eddo na \u00faltima d\u00e9cada &#8212; passando de um em cada quatro entrevistados para um em cada cinco &#8211;, ainda \u00e9 considerado alto.<\/p>\n<p>Sugest\u00e3o de fontes:<\/p>\n<p>Funda\u00e7\u00e3o de Amparo \u00e0 Pesquisa do Estado de S\u00e3o Paulo (FAPESP) (11) 3838-4000<\/p>\n<p>Instituto de Psicologia (IP) Universidade de Bras\u00edlia (UnB) (61) 3107-6820 \/ 6821 \/ 6922 \/ 6964<\/p>\n<p>N\u00facleo de Estudos da Viol\u00eancia (NEV) Universidade de S\u00e3o Paulo (USP) (11) 3091-4951<\/p>\n","protected":false},"excerpt":{"rendered":"<p>Pesquisa realizada pela FAPESP em 11 capitais brasileiras revelou que mais de 70% dos 4.025 entrevistados apanharam quando crian\u00e7as. Para 20% deles, a puni\u00e7\u00e3o f\u00edsica ocorreu de forma frequente  uma vez por semana ou mais. Da Ag\u00eancia FAPESP.<\/p>\n","protected":false},"author":1,"featured_media":0,"comment_status":"open","ping_status":"open","sticky":false,"template":"","format":"standard","meta":{"site-container-style":"default","site-container-layout":"default","site-sidebar-layout":"default","disable-article-header":"default","disable-site-header":"default","disable-site-footer":"default","disable-content-area-spacing":"default","footnotes":""},"categories":[11,4],"tags":[60,94],"class_list":["post-22957","post","type-post","status-publish","format-standard","hentry","category-direitos-humanos","category-noticias","tag-infancia","tag-violencia"],"yoast_head":"<!-- This site is optimized with the Yoast SEO plugin v27.4 - https:\/\/yoast.com\/product\/yoast-seo-wordpress\/ -->\n<title>Ciclo da viol\u00eancia pode ter raiz nos castigos f\u00edsicos na inf\u00e2ncia -<\/title>\n<meta name=\"robots\" content=\"index, follow, max-snippet:-1, max-image-preview:large, max-video-preview:-1\" \/>\n<link rel=\"canonical\" href=\"https:\/\/inclusivenews.com.br\/?p=22957\" \/>\n<meta property=\"og:locale\" content=\"pt_PT\" \/>\n<meta property=\"og:type\" content=\"article\" \/>\n<meta property=\"og:title\" content=\"Ciclo da viol\u00eancia pode ter raiz nos castigos f\u00edsicos na inf\u00e2ncia -\" \/>\n<meta property=\"og:description\" content=\"Pesquisa realizada pela FAPESP em 11 capitais brasileiras revelou que mais de 70% dos 4.025 entrevistados apanharam quando crian\u00e7as. Para 20% deles, a puni\u00e7\u00e3o f\u00edsica ocorreu de forma frequente uma vez por semana ou mais. Da Ag\u00eancia FAPESP.\" \/>\n<meta property=\"og:url\" content=\"https:\/\/inclusivenews.com.br\/?p=22957\" \/>\n<meta property=\"article:publisher\" content=\"https:\/\/www.facebook.com\/agenciainclusive\/\" \/>\n<meta property=\"article:published_time\" content=\"2012-07-18T20:53:57+00:00\" \/>\n<meta property=\"og:image\" content=\"http:\/\/inclusivenews.com.br\/wp-content\/uploads\/2010\/02\/violencia-infantil.jpg\" \/>\n<meta name=\"author\" content=\"inclusivenews2024\" \/>\n<meta name=\"twitter:card\" content=\"summary_large_image\" \/>\n<meta name=\"twitter:label1\" content=\"Escrito por\" \/>\n\t<meta name=\"twitter:data1\" content=\"inclusivenews2024\" \/>\n\t<meta name=\"twitter:label2\" content=\"Tempo estimado de leitura\" \/>\n\t<meta name=\"twitter:data2\" content=\"2 minutos\" \/>\n<script type=\"application\/ld+json\" class=\"yoast-schema-graph\">{\"@context\":\"https:\\\/\\\/schema.org\",\"@graph\":[{\"@type\":\"Article\",\"@id\":\"https:\\\/\\\/inclusivenews.com.br\\\/?p=22957#article\",\"isPartOf\":{\"@id\":\"https:\\\/\\\/inclusivenews.com.br\\\/?p=22957\"},\"author\":{\"name\":\"inclusivenews2024\",\"@id\":\"https:\\\/\\\/inclusivenews.com.br\\\/#\\\/schema\\\/person\\\/ae4ec7087559b8692fb33b6fffd2273b\"},\"headline\":\"Ciclo da viol\u00eancia pode ter raiz nos castigos f\u00edsicos na inf\u00e2ncia\",\"datePublished\":\"2012-07-18T20:53:57+00:00\",\"mainEntityOfPage\":{\"@id\":\"https:\\\/\\\/inclusivenews.com.br\\\/?p=22957\"},\"wordCount\":457,\"commentCount\":0,\"publisher\":{\"@id\":\"https:\\\/\\\/inclusivenews.com.br\\\/#organization\"},\"image\":{\"@id\":\"https:\\\/\\\/inclusivenews.com.br\\\/?p=22957#primaryimage\"},\"thumbnailUrl\":\"http:\\\/\\\/inclusivenews.com.br\\\/wp-content\\\/uploads\\\/2010\\\/02\\\/violencia-infantil.jpg\",\"keywords\":[\"Inf\u00e2ncia\",\"Viol\u00eancia\"],\"articleSection\":[\"DIREITOS HUMANOS\",\"NOT\u00cdCIAS\"],\"inLanguage\":\"pt-PT\",\"potentialAction\":[{\"@type\":\"CommentAction\",\"name\":\"Comment\",\"target\":[\"https:\\\/\\\/inclusivenews.com.br\\\/?p=22957#respond\"]}]},{\"@type\":\"WebPage\",\"@id\":\"https:\\\/\\\/inclusivenews.com.br\\\/?p=22957\",\"url\":\"https:\\\/\\\/inclusivenews.com.br\\\/?p=22957\",\"name\":\"Ciclo da viol\u00eancia pode ter raiz nos castigos f\u00edsicos na inf\u00e2ncia -\",\"isPartOf\":{\"@id\":\"https:\\\/\\\/inclusivenews.com.br\\\/#website\"},\"primaryImageOfPage\":{\"@id\":\"https:\\\/\\\/inclusivenews.com.br\\\/?p=22957#primaryimage\"},\"image\":{\"@id\":\"https:\\\/\\\/inclusivenews.com.br\\\/?p=22957#primaryimage\"},\"thumbnailUrl\":\"http:\\\/\\\/inclusivenews.com.br\\\/wp-content\\\/uploads\\\/2010\\\/02\\\/violencia-infantil.jpg\",\"datePublished\":\"2012-07-18T20:53:57+00:00\",\"breadcrumb\":{\"@id\":\"https:\\\/\\\/inclusivenews.com.br\\\/?p=22957#breadcrumb\"},\"inLanguage\":\"pt-PT\",\"potentialAction\":[{\"@type\":\"ReadAction\",\"target\":[\"https:\\\/\\\/inclusivenews.com.br\\\/?p=22957\"]}]},{\"@type\":\"ImageObject\",\"inLanguage\":\"pt-PT\",\"@id\":\"https:\\\/\\\/inclusivenews.com.br\\\/?p=22957#primaryimage\",\"url\":\"\",\"contentUrl\":\"\"},{\"@type\":\"BreadcrumbList\",\"@id\":\"https:\\\/\\\/inclusivenews.com.br\\\/?p=22957#breadcrumb\",\"itemListElement\":[{\"@type\":\"ListItem\",\"position\":1,\"name\":\"In\u00edcio\",\"item\":\"https:\\\/\\\/inclusivenews.com.br\\\/\"},{\"@type\":\"ListItem\",\"position\":2,\"name\":\"Ciclo da viol\u00eancia pode ter raiz nos castigos f\u00edsicos na inf\u00e2ncia\"}]},{\"@type\":\"WebSite\",\"@id\":\"https:\\\/\\\/inclusivenews.com.br\\\/#website\",\"url\":\"https:\\\/\\\/inclusivenews.com.br\\\/\",\"name\":\"Inclusive News\",\"description\":\"Inclusive News\",\"publisher\":{\"@id\":\"https:\\\/\\\/inclusivenews.com.br\\\/#organization\"},\"potentialAction\":[{\"@type\":\"SearchAction\",\"target\":{\"@type\":\"EntryPoint\",\"urlTemplate\":\"https:\\\/\\\/inclusivenews.com.br\\\/?s={search_term_string}\"},\"query-input\":{\"@type\":\"PropertyValueSpecification\",\"valueRequired\":true,\"valueName\":\"search_term_string\"}}],\"inLanguage\":\"pt-PT\"},{\"@type\":\"Organization\",\"@id\":\"https:\\\/\\\/inclusivenews.com.br\\\/#organization\",\"name\":\"Inclusive - inclus\u00e3o e cidadania\",\"url\":\"https:\\\/\\\/inclusivenews.com.br\\\/\",\"logo\":{\"@type\":\"ImageObject\",\"inLanguage\":\"pt-PT\",\"@id\":\"https:\\\/\\\/inclusivenews.com.br\\\/#\\\/schema\\\/logo\\\/image\\\/\",\"url\":\"https:\\\/\\\/inclusivenews.com.br\\\/wp-content\\\/uploads\\\/2024\\\/03\\\/@grandesite.png\",\"contentUrl\":\"https:\\\/\\\/inclusivenews.com.br\\\/wp-content\\\/uploads\\\/2024\\\/03\\\/@grandesite.png\",\"width\":1080,\"height\":1080,\"caption\":\"Inclusive - inclus\u00e3o e cidadania\"},\"image\":{\"@id\":\"https:\\\/\\\/inclusivenews.com.br\\\/#\\\/schema\\\/logo\\\/image\\\/\"},\"sameAs\":[\"https:\\\/\\\/www.facebook.com\\\/agenciainclusive\\\/\",\"https:\\\/\\\/www.instagram.com\\\/newsinclusive\\\/\"]},{\"@type\":\"Person\",\"@id\":\"https:\\\/\\\/inclusivenews.com.br\\\/#\\\/schema\\\/person\\\/ae4ec7087559b8692fb33b6fffd2273b\",\"name\":\"inclusivenews2024\",\"image\":{\"@type\":\"ImageObject\",\"inLanguage\":\"pt-PT\",\"@id\":\"https:\\\/\\\/secure.gravatar.com\\\/avatar\\\/c5a7ef84c66fa914f55bc4f7ce26cfa275a3b9a1c5568b907bd184fb4dde7b40?s=96&d=mm&r=g\",\"url\":\"https:\\\/\\\/secure.gravatar.com\\\/avatar\\\/c5a7ef84c66fa914f55bc4f7ce26cfa275a3b9a1c5568b907bd184fb4dde7b40?s=96&d=mm&r=g\",\"contentUrl\":\"https:\\\/\\\/secure.gravatar.com\\\/avatar\\\/c5a7ef84c66fa914f55bc4f7ce26cfa275a3b9a1c5568b907bd184fb4dde7b40?s=96&d=mm&r=g\",\"caption\":\"inclusivenews2024\"},\"sameAs\":[\"https:\\\/\\\/inclusivenews.com.br\"],\"url\":\"https:\\\/\\\/inclusivenews.com.br\\\/?author=1\"}]}<\/script>\n<!-- \/ Yoast SEO plugin. -->","yoast_head_json":{"title":"Ciclo da viol\u00eancia pode ter raiz nos castigos f\u00edsicos na inf\u00e2ncia -","robots":{"index":"index","follow":"follow","max-snippet":"max-snippet:-1","max-image-preview":"max-image-preview:large","max-video-preview":"max-video-preview:-1"},"canonical":"https:\/\/inclusivenews.com.br\/?p=22957","og_locale":"pt_PT","og_type":"article","og_title":"Ciclo da viol\u00eancia pode ter raiz nos castigos f\u00edsicos na inf\u00e2ncia -","og_description":"Pesquisa realizada pela FAPESP em 11 capitais brasileiras revelou que mais de 70% dos 4.025 entrevistados apanharam quando crian\u00e7as. Para 20% deles, a puni\u00e7\u00e3o f\u00edsica ocorreu de forma frequente uma vez por semana ou mais. Da Ag\u00eancia FAPESP.","og_url":"https:\/\/inclusivenews.com.br\/?p=22957","article_publisher":"https:\/\/www.facebook.com\/agenciainclusive\/","article_published_time":"2012-07-18T20:53:57+00:00","og_image":[{"url":"http:\/\/inclusivenews.com.br\/wp-content\/uploads\/2010\/02\/violencia-infantil.jpg","type":"","width":"","height":""}],"author":"inclusivenews2024","twitter_card":"summary_large_image","twitter_misc":{"Escrito por":"inclusivenews2024","Tempo estimado de leitura":"2 minutos"},"schema":{"@context":"https:\/\/schema.org","@graph":[{"@type":"Article","@id":"https:\/\/inclusivenews.com.br\/?p=22957#article","isPartOf":{"@id":"https:\/\/inclusivenews.com.br\/?p=22957"},"author":{"name":"inclusivenews2024","@id":"https:\/\/inclusivenews.com.br\/#\/schema\/person\/ae4ec7087559b8692fb33b6fffd2273b"},"headline":"Ciclo da viol\u00eancia pode ter raiz nos castigos f\u00edsicos na inf\u00e2ncia","datePublished":"2012-07-18T20:53:57+00:00","mainEntityOfPage":{"@id":"https:\/\/inclusivenews.com.br\/?p=22957"},"wordCount":457,"commentCount":0,"publisher":{"@id":"https:\/\/inclusivenews.com.br\/#organization"},"image":{"@id":"https:\/\/inclusivenews.com.br\/?p=22957#primaryimage"},"thumbnailUrl":"http:\/\/inclusivenews.com.br\/wp-content\/uploads\/2010\/02\/violencia-infantil.jpg","keywords":["Inf\u00e2ncia","Viol\u00eancia"],"articleSection":["DIREITOS HUMANOS","NOT\u00cdCIAS"],"inLanguage":"pt-PT","potentialAction":[{"@type":"CommentAction","name":"Comment","target":["https:\/\/inclusivenews.com.br\/?p=22957#respond"]}]},{"@type":"WebPage","@id":"https:\/\/inclusivenews.com.br\/?p=22957","url":"https:\/\/inclusivenews.com.br\/?p=22957","name":"Ciclo da viol\u00eancia pode ter raiz nos castigos f\u00edsicos na inf\u00e2ncia -","isPartOf":{"@id":"https:\/\/inclusivenews.com.br\/#website"},"primaryImageOfPage":{"@id":"https:\/\/inclusivenews.com.br\/?p=22957#primaryimage"},"image":{"@id":"https:\/\/inclusivenews.com.br\/?p=22957#primaryimage"},"thumbnailUrl":"http:\/\/inclusivenews.com.br\/wp-content\/uploads\/2010\/02\/violencia-infantil.jpg","datePublished":"2012-07-18T20:53:57+00:00","breadcrumb":{"@id":"https:\/\/inclusivenews.com.br\/?p=22957#breadcrumb"},"inLanguage":"pt-PT","potentialAction":[{"@type":"ReadAction","target":["https:\/\/inclusivenews.com.br\/?p=22957"]}]},{"@type":"ImageObject","inLanguage":"pt-PT","@id":"https:\/\/inclusivenews.com.br\/?p=22957#primaryimage","url":"","contentUrl":""},{"@type":"BreadcrumbList","@id":"https:\/\/inclusivenews.com.br\/?p=22957#breadcrumb","itemListElement":[{"@type":"ListItem","position":1,"name":"In\u00edcio","item":"https:\/\/inclusivenews.com.br\/"},{"@type":"ListItem","position":2,"name":"Ciclo da viol\u00eancia pode ter raiz nos castigos f\u00edsicos na inf\u00e2ncia"}]},{"@type":"WebSite","@id":"https:\/\/inclusivenews.com.br\/#website","url":"https:\/\/inclusivenews.com.br\/","name":"Inclusive News","description":"Inclusive News","publisher":{"@id":"https:\/\/inclusivenews.com.br\/#organization"},"potentialAction":[{"@type":"SearchAction","target":{"@type":"EntryPoint","urlTemplate":"https:\/\/inclusivenews.com.br\/?s={search_term_string}"},"query-input":{"@type":"PropertyValueSpecification","valueRequired":true,"valueName":"search_term_string"}}],"inLanguage":"pt-PT"},{"@type":"Organization","@id":"https:\/\/inclusivenews.com.br\/#organization","name":"Inclusive - inclus\u00e3o e cidadania","url":"https:\/\/inclusivenews.com.br\/","logo":{"@type":"ImageObject","inLanguage":"pt-PT","@id":"https:\/\/inclusivenews.com.br\/#\/schema\/logo\/image\/","url":"https:\/\/inclusivenews.com.br\/wp-content\/uploads\/2024\/03\/@grandesite.png","contentUrl":"https:\/\/inclusivenews.com.br\/wp-content\/uploads\/2024\/03\/@grandesite.png","width":1080,"height":1080,"caption":"Inclusive - inclus\u00e3o e cidadania"},"image":{"@id":"https:\/\/inclusivenews.com.br\/#\/schema\/logo\/image\/"},"sameAs":["https:\/\/www.facebook.com\/agenciainclusive\/","https:\/\/www.instagram.com\/newsinclusive\/"]},{"@type":"Person","@id":"https:\/\/inclusivenews.com.br\/#\/schema\/person\/ae4ec7087559b8692fb33b6fffd2273b","name":"inclusivenews2024","image":{"@type":"ImageObject","inLanguage":"pt-PT","@id":"https:\/\/secure.gravatar.com\/avatar\/c5a7ef84c66fa914f55bc4f7ce26cfa275a3b9a1c5568b907bd184fb4dde7b40?s=96&d=mm&r=g","url":"https:\/\/secure.gravatar.com\/avatar\/c5a7ef84c66fa914f55bc4f7ce26cfa275a3b9a1c5568b907bd184fb4dde7b40?s=96&d=mm&r=g","contentUrl":"https:\/\/secure.gravatar.com\/avatar\/c5a7ef84c66fa914f55bc4f7ce26cfa275a3b9a1c5568b907bd184fb4dde7b40?s=96&d=mm&r=g","caption":"inclusivenews2024"},"sameAs":["https:\/\/inclusivenews.com.br"],"url":"https:\/\/inclusivenews.com.br\/?author=1"}]}},"_links":{"self":[{"href":"https:\/\/inclusivenews.com.br\/index.php?rest_route=\/wp\/v2\/posts\/22957","targetHints":{"allow":["GET"]}}],"collection":[{"href":"https:\/\/inclusivenews.com.br\/index.php?rest_route=\/wp\/v2\/posts"}],"about":[{"href":"https:\/\/inclusivenews.com.br\/index.php?rest_route=\/wp\/v2\/types\/post"}],"author":[{"embeddable":true,"href":"https:\/\/inclusivenews.com.br\/index.php?rest_route=\/wp\/v2\/users\/1"}],"replies":[{"embeddable":true,"href":"https:\/\/inclusivenews.com.br\/index.php?rest_route=%2Fwp%2Fv2%2Fcomments&post=22957"}],"version-history":[{"count":0,"href":"https:\/\/inclusivenews.com.br\/index.php?rest_route=\/wp\/v2\/posts\/22957\/revisions"}],"wp:attachment":[{"href":"https:\/\/inclusivenews.com.br\/index.php?rest_route=%2Fwp%2Fv2%2Fmedia&parent=22957"}],"wp:term":[{"taxonomy":"category","embeddable":true,"href":"https:\/\/inclusivenews.com.br\/index.php?rest_route=%2Fwp%2Fv2%2Fcategories&post=22957"},{"taxonomy":"post_tag","embeddable":true,"href":"https:\/\/inclusivenews.com.br\/index.php?rest_route=%2Fwp%2Fv2%2Ftags&post=22957"}],"curies":[{"name":"wp","href":"https:\/\/api.w.org\/{rel}","templated":true}]}}