{"id":22965,"date":"2012-07-18T17:22:58","date_gmt":"2012-07-18T20:22:58","guid":{"rendered":"http:\/\/www.inclusive.org.br\/?p=22965"},"modified":"2012-07-18T17:22:58","modified_gmt":"2012-07-18T20:22:58","slug":"um-sus-que-descarta-os-idosos","status":"publish","type":"post","link":"https:\/\/inclusivenews.com.br\/?p=22965","title":{"rendered":"Um SUS que descarta os idosos"},"content":{"rendered":"<p><a href=\"http:\/\/www.inclusivenews.com.br\/wp-content\/uploads\/2011\/04\/saude.jpg\"><img loading=\"lazy\" decoding=\"async\" class=\"alignleft size-medium wp-image-19281\" title=\"Sa\u00fade - uma cruz vermelha feita por band-aids vermelhos.\" src=\"http:\/\/inclusivenews.com.br\/wp-content\/uploads\/2011\/04\/saude-300x225.jpg\" alt=\"Sa\u00fade - uma cruz vermelha feita por band-aids vermelhos.\" width=\"240\" height=\"180\" \/><\/a><\/p>\n<p><em>Por Frei Marcos Sassatelli<br \/>\nno Correio da Cidadania<\/em><\/p>\n<p>Em 8 de junho, escrevi o artigo &#8220;<a href=\"http:\/\/www.correiocidadania.com.br\/index.php?option=com_content&amp;view=article&amp;id=7239:social110612&amp;catid=71:social&amp;Itemid=180\" target=\"_blank\" rel=\"noopener\">Um SUS que mata os pobres<\/a>&#8220;, denunciando a morte de doentes graves na fila de espera por vaga em UTI do SUS e a impunidade dos respons\u00e1veis.<\/p>\n<p>Como se isso n\u00e3o bastasse e por incr\u00edvel que pare\u00e7a, no dia 28 do mesmo m\u00eas de junho, com profunda indigna\u00e7\u00e3o, tomei conhecimento que, na ocupa\u00e7\u00e3o das vagas em UTI do SUS, os idosos s\u00e3o descartados (talvez para que morram mais depressa), dando a prefer\u00eancia \u00e0s pessoas mais novas. O mesmo acontece com outros doentes que, sem serem idosos, requerem interna\u00e7\u00e3o prolongada e alto custo de tratamento. Uma discrimina\u00e7\u00e3o inconceb\u00edvel, crime b\u00e1rbaro!<\/p>\n<p>Vejam as manchetes de uma reportagem, que saiu na imprensa h\u00e1 poucos dias: &#8220;Meu pai n\u00e3o conseguiu vaga em UTI porque \u00e9 velho&#8221;. &#8220;Familiares denunciam que a Secretaria Municipal de Sa\u00fade (SMS) prioriza encaminhamento de jovens&#8221;. Depois das manchetes, no resumo da mat\u00e9ria, o rep\u00f3rter afirma: &#8220;Angustiadas, duas fam\u00edlias sofreram durante dias \u00e0 espera de vagas de UTIs em Goi\u00e2nia para parentes idosos. Um deles, Abner Soares, de 80 anos, aguardou seis dias pela vez. Segundo a filha, Maria Rita, seis pessoas mais jovens conseguiram vagas nesse per\u00edodo. O Minist\u00e9rio P\u00fablico investiga den\u00fancias&#8221; (O Popular, 28\/06\/12, 1\u00aa p\u00e1gina).<\/p>\n<p>Esperamos que o Minist\u00e9rio P\u00fablico fa\u00e7a realmente uma investiga\u00e7\u00e3o s\u00e9ria dos fatos denunciados e de outros semelhantes, sem se omitir e sem ser conivente com esta situa\u00e7\u00e3o criminosa. O Minist\u00e9rio P\u00fablico deve uma satisfa\u00e7\u00e3o \u00e0 sociedade. Os respons\u00e1veis por tamanha desumanidade precisam ser processados, julgados e punidos. Estamos &#8211; parece &#8211; diante de um comportamento nazista em pleno s\u00e9culo XXI.<\/p>\n<p>No desenvolvimento da mat\u00e9ria, o rep\u00f3rter diz ainda. As duas fam\u00edlias \u00e0 espera de vagas de UTIs em Goi\u00e2nia &#8220;h\u00e1 dias aguardavam por uma not\u00edcia que n\u00e3o chegava e sofreram com a demora e (reparem!) com suspeitas de que a idade dos pacientes seria empecilho para uma transfer\u00eancia&#8221;. S\u00e3o palavras que cortam o cora\u00e7\u00e3o de qualquer pessoa com um m\u00ednimo de sensibilidade humana. S\u00f3 ap\u00f3s a reportagem da TV Anhanguera, a SMS conseguiu os dois leitos necess\u00e1rios.<\/p>\n<p>Maria Rita Soares, de 29 anos, filha de Abner David Soares, de 80 anos, &#8220;conta que, nos corredores do Cais (Jardim Novo Mundo), a informa\u00e7\u00e3o \u00e9 de que jovens t\u00eam prefer\u00eancia no encaminhamento para UTIs e, por ser idoso, o pai n\u00e3o teria conseguido a vaga&#8221;. Vejam que absurdo e que falta de humanidade! &#8220;Em uma \u00fanica tarde &#8211; diz Maria Rita &#8211; pelo menos seis pessoas, que deram entrada na unidade depois do pai, j\u00e1 haviam sido encaminhadas, todas mais jovens&#8221;. Maria Rita, vivendo momentos de ang\u00fastia e tens\u00e3o ao ver a situa\u00e7\u00e3o do pai se agravando a cada dia, lamenta: &#8220;Meu pai entrou aqui falando, agora est\u00e1 em coma&#8221; (Ib., p, 3).<\/p>\n<p>Enfim, depois de tanta demora e tanto sofrimento, Abner foi transferido para o Hospital Geral de Goi\u00e2nia (HGG), em estado grave. Desabafando, a filha de Abner diz: &#8220;Se ele continuasse fora da UTI, com certeza j\u00e1 poderia estar morto&#8221;. E ainda: &#8220;Acredito que se n\u00e3o tiv\u00e9ssemos corrido atr\u00e1s do Minist\u00e9rio P\u00fablico e falado com a imprensa, ele ainda estaria esperando, se j\u00e1 n\u00e3o tivesse morrido&#8221; (Ib., 29\/06\/12, p. 4).<\/p>\n<p>No mesmo Cais, a fam\u00edlia de Arcelina Dias Mesquita, de 78 anos, com pneumonia e enfisema pulmonar, aguardava h\u00e1 cinco dias uma vaga em UTI. Wallisson Brand\u00e3o, de 32 anos, neto de Arcelina, afirma: &#8220;As vagas surgem, mas eles est\u00e3o passando outras pessoas na frente. Tr\u00eas pessoas, que chegaram depois dela, j\u00e1 conseguiram vaga. Os pr\u00f3prios m\u00e9dicos dizem que os jovens t\u00eam prefer\u00eancia, porque os idosos demoram mais tempo para se recuperar&#8221;.<\/p>\n<p>Depois que surgiu a not\u00edcia que havia uma vaga no Hospital Cidade Jardim, Arcelina chegou a ser levada, na noite do dia 27\/6, \u00e0quele Hospital, mas, infelizmente, &#8220;o que parecia o fim de uma espera angustiante, transformou-se em mais um cap\u00edtulo de desrespeito&#8221;. Ao chegar ao local, &#8220;a fam\u00edlia (da idosa) foi informada de que o leito dispon\u00edvel n\u00e3o teria respirador, equipamento essencial para a paciente, que sofre enfisema pulmonar e apresenta quadro de pneumonia grave&#8221; (Ib.). Arcelina precisou voltar ao Cais e passar mais uma noite, esperando por vaga em UTI. Finalmente, s\u00f3 no in\u00edcio da tarde do dia seguinte, conseguiu uma vaga no mesmo hospital a que foi encaminhada na noite anterior.<\/p>\n<p>N\u00e3o d\u00e1 para acreditar! Parecem hist\u00f3rias de outro mundo. Diante do caos e de tudo o que est\u00e1 acontecendo na sa\u00fade p\u00fablica, n\u00e3o podemos ficar calados. Seria omiss\u00e3o e coniv\u00eancia. Precisamos denunciar essa situa\u00e7\u00e3o de pecado social (injusti\u00e7a institucionalizada) e lutar para que o direito \u00e0 sa\u00fade &#8212; que \u00e9 o direito \u00e0 vida &#8211; de todos(as) seja respeitado pelo poder p\u00fablico como prioridade absoluta.<\/p>\n<p>Lembremos o tema e o lema da Campanha da Fraternidade deste ano de 2012: &#8220;Fraternidade e sa\u00fade p\u00fablica. Que a sa\u00fade se difunda sobre a terra!&#8221; (Cf. Eclo, 38,8).<\/p>\n<p>Frei Marcos Sassatelli, frade dominicano, doutor em Filosofia (USP) e em Teologia Moral (Assun\u00e7\u00e3o &#8211; SP), \u00e9 professor de Filosofia da UFG (aposentado). E-mail: <a href=\"mailto:mpsassatelli@uol.com.br\">mpsassatelli@uol.com.br<\/a><\/p>\n<p>Fonte: Correio da Cidadania **<\/p>\n","protected":false},"excerpt":{"rendered":"<p>O mesmo acontece com outros doentes que, sem serem idosos, requerem interna\u00e7\u00e3o prolongada e alto custo de tratamento. Uma discrimina\u00e7\u00e3o inconceb\u00edvel, crime b\u00e1rbaro! Por Frei Marcos Sassatelli, no Correio da Cidadania.<\/p>\n","protected":false},"author":1,"featured_media":0,"comment_status":"open","ping_status":"open","sticky":false,"template":"","format":"standard","meta":{"site-container-style":"default","site-container-layout":"default","site-sidebar-layout":"default","disable-article-header":"default","disable-site-header":"default","disable-site-footer":"default","disable-content-area-spacing":"default","footnotes":""},"categories":[11,8,37],"tags":[],"class_list":["post-22965","post","type-post","status-publish","format-standard","hentry","category-direitos-humanos","category-textos-e-artigos","category-saude"],"yoast_head":"<!-- This site is optimized with the Yoast SEO plugin v27.4 - https:\/\/yoast.com\/product\/yoast-seo-wordpress\/ -->\n<title>Um SUS que descarta os idosos -<\/title>\n<meta name=\"robots\" content=\"index, follow, max-snippet:-1, max-image-preview:large, max-video-preview:-1\" \/>\n<link rel=\"canonical\" href=\"https:\/\/inclusivenews.com.br\/?p=22965\" \/>\n<meta property=\"og:locale\" content=\"pt_PT\" \/>\n<meta property=\"og:type\" content=\"article\" \/>\n<meta property=\"og:title\" content=\"Um SUS que descarta os idosos -\" \/>\n<meta property=\"og:description\" content=\"O mesmo acontece com outros doentes que, sem serem idosos, requerem interna\u00e7\u00e3o prolongada e alto custo de tratamento. Uma discrimina\u00e7\u00e3o inconceb\u00edvel, crime b\u00e1rbaro! Por Frei Marcos Sassatelli, no Correio da Cidadania.\" \/>\n<meta property=\"og:url\" content=\"https:\/\/inclusivenews.com.br\/?p=22965\" \/>\n<meta property=\"article:publisher\" content=\"https:\/\/www.facebook.com\/agenciainclusive\/\" \/>\n<meta property=\"article:published_time\" content=\"2012-07-18T20:22:58+00:00\" \/>\n<meta property=\"og:image\" content=\"http:\/\/inclusivenews.com.br\/wp-content\/uploads\/2011\/04\/saude-300x225.jpg\" \/>\n<meta name=\"author\" content=\"inclusivenews2024\" \/>\n<meta name=\"twitter:card\" content=\"summary_large_image\" \/>\n<meta name=\"twitter:label1\" content=\"Escrito por\" \/>\n\t<meta name=\"twitter:data1\" content=\"inclusivenews2024\" \/>\n\t<meta name=\"twitter:label2\" content=\"Tempo estimado de leitura\" \/>\n\t<meta name=\"twitter:data2\" content=\"5 minutos\" \/>\n<script type=\"application\/ld+json\" class=\"yoast-schema-graph\">{\"@context\":\"https:\\\/\\\/schema.org\",\"@graph\":[{\"@type\":\"Article\",\"@id\":\"https:\\\/\\\/inclusivenews.com.br\\\/?p=22965#article\",\"isPartOf\":{\"@id\":\"https:\\\/\\\/inclusivenews.com.br\\\/?p=22965\"},\"author\":{\"name\":\"inclusivenews2024\",\"@id\":\"https:\\\/\\\/inclusivenews.com.br\\\/#\\\/schema\\\/person\\\/ae4ec7087559b8692fb33b6fffd2273b\"},\"headline\":\"Um SUS que descarta os idosos\",\"datePublished\":\"2012-07-18T20:22:58+00:00\",\"mainEntityOfPage\":{\"@id\":\"https:\\\/\\\/inclusivenews.com.br\\\/?p=22965\"},\"wordCount\":917,\"commentCount\":0,\"publisher\":{\"@id\":\"https:\\\/\\\/inclusivenews.com.br\\\/#organization\"},\"image\":{\"@id\":\"https:\\\/\\\/inclusivenews.com.br\\\/?p=22965#primaryimage\"},\"thumbnailUrl\":\"http:\\\/\\\/inclusivenews.com.br\\\/wp-content\\\/uploads\\\/2011\\\/04\\\/saude-300x225.jpg\",\"articleSection\":[\"DIREITOS HUMANOS\",\"OPINI\u00c3O\",\"Sa\u00fade\"],\"inLanguage\":\"pt-PT\",\"potentialAction\":[{\"@type\":\"CommentAction\",\"name\":\"Comment\",\"target\":[\"https:\\\/\\\/inclusivenews.com.br\\\/?p=22965#respond\"]}]},{\"@type\":\"WebPage\",\"@id\":\"https:\\\/\\\/inclusivenews.com.br\\\/?p=22965\",\"url\":\"https:\\\/\\\/inclusivenews.com.br\\\/?p=22965\",\"name\":\"Um SUS que descarta os idosos -\",\"isPartOf\":{\"@id\":\"https:\\\/\\\/inclusivenews.com.br\\\/#website\"},\"primaryImageOfPage\":{\"@id\":\"https:\\\/\\\/inclusivenews.com.br\\\/?p=22965#primaryimage\"},\"image\":{\"@id\":\"https:\\\/\\\/inclusivenews.com.br\\\/?p=22965#primaryimage\"},\"thumbnailUrl\":\"http:\\\/\\\/inclusivenews.com.br\\\/wp-content\\\/uploads\\\/2011\\\/04\\\/saude-300x225.jpg\",\"datePublished\":\"2012-07-18T20:22:58+00:00\",\"breadcrumb\":{\"@id\":\"https:\\\/\\\/inclusivenews.com.br\\\/?p=22965#breadcrumb\"},\"inLanguage\":\"pt-PT\",\"potentialAction\":[{\"@type\":\"ReadAction\",\"target\":[\"https:\\\/\\\/inclusivenews.com.br\\\/?p=22965\"]}]},{\"@type\":\"ImageObject\",\"inLanguage\":\"pt-PT\",\"@id\":\"https:\\\/\\\/inclusivenews.com.br\\\/?p=22965#primaryimage\",\"url\":\"\",\"contentUrl\":\"\"},{\"@type\":\"BreadcrumbList\",\"@id\":\"https:\\\/\\\/inclusivenews.com.br\\\/?p=22965#breadcrumb\",\"itemListElement\":[{\"@type\":\"ListItem\",\"position\":1,\"name\":\"In\u00edcio\",\"item\":\"https:\\\/\\\/inclusivenews.com.br\\\/\"},{\"@type\":\"ListItem\",\"position\":2,\"name\":\"Um SUS que descarta os idosos\"}]},{\"@type\":\"WebSite\",\"@id\":\"https:\\\/\\\/inclusivenews.com.br\\\/#website\",\"url\":\"https:\\\/\\\/inclusivenews.com.br\\\/\",\"name\":\"Inclusive News\",\"description\":\"Inclusive News\",\"publisher\":{\"@id\":\"https:\\\/\\\/inclusivenews.com.br\\\/#organization\"},\"potentialAction\":[{\"@type\":\"SearchAction\",\"target\":{\"@type\":\"EntryPoint\",\"urlTemplate\":\"https:\\\/\\\/inclusivenews.com.br\\\/?s={search_term_string}\"},\"query-input\":{\"@type\":\"PropertyValueSpecification\",\"valueRequired\":true,\"valueName\":\"search_term_string\"}}],\"inLanguage\":\"pt-PT\"},{\"@type\":\"Organization\",\"@id\":\"https:\\\/\\\/inclusivenews.com.br\\\/#organization\",\"name\":\"Inclusive - inclus\u00e3o e cidadania\",\"url\":\"https:\\\/\\\/inclusivenews.com.br\\\/\",\"logo\":{\"@type\":\"ImageObject\",\"inLanguage\":\"pt-PT\",\"@id\":\"https:\\\/\\\/inclusivenews.com.br\\\/#\\\/schema\\\/logo\\\/image\\\/\",\"url\":\"https:\\\/\\\/inclusivenews.com.br\\\/wp-content\\\/uploads\\\/2024\\\/03\\\/@grandesite.png\",\"contentUrl\":\"https:\\\/\\\/inclusivenews.com.br\\\/wp-content\\\/uploads\\\/2024\\\/03\\\/@grandesite.png\",\"width\":1080,\"height\":1080,\"caption\":\"Inclusive - inclus\u00e3o e cidadania\"},\"image\":{\"@id\":\"https:\\\/\\\/inclusivenews.com.br\\\/#\\\/schema\\\/logo\\\/image\\\/\"},\"sameAs\":[\"https:\\\/\\\/www.facebook.com\\\/agenciainclusive\\\/\",\"https:\\\/\\\/www.instagram.com\\\/newsinclusive\\\/\"]},{\"@type\":\"Person\",\"@id\":\"https:\\\/\\\/inclusivenews.com.br\\\/#\\\/schema\\\/person\\\/ae4ec7087559b8692fb33b6fffd2273b\",\"name\":\"inclusivenews2024\",\"image\":{\"@type\":\"ImageObject\",\"inLanguage\":\"pt-PT\",\"@id\":\"https:\\\/\\\/secure.gravatar.com\\\/avatar\\\/c5a7ef84c66fa914f55bc4f7ce26cfa275a3b9a1c5568b907bd184fb4dde7b40?s=96&d=mm&r=g\",\"url\":\"https:\\\/\\\/secure.gravatar.com\\\/avatar\\\/c5a7ef84c66fa914f55bc4f7ce26cfa275a3b9a1c5568b907bd184fb4dde7b40?s=96&d=mm&r=g\",\"contentUrl\":\"https:\\\/\\\/secure.gravatar.com\\\/avatar\\\/c5a7ef84c66fa914f55bc4f7ce26cfa275a3b9a1c5568b907bd184fb4dde7b40?s=96&d=mm&r=g\",\"caption\":\"inclusivenews2024\"},\"sameAs\":[\"https:\\\/\\\/inclusivenews.com.br\"],\"url\":\"https:\\\/\\\/inclusivenews.com.br\\\/?author=1\"}]}<\/script>\n<!-- \/ Yoast SEO plugin. -->","yoast_head_json":{"title":"Um SUS que descarta os idosos -","robots":{"index":"index","follow":"follow","max-snippet":"max-snippet:-1","max-image-preview":"max-image-preview:large","max-video-preview":"max-video-preview:-1"},"canonical":"https:\/\/inclusivenews.com.br\/?p=22965","og_locale":"pt_PT","og_type":"article","og_title":"Um SUS que descarta os idosos -","og_description":"O mesmo acontece com outros doentes que, sem serem idosos, requerem interna\u00e7\u00e3o prolongada e alto custo de tratamento. Uma discrimina\u00e7\u00e3o inconceb\u00edvel, crime b\u00e1rbaro! Por Frei Marcos Sassatelli, no Correio da Cidadania.","og_url":"https:\/\/inclusivenews.com.br\/?p=22965","article_publisher":"https:\/\/www.facebook.com\/agenciainclusive\/","article_published_time":"2012-07-18T20:22:58+00:00","og_image":[{"url":"http:\/\/inclusivenews.com.br\/wp-content\/uploads\/2011\/04\/saude-300x225.jpg","type":"","width":"","height":""}],"author":"inclusivenews2024","twitter_card":"summary_large_image","twitter_misc":{"Escrito por":"inclusivenews2024","Tempo estimado de leitura":"5 minutos"},"schema":{"@context":"https:\/\/schema.org","@graph":[{"@type":"Article","@id":"https:\/\/inclusivenews.com.br\/?p=22965#article","isPartOf":{"@id":"https:\/\/inclusivenews.com.br\/?p=22965"},"author":{"name":"inclusivenews2024","@id":"https:\/\/inclusivenews.com.br\/#\/schema\/person\/ae4ec7087559b8692fb33b6fffd2273b"},"headline":"Um SUS que descarta os idosos","datePublished":"2012-07-18T20:22:58+00:00","mainEntityOfPage":{"@id":"https:\/\/inclusivenews.com.br\/?p=22965"},"wordCount":917,"commentCount":0,"publisher":{"@id":"https:\/\/inclusivenews.com.br\/#organization"},"image":{"@id":"https:\/\/inclusivenews.com.br\/?p=22965#primaryimage"},"thumbnailUrl":"http:\/\/inclusivenews.com.br\/wp-content\/uploads\/2011\/04\/saude-300x225.jpg","articleSection":["DIREITOS HUMANOS","OPINI\u00c3O","Sa\u00fade"],"inLanguage":"pt-PT","potentialAction":[{"@type":"CommentAction","name":"Comment","target":["https:\/\/inclusivenews.com.br\/?p=22965#respond"]}]},{"@type":"WebPage","@id":"https:\/\/inclusivenews.com.br\/?p=22965","url":"https:\/\/inclusivenews.com.br\/?p=22965","name":"Um SUS que descarta os idosos -","isPartOf":{"@id":"https:\/\/inclusivenews.com.br\/#website"},"primaryImageOfPage":{"@id":"https:\/\/inclusivenews.com.br\/?p=22965#primaryimage"},"image":{"@id":"https:\/\/inclusivenews.com.br\/?p=22965#primaryimage"},"thumbnailUrl":"http:\/\/inclusivenews.com.br\/wp-content\/uploads\/2011\/04\/saude-300x225.jpg","datePublished":"2012-07-18T20:22:58+00:00","breadcrumb":{"@id":"https:\/\/inclusivenews.com.br\/?p=22965#breadcrumb"},"inLanguage":"pt-PT","potentialAction":[{"@type":"ReadAction","target":["https:\/\/inclusivenews.com.br\/?p=22965"]}]},{"@type":"ImageObject","inLanguage":"pt-PT","@id":"https:\/\/inclusivenews.com.br\/?p=22965#primaryimage","url":"","contentUrl":""},{"@type":"BreadcrumbList","@id":"https:\/\/inclusivenews.com.br\/?p=22965#breadcrumb","itemListElement":[{"@type":"ListItem","position":1,"name":"In\u00edcio","item":"https:\/\/inclusivenews.com.br\/"},{"@type":"ListItem","position":2,"name":"Um SUS que descarta os idosos"}]},{"@type":"WebSite","@id":"https:\/\/inclusivenews.com.br\/#website","url":"https:\/\/inclusivenews.com.br\/","name":"Inclusive News","description":"Inclusive News","publisher":{"@id":"https:\/\/inclusivenews.com.br\/#organization"},"potentialAction":[{"@type":"SearchAction","target":{"@type":"EntryPoint","urlTemplate":"https:\/\/inclusivenews.com.br\/?s={search_term_string}"},"query-input":{"@type":"PropertyValueSpecification","valueRequired":true,"valueName":"search_term_string"}}],"inLanguage":"pt-PT"},{"@type":"Organization","@id":"https:\/\/inclusivenews.com.br\/#organization","name":"Inclusive - inclus\u00e3o e cidadania","url":"https:\/\/inclusivenews.com.br\/","logo":{"@type":"ImageObject","inLanguage":"pt-PT","@id":"https:\/\/inclusivenews.com.br\/#\/schema\/logo\/image\/","url":"https:\/\/inclusivenews.com.br\/wp-content\/uploads\/2024\/03\/@grandesite.png","contentUrl":"https:\/\/inclusivenews.com.br\/wp-content\/uploads\/2024\/03\/@grandesite.png","width":1080,"height":1080,"caption":"Inclusive - inclus\u00e3o e cidadania"},"image":{"@id":"https:\/\/inclusivenews.com.br\/#\/schema\/logo\/image\/"},"sameAs":["https:\/\/www.facebook.com\/agenciainclusive\/","https:\/\/www.instagram.com\/newsinclusive\/"]},{"@type":"Person","@id":"https:\/\/inclusivenews.com.br\/#\/schema\/person\/ae4ec7087559b8692fb33b6fffd2273b","name":"inclusivenews2024","image":{"@type":"ImageObject","inLanguage":"pt-PT","@id":"https:\/\/secure.gravatar.com\/avatar\/c5a7ef84c66fa914f55bc4f7ce26cfa275a3b9a1c5568b907bd184fb4dde7b40?s=96&d=mm&r=g","url":"https:\/\/secure.gravatar.com\/avatar\/c5a7ef84c66fa914f55bc4f7ce26cfa275a3b9a1c5568b907bd184fb4dde7b40?s=96&d=mm&r=g","contentUrl":"https:\/\/secure.gravatar.com\/avatar\/c5a7ef84c66fa914f55bc4f7ce26cfa275a3b9a1c5568b907bd184fb4dde7b40?s=96&d=mm&r=g","caption":"inclusivenews2024"},"sameAs":["https:\/\/inclusivenews.com.br"],"url":"https:\/\/inclusivenews.com.br\/?author=1"}]}},"_links":{"self":[{"href":"https:\/\/inclusivenews.com.br\/index.php?rest_route=\/wp\/v2\/posts\/22965","targetHints":{"allow":["GET"]}}],"collection":[{"href":"https:\/\/inclusivenews.com.br\/index.php?rest_route=\/wp\/v2\/posts"}],"about":[{"href":"https:\/\/inclusivenews.com.br\/index.php?rest_route=\/wp\/v2\/types\/post"}],"author":[{"embeddable":true,"href":"https:\/\/inclusivenews.com.br\/index.php?rest_route=\/wp\/v2\/users\/1"}],"replies":[{"embeddable":true,"href":"https:\/\/inclusivenews.com.br\/index.php?rest_route=%2Fwp%2Fv2%2Fcomments&post=22965"}],"version-history":[{"count":0,"href":"https:\/\/inclusivenews.com.br\/index.php?rest_route=\/wp\/v2\/posts\/22965\/revisions"}],"wp:attachment":[{"href":"https:\/\/inclusivenews.com.br\/index.php?rest_route=%2Fwp%2Fv2%2Fmedia&parent=22965"}],"wp:term":[{"taxonomy":"category","embeddable":true,"href":"https:\/\/inclusivenews.com.br\/index.php?rest_route=%2Fwp%2Fv2%2Fcategories&post=22965"},{"taxonomy":"post_tag","embeddable":true,"href":"https:\/\/inclusivenews.com.br\/index.php?rest_route=%2Fwp%2Fv2%2Ftags&post=22965"}],"curies":[{"name":"wp","href":"https:\/\/api.w.org\/{rel}","templated":true}]}}