{"id":22967,"date":"2012-07-18T17:55:04","date_gmt":"2012-07-18T20:55:04","guid":{"rendered":"http:\/\/www.inclusive.org.br\/?p=22967"},"modified":"2012-07-18T17:55:04","modified_gmt":"2012-07-18T20:55:04","slug":"impacto-da-educacao-inclusiva-na-pre-escola-e-avaliado-em-pesquisa","status":"publish","type":"post","link":"https:\/\/inclusivenews.com.br\/?p=22967","title":{"rendered":"Impacto da educa\u00e7\u00e3o inclusiva na pr\u00e9-escola \u00e9 avaliado em pesquisa"},"content":{"rendered":"<figure style=\"width: 200px\" class=\"wp-caption alignleft\"><img loading=\"lazy\" decoding=\"async\" title=\"Imagem interna de sala de aula\" src=\"http:\/\/www.agencia.fapesp.br\/fotos\/2012\/28\/foto_dentro15867_2.jpg\" alt=\"Imagem interna de sala de aula\" width=\"200\" height=\"155\" \/><figcaption class=\"wp-caption-text\"> <\/figcaption><\/figure>\n<p><em>Por Karina Toledo<br \/>\nda Ag\u00eancia Fapesp<\/em><\/p>\n<p>Vivenciar a experi\u00eancia da educa\u00e7\u00e3o inclusiva na pr\u00e9-escola pode promover a abertura em rela\u00e7\u00e3o ao diferente e evitar o preconceito de forma duradoura, aponta uma pesquisa feita no Instituto de Psicologia da Universidade de S\u00e3o Paulo (USP).<\/p>\n<p>A pesquisa qualitativa foi feita com seis alunos com idades entre 7 e 16 anos egressos de uma creche p\u00fablica com caracter\u00edsticas inclusivas e ambiente diversificado. Al\u00e9m de crian\u00e7as com defici\u00eancia, a institui\u00e7\u00e3o situada na cidade de S\u00e3o Paulo atende alunos de diferentes classes sociais e etnias.<\/p>\n<p>&#8220;A ideia era entrevistar esses alunos, agora no ensino fundamental e em escolas diferentes, para avaliar se a experi\u00eancia da educa\u00e7\u00e3o inclusiva pr\u00e9-escolar teve impacto em suas atitudes e valores&#8221;, contou Marie Claire Sekkel, coordenadora da <a href=\"http:\/\/www.bv.fapesp.br\/pt\/projetos-regulares\/29833\/formacao-atitudes-frente-deficiencia-educacao\/\" target=\"_blank\" rel=\"noopener\">pesquisa<\/a> que teve apoio da FAPESP.<\/p>\n<p>Segundo Sekkel, a investiga\u00e7\u00e3o teve como base diversas teorias da psicologia que apontam as experi\u00eancias vividas na inf\u00e2ncia como fundamentais para definir as caracter\u00edsticas mais marcantes do car\u00e1ter de uma pessoa.<\/p>\n<p>&#8220;Todos os entrevistados demonstraram uma abertura para se relacionar com pessoas significativamente diferentes em suas novas escolas. Nesse conceito est\u00e3o inclu\u00eddas n\u00e3o apenas defici\u00eancias f\u00edsicas e intelectuais, mas tamb\u00e9m orienta\u00e7\u00e3o sexual, religi\u00e3o, etnia, classe social e demais quest\u00f5es que caracterizam o diferente&#8221;, disse.<\/p>\n<p>Tamb\u00e9m foi poss\u00edvel observar pelas entrevistas que os estudantes percebem claramente as situa\u00e7\u00f5es que fogem da norma, mas n\u00e3o as veem como algo negativo. &#8220;Eles n\u00e3o t\u00eam a ideia preconcebida de que uma pessoa com defici\u00eancia, por exemplo, \u00e9 triste ou insatisfeita. Percebemos nos relatos uma rela\u00e7\u00e3o de respeito&#8221;, contou Sekkel.<\/p>\n<p>Os entrevistados tamb\u00e9m demonstraram agir de forma diferenciada no ambiente escolar. &#8220;Enquanto a maioria das pessoas se cala diante de uma cena de discrimina\u00e7\u00e3o ou agress\u00e3o, eles se preocupam e alguns interferem na tentativa de ajudar. Isso mostra que a forma\u00e7\u00e3o foi capaz de criar uma consci\u00eancia suficientemente forte para desencadear tamb\u00e9m a\u00e7\u00f5es e compromissos&#8221;, disse.<\/p>\n<p>Essa abertura para com o diferente, de acordo com a pesquisadora, manteve-se independentemente dos valores familiares. &#8220;H\u00e1 algo comum na educa\u00e7\u00e3o dessas crian\u00e7as para o qual a escola exerce forte determina\u00e7\u00e3o. Isso mostra o potencial das institui\u00e7\u00f5es de educa\u00e7\u00e3o na forma\u00e7\u00e3o desses alunos&#8221;, disse.<\/p>\n<p>Sekkel pretende agora investigar tamb\u00e9m o impacto dessa experi\u00eancia pr\u00e9-escolar inclusiva nos pais dos alunos. &#8220;A fase pr\u00e9-escolar \u00e9 quando os pais est\u00e3o mais pr\u00f3ximos da crian\u00e7a e da escola. Ent\u00e3o tudo o que acontece com os alunos acaba influenciando a vida familiar&#8221;, disse.<\/p>\n<p>Fonte: <a href=\"http:\/\/agencia.fapesp.br\/15867\">Ag\u00eancia Fapesp<\/a><\/p>\n","protected":false},"excerpt":{"rendered":"<p>Vivenciar a experi\u00eancia da educa\u00e7\u00e3o inclusiva na pr\u00e9-escola pode promover a abertura em rela\u00e7\u00e3o ao diferente e evitar o preconceito de forma duradoura, aponta uma pesquisa feita no Instituto de Psicologia da Universidade de S\u00e3o Paulo (USP).<\/p>\n","protected":false},"author":1,"featured_media":0,"comment_status":"open","ping_status":"open","sticky":false,"template":"","format":"standard","meta":{"site-container-style":"default","site-container-layout":"default","site-sidebar-layout":"default","disable-article-header":"default","disable-site-header":"default","disable-site-footer":"default","disable-content-area-spacing":"default","footnotes":""},"categories":[38,6,48,4],"tags":[],"class_list":["post-22967","post","type-post","status-publish","format-standard","hentry","category-deficiencia","category-educacao","category-inclusao","category-noticias"],"yoast_head":"<!-- This site is optimized with the Yoast SEO plugin v27.4 - https:\/\/yoast.com\/product\/yoast-seo-wordpress\/ -->\n<title>Impacto da educa\u00e7\u00e3o inclusiva na pr\u00e9-escola \u00e9 avaliado em pesquisa -<\/title>\n<meta name=\"robots\" content=\"index, follow, max-snippet:-1, max-image-preview:large, max-video-preview:-1\" \/>\n<link rel=\"canonical\" href=\"https:\/\/inclusivenews.com.br\/?p=22967\" \/>\n<meta property=\"og:locale\" content=\"pt_PT\" \/>\n<meta property=\"og:type\" content=\"article\" \/>\n<meta property=\"og:title\" content=\"Impacto da educa\u00e7\u00e3o inclusiva na pr\u00e9-escola \u00e9 avaliado em pesquisa -\" \/>\n<meta property=\"og:description\" content=\"Vivenciar a experi\u00eancia da educa\u00e7\u00e3o inclusiva na pr\u00e9-escola pode promover a abertura em rela\u00e7\u00e3o ao diferente e evitar o preconceito de forma duradoura, aponta uma pesquisa feita no Instituto de Psicologia da Universidade de S\u00e3o Paulo (USP).\" \/>\n<meta property=\"og:url\" content=\"https:\/\/inclusivenews.com.br\/?p=22967\" \/>\n<meta property=\"article:publisher\" content=\"https:\/\/www.facebook.com\/agenciainclusive\/\" \/>\n<meta property=\"article:published_time\" content=\"2012-07-18T20:55:04+00:00\" \/>\n<meta property=\"og:image\" content=\"http:\/\/www.agencia.fapesp.br\/fotos\/2012\/28\/foto_dentro15867_2.jpg\" \/>\n<meta name=\"author\" content=\"inclusivenews2024\" \/>\n<meta name=\"twitter:card\" content=\"summary_large_image\" \/>\n<meta name=\"twitter:label1\" content=\"Escrito por\" \/>\n\t<meta name=\"twitter:data1\" content=\"inclusivenews2024\" \/>\n\t<meta name=\"twitter:label2\" content=\"Tempo estimado de leitura\" \/>\n\t<meta name=\"twitter:data2\" content=\"2 minutos\" \/>\n<script type=\"application\/ld+json\" class=\"yoast-schema-graph\">{\"@context\":\"https:\\\/\\\/schema.org\",\"@graph\":[{\"@type\":\"Article\",\"@id\":\"https:\\\/\\\/inclusivenews.com.br\\\/?p=22967#article\",\"isPartOf\":{\"@id\":\"https:\\\/\\\/inclusivenews.com.br\\\/?p=22967\"},\"author\":{\"name\":\"inclusivenews2024\",\"@id\":\"https:\\\/\\\/inclusivenews.com.br\\\/#\\\/schema\\\/person\\\/ae4ec7087559b8692fb33b6fffd2273b\"},\"headline\":\"Impacto da educa\u00e7\u00e3o inclusiva na pr\u00e9-escola \u00e9 avaliado em pesquisa\",\"datePublished\":\"2012-07-18T20:55:04+00:00\",\"mainEntityOfPage\":{\"@id\":\"https:\\\/\\\/inclusivenews.com.br\\\/?p=22967\"},\"wordCount\":478,\"commentCount\":0,\"publisher\":{\"@id\":\"https:\\\/\\\/inclusivenews.com.br\\\/#organization\"},\"image\":{\"@id\":\"https:\\\/\\\/inclusivenews.com.br\\\/?p=22967#primaryimage\"},\"thumbnailUrl\":\"http:\\\/\\\/www.agencia.fapesp.br\\\/fotos\\\/2012\\\/28\\\/foto_dentro15867_2.jpg\",\"articleSection\":[\"Defici\u00eancia\",\"EDUCA\u00c7\u00c3O\",\"INCLUS\u00c3O SOCIAL\",\"NOT\u00cdCIAS\"],\"inLanguage\":\"pt-PT\",\"potentialAction\":[{\"@type\":\"CommentAction\",\"name\":\"Comment\",\"target\":[\"https:\\\/\\\/inclusivenews.com.br\\\/?p=22967#respond\"]}]},{\"@type\":\"WebPage\",\"@id\":\"https:\\\/\\\/inclusivenews.com.br\\\/?p=22967\",\"url\":\"https:\\\/\\\/inclusivenews.com.br\\\/?p=22967\",\"name\":\"Impacto da educa\u00e7\u00e3o inclusiva na pr\u00e9-escola \u00e9 avaliado em pesquisa -\",\"isPartOf\":{\"@id\":\"https:\\\/\\\/inclusivenews.com.br\\\/#website\"},\"primaryImageOfPage\":{\"@id\":\"https:\\\/\\\/inclusivenews.com.br\\\/?p=22967#primaryimage\"},\"image\":{\"@id\":\"https:\\\/\\\/inclusivenews.com.br\\\/?p=22967#primaryimage\"},\"thumbnailUrl\":\"http:\\\/\\\/www.agencia.fapesp.br\\\/fotos\\\/2012\\\/28\\\/foto_dentro15867_2.jpg\",\"datePublished\":\"2012-07-18T20:55:04+00:00\",\"breadcrumb\":{\"@id\":\"https:\\\/\\\/inclusivenews.com.br\\\/?p=22967#breadcrumb\"},\"inLanguage\":\"pt-PT\",\"potentialAction\":[{\"@type\":\"ReadAction\",\"target\":[\"https:\\\/\\\/inclusivenews.com.br\\\/?p=22967\"]}]},{\"@type\":\"ImageObject\",\"inLanguage\":\"pt-PT\",\"@id\":\"https:\\\/\\\/inclusivenews.com.br\\\/?p=22967#primaryimage\",\"url\":\"http:\\\/\\\/www.agencia.fapesp.br\\\/fotos\\\/2012\\\/28\\\/foto_dentro15867_2.jpg\",\"contentUrl\":\"http:\\\/\\\/www.agencia.fapesp.br\\\/fotos\\\/2012\\\/28\\\/foto_dentro15867_2.jpg\"},{\"@type\":\"BreadcrumbList\",\"@id\":\"https:\\\/\\\/inclusivenews.com.br\\\/?p=22967#breadcrumb\",\"itemListElement\":[{\"@type\":\"ListItem\",\"position\":1,\"name\":\"In\u00edcio\",\"item\":\"https:\\\/\\\/inclusivenews.com.br\\\/\"},{\"@type\":\"ListItem\",\"position\":2,\"name\":\"Impacto da educa\u00e7\u00e3o inclusiva na pr\u00e9-escola \u00e9 avaliado em pesquisa\"}]},{\"@type\":\"WebSite\",\"@id\":\"https:\\\/\\\/inclusivenews.com.br\\\/#website\",\"url\":\"https:\\\/\\\/inclusivenews.com.br\\\/\",\"name\":\"Inclusive News\",\"description\":\"Inclusive News\",\"publisher\":{\"@id\":\"https:\\\/\\\/inclusivenews.com.br\\\/#organization\"},\"potentialAction\":[{\"@type\":\"SearchAction\",\"target\":{\"@type\":\"EntryPoint\",\"urlTemplate\":\"https:\\\/\\\/inclusivenews.com.br\\\/?s={search_term_string}\"},\"query-input\":{\"@type\":\"PropertyValueSpecification\",\"valueRequired\":true,\"valueName\":\"search_term_string\"}}],\"inLanguage\":\"pt-PT\"},{\"@type\":\"Organization\",\"@id\":\"https:\\\/\\\/inclusivenews.com.br\\\/#organization\",\"name\":\"Inclusive - inclus\u00e3o e cidadania\",\"url\":\"https:\\\/\\\/inclusivenews.com.br\\\/\",\"logo\":{\"@type\":\"ImageObject\",\"inLanguage\":\"pt-PT\",\"@id\":\"https:\\\/\\\/inclusivenews.com.br\\\/#\\\/schema\\\/logo\\\/image\\\/\",\"url\":\"https:\\\/\\\/inclusivenews.com.br\\\/wp-content\\\/uploads\\\/2024\\\/03\\\/@grandesite.png\",\"contentUrl\":\"https:\\\/\\\/inclusivenews.com.br\\\/wp-content\\\/uploads\\\/2024\\\/03\\\/@grandesite.png\",\"width\":1080,\"height\":1080,\"caption\":\"Inclusive - inclus\u00e3o e cidadania\"},\"image\":{\"@id\":\"https:\\\/\\\/inclusivenews.com.br\\\/#\\\/schema\\\/logo\\\/image\\\/\"},\"sameAs\":[\"https:\\\/\\\/www.facebook.com\\\/agenciainclusive\\\/\",\"https:\\\/\\\/www.instagram.com\\\/newsinclusive\\\/\"]},{\"@type\":\"Person\",\"@id\":\"https:\\\/\\\/inclusivenews.com.br\\\/#\\\/schema\\\/person\\\/ae4ec7087559b8692fb33b6fffd2273b\",\"name\":\"inclusivenews2024\",\"image\":{\"@type\":\"ImageObject\",\"inLanguage\":\"pt-PT\",\"@id\":\"https:\\\/\\\/secure.gravatar.com\\\/avatar\\\/c5a7ef84c66fa914f55bc4f7ce26cfa275a3b9a1c5568b907bd184fb4dde7b40?s=96&d=mm&r=g\",\"url\":\"https:\\\/\\\/secure.gravatar.com\\\/avatar\\\/c5a7ef84c66fa914f55bc4f7ce26cfa275a3b9a1c5568b907bd184fb4dde7b40?s=96&d=mm&r=g\",\"contentUrl\":\"https:\\\/\\\/secure.gravatar.com\\\/avatar\\\/c5a7ef84c66fa914f55bc4f7ce26cfa275a3b9a1c5568b907bd184fb4dde7b40?s=96&d=mm&r=g\",\"caption\":\"inclusivenews2024\"},\"sameAs\":[\"https:\\\/\\\/inclusivenews.com.br\"],\"url\":\"https:\\\/\\\/inclusivenews.com.br\\\/?author=1\"}]}<\/script>\n<!-- \/ Yoast SEO plugin. -->","yoast_head_json":{"title":"Impacto da educa\u00e7\u00e3o inclusiva na pr\u00e9-escola \u00e9 avaliado em pesquisa -","robots":{"index":"index","follow":"follow","max-snippet":"max-snippet:-1","max-image-preview":"max-image-preview:large","max-video-preview":"max-video-preview:-1"},"canonical":"https:\/\/inclusivenews.com.br\/?p=22967","og_locale":"pt_PT","og_type":"article","og_title":"Impacto da educa\u00e7\u00e3o inclusiva na pr\u00e9-escola \u00e9 avaliado em pesquisa -","og_description":"Vivenciar a experi\u00eancia da educa\u00e7\u00e3o inclusiva na pr\u00e9-escola pode promover a abertura em rela\u00e7\u00e3o ao diferente e evitar o preconceito de forma duradoura, aponta uma pesquisa feita no Instituto de Psicologia da Universidade de S\u00e3o Paulo (USP).","og_url":"https:\/\/inclusivenews.com.br\/?p=22967","article_publisher":"https:\/\/www.facebook.com\/agenciainclusive\/","article_published_time":"2012-07-18T20:55:04+00:00","og_image":[{"url":"http:\/\/www.agencia.fapesp.br\/fotos\/2012\/28\/foto_dentro15867_2.jpg","type":"","width":"","height":""}],"author":"inclusivenews2024","twitter_card":"summary_large_image","twitter_misc":{"Escrito por":"inclusivenews2024","Tempo estimado de leitura":"2 minutos"},"schema":{"@context":"https:\/\/schema.org","@graph":[{"@type":"Article","@id":"https:\/\/inclusivenews.com.br\/?p=22967#article","isPartOf":{"@id":"https:\/\/inclusivenews.com.br\/?p=22967"},"author":{"name":"inclusivenews2024","@id":"https:\/\/inclusivenews.com.br\/#\/schema\/person\/ae4ec7087559b8692fb33b6fffd2273b"},"headline":"Impacto da educa\u00e7\u00e3o inclusiva na pr\u00e9-escola \u00e9 avaliado em pesquisa","datePublished":"2012-07-18T20:55:04+00:00","mainEntityOfPage":{"@id":"https:\/\/inclusivenews.com.br\/?p=22967"},"wordCount":478,"commentCount":0,"publisher":{"@id":"https:\/\/inclusivenews.com.br\/#organization"},"image":{"@id":"https:\/\/inclusivenews.com.br\/?p=22967#primaryimage"},"thumbnailUrl":"http:\/\/www.agencia.fapesp.br\/fotos\/2012\/28\/foto_dentro15867_2.jpg","articleSection":["Defici\u00eancia","EDUCA\u00c7\u00c3O","INCLUS\u00c3O SOCIAL","NOT\u00cdCIAS"],"inLanguage":"pt-PT","potentialAction":[{"@type":"CommentAction","name":"Comment","target":["https:\/\/inclusivenews.com.br\/?p=22967#respond"]}]},{"@type":"WebPage","@id":"https:\/\/inclusivenews.com.br\/?p=22967","url":"https:\/\/inclusivenews.com.br\/?p=22967","name":"Impacto da educa\u00e7\u00e3o inclusiva na pr\u00e9-escola \u00e9 avaliado em pesquisa -","isPartOf":{"@id":"https:\/\/inclusivenews.com.br\/#website"},"primaryImageOfPage":{"@id":"https:\/\/inclusivenews.com.br\/?p=22967#primaryimage"},"image":{"@id":"https:\/\/inclusivenews.com.br\/?p=22967#primaryimage"},"thumbnailUrl":"http:\/\/www.agencia.fapesp.br\/fotos\/2012\/28\/foto_dentro15867_2.jpg","datePublished":"2012-07-18T20:55:04+00:00","breadcrumb":{"@id":"https:\/\/inclusivenews.com.br\/?p=22967#breadcrumb"},"inLanguage":"pt-PT","potentialAction":[{"@type":"ReadAction","target":["https:\/\/inclusivenews.com.br\/?p=22967"]}]},{"@type":"ImageObject","inLanguage":"pt-PT","@id":"https:\/\/inclusivenews.com.br\/?p=22967#primaryimage","url":"http:\/\/www.agencia.fapesp.br\/fotos\/2012\/28\/foto_dentro15867_2.jpg","contentUrl":"http:\/\/www.agencia.fapesp.br\/fotos\/2012\/28\/foto_dentro15867_2.jpg"},{"@type":"BreadcrumbList","@id":"https:\/\/inclusivenews.com.br\/?p=22967#breadcrumb","itemListElement":[{"@type":"ListItem","position":1,"name":"In\u00edcio","item":"https:\/\/inclusivenews.com.br\/"},{"@type":"ListItem","position":2,"name":"Impacto da educa\u00e7\u00e3o inclusiva na pr\u00e9-escola \u00e9 avaliado em pesquisa"}]},{"@type":"WebSite","@id":"https:\/\/inclusivenews.com.br\/#website","url":"https:\/\/inclusivenews.com.br\/","name":"Inclusive News","description":"Inclusive News","publisher":{"@id":"https:\/\/inclusivenews.com.br\/#organization"},"potentialAction":[{"@type":"SearchAction","target":{"@type":"EntryPoint","urlTemplate":"https:\/\/inclusivenews.com.br\/?s={search_term_string}"},"query-input":{"@type":"PropertyValueSpecification","valueRequired":true,"valueName":"search_term_string"}}],"inLanguage":"pt-PT"},{"@type":"Organization","@id":"https:\/\/inclusivenews.com.br\/#organization","name":"Inclusive - inclus\u00e3o e cidadania","url":"https:\/\/inclusivenews.com.br\/","logo":{"@type":"ImageObject","inLanguage":"pt-PT","@id":"https:\/\/inclusivenews.com.br\/#\/schema\/logo\/image\/","url":"https:\/\/inclusivenews.com.br\/wp-content\/uploads\/2024\/03\/@grandesite.png","contentUrl":"https:\/\/inclusivenews.com.br\/wp-content\/uploads\/2024\/03\/@grandesite.png","width":1080,"height":1080,"caption":"Inclusive - inclus\u00e3o e cidadania"},"image":{"@id":"https:\/\/inclusivenews.com.br\/#\/schema\/logo\/image\/"},"sameAs":["https:\/\/www.facebook.com\/agenciainclusive\/","https:\/\/www.instagram.com\/newsinclusive\/"]},{"@type":"Person","@id":"https:\/\/inclusivenews.com.br\/#\/schema\/person\/ae4ec7087559b8692fb33b6fffd2273b","name":"inclusivenews2024","image":{"@type":"ImageObject","inLanguage":"pt-PT","@id":"https:\/\/secure.gravatar.com\/avatar\/c5a7ef84c66fa914f55bc4f7ce26cfa275a3b9a1c5568b907bd184fb4dde7b40?s=96&d=mm&r=g","url":"https:\/\/secure.gravatar.com\/avatar\/c5a7ef84c66fa914f55bc4f7ce26cfa275a3b9a1c5568b907bd184fb4dde7b40?s=96&d=mm&r=g","contentUrl":"https:\/\/secure.gravatar.com\/avatar\/c5a7ef84c66fa914f55bc4f7ce26cfa275a3b9a1c5568b907bd184fb4dde7b40?s=96&d=mm&r=g","caption":"inclusivenews2024"},"sameAs":["https:\/\/inclusivenews.com.br"],"url":"https:\/\/inclusivenews.com.br\/?author=1"}]}},"_links":{"self":[{"href":"https:\/\/inclusivenews.com.br\/index.php?rest_route=\/wp\/v2\/posts\/22967","targetHints":{"allow":["GET"]}}],"collection":[{"href":"https:\/\/inclusivenews.com.br\/index.php?rest_route=\/wp\/v2\/posts"}],"about":[{"href":"https:\/\/inclusivenews.com.br\/index.php?rest_route=\/wp\/v2\/types\/post"}],"author":[{"embeddable":true,"href":"https:\/\/inclusivenews.com.br\/index.php?rest_route=\/wp\/v2\/users\/1"}],"replies":[{"embeddable":true,"href":"https:\/\/inclusivenews.com.br\/index.php?rest_route=%2Fwp%2Fv2%2Fcomments&post=22967"}],"version-history":[{"count":0,"href":"https:\/\/inclusivenews.com.br\/index.php?rest_route=\/wp\/v2\/posts\/22967\/revisions"}],"wp:attachment":[{"href":"https:\/\/inclusivenews.com.br\/index.php?rest_route=%2Fwp%2Fv2%2Fmedia&parent=22967"}],"wp:term":[{"taxonomy":"category","embeddable":true,"href":"https:\/\/inclusivenews.com.br\/index.php?rest_route=%2Fwp%2Fv2%2Fcategories&post=22967"},{"taxonomy":"post_tag","embeddable":true,"href":"https:\/\/inclusivenews.com.br\/index.php?rest_route=%2Fwp%2Fv2%2Ftags&post=22967"}],"curies":[{"name":"wp","href":"https:\/\/api.w.org\/{rel}","templated":true}]}}