{"id":22975,"date":"2012-07-18T17:52:17","date_gmt":"2012-07-18T20:52:17","guid":{"rendered":"http:\/\/www.inclusive.org.br\/?p=22975"},"modified":"2012-07-18T17:52:17","modified_gmt":"2012-07-18T20:52:17","slug":"greve-e-atrofia-na-educacao-brasileira","status":"publish","type":"post","link":"https:\/\/inclusivenews.com.br\/?p=22975","title":{"rendered":"Greve e atrofia na educa\u00e7\u00e3o brasileira"},"content":{"rendered":"<figure id=\"attachment_13969\" aria-describedby=\"caption-attachment-13969\" style=\"width: 265px\" class=\"wp-caption alignleft\"><a href=\"http:\/\/www.inclusivenews.com.br\/wp-content\/uploads\/2010\/02\/inclusive_educacao.jpg\"><img loading=\"lazy\" decoding=\"async\" class=\"size-full wp-image-13969\" title=\"Inclusive - problemas na educa\u00e7\u00e3o. A palavra educa\u00e7\u00e3o escrita com as letras invertidas e um aluno desolado em frente ao quadro negro.\" src=\"http:\/\/inclusivenews.com.br\/wp-content\/uploads\/2010\/02\/inclusive_educacao.jpg\" alt=\"Inclusive - problemas na educa\u00e7\u00e3o. A palavra educa\u00e7\u00e3o escrita com as letras invertidas e um aluno desolado em frente ao quadro negro.\" width=\"265\" height=\"200\" \/><\/a><figcaption id=\"caption-attachment-13969\" class=\"wp-caption-text\"> <\/figcaption><\/figure>\n<p><em>Por Andr\u00e9 Tessaro Pelinser<br \/>\nno Observat\u00f3rio da Imprensa<\/em><\/p>\n<p>Volta e meia os educadores entram em greve no Brasil. Isso, no entanto, \u00e9 redund\u00e2ncia porque a educa\u00e7\u00e3o como um todo est\u00e1 em greve nestas terras h\u00e1 muito tempo, h\u00e1 s\u00e9culos talvez.<\/p>\n<p>Eu mesmo j\u00e1 quis fazer minha greve particular e escrever um texto apenas com pontos, um texto formado somente por retic\u00eancias, mas conclu\u00ed que isso no final das contas n\u00e3o serviria para nada. Esse trabalho a m\u00eddia j\u00e1 faz quando do alto da sua liberdade escolhe omitir do leitor, do espectador, do ouvinte, informa\u00e7\u00f5es realmente importantes sobre o que se passa na realidade, sobre os atores da vida social.<\/p>\n<p>Esc\u00e2ndalo e viol\u00eancia vendem mais e isso n\u00e3o \u00e9 exclusivo da contemporaneidade. Sempre foi assim. Uma vez que os assuntos verdadeiramente relevantes demandam reflex\u00e3o a partir de diversas perspectivas, buscando dar conta da sua complexa rela\u00e7\u00e3o com a sociedade, eles se tornam chatos, ma\u00e7antes e n\u00e3o vendem. E informa\u00e7\u00e3o, todos sabem, \u00e9 um neg\u00f3cio e est\u00e1 sujeito, portanto, \u00e0s mesmas l\u00f3gicas de mercado de muitos outros.<\/p>\n<p>Para al\u00e9m delas, submete-se muitas vezes \u00e0 ordem inescrupulosa do jogo pol\u00edtico. N\u00e3o faltam exemplos de tr\u00e1fico de influ\u00eancia, de patifarias da pior esp\u00e9cie na hist\u00f3ria pol\u00edtico-midi\u00e1tica brasileira. Ainda que o caso Cachoeira seja a bola da vez, da maneira como o encaramos ele n\u00e3o nos diz nada. \u00c9 s\u00f3 mais um exemplo de um sistema generalizadamente corrupto que n\u00e3o sabemos como mudar. Com isso, a informa\u00e7\u00e3o segue sendo ref\u00e9m de alguns poucos interesses, separada de qualquer pensamento efetivamente cr\u00edtico.<\/p>\n<p>*A rea\u00e7\u00e3o obtusa *<\/p>\n<p>\u00c9 assim desde a escola. Um pouco por falta de preparo dos professores, outro tanto devido \u00e0 falta de interesse dos alunos, o dif\u00edcil n\u00e3o vende entre eles. Em sala de aula, n\u00e3o se acessa a complexidade da obra de um Machado de Assis, por exemplo. O aluno, de modo geral, n\u00e3o consegue ultrapassar a superf\u00edcie do texto liter\u00e1rio e o professor muitas vezes n\u00e3o atua como um ve\u00edculo para que isso ocorra. Assim, a leitura n\u00e3o flui, torna-se chata e o texto n\u00e3o se d\u00e1 a conhecer. Um g\u00eanio como Machado de Assis, aos olhos do estudante, parece n\u00e3o ter nada a dizer sobre nossos tempos. E aos olhos do educador mal preparado essa fissura parece irrepar\u00e1vel.<\/p>\n<p>De nada adiantaria, portanto, minha pr\u00f3pria greve de palavras, muito embora eu seja abundante em \u00edmpetos de desist\u00eancia. Se na m\u00eddia j\u00e1 quase n\u00e3o h\u00e1 informa\u00e7\u00f5es sobre a greve das Institui\u00e7\u00f5es Federais de Ensino Superior que assola o pa\u00eds, se os \u00f3rg\u00e3os competentes praticamente n\u00e3o se manifestam, se professores e alunos se distanciam ainda mais neste momento em que deveriam unir suas vozes, vejo que de nada adiantaria mais sil\u00eancio.<\/p>\n<p>\u00c9 dif\u00edcil n\u00e3o se decepcionar com o estado das coisas. Mesmo com a recente aprova\u00e7\u00e3o de 10% do PIB para a educa\u00e7\u00e3o na C\u00e2mara dos Deputados, a situa\u00e7\u00e3o est\u00e1 longe do ideal. A proposta, que ainda precisa ser aprovada pelo Senado e sancionada pela presidente, j\u00e1 gerou rea\u00e7\u00f5es obtusas como a do ministro da Educa\u00e7\u00e3o. Aloizio Mercadante anunciou que, se aprovada, a proposta ser\u00e1 uma &#8220;tarefa pol\u00edtica dif\u00edcil de ser executada&#8221;. No Brasil, precisamente o ministro que deveria comemorar uma vit\u00f3ria hist\u00f3rica para seu minist\u00e9rio \u00e9 o primeiro a se lamuriar dela.<\/p>\n<p>*Educa\u00e7\u00e3o paralisada *<\/p>\n<p>Esse tipo de pensamento explica um tanto da in\u00e9rcia do governo federal para com a atual greve, que parece existir somente dentro dos port\u00f5es das universidades. L\u00e1, contudo, \u00e9 o lugar em que a greve menos se faz ver. A paralisa\u00e7\u00e3o nas universidades \u00e9 apenas reflexo da paralisia em que se encontra a sociedade fora delas. A verdadeira greve est\u00e1 nas escolas e empresas onde v\u00e3o parar os profissionais mal preparados por um sistema educacional altamente falho, que jamais foi prioridade no pa\u00eds das festas, dos jeitinhos e da patifaria.<\/p>\n<p>Quando o ministro da Educa\u00e7\u00e3o reclama do esfor\u00e7o pol\u00edtico oriundo de uma medida hist\u00f3rica como essa, quando as ag\u00eancias de fomento \u00e0 pesquisa ficam quatro anos sem reajustar as bolsas de p\u00f3s-gradua\u00e7\u00e3o, quando o MEC ignora solenemente uma greve de quase 60 institui\u00e7\u00f5es de ensino, quando tudo isso ocorre fica claro o que n\u00e3o \u00e9 prioridade nestas terras.<\/p>\n<p>A educa\u00e7\u00e3o brasileira est\u00e1 paralisada h\u00e1 s\u00e9culos. Jamais conseguimos produzir um pr\u00eamio Nobel de qualquer \u00e1rea que seja, nossas inova\u00e7\u00f5es tecnol\u00f3gicas e art\u00edsticas n\u00e3o possuem for\u00e7a para transcender as barreiras do nacional e n\u00e3o h\u00e1 um projeto decente, apoiado por reais vontades pol\u00edticas e econ\u00f4micas, para alavancar o \u00fanico setor capaz de realmente revolucionar um pa\u00eds.<\/p>\n<p>Como n\u00e3o fazer greve, greve de exist\u00eancia? Como \u00e9 que o brasileiro n\u00e3o vai desistir?<\/p>\n<p>* Andr\u00e9 Tessaro Pelinser \u00e9 doutorando em Estudos Liter\u00e1rios pela UFMG, Belo Horizonte, MG<\/p>\n<p>Fonte: <a href=\"http:\/\/www.observatoriodaimprensa.com.br\/news\/view\/_ed702_greve_e_atrofia_na_educacao_brasileira\">Observat\u00f3rio da Imprensa<\/a><\/p>\n","protected":false},"excerpt":{"rendered":"<p>Volta e meia os educadores entram em greve no Brasil. Isso, no entanto, \u00e9 redund\u00e2ncia porque a educa\u00e7\u00e3o como um todo est\u00e1 em greve nestas terras h\u00e1 muito tempo, h\u00e1 s\u00e9culos talvez. Por Andr\u00e9 Tessaro Pelinser, no Observat\u00f3rio da Imprensa.<\/p>\n","protected":false},"author":1,"featured_media":0,"comment_status":"open","ping_status":"open","sticky":false,"template":"","format":"standard","meta":{"site-container-style":"default","site-container-layout":"default","site-sidebar-layout":"default","disable-article-header":"default","disable-site-header":"default","disable-site-footer":"default","disable-content-area-spacing":"default","footnotes":""},"categories":[6,8],"tags":[],"class_list":["post-22975","post","type-post","status-publish","format-standard","hentry","category-educacao","category-textos-e-artigos"],"yoast_head":"<!-- This site is optimized with the Yoast SEO plugin v27.4 - https:\/\/yoast.com\/product\/yoast-seo-wordpress\/ -->\n<title>Greve e atrofia na educa\u00e7\u00e3o brasileira -<\/title>\n<meta name=\"robots\" content=\"index, follow, max-snippet:-1, max-image-preview:large, max-video-preview:-1\" \/>\n<link rel=\"canonical\" href=\"https:\/\/inclusivenews.com.br\/?p=22975\" \/>\n<meta property=\"og:locale\" content=\"pt_PT\" \/>\n<meta property=\"og:type\" content=\"article\" \/>\n<meta property=\"og:title\" content=\"Greve e atrofia na educa\u00e7\u00e3o brasileira -\" \/>\n<meta property=\"og:description\" content=\"Volta e meia os educadores entram em greve no Brasil. Isso, no entanto, \u00e9 redund\u00e2ncia porque a educa\u00e7\u00e3o como um todo est\u00e1 em greve nestas terras h\u00e1 muito tempo, h\u00e1 s\u00e9culos talvez. Por Andr\u00e9 Tessaro Pelinser, no Observat\u00f3rio da Imprensa.\" \/>\n<meta property=\"og:url\" content=\"https:\/\/inclusivenews.com.br\/?p=22975\" \/>\n<meta property=\"article:publisher\" content=\"https:\/\/www.facebook.com\/agenciainclusive\/\" \/>\n<meta property=\"article:published_time\" content=\"2012-07-18T20:52:17+00:00\" \/>\n<meta property=\"og:image\" content=\"http:\/\/inclusivenews.com.br\/wp-content\/uploads\/2010\/02\/inclusive_educacao.jpg\" \/>\n<meta name=\"author\" content=\"inclusivenews2024\" \/>\n<meta name=\"twitter:card\" content=\"summary_large_image\" \/>\n<meta name=\"twitter:label1\" content=\"Escrito por\" \/>\n\t<meta name=\"twitter:data1\" content=\"inclusivenews2024\" \/>\n\t<meta name=\"twitter:label2\" content=\"Tempo estimado de leitura\" \/>\n\t<meta name=\"twitter:data2\" content=\"4 minutos\" \/>\n<script type=\"application\/ld+json\" class=\"yoast-schema-graph\">{\"@context\":\"https:\\\/\\\/schema.org\",\"@graph\":[{\"@type\":\"Article\",\"@id\":\"https:\\\/\\\/inclusivenews.com.br\\\/?p=22975#article\",\"isPartOf\":{\"@id\":\"https:\\\/\\\/inclusivenews.com.br\\\/?p=22975\"},\"author\":{\"name\":\"inclusivenews2024\",\"@id\":\"https:\\\/\\\/inclusivenews.com.br\\\/#\\\/schema\\\/person\\\/ae4ec7087559b8692fb33b6fffd2273b\"},\"headline\":\"Greve e atrofia na educa\u00e7\u00e3o brasileira\",\"datePublished\":\"2012-07-18T20:52:17+00:00\",\"mainEntityOfPage\":{\"@id\":\"https:\\\/\\\/inclusivenews.com.br\\\/?p=22975\"},\"wordCount\":875,\"commentCount\":1,\"publisher\":{\"@id\":\"https:\\\/\\\/inclusivenews.com.br\\\/#organization\"},\"image\":{\"@id\":\"https:\\\/\\\/inclusivenews.com.br\\\/?p=22975#primaryimage\"},\"thumbnailUrl\":\"http:\\\/\\\/inclusivenews.com.br\\\/wp-content\\\/uploads\\\/2010\\\/02\\\/inclusive_educacao.jpg\",\"articleSection\":[\"EDUCA\u00c7\u00c3O\",\"OPINI\u00c3O\"],\"inLanguage\":\"pt-PT\",\"potentialAction\":[{\"@type\":\"CommentAction\",\"name\":\"Comment\",\"target\":[\"https:\\\/\\\/inclusivenews.com.br\\\/?p=22975#respond\"]}]},{\"@type\":\"WebPage\",\"@id\":\"https:\\\/\\\/inclusivenews.com.br\\\/?p=22975\",\"url\":\"https:\\\/\\\/inclusivenews.com.br\\\/?p=22975\",\"name\":\"Greve e atrofia na educa\u00e7\u00e3o brasileira -\",\"isPartOf\":{\"@id\":\"https:\\\/\\\/inclusivenews.com.br\\\/#website\"},\"primaryImageOfPage\":{\"@id\":\"https:\\\/\\\/inclusivenews.com.br\\\/?p=22975#primaryimage\"},\"image\":{\"@id\":\"https:\\\/\\\/inclusivenews.com.br\\\/?p=22975#primaryimage\"},\"thumbnailUrl\":\"http:\\\/\\\/inclusivenews.com.br\\\/wp-content\\\/uploads\\\/2010\\\/02\\\/inclusive_educacao.jpg\",\"datePublished\":\"2012-07-18T20:52:17+00:00\",\"breadcrumb\":{\"@id\":\"https:\\\/\\\/inclusivenews.com.br\\\/?p=22975#breadcrumb\"},\"inLanguage\":\"pt-PT\",\"potentialAction\":[{\"@type\":\"ReadAction\",\"target\":[\"https:\\\/\\\/inclusivenews.com.br\\\/?p=22975\"]}]},{\"@type\":\"ImageObject\",\"inLanguage\":\"pt-PT\",\"@id\":\"https:\\\/\\\/inclusivenews.com.br\\\/?p=22975#primaryimage\",\"url\":\"\",\"contentUrl\":\"\"},{\"@type\":\"BreadcrumbList\",\"@id\":\"https:\\\/\\\/inclusivenews.com.br\\\/?p=22975#breadcrumb\",\"itemListElement\":[{\"@type\":\"ListItem\",\"position\":1,\"name\":\"In\u00edcio\",\"item\":\"https:\\\/\\\/inclusivenews.com.br\\\/\"},{\"@type\":\"ListItem\",\"position\":2,\"name\":\"Greve e atrofia na educa\u00e7\u00e3o brasileira\"}]},{\"@type\":\"WebSite\",\"@id\":\"https:\\\/\\\/inclusivenews.com.br\\\/#website\",\"url\":\"https:\\\/\\\/inclusivenews.com.br\\\/\",\"name\":\"Inclusive News\",\"description\":\"Inclusive News\",\"publisher\":{\"@id\":\"https:\\\/\\\/inclusivenews.com.br\\\/#organization\"},\"potentialAction\":[{\"@type\":\"SearchAction\",\"target\":{\"@type\":\"EntryPoint\",\"urlTemplate\":\"https:\\\/\\\/inclusivenews.com.br\\\/?s={search_term_string}\"},\"query-input\":{\"@type\":\"PropertyValueSpecification\",\"valueRequired\":true,\"valueName\":\"search_term_string\"}}],\"inLanguage\":\"pt-PT\"},{\"@type\":\"Organization\",\"@id\":\"https:\\\/\\\/inclusivenews.com.br\\\/#organization\",\"name\":\"Inclusive - inclus\u00e3o e cidadania\",\"url\":\"https:\\\/\\\/inclusivenews.com.br\\\/\",\"logo\":{\"@type\":\"ImageObject\",\"inLanguage\":\"pt-PT\",\"@id\":\"https:\\\/\\\/inclusivenews.com.br\\\/#\\\/schema\\\/logo\\\/image\\\/\",\"url\":\"https:\\\/\\\/inclusivenews.com.br\\\/wp-content\\\/uploads\\\/2024\\\/03\\\/@grandesite.png\",\"contentUrl\":\"https:\\\/\\\/inclusivenews.com.br\\\/wp-content\\\/uploads\\\/2024\\\/03\\\/@grandesite.png\",\"width\":1080,\"height\":1080,\"caption\":\"Inclusive - inclus\u00e3o e cidadania\"},\"image\":{\"@id\":\"https:\\\/\\\/inclusivenews.com.br\\\/#\\\/schema\\\/logo\\\/image\\\/\"},\"sameAs\":[\"https:\\\/\\\/www.facebook.com\\\/agenciainclusive\\\/\",\"https:\\\/\\\/www.instagram.com\\\/newsinclusive\\\/\"]},{\"@type\":\"Person\",\"@id\":\"https:\\\/\\\/inclusivenews.com.br\\\/#\\\/schema\\\/person\\\/ae4ec7087559b8692fb33b6fffd2273b\",\"name\":\"inclusivenews2024\",\"image\":{\"@type\":\"ImageObject\",\"inLanguage\":\"pt-PT\",\"@id\":\"https:\\\/\\\/secure.gravatar.com\\\/avatar\\\/c5a7ef84c66fa914f55bc4f7ce26cfa275a3b9a1c5568b907bd184fb4dde7b40?s=96&d=mm&r=g\",\"url\":\"https:\\\/\\\/secure.gravatar.com\\\/avatar\\\/c5a7ef84c66fa914f55bc4f7ce26cfa275a3b9a1c5568b907bd184fb4dde7b40?s=96&d=mm&r=g\",\"contentUrl\":\"https:\\\/\\\/secure.gravatar.com\\\/avatar\\\/c5a7ef84c66fa914f55bc4f7ce26cfa275a3b9a1c5568b907bd184fb4dde7b40?s=96&d=mm&r=g\",\"caption\":\"inclusivenews2024\"},\"sameAs\":[\"https:\\\/\\\/inclusivenews.com.br\"],\"url\":\"https:\\\/\\\/inclusivenews.com.br\\\/?author=1\"}]}<\/script>\n<!-- \/ Yoast SEO plugin. -->","yoast_head_json":{"title":"Greve e atrofia na educa\u00e7\u00e3o brasileira -","robots":{"index":"index","follow":"follow","max-snippet":"max-snippet:-1","max-image-preview":"max-image-preview:large","max-video-preview":"max-video-preview:-1"},"canonical":"https:\/\/inclusivenews.com.br\/?p=22975","og_locale":"pt_PT","og_type":"article","og_title":"Greve e atrofia na educa\u00e7\u00e3o brasileira -","og_description":"Volta e meia os educadores entram em greve no Brasil. Isso, no entanto, \u00e9 redund\u00e2ncia porque a educa\u00e7\u00e3o como um todo est\u00e1 em greve nestas terras h\u00e1 muito tempo, h\u00e1 s\u00e9culos talvez. Por Andr\u00e9 Tessaro Pelinser, no Observat\u00f3rio da Imprensa.","og_url":"https:\/\/inclusivenews.com.br\/?p=22975","article_publisher":"https:\/\/www.facebook.com\/agenciainclusive\/","article_published_time":"2012-07-18T20:52:17+00:00","og_image":[{"url":"http:\/\/inclusivenews.com.br\/wp-content\/uploads\/2010\/02\/inclusive_educacao.jpg","type":"","width":"","height":""}],"author":"inclusivenews2024","twitter_card":"summary_large_image","twitter_misc":{"Escrito por":"inclusivenews2024","Tempo estimado de leitura":"4 minutos"},"schema":{"@context":"https:\/\/schema.org","@graph":[{"@type":"Article","@id":"https:\/\/inclusivenews.com.br\/?p=22975#article","isPartOf":{"@id":"https:\/\/inclusivenews.com.br\/?p=22975"},"author":{"name":"inclusivenews2024","@id":"https:\/\/inclusivenews.com.br\/#\/schema\/person\/ae4ec7087559b8692fb33b6fffd2273b"},"headline":"Greve e atrofia na educa\u00e7\u00e3o brasileira","datePublished":"2012-07-18T20:52:17+00:00","mainEntityOfPage":{"@id":"https:\/\/inclusivenews.com.br\/?p=22975"},"wordCount":875,"commentCount":1,"publisher":{"@id":"https:\/\/inclusivenews.com.br\/#organization"},"image":{"@id":"https:\/\/inclusivenews.com.br\/?p=22975#primaryimage"},"thumbnailUrl":"http:\/\/inclusivenews.com.br\/wp-content\/uploads\/2010\/02\/inclusive_educacao.jpg","articleSection":["EDUCA\u00c7\u00c3O","OPINI\u00c3O"],"inLanguage":"pt-PT","potentialAction":[{"@type":"CommentAction","name":"Comment","target":["https:\/\/inclusivenews.com.br\/?p=22975#respond"]}]},{"@type":"WebPage","@id":"https:\/\/inclusivenews.com.br\/?p=22975","url":"https:\/\/inclusivenews.com.br\/?p=22975","name":"Greve e atrofia na educa\u00e7\u00e3o brasileira -","isPartOf":{"@id":"https:\/\/inclusivenews.com.br\/#website"},"primaryImageOfPage":{"@id":"https:\/\/inclusivenews.com.br\/?p=22975#primaryimage"},"image":{"@id":"https:\/\/inclusivenews.com.br\/?p=22975#primaryimage"},"thumbnailUrl":"http:\/\/inclusivenews.com.br\/wp-content\/uploads\/2010\/02\/inclusive_educacao.jpg","datePublished":"2012-07-18T20:52:17+00:00","breadcrumb":{"@id":"https:\/\/inclusivenews.com.br\/?p=22975#breadcrumb"},"inLanguage":"pt-PT","potentialAction":[{"@type":"ReadAction","target":["https:\/\/inclusivenews.com.br\/?p=22975"]}]},{"@type":"ImageObject","inLanguage":"pt-PT","@id":"https:\/\/inclusivenews.com.br\/?p=22975#primaryimage","url":"","contentUrl":""},{"@type":"BreadcrumbList","@id":"https:\/\/inclusivenews.com.br\/?p=22975#breadcrumb","itemListElement":[{"@type":"ListItem","position":1,"name":"In\u00edcio","item":"https:\/\/inclusivenews.com.br\/"},{"@type":"ListItem","position":2,"name":"Greve e atrofia na educa\u00e7\u00e3o brasileira"}]},{"@type":"WebSite","@id":"https:\/\/inclusivenews.com.br\/#website","url":"https:\/\/inclusivenews.com.br\/","name":"Inclusive News","description":"Inclusive News","publisher":{"@id":"https:\/\/inclusivenews.com.br\/#organization"},"potentialAction":[{"@type":"SearchAction","target":{"@type":"EntryPoint","urlTemplate":"https:\/\/inclusivenews.com.br\/?s={search_term_string}"},"query-input":{"@type":"PropertyValueSpecification","valueRequired":true,"valueName":"search_term_string"}}],"inLanguage":"pt-PT"},{"@type":"Organization","@id":"https:\/\/inclusivenews.com.br\/#organization","name":"Inclusive - inclus\u00e3o e cidadania","url":"https:\/\/inclusivenews.com.br\/","logo":{"@type":"ImageObject","inLanguage":"pt-PT","@id":"https:\/\/inclusivenews.com.br\/#\/schema\/logo\/image\/","url":"https:\/\/inclusivenews.com.br\/wp-content\/uploads\/2024\/03\/@grandesite.png","contentUrl":"https:\/\/inclusivenews.com.br\/wp-content\/uploads\/2024\/03\/@grandesite.png","width":1080,"height":1080,"caption":"Inclusive - inclus\u00e3o e cidadania"},"image":{"@id":"https:\/\/inclusivenews.com.br\/#\/schema\/logo\/image\/"},"sameAs":["https:\/\/www.facebook.com\/agenciainclusive\/","https:\/\/www.instagram.com\/newsinclusive\/"]},{"@type":"Person","@id":"https:\/\/inclusivenews.com.br\/#\/schema\/person\/ae4ec7087559b8692fb33b6fffd2273b","name":"inclusivenews2024","image":{"@type":"ImageObject","inLanguage":"pt-PT","@id":"https:\/\/secure.gravatar.com\/avatar\/c5a7ef84c66fa914f55bc4f7ce26cfa275a3b9a1c5568b907bd184fb4dde7b40?s=96&d=mm&r=g","url":"https:\/\/secure.gravatar.com\/avatar\/c5a7ef84c66fa914f55bc4f7ce26cfa275a3b9a1c5568b907bd184fb4dde7b40?s=96&d=mm&r=g","contentUrl":"https:\/\/secure.gravatar.com\/avatar\/c5a7ef84c66fa914f55bc4f7ce26cfa275a3b9a1c5568b907bd184fb4dde7b40?s=96&d=mm&r=g","caption":"inclusivenews2024"},"sameAs":["https:\/\/inclusivenews.com.br"],"url":"https:\/\/inclusivenews.com.br\/?author=1"}]}},"_links":{"self":[{"href":"https:\/\/inclusivenews.com.br\/index.php?rest_route=\/wp\/v2\/posts\/22975","targetHints":{"allow":["GET"]}}],"collection":[{"href":"https:\/\/inclusivenews.com.br\/index.php?rest_route=\/wp\/v2\/posts"}],"about":[{"href":"https:\/\/inclusivenews.com.br\/index.php?rest_route=\/wp\/v2\/types\/post"}],"author":[{"embeddable":true,"href":"https:\/\/inclusivenews.com.br\/index.php?rest_route=\/wp\/v2\/users\/1"}],"replies":[{"embeddable":true,"href":"https:\/\/inclusivenews.com.br\/index.php?rest_route=%2Fwp%2Fv2%2Fcomments&post=22975"}],"version-history":[{"count":0,"href":"https:\/\/inclusivenews.com.br\/index.php?rest_route=\/wp\/v2\/posts\/22975\/revisions"}],"wp:attachment":[{"href":"https:\/\/inclusivenews.com.br\/index.php?rest_route=%2Fwp%2Fv2%2Fmedia&parent=22975"}],"wp:term":[{"taxonomy":"category","embeddable":true,"href":"https:\/\/inclusivenews.com.br\/index.php?rest_route=%2Fwp%2Fv2%2Fcategories&post=22975"},{"taxonomy":"post_tag","embeddable":true,"href":"https:\/\/inclusivenews.com.br\/index.php?rest_route=%2Fwp%2Fv2%2Ftags&post=22975"}],"curies":[{"name":"wp","href":"https:\/\/api.w.org\/{rel}","templated":true}]}}